{"id":134758,"date":"2026-03-11T14:34:54","date_gmt":"2026-03-11T13:34:54","guid":{"rendered":"https:\/\/ccbierzo.com\/?p=134758"},"modified":"2026-03-11T14:35:17","modified_gmt":"2026-03-11T13:35:17","slug":"minuto-de-silencio-2","status":"publish","type":"post","link":"https:\/\/ccbierzo.com\/gl\/minuto-de-silencio-2\/","title":{"rendered":"Minuto de silencio"},"content":{"rendered":"\n<p>El Consejo Comarcal del Bierzo se ha sumado esta ma\u00f1ana a la conmemoraci\u00f3n del <strong>D\u00eda Europeo de las V\u00edctimas del Terrorismo<\/strong> con la celebraci\u00f3n de un <strong>minuto de silencio en la puerta de la sede El acto, presidido por el presidente de la instituci\u00f3n<\/strong>, Olegario Ram\u00f3n, ha servido para honrar la memoria de todas las personas que han sufrido la lacra del terrorismo, con un recuerdo especial a las v\u00edctimas de los atentados del 11 de marzo de 2004 en Madrid.<\/p>\n\n\n\n<p>&#8220;Veintid\u00f3s a\u00f1os despu\u00e9s de los<strong> atentados terroristas que sufri\u00f3 Madrid el 11 de marzo de 2004<\/strong>, celebramos el d\u00eda europeo de las v\u00edctimas del terrorismo. Queremos transmitir toda nuestra solidaridad con las v\u00edctimas y con sus familias. Aquel d\u00eda murieron m\u00e1s de 190 personas asesinadas y 2.000 resultaron heridas&#8221;, ha declarado Olegario Ram\u00f3n durante la concentraci\u00f3n.<\/p>\n\n\n\n<p>El presidente del Consejo Comarcal quiso manifestar el firme &#8220;compromiso con la paz&#8221;, <strong>subrayando el papel fundamental de las administraciones p\u00fablicas<\/strong> en este \u00e1mbito. &#8220;Todas las administraciones tenemos la obligaci\u00f3n de generar un clima de paz&#8221;, afirm\u00f3.<\/p>\n\n\n\n<p>En este sentido, <strong>Ram\u00f3n quiso poner el foco en la situaci\u00f3n internacional actual y sus posibles repercusiones en la seguridad global<\/strong>. &#8220;Quiero trasladar mi enorme preocupaci\u00f3n por lo que est\u00e1 sucediendo, por los acontecimientos a nivel mundial que est\u00e1n ocurriendo con esa invasi\u00f3n de Ir\u00e1n y las posibles consecuencias que pueda tener. Una vez superado el terrorismo de ETA en Espa\u00f1a, y cuando el terrorismo islamista estaba bastante controlado, la posibilidad de un rebrote de ese terrorismo islamista, especialmente el terrorismo chi\u00ed, es una realidad que crece con lo que ha ocurrido&#8221;.<\/p>\n\n\n\n<p>Por \u00faltimo, el presidente del <strong>Consejo Comarcal del Bierzo<\/strong> realiz\u00f3 un &#8220;llamamiento a todas las administraciones, desde la m\u00e1s peque\u00f1a a la m\u00e1s grande, para que trabajen, para que se creen esas condiciones de paz en el mundo entero&#8221;.<\/p>\n\n\n\n<div style=\"height:30px\" aria-hidden=\"true\" class=\"wp-block-spacer\"><\/div>\n\n\n\n<figure class=\"wp-block-image aligncenter size-medium\"><img loading=\"lazy\" decoding=\"async\" width=\"300\" height=\"200\" src=\"https:\/\/ccbierzo.com\/wp-content\/uploads\/2026\/03\/Dia-Europeo-de-las-Victimas-del-Terrorismo-11M-300x200.jpg\" alt=\"\" class=\"wp-image-134759\"\/><\/figure>\n","protected":false},"excerpt":{"rendered":"<p>El Consejo se une al minuto de silencio para recordar a las v\u00edctimas del terrorismo.<\/p>\n","protected":false},"author":3,"featured_media":134759,"comment_status":"closed","ping_status":"closed","sticky":false,"template":"","format":"standard","meta":{"_et_pb_use_builder":"","_et_pb_old_content":"","_et_gb_content_width":"","footnotes":""},"categories":[1,19],"tags":[294],"class_list":["post-134758","post","type-post","status-publish","format-standard","has-post-thumbnail","hentry","category-sin-categorizar","category-social","tag-ponferrada"],"yoast_head":"<!-- This site is optimized with the Yoast SEO plugin v27.3 - https:\/\/yoast.com\/product\/yoast-seo-wordpress\/ -->\n<title>Minuto de silencio - Consejo Comarcal del Bierzo<\/title>\n<meta name=\"robots\" content=\"index, follow, max-snippet:-1, max-image-preview:large, max-video-preview:-1\" \/>\n<link rel=\"canonical\" href=\"https:\/\/ccbierzo.com\/minuto-de-silencio-2\/\" \/>\n<meta property=\"og:locale\" content=\"gl_ES\" \/>\n<meta property=\"og:type\" content=\"article\" \/>\n<meta property=\"og:title\" content=\"Minuto de silencio - Consejo Comarcal del Bierzo\" \/>\n<meta property=\"og:description\" content=\"El Consejo se une al minuto de silencio para recordar a las v\u00edctimas del terrorismo.\" \/>\n<meta property=\"og:url\" content=\"https:\/\/ccbierzo.com\/minuto-de-silencio-2\/\" \/>\n<meta property=\"og:site_name\" content=\"Consejo Comarcal del Bierzo\" \/>\n<meta property=\"article:published_time\" content=\"2026-03-11T13:34:54+00:00\" \/>\n<meta property=\"article:modified_time\" content=\"2026-03-11T13:35:17+00:00\" \/>\n<meta property=\"og:image\" content=\"https:\/\/ccbierzo.com\/wp-content\/uploads\/2026\/03\/Dia-Europeo-de-las-Victimas-del-Terrorismo-11M.jpg\" \/>\n\t<meta property=\"og:image:width\" content=\"1500\" \/>\n\t<meta property=\"og:image:height\" content=\"1001\" \/>\n\t<meta property=\"og:image:type\" content=\"image\/jpeg\" \/>\n<meta name=\"author\" content=\"Marta Vidal\" \/>\n<meta name=\"twitter:card\" content=\"summary_large_image\" \/>\n<meta name=\"twitter:label1\" content=\"Escrito por\" \/>\n\t<meta name=\"twitter:data1\" content=\"Marta Vidal\" \/>\n\t<meta name=\"twitter:label2\" content=\"Tempo de lectura\" \/>\n\t<meta name=\"twitter:data2\" content=\"2 minutos\" \/>\n<script type=\"application\/ld+json\" class=\"yoast-schema-graph\">{\"@context\":\"https:\\\/\\\/schema.org\",\"@graph\":[{\"@type\":\"Article\",\"@id\":\"https:\\\/\\\/ccbierzo.com\\\/minuto-de-silencio-2\\\/#article\",\"isPartOf\":{\"@id\":\"https:\\\/\\\/ccbierzo.com\\\/minuto-de-silencio-2\\\/\"},\"author\":{\"name\":\"Marta Vidal\",\"@id\":\"https:\\\/\\\/ccbierzo.com\\\/gl\\\/#\\\/schema\\\/person\\\/4e9a8395b397b1d4b8695a5274072278\"},\"headline\":\"Minuto de silencio\",\"datePublished\":\"2026-03-11T13:34:54+00:00\",\"dateModified\":\"2026-03-11T13:35:17+00:00\",\"mainEntityOfPage\":{\"@id\":\"https:\\\/\\\/ccbierzo.com\\\/minuto-de-silencio-2\\\/\"},\"wordCount\":332,\"image\":{\"@id\":\"https:\\\/\\\/ccbierzo.com\\\/minuto-de-silencio-2\\\/#primaryimage\"},\"thumbnailUrl\":\"https:\\\/\\\/ccbierzo.com\\\/wp-content\\\/uploads\\\/2026\\\/03\\\/Dia-Europeo-de-las-Victimas-del-Terrorismo-11M.jpg\",\"keywords\":[\"Ponferrada\"],\"articleSection\":[\"Sin categorizar\",\"Social\"],\"inLanguage\":\"gl-ES\"},{\"@type\":\"WebPage\",\"@id\":\"https:\\\/\\\/ccbierzo.com\\\/minuto-de-silencio-2\\\/\",\"url\":\"https:\\\/\\\/ccbierzo.com\\\/minuto-de-silencio-2\\\/\",\"name\":\"Minuto de silencio - Consejo Comarcal del Bierzo\",\"isPartOf\":{\"@id\":\"https:\\\/\\\/ccbierzo.com\\\/gl\\\/#website\"},\"primaryImageOfPage\":{\"@id\":\"https:\\\/\\\/ccbierzo.com\\\/minuto-de-silencio-2\\\/#primaryimage\"},\"image\":{\"@id\":\"https:\\\/\\\/ccbierzo.com\\\/minuto-de-silencio-2\\\/#primaryimage\"},\"thumbnailUrl\":\"https:\\\/\\\/ccbierzo.com\\\/wp-content\\\/uploads\\\/2026\\\/03\\\/Dia-Europeo-de-las-Victimas-del-Terrorismo-11M.jpg\",\"datePublished\":\"2026-03-11T13:34:54+00:00\",\"dateModified\":\"2026-03-11T13:35:17+00:00\",\"author\":{\"@id\":\"https:\\\/\\\/ccbierzo.com\\\/gl\\\/#\\\/schema\\\/person\\\/4e9a8395b397b1d4b8695a5274072278\"},\"breadcrumb\":{\"@id\":\"https:\\\/\\\/ccbierzo.com\\\/minuto-de-silencio-2\\\/#breadcrumb\"},\"inLanguage\":\"gl-ES\",\"potentialAction\":[{\"@type\":\"ReadAction\",\"target\":[\"https:\\\/\\\/ccbierzo.com\\\/minuto-de-silencio-2\\\/\"]}]},{\"@type\":\"ImageObject\",\"inLanguage\":\"gl-ES\",\"@id\":\"https:\\\/\\\/ccbierzo.com\\\/minuto-de-silencio-2\\\/#primaryimage\",\"url\":\"https:\\\/\\\/ccbierzo.com\\\/wp-content\\\/uploads\\\/2026\\\/03\\\/Dia-Europeo-de-las-Victimas-del-Terrorismo-11M.jpg\",\"contentUrl\":\"https:\\\/\\\/ccbierzo.com\\\/wp-content\\\/uploads\\\/2026\\\/03\\\/Dia-Europeo-de-las-Victimas-del-Terrorismo-11M.jpg\",\"width\":1500,\"height\":1001},{\"@type\":\"BreadcrumbList\",\"@id\":\"https:\\\/\\\/ccbierzo.com\\\/minuto-de-silencio-2\\\/#breadcrumb\",\"itemListElement\":[{\"@type\":\"ListItem\",\"position\":1,\"name\":\"Portada\",\"item\":\"https:\\\/\\\/ccbierzo.com\\\/gl\\\/\"},{\"@type\":\"ListItem\",\"position\":2,\"name\":\"Minuto de silencio\"}]},{\"@type\":\"WebSite\",\"@id\":\"https:\\\/\\\/ccbierzo.com\\\/gl\\\/#website\",\"url\":\"https:\\\/\\\/ccbierzo.com\\\/gl\\\/\",\"name\":\"Consejo Comarcal del Bierzo\",\"description\":\"P\u00e1gina Oficial del Consejo Comarcal del Bierzo\",\"potentialAction\":[{\"@type\":\"SearchAction\",\"target\":{\"@type\":\"EntryPoint\",\"urlTemplate\":\"https:\\\/\\\/ccbierzo.com\\\/gl\\\/?s={search_term_string}\"},\"query-input\":{\"@type\":\"PropertyValueSpecification\",\"valueRequired\":true,\"valueName\":\"search_term_string\"}}],\"inLanguage\":\"gl-ES\"},{\"@type\":\"Person\",\"@id\":\"https:\\\/\\\/ccbierzo.com\\\/gl\\\/#\\\/schema\\\/person\\\/4e9a8395b397b1d4b8695a5274072278\",\"name\":\"Marta Vidal\"}]}<\/script>\n<!-- \/ Yoast SEO plugin. -->","yoast_head_json":{"title":"Minuto de silencio - Consejo Comarcal del Bierzo","robots":{"index":"index","follow":"follow","max-snippet":"max-snippet:-1","max-image-preview":"max-image-preview:large","max-video-preview":"max-video-preview:-1"},"canonical":"https:\/\/ccbierzo.com\/minuto-de-silencio-2\/","og_locale":"gl_ES","og_type":"article","og_title":"Minuto de silencio - Consejo Comarcal del Bierzo","og_description":"El Consejo se une al minuto de silencio para recordar a las v\u00edctimas del terrorismo.","og_url":"https:\/\/ccbierzo.com\/minuto-de-silencio-2\/","og_site_name":"Consejo Comarcal del Bierzo","article_published_time":"2026-03-11T13:34:54+00:00","article_modified_time":"2026-03-11T13:35:17+00:00","og_image":[{"width":1500,"height":1001,"url":"https:\/\/ccbierzo.com\/wp-content\/uploads\/2026\/03\/Dia-Europeo-de-las-Victimas-del-Terrorismo-11M.jpg","type":"image\/jpeg"}],"author":"Marta Vidal","twitter_card":"summary_large_image","twitter_misc":{"Escrito por":"Marta Vidal","Tempo de lectura":"2 minutos"},"schema":{"@context":"https:\/\/schema.org","@graph":[{"@type":"Article","@id":"https:\/\/ccbierzo.com\/minuto-de-silencio-2\/#article","isPartOf":{"@id":"https:\/\/ccbierzo.com\/minuto-de-silencio-2\/"},"author":{"name":"Marta Vidal","@id":"https:\/\/ccbierzo.com\/gl\/#\/schema\/person\/4e9a8395b397b1d4b8695a5274072278"},"headline":"Minuto de silencio","datePublished":"2026-03-11T13:34:54+00:00","dateModified":"2026-03-11T13:35:17+00:00","mainEntityOfPage":{"@id":"https:\/\/ccbierzo.com\/minuto-de-silencio-2\/"},"wordCount":332,"image":{"@id":"https:\/\/ccbierzo.com\/minuto-de-silencio-2\/#primaryimage"},"thumbnailUrl":"https:\/\/ccbierzo.com\/wp-content\/uploads\/2026\/03\/Dia-Europeo-de-las-Victimas-del-Terrorismo-11M.jpg","keywords":["Ponferrada"],"articleSection":["Sin categorizar","Social"],"inLanguage":"gl-ES"},{"@type":"WebPage","@id":"https:\/\/ccbierzo.com\/minuto-de-silencio-2\/","url":"https:\/\/ccbierzo.com\/minuto-de-silencio-2\/","name":"Minuto de silencio - Consejo Comarcal del Bierzo","isPartOf":{"@id":"https:\/\/ccbierzo.com\/gl\/#website"},"primaryImageOfPage":{"@id":"https:\/\/ccbierzo.com\/minuto-de-silencio-2\/#primaryimage"},"image":{"@id":"https:\/\/ccbierzo.com\/minuto-de-silencio-2\/#primaryimage"},"thumbnailUrl":"https:\/\/ccbierzo.com\/wp-content\/uploads\/2026\/03\/Dia-Europeo-de-las-Victimas-del-Terrorismo-11M.jpg","datePublished":"2026-03-11T13:34:54+00:00","dateModified":"2026-03-11T13:35:17+00:00","author":{"@id":"https:\/\/ccbierzo.com\/gl\/#\/schema\/person\/4e9a8395b397b1d4b8695a5274072278"},"breadcrumb":{"@id":"https:\/\/ccbierzo.com\/minuto-de-silencio-2\/#breadcrumb"},"inLanguage":"gl-ES","potentialAction":[{"@type":"ReadAction","target":["https:\/\/ccbierzo.com\/minuto-de-silencio-2\/"]}]},{"@type":"ImageObject","inLanguage":"gl-ES","@id":"https:\/\/ccbierzo.com\/minuto-de-silencio-2\/#primaryimage","url":"https:\/\/ccbierzo.com\/wp-content\/uploads\/2026\/03\/Dia-Europeo-de-las-Victimas-del-Terrorismo-11M.jpg","contentUrl":"https:\/\/ccbierzo.com\/wp-content\/uploads\/2026\/03\/Dia-Europeo-de-las-Victimas-del-Terrorismo-11M.jpg","width":1500,"height":1001},{"@type":"BreadcrumbList","@id":"https:\/\/ccbierzo.com\/minuto-de-silencio-2\/#breadcrumb","itemListElement":[{"@type":"ListItem","position":1,"name":"Portada","item":"https:\/\/ccbierzo.com\/gl\/"},{"@type":"ListItem","position":2,"name":"Minuto de silencio"}]},{"@type":"WebSite","@id":"https:\/\/ccbierzo.com\/gl\/#website","url":"https:\/\/ccbierzo.com\/gl\/","name":"Consejo Comarcal del Bierzo","description":"P\u00e1gina Oficial del Consejo Comarcal del Bierzo","potentialAction":[{"@type":"SearchAction","target":{"@type":"EntryPoint","urlTemplate":"https:\/\/ccbierzo.com\/gl\/?s={search_term_string}"},"query-input":{"@type":"PropertyValueSpecification","valueRequired":true,"valueName":"search_term_string"}}],"inLanguage":"gl-ES"},{"@type":"Person","@id":"https:\/\/ccbierzo.com\/gl\/#\/schema\/person\/4e9a8395b397b1d4b8695a5274072278","name":"Marta Vidal"}]}},"_links":{"self":[{"href":"https:\/\/ccbierzo.com\/gl\/wp-json\/wp\/v2\/posts\/134758","targetHints":{"allow":["GET"]}}],"collection":[{"href":"https:\/\/ccbierzo.com\/gl\/wp-json\/wp\/v2\/posts"}],"about":[{"href":"https:\/\/ccbierzo.com\/gl\/wp-json\/wp\/v2\/types\/post"}],"author":[{"embeddable":true,"href":"https:\/\/ccbierzo.com\/gl\/wp-json\/wp\/v2\/users\/3"}],"replies":[{"embeddable":true,"href":"https:\/\/ccbierzo.com\/gl\/wp-json\/wp\/v2\/comments?post=134758"}],"version-history":[{"count":0,"href":"https:\/\/ccbierzo.com\/gl\/wp-json\/wp\/v2\/posts\/134758\/revisions"}],"wp:featuredmedia":[{"embeddable":true,"href":"https:\/\/ccbierzo.com\/gl\/wp-json\/wp\/v2\/media\/134759"}],"wp:attachment":[{"href":"https:\/\/ccbierzo.com\/gl\/wp-json\/wp\/v2\/media?parent=134758"}],"wp:term":[{"taxonomy":"category","embeddable":true,"href":"https:\/\/ccbierzo.com\/gl\/wp-json\/wp\/v2\/categories?post=134758"},{"taxonomy":"post_tag","embeddable":true,"href":"https:\/\/ccbierzo.com\/gl\/wp-json\/wp\/v2\/tags?post=134758"}],"curies":[{"name":"wp","href":"https:\/\/api.w.org\/{rel}","templated":true}]}}