{"id":134290,"date":"2025-07-08T12:25:03","date_gmt":"2025-07-08T10:25:03","guid":{"rendered":"https:\/\/ccbierzo.com\/?p=134290"},"modified":"2025-07-08T12:25:04","modified_gmt":"2025-07-08T10:25:04","slug":"pleno-extraordinario-3","status":"publish","type":"post","link":"https:\/\/ccbierzo.com\/gl\/pleno-extraordinario-3\/","title":{"rendered":"Pleno extraordinario"},"content":{"rendered":"\n<p>El Consejo Comarcal del Bierzo celebr\u00f3 este martes un Pleno extraordinario en el que se aprob\u00f3 por unanimidad el visto bueno al acuerdo marco entre la Junta de Castilla y Le\u00f3n y la instituci\u00f3n comarcal. La sesi\u00f3n comenz\u00f3 con un minuto de silencio en memoria de las v\u00edctimas de la violencia de g\u00e9nero y vicaria de los \u00faltimos d\u00edas.<\/p>\n\n\n\n<p>El presidente del Consejo Comarcal,&nbsp;<strong>Olegario Ram\u00f3n<\/strong>, justific\u00f3 la convocatoria del pleno al tratarse de la &#8220;financiaci\u00f3n principal&#8221; de la instituci\u00f3n, destacando que el acuerdo supondr\u00e1 una inyecci\u00f3n de entre&nbsp;<strong>10 y 11 millones de euros<\/strong>&nbsp;durante los pr\u00f3ximos cuatro a\u00f1os.<\/p>\n\n\n\n<p>Ram\u00f3n explic\u00f3 que el acuerdo implica una\u00a0<strong>mejora en la financiaci\u00f3n<\/strong>\u00a0y la asunci\u00f3n de nuevas competencias, aunque reconoci\u00f3 que &#8220;queda muy lejos de lo que pretend\u00edamos desde el Consejo&#8221;. Asegur\u00f3 que todas las propuestas planteadas por los tres grupos pol\u00edticos en una reuni\u00f3n previa fueron trasladadas a la Junta.<\/p>\n\n\n\n<p>Respecto al aumento presupuestario, detall\u00f3 que habr\u00e1 una\u00a0<strong>revalorizaci\u00f3n de las inversiones<\/strong>\u00a0\u2014que antes no exist\u00eda\u2014, lo que supone una diferencia de unos\u00a0<strong>400.000 euros anuales<\/strong>\u00a0frente al acuerdo anterior. Sin embargo, advirti\u00f3 de que persisten d\u00e9ficits en la financiaci\u00f3n de servicios como el\u00a0<strong>CAD (Centro de Atenci\u00f3n a Drogodependientes), Menores o el SAM (Servicio de Atenci\u00f3n a Municipios)<\/strong>.<\/p>\n\n\n\n<p>Con la aprobaci\u00f3n del pleno, el siguiente paso ser\u00e1 la firma oficial del acuerdo, que se espera se realice\u00a0<strong>en el Bierzo<\/strong>\u00a0en las pr\u00f3ximas semanas. <\/p>\n\n\n\n<div style=\"height:30px\" aria-hidden=\"true\" class=\"wp-block-spacer\"><\/div>\n\n\n\n<figure class=\"wp-block-image aligncenter size-medium\"><img loading=\"lazy\" decoding=\"async\" width=\"300\" height=\"225\" src=\"https:\/\/ccbierzo.com\/wp-content\/uploads\/2025\/07\/Minuto-de-silencio-en-el-Pleno-300x225.jpeg\" alt=\"\" class=\"wp-image-134291\"\/><figcaption class=\"wp-element-caption\">Minuto de silencio en recuerdo de las v\u00edctimas de la violencia de g\u00e9nero.<\/figcaption><\/figure>\n","protected":false},"excerpt":{"rendered":"<p>El Consejo Comarcal del Bierzo aprueba por unanimidad el acuerdo marco con la Junta de Castilla y Le\u00f3n.<\/p>\n","protected":false},"author":3,"featured_media":134291,"comment_status":"closed","ping_status":"closed","sticky":false,"template":"","format":"standard","meta":{"_et_pb_use_builder":"","_et_pb_old_content":"","_et_gb_content_width":"","footnotes":""},"categories":[26],"tags":[294],"class_list":["post-134290","post","type-post","status-publish","format-standard","has-post-thumbnail","hentry","category-administracion","tag-ponferrada"],"yoast_head":"<!-- This site is optimized with the Yoast SEO plugin v27.3 - https:\/\/yoast.com\/product\/yoast-seo-wordpress\/ -->\n<title>Pleno extraordinario - Consejo Comarcal del Bierzo<\/title>\n<meta name=\"robots\" content=\"index, follow, max-snippet:-1, max-image-preview:large, max-video-preview:-1\" \/>\n<link rel=\"canonical\" href=\"https:\/\/ccbierzo.com\/pleno-extraordinario-3\/\" \/>\n<meta property=\"og:locale\" content=\"gl_ES\" \/>\n<meta property=\"og:type\" content=\"article\" \/>\n<meta property=\"og:title\" content=\"Pleno extraordinario - Consejo Comarcal del Bierzo\" \/>\n<meta property=\"og:description\" content=\"El Consejo Comarcal del Bierzo aprueba por unanimidad el acuerdo marco con la Junta de Castilla y Le\u00f3n.\" \/>\n<meta property=\"og:url\" content=\"https:\/\/ccbierzo.com\/pleno-extraordinario-3\/\" \/>\n<meta property=\"og:site_name\" content=\"Consejo Comarcal del Bierzo\" \/>\n<meta property=\"article:published_time\" content=\"2025-07-08T10:25:03+00:00\" \/>\n<meta property=\"article:modified_time\" content=\"2025-07-08T10:25:04+00:00\" \/>\n<meta property=\"og:image\" content=\"https:\/\/ccbierzo.com\/wp-content\/uploads\/2025\/07\/Minuto-de-silencio-en-el-Pleno.jpeg\" \/>\n\t<meta property=\"og:image:width\" content=\"1897\" \/>\n\t<meta property=\"og:image:height\" content=\"1423\" \/>\n\t<meta property=\"og:image:type\" content=\"image\/jpeg\" \/>\n<meta name=\"author\" content=\"Marta Vidal\" \/>\n<meta name=\"twitter:card\" content=\"summary_large_image\" \/>\n<meta name=\"twitter:label1\" content=\"Escrito por\" \/>\n\t<meta name=\"twitter:data1\" content=\"Marta Vidal\" \/>\n\t<meta name=\"twitter:label2\" content=\"Tempo de lectura\" \/>\n\t<meta name=\"twitter:data2\" content=\"2 minutos\" \/>\n<script type=\"application\/ld+json\" class=\"yoast-schema-graph\">{\"@context\":\"https:\\\/\\\/schema.org\",\"@graph\":[{\"@type\":\"Article\",\"@id\":\"https:\\\/\\\/ccbierzo.com\\\/pleno-extraordinario-3\\\/#article\",\"isPartOf\":{\"@id\":\"https:\\\/\\\/ccbierzo.com\\\/pleno-extraordinario-3\\\/\"},\"author\":{\"name\":\"Marta Vidal\",\"@id\":\"https:\\\/\\\/ccbierzo.com\\\/gl\\\/#\\\/schema\\\/person\\\/4e9a8395b397b1d4b8695a5274072278\"},\"headline\":\"Pleno extraordinario\",\"datePublished\":\"2025-07-08T10:25:03+00:00\",\"dateModified\":\"2025-07-08T10:25:04+00:00\",\"mainEntityOfPage\":{\"@id\":\"https:\\\/\\\/ccbierzo.com\\\/pleno-extraordinario-3\\\/\"},\"wordCount\":278,\"image\":{\"@id\":\"https:\\\/\\\/ccbierzo.com\\\/pleno-extraordinario-3\\\/#primaryimage\"},\"thumbnailUrl\":\"https:\\\/\\\/ccbierzo.com\\\/wp-content\\\/uploads\\\/2025\\\/07\\\/Minuto-de-silencio-en-el-Pleno.jpeg\",\"keywords\":[\"Ponferrada\"],\"articleSection\":[\"Administraci\u00f3n\"],\"inLanguage\":\"gl-ES\"},{\"@type\":\"WebPage\",\"@id\":\"https:\\\/\\\/ccbierzo.com\\\/pleno-extraordinario-3\\\/\",\"url\":\"https:\\\/\\\/ccbierzo.com\\\/pleno-extraordinario-3\\\/\",\"name\":\"Pleno extraordinario - Consejo Comarcal del Bierzo\",\"isPartOf\":{\"@id\":\"https:\\\/\\\/ccbierzo.com\\\/gl\\\/#website\"},\"primaryImageOfPage\":{\"@id\":\"https:\\\/\\\/ccbierzo.com\\\/pleno-extraordinario-3\\\/#primaryimage\"},\"image\":{\"@id\":\"https:\\\/\\\/ccbierzo.com\\\/pleno-extraordinario-3\\\/#primaryimage\"},\"thumbnailUrl\":\"https:\\\/\\\/ccbierzo.com\\\/wp-content\\\/uploads\\\/2025\\\/07\\\/Minuto-de-silencio-en-el-Pleno.jpeg\",\"datePublished\":\"2025-07-08T10:25:03+00:00\",\"dateModified\":\"2025-07-08T10:25:04+00:00\",\"author\":{\"@id\":\"https:\\\/\\\/ccbierzo.com\\\/gl\\\/#\\\/schema\\\/person\\\/4e9a8395b397b1d4b8695a5274072278\"},\"breadcrumb\":{\"@id\":\"https:\\\/\\\/ccbierzo.com\\\/pleno-extraordinario-3\\\/#breadcrumb\"},\"inLanguage\":\"gl-ES\",\"potentialAction\":[{\"@type\":\"ReadAction\",\"target\":[\"https:\\\/\\\/ccbierzo.com\\\/pleno-extraordinario-3\\\/\"]}]},{\"@type\":\"ImageObject\",\"inLanguage\":\"gl-ES\",\"@id\":\"https:\\\/\\\/ccbierzo.com\\\/pleno-extraordinario-3\\\/#primaryimage\",\"url\":\"https:\\\/\\\/ccbierzo.com\\\/wp-content\\\/uploads\\\/2025\\\/07\\\/Minuto-de-silencio-en-el-Pleno.jpeg\",\"contentUrl\":\"https:\\\/\\\/ccbierzo.com\\\/wp-content\\\/uploads\\\/2025\\\/07\\\/Minuto-de-silencio-en-el-Pleno.jpeg\",\"width\":1897,\"height\":1423,\"caption\":\"Minuto de silencio en recuerdo de las v\u00edctimas de la violencia de g\u00e9nero.\"},{\"@type\":\"BreadcrumbList\",\"@id\":\"https:\\\/\\\/ccbierzo.com\\\/pleno-extraordinario-3\\\/#breadcrumb\",\"itemListElement\":[{\"@type\":\"ListItem\",\"position\":1,\"name\":\"Portada\",\"item\":\"https:\\\/\\\/ccbierzo.com\\\/gl\\\/\"},{\"@type\":\"ListItem\",\"position\":2,\"name\":\"Pleno extraordinario\"}]},{\"@type\":\"WebSite\",\"@id\":\"https:\\\/\\\/ccbierzo.com\\\/gl\\\/#website\",\"url\":\"https:\\\/\\\/ccbierzo.com\\\/gl\\\/\",\"name\":\"Consejo Comarcal del Bierzo\",\"description\":\"P\u00e1gina Oficial del Consejo Comarcal del Bierzo\",\"potentialAction\":[{\"@type\":\"SearchAction\",\"target\":{\"@type\":\"EntryPoint\",\"urlTemplate\":\"https:\\\/\\\/ccbierzo.com\\\/gl\\\/?s={search_term_string}\"},\"query-input\":{\"@type\":\"PropertyValueSpecification\",\"valueRequired\":true,\"valueName\":\"search_term_string\"}}],\"inLanguage\":\"gl-ES\"},{\"@type\":\"Person\",\"@id\":\"https:\\\/\\\/ccbierzo.com\\\/gl\\\/#\\\/schema\\\/person\\\/4e9a8395b397b1d4b8695a5274072278\",\"name\":\"Marta Vidal\"}]}<\/script>\n<!-- \/ Yoast SEO plugin. -->","yoast_head_json":{"title":"Pleno extraordinario - Consejo Comarcal del Bierzo","robots":{"index":"index","follow":"follow","max-snippet":"max-snippet:-1","max-image-preview":"max-image-preview:large","max-video-preview":"max-video-preview:-1"},"canonical":"https:\/\/ccbierzo.com\/pleno-extraordinario-3\/","og_locale":"gl_ES","og_type":"article","og_title":"Pleno extraordinario - Consejo Comarcal del Bierzo","og_description":"El Consejo Comarcal del Bierzo aprueba por unanimidad el acuerdo marco con la Junta de Castilla y Le\u00f3n.","og_url":"https:\/\/ccbierzo.com\/pleno-extraordinario-3\/","og_site_name":"Consejo Comarcal del Bierzo","article_published_time":"2025-07-08T10:25:03+00:00","article_modified_time":"2025-07-08T10:25:04+00:00","og_image":[{"width":1897,"height":1423,"url":"https:\/\/ccbierzo.com\/wp-content\/uploads\/2025\/07\/Minuto-de-silencio-en-el-Pleno.jpeg","type":"image\/jpeg"}],"author":"Marta Vidal","twitter_card":"summary_large_image","twitter_misc":{"Escrito por":"Marta Vidal","Tempo de lectura":"2 minutos"},"schema":{"@context":"https:\/\/schema.org","@graph":[{"@type":"Article","@id":"https:\/\/ccbierzo.com\/pleno-extraordinario-3\/#article","isPartOf":{"@id":"https:\/\/ccbierzo.com\/pleno-extraordinario-3\/"},"author":{"name":"Marta Vidal","@id":"https:\/\/ccbierzo.com\/gl\/#\/schema\/person\/4e9a8395b397b1d4b8695a5274072278"},"headline":"Pleno extraordinario","datePublished":"2025-07-08T10:25:03+00:00","dateModified":"2025-07-08T10:25:04+00:00","mainEntityOfPage":{"@id":"https:\/\/ccbierzo.com\/pleno-extraordinario-3\/"},"wordCount":278,"image":{"@id":"https:\/\/ccbierzo.com\/pleno-extraordinario-3\/#primaryimage"},"thumbnailUrl":"https:\/\/ccbierzo.com\/wp-content\/uploads\/2025\/07\/Minuto-de-silencio-en-el-Pleno.jpeg","keywords":["Ponferrada"],"articleSection":["Administraci\u00f3n"],"inLanguage":"gl-ES"},{"@type":"WebPage","@id":"https:\/\/ccbierzo.com\/pleno-extraordinario-3\/","url":"https:\/\/ccbierzo.com\/pleno-extraordinario-3\/","name":"Pleno extraordinario - Consejo Comarcal del Bierzo","isPartOf":{"@id":"https:\/\/ccbierzo.com\/gl\/#website"},"primaryImageOfPage":{"@id":"https:\/\/ccbierzo.com\/pleno-extraordinario-3\/#primaryimage"},"image":{"@id":"https:\/\/ccbierzo.com\/pleno-extraordinario-3\/#primaryimage"},"thumbnailUrl":"https:\/\/ccbierzo.com\/wp-content\/uploads\/2025\/07\/Minuto-de-silencio-en-el-Pleno.jpeg","datePublished":"2025-07-08T10:25:03+00:00","dateModified":"2025-07-08T10:25:04+00:00","author":{"@id":"https:\/\/ccbierzo.com\/gl\/#\/schema\/person\/4e9a8395b397b1d4b8695a5274072278"},"breadcrumb":{"@id":"https:\/\/ccbierzo.com\/pleno-extraordinario-3\/#breadcrumb"},"inLanguage":"gl-ES","potentialAction":[{"@type":"ReadAction","target":["https:\/\/ccbierzo.com\/pleno-extraordinario-3\/"]}]},{"@type":"ImageObject","inLanguage":"gl-ES","@id":"https:\/\/ccbierzo.com\/pleno-extraordinario-3\/#primaryimage","url":"https:\/\/ccbierzo.com\/wp-content\/uploads\/2025\/07\/Minuto-de-silencio-en-el-Pleno.jpeg","contentUrl":"https:\/\/ccbierzo.com\/wp-content\/uploads\/2025\/07\/Minuto-de-silencio-en-el-Pleno.jpeg","width":1897,"height":1423,"caption":"Minuto de silencio en recuerdo de las v\u00edctimas de la violencia de g\u00e9nero."},{"@type":"BreadcrumbList","@id":"https:\/\/ccbierzo.com\/pleno-extraordinario-3\/#breadcrumb","itemListElement":[{"@type":"ListItem","position":1,"name":"Portada","item":"https:\/\/ccbierzo.com\/gl\/"},{"@type":"ListItem","position":2,"name":"Pleno extraordinario"}]},{"@type":"WebSite","@id":"https:\/\/ccbierzo.com\/gl\/#website","url":"https:\/\/ccbierzo.com\/gl\/","name":"Consejo Comarcal del Bierzo","description":"P\u00e1gina Oficial del Consejo Comarcal del Bierzo","potentialAction":[{"@type":"SearchAction","target":{"@type":"EntryPoint","urlTemplate":"https:\/\/ccbierzo.com\/gl\/?s={search_term_string}"},"query-input":{"@type":"PropertyValueSpecification","valueRequired":true,"valueName":"search_term_string"}}],"inLanguage":"gl-ES"},{"@type":"Person","@id":"https:\/\/ccbierzo.com\/gl\/#\/schema\/person\/4e9a8395b397b1d4b8695a5274072278","name":"Marta Vidal"}]}},"_links":{"self":[{"href":"https:\/\/ccbierzo.com\/gl\/wp-json\/wp\/v2\/posts\/134290","targetHints":{"allow":["GET"]}}],"collection":[{"href":"https:\/\/ccbierzo.com\/gl\/wp-json\/wp\/v2\/posts"}],"about":[{"href":"https:\/\/ccbierzo.com\/gl\/wp-json\/wp\/v2\/types\/post"}],"author":[{"embeddable":true,"href":"https:\/\/ccbierzo.com\/gl\/wp-json\/wp\/v2\/users\/3"}],"replies":[{"embeddable":true,"href":"https:\/\/ccbierzo.com\/gl\/wp-json\/wp\/v2\/comments?post=134290"}],"version-history":[{"count":0,"href":"https:\/\/ccbierzo.com\/gl\/wp-json\/wp\/v2\/posts\/134290\/revisions"}],"wp:featuredmedia":[{"embeddable":true,"href":"https:\/\/ccbierzo.com\/gl\/wp-json\/wp\/v2\/media\/134291"}],"wp:attachment":[{"href":"https:\/\/ccbierzo.com\/gl\/wp-json\/wp\/v2\/media?parent=134290"}],"wp:term":[{"taxonomy":"category","embeddable":true,"href":"https:\/\/ccbierzo.com\/gl\/wp-json\/wp\/v2\/categories?post=134290"},{"taxonomy":"post_tag","embeddable":true,"href":"https:\/\/ccbierzo.com\/gl\/wp-json\/wp\/v2\/tags?post=134290"}],"curies":[{"name":"wp","href":"https:\/\/api.w.org\/{rel}","templated":true}]}}