{"id":134232,"date":"2025-07-06T18:04:33","date_gmt":"2025-07-06T16:04:33","guid":{"rendered":"https:\/\/ccbierzo.com\/?p=134232"},"modified":"2025-07-06T18:04:34","modified_gmt":"2025-07-06T16:04:34","slug":"gastro-ruta-en-lillo","status":"publish","type":"post","link":"https:\/\/ccbierzo.com\/gl\/gastro-ruta-en-lillo\/","title":{"rendered":"Gastro-ruta en Lillo"},"content":{"rendered":"\n<p>La Senda de las Cantinas inici\u00f3 este domingo su recorrido con una ruta circular que parti\u00f3 del <strong>Bar Estanco de Lillo del Bierzo<\/strong>. Se trata de una iniciativa tur\u00edstico-gastron\u00f3mica, con la que el Consejo Comarcal del Bierzo busca revitalizar las tradicionales cantinas, promover la apertura de nuevas y dinamizar el territorio a trav\u00e9s de sus productos y paisajes.<\/p>\n\n\n\n<p>El presidente del Consejo Comarcal del Bierzo, Olegario Ram\u00f3n, particip\u00f3 en esta primera ruta y destac\u00f3 los objetivos del proyecto: \u201cque no cierren esas cantinas que hay en los pueblos, promocionar la <strong>apertura de nuevas cantinas<\/strong> y, a la vez, promocionar tur\u00edsticamente el Bierzo, la zona en la que est\u00e1n las cantinas&#8221;, explic\u00f3 Ram\u00f3n.<\/p>\n\n\n\n<p>El proyecto incluye 16 senderos asociados a otras tantas cantinas (de las 19 registradas, 16 ya est\u00e1n operativas y 3 en proceso). Cada ruta, guiada por un profesional, combina naturaleza, patrimonio y gastronom\u00eda, culminando con una <strong>degustaci\u00f3n de productos locales<\/strong> y un concurso al mejor pincho elaborado con ingredientes del Bierzo.<\/p>\n\n\n\n<p>&#8220;Recuperamos y promocionamos los productos del Bierzo. Al acabar la ruta, hay una degustaci\u00f3n, y todo ello se complementa con una <strong><a href=\"https:\/\/cantinas.turismodelbierzo.es\/\">web intuitiva<\/a><\/strong> que recoge toda la informaci\u00f3n&#8221;, a\u00f1adi\u00f3 el presidente. La iniciativa, financiada con 60.000 euros por la Junta de Castilla y Le\u00f3n, aspira a ser un impulso econ\u00f3mico y tur\u00edstico para la comarca.<\/p>\n\n\n\n<p>La primera edici\u00f3n, con <strong>grupos reducidos para garantizar una experiencia cercana<\/strong>, se extender\u00e1 hasta diciembre, visitando localidades como Cand\u00edn, Valle de Ancares y Burbia. &#8220;Hoy empezamos en Lillo, pero seguiremos en otros pueblos hasta finales de a\u00f1o&#8221;, avanz\u00f3 Ram\u00f3n, quien reconoci\u00f3 que el arranque puede ser &#8220;m\u00e1s t\u00edmido&#8221;, pero conf\u00eda en su consolidaci\u00f3n.<\/p>\n\n\n\n<p>La pr\u00f3xima gastro-ruta se celebrar\u00e1 en Cand\u00edn el 20 de julio y ya est\u00e1 abierto el proceso de inscripci\u00f3n. Las personas interesadas en participar deben escribir un correo electr\u00f3nico a <a href=\"mailto:tusitio@ccbierzo.com\"><strong>tusitio@ccbierzo.com<\/strong><\/a> o <a href=\"mailto:soraya@bierzomice.com\"><strong>soraya@bierzomice.com<\/strong><\/a>; tambi\u00e9n se puede llamar al 987 42 35 51.<\/p>\n\n\n\n<div style=\"height:30px\" aria-hidden=\"true\" class=\"wp-block-spacer\"><\/div>\n\n\n\n<figure class=\"wp-block-gallery has-nested-images columns-default is-cropped wp-block-gallery-1 is-layout-flex wp-block-gallery-is-layout-flex\">\n<figure class=\"wp-block-image size-large\"><img loading=\"lazy\" decoding=\"async\" width=\"1024\" height=\"768\" data-id=\"134253\" src=\"https:\/\/ccbierzo.com\/wp-content\/uploads\/2025\/07\/Lillo2-1024x768.jpeg\" alt=\"\" class=\"wp-image-134253\" srcset=\"https:\/\/ccbierzo.com\/wp-content\/uploads\/2025\/07\/Lillo2-980x735.jpeg 980w, https:\/\/ccbierzo.com\/wp-content\/uploads\/2025\/07\/Lillo2-480x360.jpeg 480w\" sizes=\"(min-width: 0px) and (max-width: 480px) 480px, (min-width: 481px) and (max-width: 980px) 980px, (min-width: 981px) 1024px, 100vw\" \/><\/figure>\n\n\n\n<figure class=\"wp-block-image size-large\"><img loading=\"lazy\" decoding=\"async\" width=\"1024\" height=\"768\" data-id=\"134255\" src=\"https:\/\/ccbierzo.com\/wp-content\/uploads\/2025\/07\/lillo10-1024x768.jpeg\" alt=\"\" class=\"wp-image-134255\" srcset=\"https:\/\/ccbierzo.com\/wp-content\/uploads\/2025\/07\/lillo10-980x735.jpeg 980w, https:\/\/ccbierzo.com\/wp-content\/uploads\/2025\/07\/lillo10-480x360.jpeg 480w\" sizes=\"(min-width: 0px) and (max-width: 480px) 480px, (min-width: 481px) and (max-width: 980px) 980px, (min-width: 981px) 1024px, 100vw\" \/><\/figure>\n\n\n\n<figure class=\"wp-block-image size-large\"><img loading=\"lazy\" decoding=\"async\" width=\"1024\" height=\"768\" data-id=\"134251\" src=\"https:\/\/ccbierzo.com\/wp-content\/uploads\/2025\/07\/Lillo1-1024x768.jpeg\" alt=\"\" class=\"wp-image-134251\" srcset=\"https:\/\/ccbierzo.com\/wp-content\/uploads\/2025\/07\/Lillo1-980x735.jpeg 980w, https:\/\/ccbierzo.com\/wp-content\/uploads\/2025\/07\/Lillo1-480x360.jpeg 480w\" sizes=\"(min-width: 0px) and (max-width: 480px) 480px, (min-width: 481px) and (max-width: 980px) 980px, (min-width: 981px) 1024px, 100vw\" \/><\/figure>\n\n\n\n<figure class=\"wp-block-image size-large\"><img loading=\"lazy\" decoding=\"async\" width=\"1024\" height=\"768\" data-id=\"134249\" src=\"https:\/\/ccbierzo.com\/wp-content\/uploads\/2025\/07\/lillo9-1024x768.jpeg\" alt=\"\" class=\"wp-image-134249\" srcset=\"https:\/\/ccbierzo.com\/wp-content\/uploads\/2025\/07\/lillo9-980x735.jpeg 980w, https:\/\/ccbierzo.com\/wp-content\/uploads\/2025\/07\/lillo9-480x360.jpeg 480w\" sizes=\"(min-width: 0px) and (max-width: 480px) 480px, (min-width: 481px) and (max-width: 980px) 980px, (min-width: 981px) 1024px, 100vw\" \/><\/figure>\n\n\n\n<figure class=\"wp-block-image size-large\"><img loading=\"lazy\" decoding=\"async\" width=\"1024\" height=\"768\" data-id=\"134247\" src=\"https:\/\/ccbierzo.com\/wp-content\/uploads\/2025\/07\/lillo8-1024x768.jpeg\" alt=\"\" class=\"wp-image-134247\" srcset=\"https:\/\/ccbierzo.com\/wp-content\/uploads\/2025\/07\/lillo8-980x735.jpeg 980w, https:\/\/ccbierzo.com\/wp-content\/uploads\/2025\/07\/lillo8-480x360.jpeg 480w\" sizes=\"(min-width: 0px) and (max-width: 480px) 480px, (min-width: 481px) and (max-width: 980px) 980px, (min-width: 981px) 1024px, 100vw\" \/><\/figure>\n\n\n\n<figure class=\"wp-block-image size-large\"><img loading=\"lazy\" decoding=\"async\" width=\"1024\" height=\"768\" data-id=\"134245\" src=\"https:\/\/ccbierzo.com\/wp-content\/uploads\/2025\/07\/WhatsApp-Image-2025-07-06-at-13.35.01-1024x768.jpeg\" alt=\"\" class=\"wp-image-134245\" srcset=\"https:\/\/ccbierzo.com\/wp-content\/uploads\/2025\/07\/WhatsApp-Image-2025-07-06-at-13.35.01-980x735.jpeg 980w, https:\/\/ccbierzo.com\/wp-content\/uploads\/2025\/07\/WhatsApp-Image-2025-07-06-at-13.35.01-480x360.jpeg 480w\" sizes=\"(min-width: 0px) and (max-width: 480px) 480px, (min-width: 481px) and (max-width: 980px) 980px, (min-width: 981px) 1024px, 100vw\" \/><\/figure>\n\n\n\n<figure class=\"wp-block-image size-large\"><img loading=\"lazy\" decoding=\"async\" width=\"1024\" height=\"768\" data-id=\"134243\" src=\"https:\/\/ccbierzo.com\/wp-content\/uploads\/2025\/07\/WhatsApp-Image-2025-07-06-at-13.35.58-1024x768.jpeg\" alt=\"\" class=\"wp-image-134243\" srcset=\"https:\/\/ccbierzo.com\/wp-content\/uploads\/2025\/07\/WhatsApp-Image-2025-07-06-at-13.35.58-980x735.jpeg 980w, https:\/\/ccbierzo.com\/wp-content\/uploads\/2025\/07\/WhatsApp-Image-2025-07-06-at-13.35.58-480x360.jpeg 480w\" sizes=\"(min-width: 0px) and (max-width: 480px) 480px, (min-width: 481px) and (max-width: 980px) 980px, (min-width: 981px) 1024px, 100vw\" \/><\/figure>\n\n\n\n<figure class=\"wp-block-image size-large\"><img loading=\"lazy\" decoding=\"async\" width=\"1024\" height=\"768\" data-id=\"134241\" src=\"https:\/\/ccbierzo.com\/wp-content\/uploads\/2025\/07\/Lillo3-1024x768.jpeg\" alt=\"\" class=\"wp-image-134241\" srcset=\"https:\/\/ccbierzo.com\/wp-content\/uploads\/2025\/07\/Lillo3-980x735.jpeg 980w, https:\/\/ccbierzo.com\/wp-content\/uploads\/2025\/07\/Lillo3-480x360.jpeg 480w\" sizes=\"(min-width: 0px) and (max-width: 480px) 480px, (min-width: 481px) and (max-width: 980px) 980px, (min-width: 981px) 1024px, 100vw\" \/><\/figure>\n\n\n\n<figure class=\"wp-block-image size-large\"><img loading=\"lazy\" decoding=\"async\" width=\"1024\" height=\"768\" data-id=\"134239\" src=\"https:\/\/ccbierzo.com\/wp-content\/uploads\/2025\/07\/lillo7-1024x768.jpeg\" alt=\"\" class=\"wp-image-134239\" srcset=\"https:\/\/ccbierzo.com\/wp-content\/uploads\/2025\/07\/lillo7-980x735.jpeg 980w, https:\/\/ccbierzo.com\/wp-content\/uploads\/2025\/07\/lillo7-480x360.jpeg 480w\" sizes=\"(min-width: 0px) and (max-width: 480px) 480px, (min-width: 481px) and (max-width: 980px) 980px, (min-width: 981px) 1024px, 100vw\" \/><\/figure>\n\n\n\n<figure class=\"wp-block-image size-large\"><img loading=\"lazy\" decoding=\"async\" width=\"1024\" height=\"768\" data-id=\"134237\" src=\"https:\/\/ccbierzo.com\/wp-content\/uploads\/2025\/07\/lillo6-1024x768.jpeg\" alt=\"\" class=\"wp-image-134237\" srcset=\"https:\/\/ccbierzo.com\/wp-content\/uploads\/2025\/07\/lillo6-980x735.jpeg 980w, https:\/\/ccbierzo.com\/wp-content\/uploads\/2025\/07\/lillo6-480x360.jpeg 480w\" sizes=\"(min-width: 0px) and (max-width: 480px) 480px, (min-width: 481px) and (max-width: 980px) 980px, (min-width: 981px) 1024px, 100vw\" \/><\/figure>\n\n\n\n<figure class=\"wp-block-image size-large\"><img loading=\"lazy\" decoding=\"async\" width=\"1024\" height=\"768\" data-id=\"134235\" src=\"https:\/\/ccbierzo.com\/wp-content\/uploads\/2025\/07\/lillo5-1024x768.jpeg\" alt=\"\" class=\"wp-image-134235\" srcset=\"https:\/\/ccbierzo.com\/wp-content\/uploads\/2025\/07\/lillo5-980x735.jpeg 980w, https:\/\/ccbierzo.com\/wp-content\/uploads\/2025\/07\/lillo5-480x360.jpeg 480w\" sizes=\"(min-width: 0px) and (max-width: 480px) 480px, (min-width: 481px) and (max-width: 980px) 980px, (min-width: 981px) 1024px, 100vw\" \/><\/figure>\n\n\n\n<figure class=\"wp-block-image size-large\"><img loading=\"lazy\" decoding=\"async\" width=\"1024\" height=\"768\" data-id=\"134233\" src=\"https:\/\/ccbierzo.com\/wp-content\/uploads\/2025\/07\/lillo4-1024x768.jpeg\" alt=\"\" class=\"wp-image-134233\" srcset=\"https:\/\/ccbierzo.com\/wp-content\/uploads\/2025\/07\/lillo4-980x735.jpeg 980w, https:\/\/ccbierzo.com\/wp-content\/uploads\/2025\/07\/lillo4-480x360.jpeg 480w\" sizes=\"(min-width: 0px) and (max-width: 480px) 480px, (min-width: 481px) and (max-width: 980px) 980px, (min-width: 981px) 1024px, 100vw\" \/><\/figure>\n<\/figure>\n","protected":false},"excerpt":{"rendered":"<p>La Senda de las Cantinas inici\u00f3 este domingo su recorrido con una ruta circular que parti\u00f3 del Bar Estanco de Lillo del Bierzo.<\/p>\n","protected":false},"author":3,"featured_media":134253,"comment_status":"closed","ping_status":"closed","sticky":false,"template":"","format":"standard","meta":{"_et_pb_use_builder":"","_et_pb_old_content":"","_et_gb_content_width":"","footnotes":""},"categories":[77,25],"tags":[288],"class_list":["post-134232","post","type-post","status-publish","format-standard","has-post-thumbnail","hentry","category-empleo","category-turismo","tag-fabero"],"yoast_head":"<!-- This site is optimized with the Yoast SEO plugin v27.3 - https:\/\/yoast.com\/product\/yoast-seo-wordpress\/ -->\n<title>Gastro-ruta en Lillo - Consejo Comarcal del Bierzo<\/title>\n<meta name=\"robots\" content=\"index, follow, max-snippet:-1, max-image-preview:large, max-video-preview:-1\" \/>\n<link rel=\"canonical\" href=\"https:\/\/ccbierzo.com\/gastro-ruta-en-lillo\/\" \/>\n<meta property=\"og:locale\" content=\"gl_ES\" \/>\n<meta property=\"og:type\" content=\"article\" \/>\n<meta property=\"og:title\" content=\"Gastro-ruta en Lillo - Consejo Comarcal del Bierzo\" \/>\n<meta property=\"og:description\" content=\"La Senda de las Cantinas inici\u00f3 este domingo su recorrido con una ruta circular que parti\u00f3 del Bar Estanco de Lillo del Bierzo.\" \/>\n<meta property=\"og:url\" content=\"https:\/\/ccbierzo.com\/gastro-ruta-en-lillo\/\" \/>\n<meta property=\"og:site_name\" content=\"Consejo Comarcal del Bierzo\" \/>\n<meta property=\"article:published_time\" content=\"2025-07-06T16:04:33+00:00\" \/>\n<meta property=\"article:modified_time\" content=\"2025-07-06T16:04:34+00:00\" \/>\n<meta property=\"og:image\" content=\"https:\/\/ccbierzo.com\/wp-content\/uploads\/2025\/07\/Lillo2-scaled.jpeg\" \/>\n\t<meta property=\"og:image:width\" content=\"2560\" \/>\n\t<meta property=\"og:image:height\" content=\"1921\" \/>\n\t<meta property=\"og:image:type\" content=\"image\/jpeg\" \/>\n<meta name=\"author\" content=\"Marta Vidal\" \/>\n<meta name=\"twitter:card\" content=\"summary_large_image\" \/>\n<meta name=\"twitter:label1\" content=\"Escrito por\" \/>\n\t<meta name=\"twitter:data1\" content=\"Marta Vidal\" \/>\n\t<meta name=\"twitter:label2\" content=\"Tempo de lectura\" \/>\n\t<meta name=\"twitter:data2\" content=\"5 minutos\" \/>\n<script type=\"application\/ld+json\" class=\"yoast-schema-graph\">{\"@context\":\"https:\\\/\\\/schema.org\",\"@graph\":[{\"@type\":\"Article\",\"@id\":\"https:\\\/\\\/ccbierzo.com\\\/gastro-ruta-en-lillo\\\/#article\",\"isPartOf\":{\"@id\":\"https:\\\/\\\/ccbierzo.com\\\/gastro-ruta-en-lillo\\\/\"},\"author\":{\"name\":\"Marta Vidal\",\"@id\":\"https:\\\/\\\/ccbierzo.com\\\/gl\\\/#\\\/schema\\\/person\\\/4e9a8395b397b1d4b8695a5274072278\"},\"headline\":\"Gastro-ruta en Lillo\",\"datePublished\":\"2025-07-06T16:04:33+00:00\",\"dateModified\":\"2025-07-06T16:04:34+00:00\",\"mainEntityOfPage\":{\"@id\":\"https:\\\/\\\/ccbierzo.com\\\/gastro-ruta-en-lillo\\\/\"},\"wordCount\":339,\"image\":{\"@id\":\"https:\\\/\\\/ccbierzo.com\\\/gastro-ruta-en-lillo\\\/#primaryimage\"},\"thumbnailUrl\":\"https:\\\/\\\/ccbierzo.com\\\/wp-content\\\/uploads\\\/2025\\\/07\\\/Lillo2-scaled.jpeg\",\"keywords\":[\"Fabero\"],\"articleSection\":[\"Empleo\",\"Turismo\"],\"inLanguage\":\"gl-ES\"},{\"@type\":\"WebPage\",\"@id\":\"https:\\\/\\\/ccbierzo.com\\\/gastro-ruta-en-lillo\\\/\",\"url\":\"https:\\\/\\\/ccbierzo.com\\\/gastro-ruta-en-lillo\\\/\",\"name\":\"Gastro-ruta en Lillo - Consejo Comarcal del Bierzo\",\"isPartOf\":{\"@id\":\"https:\\\/\\\/ccbierzo.com\\\/gl\\\/#website\"},\"primaryImageOfPage\":{\"@id\":\"https:\\\/\\\/ccbierzo.com\\\/gastro-ruta-en-lillo\\\/#primaryimage\"},\"image\":{\"@id\":\"https:\\\/\\\/ccbierzo.com\\\/gastro-ruta-en-lillo\\\/#primaryimage\"},\"thumbnailUrl\":\"https:\\\/\\\/ccbierzo.com\\\/wp-content\\\/uploads\\\/2025\\\/07\\\/Lillo2-scaled.jpeg\",\"datePublished\":\"2025-07-06T16:04:33+00:00\",\"dateModified\":\"2025-07-06T16:04:34+00:00\",\"author\":{\"@id\":\"https:\\\/\\\/ccbierzo.com\\\/gl\\\/#\\\/schema\\\/person\\\/4e9a8395b397b1d4b8695a5274072278\"},\"breadcrumb\":{\"@id\":\"https:\\\/\\\/ccbierzo.com\\\/gastro-ruta-en-lillo\\\/#breadcrumb\"},\"inLanguage\":\"gl-ES\",\"potentialAction\":[{\"@type\":\"ReadAction\",\"target\":[\"https:\\\/\\\/ccbierzo.com\\\/gastro-ruta-en-lillo\\\/\"]}]},{\"@type\":\"ImageObject\",\"inLanguage\":\"gl-ES\",\"@id\":\"https:\\\/\\\/ccbierzo.com\\\/gastro-ruta-en-lillo\\\/#primaryimage\",\"url\":\"https:\\\/\\\/ccbierzo.com\\\/wp-content\\\/uploads\\\/2025\\\/07\\\/Lillo2-scaled.jpeg\",\"contentUrl\":\"https:\\\/\\\/ccbierzo.com\\\/wp-content\\\/uploads\\\/2025\\\/07\\\/Lillo2-scaled.jpeg\",\"width\":2560,\"height\":1921},{\"@type\":\"BreadcrumbList\",\"@id\":\"https:\\\/\\\/ccbierzo.com\\\/gastro-ruta-en-lillo\\\/#breadcrumb\",\"itemListElement\":[{\"@type\":\"ListItem\",\"position\":1,\"name\":\"Portada\",\"item\":\"https:\\\/\\\/ccbierzo.com\\\/gl\\\/\"},{\"@type\":\"ListItem\",\"position\":2,\"name\":\"Gastro-ruta en Lillo\"}]},{\"@type\":\"WebSite\",\"@id\":\"https:\\\/\\\/ccbierzo.com\\\/gl\\\/#website\",\"url\":\"https:\\\/\\\/ccbierzo.com\\\/gl\\\/\",\"name\":\"Consejo Comarcal del Bierzo\",\"description\":\"P\u00e1gina Oficial del Consejo Comarcal del Bierzo\",\"potentialAction\":[{\"@type\":\"SearchAction\",\"target\":{\"@type\":\"EntryPoint\",\"urlTemplate\":\"https:\\\/\\\/ccbierzo.com\\\/gl\\\/?s={search_term_string}\"},\"query-input\":{\"@type\":\"PropertyValueSpecification\",\"valueRequired\":true,\"valueName\":\"search_term_string\"}}],\"inLanguage\":\"gl-ES\"},{\"@type\":\"Person\",\"@id\":\"https:\\\/\\\/ccbierzo.com\\\/gl\\\/#\\\/schema\\\/person\\\/4e9a8395b397b1d4b8695a5274072278\",\"name\":\"Marta Vidal\"}]}<\/script>\n<!-- \/ Yoast SEO plugin. -->","yoast_head_json":{"title":"Gastro-ruta en Lillo - Consejo Comarcal del Bierzo","robots":{"index":"index","follow":"follow","max-snippet":"max-snippet:-1","max-image-preview":"max-image-preview:large","max-video-preview":"max-video-preview:-1"},"canonical":"https:\/\/ccbierzo.com\/gastro-ruta-en-lillo\/","og_locale":"gl_ES","og_type":"article","og_title":"Gastro-ruta en Lillo - Consejo Comarcal del Bierzo","og_description":"La Senda de las Cantinas inici\u00f3 este domingo su recorrido con una ruta circular que parti\u00f3 del Bar Estanco de Lillo del Bierzo.","og_url":"https:\/\/ccbierzo.com\/gastro-ruta-en-lillo\/","og_site_name":"Consejo Comarcal del Bierzo","article_published_time":"2025-07-06T16:04:33+00:00","article_modified_time":"2025-07-06T16:04:34+00:00","og_image":[{"width":2560,"height":1921,"url":"https:\/\/ccbierzo.com\/wp-content\/uploads\/2025\/07\/Lillo2-scaled.jpeg","type":"image\/jpeg"}],"author":"Marta Vidal","twitter_card":"summary_large_image","twitter_misc":{"Escrito por":"Marta Vidal","Tempo de lectura":"5 minutos"},"schema":{"@context":"https:\/\/schema.org","@graph":[{"@type":"Article","@id":"https:\/\/ccbierzo.com\/gastro-ruta-en-lillo\/#article","isPartOf":{"@id":"https:\/\/ccbierzo.com\/gastro-ruta-en-lillo\/"},"author":{"name":"Marta Vidal","@id":"https:\/\/ccbierzo.com\/gl\/#\/schema\/person\/4e9a8395b397b1d4b8695a5274072278"},"headline":"Gastro-ruta en Lillo","datePublished":"2025-07-06T16:04:33+00:00","dateModified":"2025-07-06T16:04:34+00:00","mainEntityOfPage":{"@id":"https:\/\/ccbierzo.com\/gastro-ruta-en-lillo\/"},"wordCount":339,"image":{"@id":"https:\/\/ccbierzo.com\/gastro-ruta-en-lillo\/#primaryimage"},"thumbnailUrl":"https:\/\/ccbierzo.com\/wp-content\/uploads\/2025\/07\/Lillo2-scaled.jpeg","keywords":["Fabero"],"articleSection":["Empleo","Turismo"],"inLanguage":"gl-ES"},{"@type":"WebPage","@id":"https:\/\/ccbierzo.com\/gastro-ruta-en-lillo\/","url":"https:\/\/ccbierzo.com\/gastro-ruta-en-lillo\/","name":"Gastro-ruta en Lillo - Consejo Comarcal del Bierzo","isPartOf":{"@id":"https:\/\/ccbierzo.com\/gl\/#website"},"primaryImageOfPage":{"@id":"https:\/\/ccbierzo.com\/gastro-ruta-en-lillo\/#primaryimage"},"image":{"@id":"https:\/\/ccbierzo.com\/gastro-ruta-en-lillo\/#primaryimage"},"thumbnailUrl":"https:\/\/ccbierzo.com\/wp-content\/uploads\/2025\/07\/Lillo2-scaled.jpeg","datePublished":"2025-07-06T16:04:33+00:00","dateModified":"2025-07-06T16:04:34+00:00","author":{"@id":"https:\/\/ccbierzo.com\/gl\/#\/schema\/person\/4e9a8395b397b1d4b8695a5274072278"},"breadcrumb":{"@id":"https:\/\/ccbierzo.com\/gastro-ruta-en-lillo\/#breadcrumb"},"inLanguage":"gl-ES","potentialAction":[{"@type":"ReadAction","target":["https:\/\/ccbierzo.com\/gastro-ruta-en-lillo\/"]}]},{"@type":"ImageObject","inLanguage":"gl-ES","@id":"https:\/\/ccbierzo.com\/gastro-ruta-en-lillo\/#primaryimage","url":"https:\/\/ccbierzo.com\/wp-content\/uploads\/2025\/07\/Lillo2-scaled.jpeg","contentUrl":"https:\/\/ccbierzo.com\/wp-content\/uploads\/2025\/07\/Lillo2-scaled.jpeg","width":2560,"height":1921},{"@type":"BreadcrumbList","@id":"https:\/\/ccbierzo.com\/gastro-ruta-en-lillo\/#breadcrumb","itemListElement":[{"@type":"ListItem","position":1,"name":"Portada","item":"https:\/\/ccbierzo.com\/gl\/"},{"@type":"ListItem","position":2,"name":"Gastro-ruta en Lillo"}]},{"@type":"WebSite","@id":"https:\/\/ccbierzo.com\/gl\/#website","url":"https:\/\/ccbierzo.com\/gl\/","name":"Consejo Comarcal del Bierzo","description":"P\u00e1gina Oficial del Consejo Comarcal del Bierzo","potentialAction":[{"@type":"SearchAction","target":{"@type":"EntryPoint","urlTemplate":"https:\/\/ccbierzo.com\/gl\/?s={search_term_string}"},"query-input":{"@type":"PropertyValueSpecification","valueRequired":true,"valueName":"search_term_string"}}],"inLanguage":"gl-ES"},{"@type":"Person","@id":"https:\/\/ccbierzo.com\/gl\/#\/schema\/person\/4e9a8395b397b1d4b8695a5274072278","name":"Marta Vidal"}]}},"_links":{"self":[{"href":"https:\/\/ccbierzo.com\/gl\/wp-json\/wp\/v2\/posts\/134232","targetHints":{"allow":["GET"]}}],"collection":[{"href":"https:\/\/ccbierzo.com\/gl\/wp-json\/wp\/v2\/posts"}],"about":[{"href":"https:\/\/ccbierzo.com\/gl\/wp-json\/wp\/v2\/types\/post"}],"author":[{"embeddable":true,"href":"https:\/\/ccbierzo.com\/gl\/wp-json\/wp\/v2\/users\/3"}],"replies":[{"embeddable":true,"href":"https:\/\/ccbierzo.com\/gl\/wp-json\/wp\/v2\/comments?post=134232"}],"version-history":[{"count":0,"href":"https:\/\/ccbierzo.com\/gl\/wp-json\/wp\/v2\/posts\/134232\/revisions"}],"wp:featuredmedia":[{"embeddable":true,"href":"https:\/\/ccbierzo.com\/gl\/wp-json\/wp\/v2\/media\/134253"}],"wp:attachment":[{"href":"https:\/\/ccbierzo.com\/gl\/wp-json\/wp\/v2\/media?parent=134232"}],"wp:term":[{"taxonomy":"category","embeddable":true,"href":"https:\/\/ccbierzo.com\/gl\/wp-json\/wp\/v2\/categories?post=134232"},{"taxonomy":"post_tag","embeddable":true,"href":"https:\/\/ccbierzo.com\/gl\/wp-json\/wp\/v2\/tags?post=134232"}],"curies":[{"name":"wp","href":"https:\/\/api.w.org\/{rel}","templated":true}]}}