{"id":133939,"date":"2025-03-21T08:53:44","date_gmt":"2025-03-21T07:53:44","guid":{"rendered":"https:\/\/ccbierzo.com\/?p=133939"},"modified":"2025-05-12T10:59:09","modified_gmt":"2025-05-12T08:59:09","slug":"guias-interactivas","status":"publish","type":"post","link":"https:\/\/ccbierzo.com\/gl\/guias-interactivas\/","title":{"rendered":"Gu\u00edas interactivas"},"content":{"rendered":"\n<p>Te damos la bienvenida a las gu\u00edas Interactivas de <strong>10 BOSQUES <\/strong>y <strong>10 MONTA\u00d1AS del Bierzo<\/strong> con una selecci\u00f3n de espacios naturales para que puedas visitar una comarca de paisajes m\u00e1gicos y llena de leyendas, que se destaca por su extraordinaria biodiversidad.<\/p>\n\n\n\n<p>Con estas&nbsp;2 gu\u00edas podr\u00e1s tener en tu mano una informaci\u00f3n pr\u00e1ctica de estos lugares as\u00ed como acceder a ellos de la manera m\u00e1s sencilla, con buenos <strong>contactos para trasladarte, comer, dormir y tambi\u00e9n con sus gentes, asociaciones y colectivos que custodian y cuidan de este rico patrimonio natural<\/strong>. El objetivo es facilitarte el descubrimiento y disfrute de un entorno ecol\u00f3gico singular repartido por todo nuestro territorio rural.<\/p>\n\n\n\n<p>Los bosques y monta\u00f1as del Bierzo no s\u00f3lo son parte del paisaje, sino tambi\u00e9n de su esencia m\u00e1s profunda. No solo son testigos del tiempo, sino tambi\u00e9n el v\u00ednculo verde que conecta el pasado con el presente. Su importancia trasciende lo material: representan el latido vital de la comarca, un recordatorio constante de que la naturaleza es nuestra herencia m\u00e1s preciada, un tesoro que debemos preservar para las generaciones futuras.<\/p>\n\n\n\n<p><strong><em>&#8220;Para el uso de esta gu\u00eda s\u00f3lo necesitar\u00e1s tu m\u00f3vil. No es un PDF cualquiera: es un PDF interactivo, que permite navegar por \u00e9l como si de una aplicaci\u00f3n se tratase.<\/em>\u00a0<em>Para el buen funcionamiento de la gu\u00eda, es imprescindible usar la aplicaci\u00f3n Adobe Acrobat Reader: los creadores del PDF.<\/em>\u00a0<em>Y en Configuraci\u00f3n elegir Continuo.&#8221;<\/em><\/strong><\/p>\n\n\n\n<div class=\"wp-block-group is-layout-constrained wp-block-group-is-layout-constrained\">\n<div class=\"wp-block-group is-layout-constrained wp-block-group-is-layout-constrained\">\n<div style=\"height:30px\" aria-hidden=\"true\" class=\"wp-block-spacer\"><\/div>\n<\/div>\n<\/div>\n\n\n\n<div class=\"wp-block-group alignfull is-content-justification-center is-nowrap is-layout-flex wp-container-core-group-is-layout-94bc23d7 wp-block-group-is-layout-flex\">\n<div data-wp-interactive=\"core\/file\" class=\"wp-block-file\"><object data-wp-bind--hidden=\"!state.hasPdfPreview\" hidden class=\"wp-block-file__embed\" data=\"https:\/\/ccbierzo.com\/wp-content\/uploads\/2025\/03\/Bosques-del-Bierzo-DEF.pdf\" type=\"application\/pdf\" style=\"width:100%;height:600px\" aria-label=\"Incrustado de Bosques del Bierzo DEF.\"><\/object><a id=\"wp-block-file--media-6bd70133-5bd1-4859-a34b-ad4d70019803\" href=\"https:\/\/ccbierzo.com\/wp-content\/uploads\/2025\/03\/Bosques-del-Bierzo-DEF.pdf\">Bosques del Bierzo DEF<\/a><a href=\"https:\/\/ccbierzo.com\/wp-content\/uploads\/2025\/03\/Bosques-del-Bierzo-DEF.pdf\" class=\"wp-block-file__button wp-element-button\" download aria-describedby=\"wp-block-file--media-6bd70133-5bd1-4859-a34b-ad4d70019803\">Descarga<\/a><\/div>\n\n\n\n<div style=\"height:100px;width:0px\" aria-hidden=\"true\" class=\"wp-block-spacer wp-container-content-6388d5dc\"><\/div>\n\n\n\n<div data-wp-interactive=\"core\/file\" class=\"wp-block-file\"><object data-wp-bind--hidden=\"!state.hasPdfPreview\" hidden class=\"wp-block-file__embed\" data=\"https:\/\/ccbierzo.com\/wp-content\/uploads\/2025\/03\/Montanas-del-Bierzo-DEF-2.pdf\" type=\"application\/pdf\" style=\"width:100%;height:600px\" aria-label=\"Incrustado de Monta\u00f1as del Bierzo DEF.\"><\/object><a id=\"wp-block-file--media-ccb163df-d044-45f2-bbdf-7a4a20140f3b\" href=\"https:\/\/ccbierzo.com\/wp-content\/uploads\/2025\/03\/Montanas-del-Bierzo-DEF-2.pdf\">Monta\u00f1as del Bierzo DEF<\/a><a href=\"https:\/\/ccbierzo.com\/wp-content\/uploads\/2025\/03\/Montanas-del-Bierzo-DEF-2.pdf\" class=\"wp-block-file__button wp-element-button\" download aria-describedby=\"wp-block-file--media-ccb163df-d044-45f2-bbdf-7a4a20140f3b\">Descarga<\/a><\/div>\n<\/div>\n","protected":false},"excerpt":{"rendered":"<p>Selecci\u00f3n de diez bosques y diez monta\u00f1as para descubrir la extraordinaria biodiversidad del Bierzo.<\/p>\n","protected":false},"author":3,"featured_media":133942,"comment_status":"closed","ping_status":"closed","sticky":false,"template":"","format":"standard","meta":{"_et_pb_use_builder":"","_et_pb_old_content":"","_et_gb_content_width":"","footnotes":""},"categories":[25],"tags":[384],"class_list":["post-133939","post","type-post","status-publish","format-standard","has-post-thumbnail","hentry","category-turismo","tag-turismo-del-bierzo"],"yoast_head":"<!-- This site is optimized with the Yoast SEO plugin v27.3 - https:\/\/yoast.com\/product\/yoast-seo-wordpress\/ -->\n<title>Gu\u00edas interactivas - Consejo Comarcal del Bierzo<\/title>\n<meta name=\"robots\" content=\"index, follow, max-snippet:-1, max-image-preview:large, max-video-preview:-1\" \/>\n<link rel=\"canonical\" href=\"https:\/\/ccbierzo.com\/guias-interactivas\/\" \/>\n<meta property=\"og:locale\" content=\"gl_ES\" \/>\n<meta property=\"og:type\" content=\"article\" \/>\n<meta property=\"og:title\" content=\"Gu\u00edas interactivas - Consejo Comarcal del Bierzo\" \/>\n<meta property=\"og:description\" content=\"Selecci\u00f3n de diez bosques y diez monta\u00f1as para descubrir la extraordinaria biodiversidad del Bierzo.\" \/>\n<meta property=\"og:url\" content=\"https:\/\/ccbierzo.com\/guias-interactivas\/\" \/>\n<meta property=\"og:site_name\" content=\"Consejo Comarcal del Bierzo\" \/>\n<meta property=\"article:published_time\" content=\"2025-03-21T07:53:44+00:00\" \/>\n<meta property=\"article:modified_time\" content=\"2025-05-12T08:59:09+00:00\" \/>\n<meta property=\"og:image\" content=\"https:\/\/ccbierzo.com\/wp-content\/uploads\/2025\/03\/bannerBosquesyMontanas.jpg\" \/>\n\t<meta property=\"og:image:width\" content=\"679\" \/>\n\t<meta property=\"og:image:height\" content=\"480\" \/>\n\t<meta property=\"og:image:type\" content=\"image\/jpeg\" \/>\n<meta name=\"author\" content=\"Marta Vidal\" \/>\n<meta name=\"twitter:card\" content=\"summary_large_image\" \/>\n<meta name=\"twitter:label1\" content=\"Escrito por\" \/>\n\t<meta name=\"twitter:data1\" content=\"Marta Vidal\" \/>\n\t<meta name=\"twitter:label2\" content=\"Tempo de lectura\" \/>\n\t<meta name=\"twitter:data2\" content=\"2 minutos\" \/>\n<script type=\"application\/ld+json\" class=\"yoast-schema-graph\">{\"@context\":\"https:\\\/\\\/schema.org\",\"@graph\":[{\"@type\":\"Article\",\"@id\":\"https:\\\/\\\/ccbierzo.com\\\/guias-interactivas\\\/#article\",\"isPartOf\":{\"@id\":\"https:\\\/\\\/ccbierzo.com\\\/guias-interactivas\\\/\"},\"author\":{\"name\":\"Marta Vidal\",\"@id\":\"https:\\\/\\\/ccbierzo.com\\\/gl\\\/#\\\/schema\\\/person\\\/4e9a8395b397b1d4b8695a5274072278\"},\"headline\":\"Gu\u00edas interactivas\",\"datePublished\":\"2025-03-21T07:53:44+00:00\",\"dateModified\":\"2025-05-12T08:59:09+00:00\",\"mainEntityOfPage\":{\"@id\":\"https:\\\/\\\/ccbierzo.com\\\/guias-interactivas\\\/\"},\"wordCount\":273,\"image\":{\"@id\":\"https:\\\/\\\/ccbierzo.com\\\/guias-interactivas\\\/#primaryimage\"},\"thumbnailUrl\":\"https:\\\/\\\/ccbierzo.com\\\/wp-content\\\/uploads\\\/2025\\\/03\\\/bannerBosquesyMontanas.jpg\",\"keywords\":[\"Turismo del Bierzo\"],\"articleSection\":[\"Turismo\"],\"inLanguage\":\"gl-ES\"},{\"@type\":\"WebPage\",\"@id\":\"https:\\\/\\\/ccbierzo.com\\\/guias-interactivas\\\/\",\"url\":\"https:\\\/\\\/ccbierzo.com\\\/guias-interactivas\\\/\",\"name\":\"Gu\u00edas interactivas - Consejo Comarcal del Bierzo\",\"isPartOf\":{\"@id\":\"https:\\\/\\\/ccbierzo.com\\\/gl\\\/#website\"},\"primaryImageOfPage\":{\"@id\":\"https:\\\/\\\/ccbierzo.com\\\/guias-interactivas\\\/#primaryimage\"},\"image\":{\"@id\":\"https:\\\/\\\/ccbierzo.com\\\/guias-interactivas\\\/#primaryimage\"},\"thumbnailUrl\":\"https:\\\/\\\/ccbierzo.com\\\/wp-content\\\/uploads\\\/2025\\\/03\\\/bannerBosquesyMontanas.jpg\",\"datePublished\":\"2025-03-21T07:53:44+00:00\",\"dateModified\":\"2025-05-12T08:59:09+00:00\",\"author\":{\"@id\":\"https:\\\/\\\/ccbierzo.com\\\/gl\\\/#\\\/schema\\\/person\\\/4e9a8395b397b1d4b8695a5274072278\"},\"breadcrumb\":{\"@id\":\"https:\\\/\\\/ccbierzo.com\\\/guias-interactivas\\\/#breadcrumb\"},\"inLanguage\":\"gl-ES\",\"potentialAction\":[{\"@type\":\"ReadAction\",\"target\":[\"https:\\\/\\\/ccbierzo.com\\\/guias-interactivas\\\/\"]}]},{\"@type\":\"ImageObject\",\"inLanguage\":\"gl-ES\",\"@id\":\"https:\\\/\\\/ccbierzo.com\\\/guias-interactivas\\\/#primaryimage\",\"url\":\"https:\\\/\\\/ccbierzo.com\\\/wp-content\\\/uploads\\\/2025\\\/03\\\/bannerBosquesyMontanas.jpg\",\"contentUrl\":\"https:\\\/\\\/ccbierzo.com\\\/wp-content\\\/uploads\\\/2025\\\/03\\\/bannerBosquesyMontanas.jpg\",\"width\":679,\"height\":480},{\"@type\":\"BreadcrumbList\",\"@id\":\"https:\\\/\\\/ccbierzo.com\\\/guias-interactivas\\\/#breadcrumb\",\"itemListElement\":[{\"@type\":\"ListItem\",\"position\":1,\"name\":\"Portada\",\"item\":\"https:\\\/\\\/ccbierzo.com\\\/gl\\\/\"},{\"@type\":\"ListItem\",\"position\":2,\"name\":\"Gu\u00edas interactivas\"}]},{\"@type\":\"WebSite\",\"@id\":\"https:\\\/\\\/ccbierzo.com\\\/gl\\\/#website\",\"url\":\"https:\\\/\\\/ccbierzo.com\\\/gl\\\/\",\"name\":\"Consejo Comarcal del Bierzo\",\"description\":\"P\u00e1gina Oficial del Consejo Comarcal del Bierzo\",\"potentialAction\":[{\"@type\":\"SearchAction\",\"target\":{\"@type\":\"EntryPoint\",\"urlTemplate\":\"https:\\\/\\\/ccbierzo.com\\\/gl\\\/?s={search_term_string}\"},\"query-input\":{\"@type\":\"PropertyValueSpecification\",\"valueRequired\":true,\"valueName\":\"search_term_string\"}}],\"inLanguage\":\"gl-ES\"},{\"@type\":\"Person\",\"@id\":\"https:\\\/\\\/ccbierzo.com\\\/gl\\\/#\\\/schema\\\/person\\\/4e9a8395b397b1d4b8695a5274072278\",\"name\":\"Marta Vidal\"}]}<\/script>\n<!-- \/ Yoast SEO plugin. -->","yoast_head_json":{"title":"Gu\u00edas interactivas - Consejo Comarcal del Bierzo","robots":{"index":"index","follow":"follow","max-snippet":"max-snippet:-1","max-image-preview":"max-image-preview:large","max-video-preview":"max-video-preview:-1"},"canonical":"https:\/\/ccbierzo.com\/guias-interactivas\/","og_locale":"gl_ES","og_type":"article","og_title":"Gu\u00edas interactivas - Consejo Comarcal del Bierzo","og_description":"Selecci\u00f3n de diez bosques y diez monta\u00f1as para descubrir la extraordinaria biodiversidad del Bierzo.","og_url":"https:\/\/ccbierzo.com\/guias-interactivas\/","og_site_name":"Consejo Comarcal del Bierzo","article_published_time":"2025-03-21T07:53:44+00:00","article_modified_time":"2025-05-12T08:59:09+00:00","og_image":[{"width":679,"height":480,"url":"https:\/\/ccbierzo.com\/wp-content\/uploads\/2025\/03\/bannerBosquesyMontanas.jpg","type":"image\/jpeg"}],"author":"Marta Vidal","twitter_card":"summary_large_image","twitter_misc":{"Escrito por":"Marta Vidal","Tempo de lectura":"2 minutos"},"schema":{"@context":"https:\/\/schema.org","@graph":[{"@type":"Article","@id":"https:\/\/ccbierzo.com\/guias-interactivas\/#article","isPartOf":{"@id":"https:\/\/ccbierzo.com\/guias-interactivas\/"},"author":{"name":"Marta Vidal","@id":"https:\/\/ccbierzo.com\/gl\/#\/schema\/person\/4e9a8395b397b1d4b8695a5274072278"},"headline":"Gu\u00edas interactivas","datePublished":"2025-03-21T07:53:44+00:00","dateModified":"2025-05-12T08:59:09+00:00","mainEntityOfPage":{"@id":"https:\/\/ccbierzo.com\/guias-interactivas\/"},"wordCount":273,"image":{"@id":"https:\/\/ccbierzo.com\/guias-interactivas\/#primaryimage"},"thumbnailUrl":"https:\/\/ccbierzo.com\/wp-content\/uploads\/2025\/03\/bannerBosquesyMontanas.jpg","keywords":["Turismo del Bierzo"],"articleSection":["Turismo"],"inLanguage":"gl-ES"},{"@type":"WebPage","@id":"https:\/\/ccbierzo.com\/guias-interactivas\/","url":"https:\/\/ccbierzo.com\/guias-interactivas\/","name":"Gu\u00edas interactivas - Consejo Comarcal del Bierzo","isPartOf":{"@id":"https:\/\/ccbierzo.com\/gl\/#website"},"primaryImageOfPage":{"@id":"https:\/\/ccbierzo.com\/guias-interactivas\/#primaryimage"},"image":{"@id":"https:\/\/ccbierzo.com\/guias-interactivas\/#primaryimage"},"thumbnailUrl":"https:\/\/ccbierzo.com\/wp-content\/uploads\/2025\/03\/bannerBosquesyMontanas.jpg","datePublished":"2025-03-21T07:53:44+00:00","dateModified":"2025-05-12T08:59:09+00:00","author":{"@id":"https:\/\/ccbierzo.com\/gl\/#\/schema\/person\/4e9a8395b397b1d4b8695a5274072278"},"breadcrumb":{"@id":"https:\/\/ccbierzo.com\/guias-interactivas\/#breadcrumb"},"inLanguage":"gl-ES","potentialAction":[{"@type":"ReadAction","target":["https:\/\/ccbierzo.com\/guias-interactivas\/"]}]},{"@type":"ImageObject","inLanguage":"gl-ES","@id":"https:\/\/ccbierzo.com\/guias-interactivas\/#primaryimage","url":"https:\/\/ccbierzo.com\/wp-content\/uploads\/2025\/03\/bannerBosquesyMontanas.jpg","contentUrl":"https:\/\/ccbierzo.com\/wp-content\/uploads\/2025\/03\/bannerBosquesyMontanas.jpg","width":679,"height":480},{"@type":"BreadcrumbList","@id":"https:\/\/ccbierzo.com\/guias-interactivas\/#breadcrumb","itemListElement":[{"@type":"ListItem","position":1,"name":"Portada","item":"https:\/\/ccbierzo.com\/gl\/"},{"@type":"ListItem","position":2,"name":"Gu\u00edas interactivas"}]},{"@type":"WebSite","@id":"https:\/\/ccbierzo.com\/gl\/#website","url":"https:\/\/ccbierzo.com\/gl\/","name":"Consejo Comarcal del Bierzo","description":"P\u00e1gina Oficial del Consejo Comarcal del Bierzo","potentialAction":[{"@type":"SearchAction","target":{"@type":"EntryPoint","urlTemplate":"https:\/\/ccbierzo.com\/gl\/?s={search_term_string}"},"query-input":{"@type":"PropertyValueSpecification","valueRequired":true,"valueName":"search_term_string"}}],"inLanguage":"gl-ES"},{"@type":"Person","@id":"https:\/\/ccbierzo.com\/gl\/#\/schema\/person\/4e9a8395b397b1d4b8695a5274072278","name":"Marta Vidal"}]}},"_links":{"self":[{"href":"https:\/\/ccbierzo.com\/gl\/wp-json\/wp\/v2\/posts\/133939","targetHints":{"allow":["GET"]}}],"collection":[{"href":"https:\/\/ccbierzo.com\/gl\/wp-json\/wp\/v2\/posts"}],"about":[{"href":"https:\/\/ccbierzo.com\/gl\/wp-json\/wp\/v2\/types\/post"}],"author":[{"embeddable":true,"href":"https:\/\/ccbierzo.com\/gl\/wp-json\/wp\/v2\/users\/3"}],"replies":[{"embeddable":true,"href":"https:\/\/ccbierzo.com\/gl\/wp-json\/wp\/v2\/comments?post=133939"}],"version-history":[{"count":0,"href":"https:\/\/ccbierzo.com\/gl\/wp-json\/wp\/v2\/posts\/133939\/revisions"}],"wp:featuredmedia":[{"embeddable":true,"href":"https:\/\/ccbierzo.com\/gl\/wp-json\/wp\/v2\/media\/133942"}],"wp:attachment":[{"href":"https:\/\/ccbierzo.com\/gl\/wp-json\/wp\/v2\/media?parent=133939"}],"wp:term":[{"taxonomy":"category","embeddable":true,"href":"https:\/\/ccbierzo.com\/gl\/wp-json\/wp\/v2\/categories?post=133939"},{"taxonomy":"post_tag","embeddable":true,"href":"https:\/\/ccbierzo.com\/gl\/wp-json\/wp\/v2\/tags?post=133939"}],"curies":[{"name":"wp","href":"https:\/\/api.w.org\/{rel}","templated":true}]}}