{"id":133888,"date":"2025-02-17T12:33:12","date_gmt":"2025-02-17T11:33:12","guid":{"rendered":"https:\/\/ccbierzo.com\/?p=133888"},"modified":"2025-02-17T12:38:08","modified_gmt":"2025-02-17T11:38:08","slug":"el-consejo-promueve-una-jornada-participativa-para-implantar-la-agenda-2030","status":"publish","type":"post","link":"https:\/\/ccbierzo.com\/gl\/el-consejo-promueve-una-jornada-participativa-para-implantar-la-agenda-2030\/","title":{"rendered":"Jornada participativa"},"content":{"rendered":"\n<p>El Consejo Comarcal del Bierzo impulsa una iniciativa pionera en con la celebraci\u00f3n del primer laboratorio de innovaci\u00f3n abierta. Este evento, que tendr\u00e1 lugar l<strong>os d\u00edas 18 y 19 de febrero en el Consejo Regulador de la Denominaci\u00f3n de Origen Bierzo, en Cacabelos<\/strong>, formar parte del proyecto \u201cTerritorio Rural Bierzo 2030\u201d.<\/p>\n\n\n\n<p>El laboratorio reunir\u00e1 a 14 entidades y colectivos de la comarca con el objetivo de dise\u00f1ar soluciones concretas y aplicables para la <strong>implementaci\u00f3n de la Agenda 2030 en el Bierzo<\/strong>. Se trata de un espacio de inteligencia colectiva que servir\u00e1 como plataforma para dise\u00f1ar un futuro m\u00e1s inclusivo, verde y din\u00e1mico, alineado con los Objetivos de Desarrollo Sostenible (ODS).<\/p>\n\n\n\n<p>Durante las jornadas, representantes de asociaciones, profesionales del sector social y ambiental, personas emprendedoras y agentes del cambio trabajar\u00e1n conjuntamente en din\u00e1micas facilitadas por la consultora <em>SustainableStartup&amp;Co<\/em>. Entre los temas clave se abordar\u00e1n:<\/p>\n\n\n\n<ul class=\"wp-block-list\">\n<li>La importancia de la <strong>participaci\u00f3n ciudadana <\/strong>en la construcci\u00f3n de un futuro sostenible.<\/li>\n\n\n\n<li>El papel del <strong>emprendimiento sostenible y la innovaci\u00f3n social<\/strong> como motores de cambio.<\/li>\n\n\n\n<li>La e<strong>quidad de g\u00e9nero <\/strong>y el <strong>uso del lenguaje inclusivo<\/strong>.<\/li>\n\n\n\n<li>El fortalecimiento de las <strong>redes de colaboraci\u00f3n<\/strong> comarcales.<\/li>\n<\/ul>\n\n\n\n<p>Desde su lanzamiento, el proyecto\u00a0<em>Territorio Rural Bierzo 2030<\/em>\u00a0ha involucrado a <strong>14 entidades<\/strong> que han trabajado en el diagn\u00f3stico de la comarca, identificando los principales desaf\u00edos para la implementaci\u00f3n de la Agenda 2030. Este laboratorio representa un paso m\u00e1s en este proceso, con el objetivo de avanzar hacia soluciones concretas y aplicables en los municipios del Bierzo.<\/p>\n\n\n\n<p><em>Territorio Rural Bierzo 2030<\/em>\u00a0es un proyecto del Consejo Comarcal del Bierzo, financiado por el <strong>Ministerio de Derechos Sociales y Agenda 2030 <\/strong>con una inversi\u00f3n de 128.900 euros. Su objetivo principal es poner en marcha un plan de implementaci\u00f3n de la Agenda 2030, adaptado a las necesidades y particularidades de la comarca.<\/p>\n\n\n\n<div style=\"height:30px\" aria-hidden=\"true\" class=\"wp-block-spacer\"><\/div>\n\n\n\n<figure class=\"wp-block-image aligncenter size-medium\"><img loading=\"lazy\" decoding=\"async\" width=\"213\" height=\"300\" src=\"https:\/\/ccbierzo.com\/wp-content\/uploads\/2025\/02\/Laboratorio-Innovacion-Abierta-1-213x300.jpeg\" alt=\"\" class=\"wp-image-133889\"\/><\/figure>\n","protected":false},"excerpt":{"rendered":"<p>El presidente, Olegario Ram\u00f3n, inaugura ma\u00f1ana en Cacabelos el primer laboratorio de innovaci\u00f3n abierta para dise\u00f1ar el futuro de la comarca bajo los Objetivos de Desarrollo Sostenible.<\/p>\n","protected":false},"author":3,"featured_media":133687,"comment_status":"closed","ping_status":"closed","sticky":false,"template":"","format":"standard","meta":{"_et_pb_use_builder":"","_et_pb_old_content":"","_et_gb_content_width":"","footnotes":""},"categories":[1],"tags":[338],"class_list":["post-133888","post","type-post","status-publish","format-standard","has-post-thumbnail","hentry","category-sin-categorizar","tag-cacabelos"],"yoast_head":"<!-- This site is optimized with the Yoast SEO plugin v27.3 - https:\/\/yoast.com\/product\/yoast-seo-wordpress\/ -->\n<title>Jornada participativa - Consejo Comarcal del Bierzo<\/title>\n<meta name=\"robots\" content=\"index, follow, max-snippet:-1, max-image-preview:large, max-video-preview:-1\" \/>\n<link rel=\"canonical\" href=\"https:\/\/ccbierzo.com\/el-consejo-promueve-una-jornada-participativa-para-implantar-la-agenda-2030\/\" \/>\n<meta property=\"og:locale\" content=\"gl_ES\" \/>\n<meta property=\"og:type\" content=\"article\" \/>\n<meta property=\"og:title\" content=\"Jornada participativa - Consejo Comarcal del Bierzo\" \/>\n<meta property=\"og:description\" content=\"El presidente, Olegario Ram\u00f3n, inaugura ma\u00f1ana en Cacabelos el primer laboratorio de innovaci\u00f3n abierta para dise\u00f1ar el futuro de la comarca bajo los Objetivos de Desarrollo Sostenible.\" \/>\n<meta property=\"og:url\" content=\"https:\/\/ccbierzo.com\/el-consejo-promueve-una-jornada-participativa-para-implantar-la-agenda-2030\/\" \/>\n<meta property=\"og:site_name\" content=\"Consejo Comarcal del Bierzo\" \/>\n<meta property=\"article:published_time\" content=\"2025-02-17T11:33:12+00:00\" \/>\n<meta property=\"article:modified_time\" content=\"2025-02-17T11:38:08+00:00\" \/>\n<meta property=\"og:image\" content=\"https:\/\/ccbierzo.com\/wp-content\/uploads\/2024\/11\/ODSEMPRENDE.jpg\" \/>\n\t<meta property=\"og:image:width\" content=\"1748\" \/>\n\t<meta property=\"og:image:height\" content=\"1240\" \/>\n\t<meta property=\"og:image:type\" content=\"image\/jpeg\" \/>\n<meta name=\"author\" content=\"Marta Vidal\" \/>\n<meta name=\"twitter:card\" content=\"summary_large_image\" \/>\n<meta name=\"twitter:label1\" content=\"Escrito por\" \/>\n\t<meta name=\"twitter:data1\" content=\"Marta Vidal\" \/>\n\t<meta name=\"twitter:label2\" content=\"Tempo de lectura\" \/>\n\t<meta name=\"twitter:data2\" content=\"2 minutos\" \/>\n<script type=\"application\/ld+json\" class=\"yoast-schema-graph\">{\"@context\":\"https:\\\/\\\/schema.org\",\"@graph\":[{\"@type\":\"Article\",\"@id\":\"https:\\\/\\\/ccbierzo.com\\\/el-consejo-promueve-una-jornada-participativa-para-implantar-la-agenda-2030\\\/#article\",\"isPartOf\":{\"@id\":\"https:\\\/\\\/ccbierzo.com\\\/el-consejo-promueve-una-jornada-participativa-para-implantar-la-agenda-2030\\\/\"},\"author\":{\"name\":\"Marta Vidal\",\"@id\":\"https:\\\/\\\/ccbierzo.com\\\/gl\\\/#\\\/schema\\\/person\\\/4e9a8395b397b1d4b8695a5274072278\"},\"headline\":\"Jornada participativa\",\"datePublished\":\"2025-02-17T11:33:12+00:00\",\"dateModified\":\"2025-02-17T11:38:08+00:00\",\"mainEntityOfPage\":{\"@id\":\"https:\\\/\\\/ccbierzo.com\\\/el-consejo-promueve-una-jornada-participativa-para-implantar-la-agenda-2030\\\/\"},\"wordCount\":312,\"image\":{\"@id\":\"https:\\\/\\\/ccbierzo.com\\\/el-consejo-promueve-una-jornada-participativa-para-implantar-la-agenda-2030\\\/#primaryimage\"},\"thumbnailUrl\":\"https:\\\/\\\/ccbierzo.com\\\/wp-content\\\/uploads\\\/2024\\\/11\\\/ODSEMPRENDE.jpg\",\"keywords\":[\"Cacabelos\"],\"articleSection\":[\"Sin categorizar\"],\"inLanguage\":\"gl-ES\"},{\"@type\":\"WebPage\",\"@id\":\"https:\\\/\\\/ccbierzo.com\\\/el-consejo-promueve-una-jornada-participativa-para-implantar-la-agenda-2030\\\/\",\"url\":\"https:\\\/\\\/ccbierzo.com\\\/el-consejo-promueve-una-jornada-participativa-para-implantar-la-agenda-2030\\\/\",\"name\":\"Jornada participativa - Consejo Comarcal del Bierzo\",\"isPartOf\":{\"@id\":\"https:\\\/\\\/ccbierzo.com\\\/gl\\\/#website\"},\"primaryImageOfPage\":{\"@id\":\"https:\\\/\\\/ccbierzo.com\\\/el-consejo-promueve-una-jornada-participativa-para-implantar-la-agenda-2030\\\/#primaryimage\"},\"image\":{\"@id\":\"https:\\\/\\\/ccbierzo.com\\\/el-consejo-promueve-una-jornada-participativa-para-implantar-la-agenda-2030\\\/#primaryimage\"},\"thumbnailUrl\":\"https:\\\/\\\/ccbierzo.com\\\/wp-content\\\/uploads\\\/2024\\\/11\\\/ODSEMPRENDE.jpg\",\"datePublished\":\"2025-02-17T11:33:12+00:00\",\"dateModified\":\"2025-02-17T11:38:08+00:00\",\"author\":{\"@id\":\"https:\\\/\\\/ccbierzo.com\\\/gl\\\/#\\\/schema\\\/person\\\/4e9a8395b397b1d4b8695a5274072278\"},\"breadcrumb\":{\"@id\":\"https:\\\/\\\/ccbierzo.com\\\/el-consejo-promueve-una-jornada-participativa-para-implantar-la-agenda-2030\\\/#breadcrumb\"},\"inLanguage\":\"gl-ES\",\"potentialAction\":[{\"@type\":\"ReadAction\",\"target\":[\"https:\\\/\\\/ccbierzo.com\\\/el-consejo-promueve-una-jornada-participativa-para-implantar-la-agenda-2030\\\/\"]}]},{\"@type\":\"ImageObject\",\"inLanguage\":\"gl-ES\",\"@id\":\"https:\\\/\\\/ccbierzo.com\\\/el-consejo-promueve-una-jornada-participativa-para-implantar-la-agenda-2030\\\/#primaryimage\",\"url\":\"https:\\\/\\\/ccbierzo.com\\\/wp-content\\\/uploads\\\/2024\\\/11\\\/ODSEMPRENDE.jpg\",\"contentUrl\":\"https:\\\/\\\/ccbierzo.com\\\/wp-content\\\/uploads\\\/2024\\\/11\\\/ODSEMPRENDE.jpg\",\"width\":1748,\"height\":1240},{\"@type\":\"BreadcrumbList\",\"@id\":\"https:\\\/\\\/ccbierzo.com\\\/el-consejo-promueve-una-jornada-participativa-para-implantar-la-agenda-2030\\\/#breadcrumb\",\"itemListElement\":[{\"@type\":\"ListItem\",\"position\":1,\"name\":\"Portada\",\"item\":\"https:\\\/\\\/ccbierzo.com\\\/gl\\\/\"},{\"@type\":\"ListItem\",\"position\":2,\"name\":\"Jornada participativa\"}]},{\"@type\":\"WebSite\",\"@id\":\"https:\\\/\\\/ccbierzo.com\\\/gl\\\/#website\",\"url\":\"https:\\\/\\\/ccbierzo.com\\\/gl\\\/\",\"name\":\"Consejo Comarcal del Bierzo\",\"description\":\"P\u00e1gina Oficial del Consejo Comarcal del Bierzo\",\"potentialAction\":[{\"@type\":\"SearchAction\",\"target\":{\"@type\":\"EntryPoint\",\"urlTemplate\":\"https:\\\/\\\/ccbierzo.com\\\/gl\\\/?s={search_term_string}\"},\"query-input\":{\"@type\":\"PropertyValueSpecification\",\"valueRequired\":true,\"valueName\":\"search_term_string\"}}],\"inLanguage\":\"gl-ES\"},{\"@type\":\"Person\",\"@id\":\"https:\\\/\\\/ccbierzo.com\\\/gl\\\/#\\\/schema\\\/person\\\/4e9a8395b397b1d4b8695a5274072278\",\"name\":\"Marta Vidal\"}]}<\/script>\n<!-- \/ Yoast SEO plugin. -->","yoast_head_json":{"title":"Jornada participativa - Consejo Comarcal del Bierzo","robots":{"index":"index","follow":"follow","max-snippet":"max-snippet:-1","max-image-preview":"max-image-preview:large","max-video-preview":"max-video-preview:-1"},"canonical":"https:\/\/ccbierzo.com\/el-consejo-promueve-una-jornada-participativa-para-implantar-la-agenda-2030\/","og_locale":"gl_ES","og_type":"article","og_title":"Jornada participativa - Consejo Comarcal del Bierzo","og_description":"El presidente, Olegario Ram\u00f3n, inaugura ma\u00f1ana en Cacabelos el primer laboratorio de innovaci\u00f3n abierta para dise\u00f1ar el futuro de la comarca bajo los Objetivos de Desarrollo Sostenible.","og_url":"https:\/\/ccbierzo.com\/el-consejo-promueve-una-jornada-participativa-para-implantar-la-agenda-2030\/","og_site_name":"Consejo Comarcal del Bierzo","article_published_time":"2025-02-17T11:33:12+00:00","article_modified_time":"2025-02-17T11:38:08+00:00","og_image":[{"width":1748,"height":1240,"url":"https:\/\/ccbierzo.com\/wp-content\/uploads\/2024\/11\/ODSEMPRENDE.jpg","type":"image\/jpeg"}],"author":"Marta Vidal","twitter_card":"summary_large_image","twitter_misc":{"Escrito por":"Marta Vidal","Tempo de lectura":"2 minutos"},"schema":{"@context":"https:\/\/schema.org","@graph":[{"@type":"Article","@id":"https:\/\/ccbierzo.com\/el-consejo-promueve-una-jornada-participativa-para-implantar-la-agenda-2030\/#article","isPartOf":{"@id":"https:\/\/ccbierzo.com\/el-consejo-promueve-una-jornada-participativa-para-implantar-la-agenda-2030\/"},"author":{"name":"Marta Vidal","@id":"https:\/\/ccbierzo.com\/gl\/#\/schema\/person\/4e9a8395b397b1d4b8695a5274072278"},"headline":"Jornada participativa","datePublished":"2025-02-17T11:33:12+00:00","dateModified":"2025-02-17T11:38:08+00:00","mainEntityOfPage":{"@id":"https:\/\/ccbierzo.com\/el-consejo-promueve-una-jornada-participativa-para-implantar-la-agenda-2030\/"},"wordCount":312,"image":{"@id":"https:\/\/ccbierzo.com\/el-consejo-promueve-una-jornada-participativa-para-implantar-la-agenda-2030\/#primaryimage"},"thumbnailUrl":"https:\/\/ccbierzo.com\/wp-content\/uploads\/2024\/11\/ODSEMPRENDE.jpg","keywords":["Cacabelos"],"articleSection":["Sin categorizar"],"inLanguage":"gl-ES"},{"@type":"WebPage","@id":"https:\/\/ccbierzo.com\/el-consejo-promueve-una-jornada-participativa-para-implantar-la-agenda-2030\/","url":"https:\/\/ccbierzo.com\/el-consejo-promueve-una-jornada-participativa-para-implantar-la-agenda-2030\/","name":"Jornada participativa - Consejo Comarcal del Bierzo","isPartOf":{"@id":"https:\/\/ccbierzo.com\/gl\/#website"},"primaryImageOfPage":{"@id":"https:\/\/ccbierzo.com\/el-consejo-promueve-una-jornada-participativa-para-implantar-la-agenda-2030\/#primaryimage"},"image":{"@id":"https:\/\/ccbierzo.com\/el-consejo-promueve-una-jornada-participativa-para-implantar-la-agenda-2030\/#primaryimage"},"thumbnailUrl":"https:\/\/ccbierzo.com\/wp-content\/uploads\/2024\/11\/ODSEMPRENDE.jpg","datePublished":"2025-02-17T11:33:12+00:00","dateModified":"2025-02-17T11:38:08+00:00","author":{"@id":"https:\/\/ccbierzo.com\/gl\/#\/schema\/person\/4e9a8395b397b1d4b8695a5274072278"},"breadcrumb":{"@id":"https:\/\/ccbierzo.com\/el-consejo-promueve-una-jornada-participativa-para-implantar-la-agenda-2030\/#breadcrumb"},"inLanguage":"gl-ES","potentialAction":[{"@type":"ReadAction","target":["https:\/\/ccbierzo.com\/el-consejo-promueve-una-jornada-participativa-para-implantar-la-agenda-2030\/"]}]},{"@type":"ImageObject","inLanguage":"gl-ES","@id":"https:\/\/ccbierzo.com\/el-consejo-promueve-una-jornada-participativa-para-implantar-la-agenda-2030\/#primaryimage","url":"https:\/\/ccbierzo.com\/wp-content\/uploads\/2024\/11\/ODSEMPRENDE.jpg","contentUrl":"https:\/\/ccbierzo.com\/wp-content\/uploads\/2024\/11\/ODSEMPRENDE.jpg","width":1748,"height":1240},{"@type":"BreadcrumbList","@id":"https:\/\/ccbierzo.com\/el-consejo-promueve-una-jornada-participativa-para-implantar-la-agenda-2030\/#breadcrumb","itemListElement":[{"@type":"ListItem","position":1,"name":"Portada","item":"https:\/\/ccbierzo.com\/gl\/"},{"@type":"ListItem","position":2,"name":"Jornada participativa"}]},{"@type":"WebSite","@id":"https:\/\/ccbierzo.com\/gl\/#website","url":"https:\/\/ccbierzo.com\/gl\/","name":"Consejo Comarcal del Bierzo","description":"P\u00e1gina Oficial del Consejo Comarcal del Bierzo","potentialAction":[{"@type":"SearchAction","target":{"@type":"EntryPoint","urlTemplate":"https:\/\/ccbierzo.com\/gl\/?s={search_term_string}"},"query-input":{"@type":"PropertyValueSpecification","valueRequired":true,"valueName":"search_term_string"}}],"inLanguage":"gl-ES"},{"@type":"Person","@id":"https:\/\/ccbierzo.com\/gl\/#\/schema\/person\/4e9a8395b397b1d4b8695a5274072278","name":"Marta Vidal"}]}},"_links":{"self":[{"href":"https:\/\/ccbierzo.com\/gl\/wp-json\/wp\/v2\/posts\/133888","targetHints":{"allow":["GET"]}}],"collection":[{"href":"https:\/\/ccbierzo.com\/gl\/wp-json\/wp\/v2\/posts"}],"about":[{"href":"https:\/\/ccbierzo.com\/gl\/wp-json\/wp\/v2\/types\/post"}],"author":[{"embeddable":true,"href":"https:\/\/ccbierzo.com\/gl\/wp-json\/wp\/v2\/users\/3"}],"replies":[{"embeddable":true,"href":"https:\/\/ccbierzo.com\/gl\/wp-json\/wp\/v2\/comments?post=133888"}],"version-history":[{"count":0,"href":"https:\/\/ccbierzo.com\/gl\/wp-json\/wp\/v2\/posts\/133888\/revisions"}],"wp:featuredmedia":[{"embeddable":true,"href":"https:\/\/ccbierzo.com\/gl\/wp-json\/wp\/v2\/media\/133687"}],"wp:attachment":[{"href":"https:\/\/ccbierzo.com\/gl\/wp-json\/wp\/v2\/media?parent=133888"}],"wp:term":[{"taxonomy":"category","embeddable":true,"href":"https:\/\/ccbierzo.com\/gl\/wp-json\/wp\/v2\/categories?post=133888"},{"taxonomy":"post_tag","embeddable":true,"href":"https:\/\/ccbierzo.com\/gl\/wp-json\/wp\/v2\/tags?post=133888"}],"curies":[{"name":"wp","href":"https:\/\/api.w.org\/{rel}","templated":true}]}}