{"id":133817,"date":"2025-01-24T18:22:50","date_gmt":"2025-01-24T17:22:50","guid":{"rendered":"https:\/\/ccbierzo.com\/?p=133817"},"modified":"2025-01-30T14:40:51","modified_gmt":"2025-01-30T13:40:51","slug":"el-bierzo-demuestra-en-fitur-su-potencial-turistico","status":"publish","type":"post","link":"https:\/\/ccbierzo.com\/gl\/el-bierzo-demuestra-en-fitur-su-potencial-turistico\/","title":{"rendered":"Fitur 2025"},"content":{"rendered":"\n<p>Olegario Ram\u00f3n, presidente del Consejo Comarcal del Bierzo, ha inaugurado el acto <strong>destacando la riqueza y diversidad de la oferta tur\u00edstica berciana<\/strong>. &#8220;El Bierzo es un lugar lleno de vida, donde la historia, la naturaleza y la gastronom\u00eda se dan la mano&#8221;, ha afirmado Ram\u00f3n, quien agradeci\u00f3 la presencia de todos los asistentes e invit\u00f3 a visitar \u201cesta tierra \u00fanica\u201d.<\/p>\n\n\n\n<p>Por su parte, Cristina P\u00e9rez, consejera de Turismo, ha explicado la campa\u00f1a<strong> &#8220;Saborea el Bierzo&#8221;<\/strong>, poniendo el foco en la gastronom\u00eda como elemento diferenciador. &#8220;El Botillo, el Pimiento Asado, los vinos Menc\u00eda y Godello&#8230; son solo algunos ejemplos de la calidad y el sabor de nuestros productos&#8221;, ha se\u00f1alado P\u00e9rez, quien ha destacado la importancia del enoturismo y la apuesta por la calidad en todos los productos bercianos.<\/p>\n\n\n\n<p>Adem\u00e1s de la presentaci\u00f3n de la campa\u00f1a comarcal, los ayuntamientos de Corull\u00f3n, Fabero y Ponferrada han presentado sus propias propuestas tur\u00edsticas. Corull\u00f3n, con la campa\u00f1a <strong>&#8220;La monta\u00f1a negra&#8221;<\/strong>; Fabero, con el lema <strong>\u201cTe espero en casa, en Fabero, donde quieres estar\u201d<\/strong>, y Ponferrada, con la campa\u00f1a <strong>\u201cPonferrada, el viaje de tu vida\u201d<\/strong>.<\/p>\n\n\n\n<p>El mostrador del Bierzo, presidido por una <strong>fotograf\u00eda de un atardecer en un vi\u00f1edo<\/strong>, recibi\u00f3 a numeroso p\u00fablico durante toda la jornada; as\u00ed como a personalidades y representantes institucionales, entre quienes destac\u00f3 la visita del presidente de la Junta de Castilla y Le\u00f3n, Alfonso Fern\u00e1ndez Ma\u00f1ueco, y el consejero auton\u00f3mico de Cultura, Turismo y Deporte, Gonzalo Santoja.<\/p>\n\n\n\n<p>Adem\u00e1s del presidente, <strong>Olegario Ram\u00f3n<\/strong>, y de la consejera comarcal de Turismo, <strong>Cristina P\u00e9rez San Miguel<\/strong>, asistieron las consejeras <strong>Susana Folla <\/strong>y <strong>Laura Fern\u00e1ndez<\/strong>; el consejero, <strong>Andr\u00e9s Arias Nogaledo<\/strong>, y el portavoz del PP en el Consejo Comarcal, <strong>Jos\u00e9 Manuel Pereira<\/strong>. El equipo de gobierno mantuvo contactos con profesionales del sector tur\u00edstico y representantes institucionales como el ministro de Transportes y Movilidad Sostenible, \u00d3scar Puente, y el presidente del Principado de Asturias, Adri\u00e1n Barb\u00f3n.<\/p>\n\n\n\n<div style=\"height:30px\" aria-hidden=\"true\" class=\"wp-block-spacer\"><\/div>\n\n\n\n<figure class=\"wp-block-gallery has-nested-images columns-default is-cropped wp-block-gallery-1 is-layout-flex wp-block-gallery-is-layout-flex\">\n<figure class=\"wp-block-image size-large\"><img loading=\"lazy\" decoding=\"async\" width=\"1024\" height=\"768\" data-id=\"133836\" src=\"https:\/\/ccbierzo.com\/wp-content\/uploads\/2025\/01\/fitur10-1024x768.jpeg\" alt=\"\" class=\"wp-image-133836\" srcset=\"https:\/\/ccbierzo.com\/wp-content\/uploads\/2025\/01\/fitur10-980x735.jpeg 980w, https:\/\/ccbierzo.com\/wp-content\/uploads\/2025\/01\/fitur10-480x360.jpeg 480w\" sizes=\"(min-width: 0px) and (max-width: 480px) 480px, (min-width: 481px) and (max-width: 980px) 980px, (min-width: 981px) 1024px, 100vw\" \/><\/figure>\n\n\n\n<figure class=\"wp-block-image size-large\"><img loading=\"lazy\" decoding=\"async\" width=\"1024\" height=\"767\" data-id=\"133834\" src=\"https:\/\/ccbierzo.com\/wp-content\/uploads\/2025\/01\/fitur9-1024x767.jpeg\" alt=\"\" class=\"wp-image-133834\" srcset=\"https:\/\/ccbierzo.com\/wp-content\/uploads\/2025\/01\/fitur9-980x734.jpeg 980w, https:\/\/ccbierzo.com\/wp-content\/uploads\/2025\/01\/fitur9-480x360.jpeg 480w\" sizes=\"(min-width: 0px) and (max-width: 480px) 480px, (min-width: 481px) and (max-width: 980px) 980px, (min-width: 981px) 1024px, 100vw\" \/><\/figure>\n\n\n\n<figure class=\"wp-block-image size-large\"><img loading=\"lazy\" decoding=\"async\" width=\"1024\" height=\"767\" data-id=\"133832\" src=\"https:\/\/ccbierzo.com\/wp-content\/uploads\/2025\/01\/fitur8-1024x767.jpeg\" alt=\"\" class=\"wp-image-133832\" srcset=\"https:\/\/ccbierzo.com\/wp-content\/uploads\/2025\/01\/fitur8-980x735.jpeg 980w, https:\/\/ccbierzo.com\/wp-content\/uploads\/2025\/01\/fitur8-480x360.jpeg 480w\" sizes=\"(min-width: 0px) and (max-width: 480px) 480px, (min-width: 481px) and (max-width: 980px) 980px, (min-width: 981px) 1024px, 100vw\" \/><\/figure>\n\n\n\n<figure class=\"wp-block-image size-large\"><img loading=\"lazy\" decoding=\"async\" width=\"1024\" height=\"768\" data-id=\"133830\" src=\"https:\/\/ccbierzo.com\/wp-content\/uploads\/2025\/01\/fitur7-1024x768.jpeg\" alt=\"\" class=\"wp-image-133830\" srcset=\"https:\/\/ccbierzo.com\/wp-content\/uploads\/2025\/01\/fitur7-980x735.jpeg 980w, https:\/\/ccbierzo.com\/wp-content\/uploads\/2025\/01\/fitur7-480x360.jpeg 480w\" sizes=\"(min-width: 0px) and (max-width: 480px) 480px, (min-width: 481px) and (max-width: 980px) 980px, (min-width: 981px) 1024px, 100vw\" \/><\/figure>\n\n\n\n<figure class=\"wp-block-image size-large\"><img loading=\"lazy\" decoding=\"async\" width=\"1024\" height=\"768\" data-id=\"133828\" src=\"https:\/\/ccbierzo.com\/wp-content\/uploads\/2025\/01\/fitur6-1024x768.jpeg\" alt=\"\" class=\"wp-image-133828\" srcset=\"https:\/\/ccbierzo.com\/wp-content\/uploads\/2025\/01\/fitur6-980x735.jpeg 980w, https:\/\/ccbierzo.com\/wp-content\/uploads\/2025\/01\/fitur6-480x360.jpeg 480w\" sizes=\"(min-width: 0px) and (max-width: 480px) 480px, (min-width: 481px) and (max-width: 980px) 980px, (min-width: 981px) 1024px, 100vw\" \/><\/figure>\n\n\n\n<figure class=\"wp-block-image size-large\"><img loading=\"lazy\" decoding=\"async\" width=\"1024\" height=\"768\" data-id=\"133824\" src=\"https:\/\/ccbierzo.com\/wp-content\/uploads\/2025\/01\/fitur4-1024x768.jpeg\" alt=\"\" class=\"wp-image-133824\" srcset=\"https:\/\/ccbierzo.com\/wp-content\/uploads\/2025\/01\/fitur4-980x735.jpeg 980w, https:\/\/ccbierzo.com\/wp-content\/uploads\/2025\/01\/fitur4-480x360.jpeg 480w\" sizes=\"(min-width: 0px) and (max-width: 480px) 480px, (min-width: 481px) and (max-width: 980px) 980px, (min-width: 981px) 1024px, 100vw\" \/><\/figure>\n\n\n\n<figure class=\"wp-block-image size-large\"><img loading=\"lazy\" decoding=\"async\" width=\"1024\" height=\"768\" data-id=\"133822\" src=\"https:\/\/ccbierzo.com\/wp-content\/uploads\/2025\/01\/fitur3-1024x768.jpeg\" alt=\"\" class=\"wp-image-133822\" srcset=\"https:\/\/ccbierzo.com\/wp-content\/uploads\/2025\/01\/fitur3-980x735.jpeg 980w, https:\/\/ccbierzo.com\/wp-content\/uploads\/2025\/01\/fitur3-480x360.jpeg 480w\" sizes=\"(min-width: 0px) and (max-width: 480px) 480px, (min-width: 481px) and (max-width: 980px) 980px, (min-width: 981px) 1024px, 100vw\" \/><\/figure>\n\n\n\n<figure class=\"wp-block-image size-large\"><img loading=\"lazy\" decoding=\"async\" width=\"1024\" height=\"768\" data-id=\"133818\" src=\"https:\/\/ccbierzo.com\/wp-content\/uploads\/2025\/01\/fitur1-1024x768.jpeg\" alt=\"\" class=\"wp-image-133818\" srcset=\"https:\/\/ccbierzo.com\/wp-content\/uploads\/2025\/01\/fitur1-980x735.jpeg 980w, https:\/\/ccbierzo.com\/wp-content\/uploads\/2025\/01\/fitur1-480x360.jpeg 480w\" sizes=\"(min-width: 0px) and (max-width: 480px) 480px, (min-width: 481px) and (max-width: 980px) 980px, (min-width: 981px) 1024px, 100vw\" \/><\/figure>\n\n\n\n<figure class=\"wp-block-image size-large\"><img loading=\"lazy\" decoding=\"async\" width=\"1024\" height=\"768\" data-id=\"133820\" src=\"https:\/\/ccbierzo.com\/wp-content\/uploads\/2025\/01\/fitur2-1024x768.jpeg\" alt=\"\" class=\"wp-image-133820\" srcset=\"https:\/\/ccbierzo.com\/wp-content\/uploads\/2025\/01\/fitur2-980x735.jpeg 980w, https:\/\/ccbierzo.com\/wp-content\/uploads\/2025\/01\/fitur2-480x360.jpeg 480w\" sizes=\"(min-width: 0px) and (max-width: 480px) 480px, (min-width: 481px) and (max-width: 980px) 980px, (min-width: 981px) 1024px, 100vw\" \/><\/figure>\n<\/figure>\n","protected":false},"excerpt":{"rendered":"<p>La comarca demuestra en FITUR su potencial tur\u00edstico con la campa\u00f1a &#8216;Saborea el Bierzo&#8217;.<\/p>\n","protected":false},"author":3,"featured_media":133836,"comment_status":"closed","ping_status":"closed","sticky":false,"template":"","format":"standard","meta":{"_et_pb_use_builder":"","_et_pb_old_content":"","_et_gb_content_width":"","footnotes":""},"categories":[25],"tags":[414],"class_list":["post-133817","post","type-post","status-publish","format-standard","has-post-thumbnail","hentry","category-turismo","tag-madrid"],"yoast_head":"<!-- This site is optimized with the Yoast SEO plugin v27.3 - https:\/\/yoast.com\/product\/yoast-seo-wordpress\/ -->\n<title>Fitur 2025 - Consejo Comarcal del Bierzo<\/title>\n<meta name=\"robots\" content=\"index, follow, max-snippet:-1, max-image-preview:large, max-video-preview:-1\" \/>\n<link rel=\"canonical\" href=\"https:\/\/ccbierzo.com\/el-bierzo-demuestra-en-fitur-su-potencial-turistico\/\" \/>\n<meta property=\"og:locale\" content=\"gl_ES\" \/>\n<meta property=\"og:type\" content=\"article\" \/>\n<meta property=\"og:title\" content=\"Fitur 2025 - Consejo Comarcal del Bierzo\" \/>\n<meta property=\"og:description\" content=\"La comarca demuestra en FITUR su potencial tur\u00edstico con la campa\u00f1a &#039;Saborea el Bierzo&#039;.\" \/>\n<meta property=\"og:url\" content=\"https:\/\/ccbierzo.com\/el-bierzo-demuestra-en-fitur-su-potencial-turistico\/\" \/>\n<meta property=\"og:site_name\" content=\"Consejo Comarcal del Bierzo\" \/>\n<meta property=\"article:published_time\" content=\"2025-01-24T17:22:50+00:00\" \/>\n<meta property=\"article:modified_time\" content=\"2025-01-30T13:40:51+00:00\" \/>\n<meta property=\"og:image\" content=\"https:\/\/ccbierzo.com\/wp-content\/uploads\/2025\/01\/fitur10-scaled.jpeg\" \/>\n\t<meta property=\"og:image:width\" content=\"2560\" \/>\n\t<meta property=\"og:image:height\" content=\"1921\" \/>\n\t<meta property=\"og:image:type\" content=\"image\/jpeg\" \/>\n<meta name=\"author\" content=\"Marta Vidal\" \/>\n<meta name=\"twitter:card\" content=\"summary_large_image\" \/>\n<meta name=\"twitter:label1\" content=\"Escrito por\" \/>\n\t<meta name=\"twitter:data1\" content=\"Marta Vidal\" \/>\n\t<meta name=\"twitter:label2\" content=\"Tempo de lectura\" \/>\n\t<meta name=\"twitter:data2\" content=\"4 minutos\" \/>\n<script type=\"application\/ld+json\" class=\"yoast-schema-graph\">{\"@context\":\"https:\\\/\\\/schema.org\",\"@graph\":[{\"@type\":\"Article\",\"@id\":\"https:\\\/\\\/ccbierzo.com\\\/el-bierzo-demuestra-en-fitur-su-potencial-turistico\\\/#article\",\"isPartOf\":{\"@id\":\"https:\\\/\\\/ccbierzo.com\\\/el-bierzo-demuestra-en-fitur-su-potencial-turistico\\\/\"},\"author\":{\"name\":\"Marta Vidal\",\"@id\":\"https:\\\/\\\/ccbierzo.com\\\/gl\\\/#\\\/schema\\\/person\\\/4e9a8395b397b1d4b8695a5274072278\"},\"headline\":\"Fitur 2025\",\"datePublished\":\"2025-01-24T17:22:50+00:00\",\"dateModified\":\"2025-01-30T13:40:51+00:00\",\"mainEntityOfPage\":{\"@id\":\"https:\\\/\\\/ccbierzo.com\\\/el-bierzo-demuestra-en-fitur-su-potencial-turistico\\\/\"},\"wordCount\":346,\"image\":{\"@id\":\"https:\\\/\\\/ccbierzo.com\\\/el-bierzo-demuestra-en-fitur-su-potencial-turistico\\\/#primaryimage\"},\"thumbnailUrl\":\"https:\\\/\\\/ccbierzo.com\\\/wp-content\\\/uploads\\\/2025\\\/01\\\/fitur10-scaled.jpeg\",\"keywords\":[\"Madrid\"],\"articleSection\":[\"Turismo\"],\"inLanguage\":\"gl-ES\"},{\"@type\":\"WebPage\",\"@id\":\"https:\\\/\\\/ccbierzo.com\\\/el-bierzo-demuestra-en-fitur-su-potencial-turistico\\\/\",\"url\":\"https:\\\/\\\/ccbierzo.com\\\/el-bierzo-demuestra-en-fitur-su-potencial-turistico\\\/\",\"name\":\"Fitur 2025 - Consejo Comarcal del Bierzo\",\"isPartOf\":{\"@id\":\"https:\\\/\\\/ccbierzo.com\\\/gl\\\/#website\"},\"primaryImageOfPage\":{\"@id\":\"https:\\\/\\\/ccbierzo.com\\\/el-bierzo-demuestra-en-fitur-su-potencial-turistico\\\/#primaryimage\"},\"image\":{\"@id\":\"https:\\\/\\\/ccbierzo.com\\\/el-bierzo-demuestra-en-fitur-su-potencial-turistico\\\/#primaryimage\"},\"thumbnailUrl\":\"https:\\\/\\\/ccbierzo.com\\\/wp-content\\\/uploads\\\/2025\\\/01\\\/fitur10-scaled.jpeg\",\"datePublished\":\"2025-01-24T17:22:50+00:00\",\"dateModified\":\"2025-01-30T13:40:51+00:00\",\"author\":{\"@id\":\"https:\\\/\\\/ccbierzo.com\\\/gl\\\/#\\\/schema\\\/person\\\/4e9a8395b397b1d4b8695a5274072278\"},\"breadcrumb\":{\"@id\":\"https:\\\/\\\/ccbierzo.com\\\/el-bierzo-demuestra-en-fitur-su-potencial-turistico\\\/#breadcrumb\"},\"inLanguage\":\"gl-ES\",\"potentialAction\":[{\"@type\":\"ReadAction\",\"target\":[\"https:\\\/\\\/ccbierzo.com\\\/el-bierzo-demuestra-en-fitur-su-potencial-turistico\\\/\"]}]},{\"@type\":\"ImageObject\",\"inLanguage\":\"gl-ES\",\"@id\":\"https:\\\/\\\/ccbierzo.com\\\/el-bierzo-demuestra-en-fitur-su-potencial-turistico\\\/#primaryimage\",\"url\":\"https:\\\/\\\/ccbierzo.com\\\/wp-content\\\/uploads\\\/2025\\\/01\\\/fitur10-scaled.jpeg\",\"contentUrl\":\"https:\\\/\\\/ccbierzo.com\\\/wp-content\\\/uploads\\\/2025\\\/01\\\/fitur10-scaled.jpeg\",\"width\":2560,\"height\":1921},{\"@type\":\"BreadcrumbList\",\"@id\":\"https:\\\/\\\/ccbierzo.com\\\/el-bierzo-demuestra-en-fitur-su-potencial-turistico\\\/#breadcrumb\",\"itemListElement\":[{\"@type\":\"ListItem\",\"position\":1,\"name\":\"Portada\",\"item\":\"https:\\\/\\\/ccbierzo.com\\\/gl\\\/\"},{\"@type\":\"ListItem\",\"position\":2,\"name\":\"Fitur 2025\"}]},{\"@type\":\"WebSite\",\"@id\":\"https:\\\/\\\/ccbierzo.com\\\/gl\\\/#website\",\"url\":\"https:\\\/\\\/ccbierzo.com\\\/gl\\\/\",\"name\":\"Consejo Comarcal del Bierzo\",\"description\":\"P\u00e1gina Oficial del Consejo Comarcal del Bierzo\",\"potentialAction\":[{\"@type\":\"SearchAction\",\"target\":{\"@type\":\"EntryPoint\",\"urlTemplate\":\"https:\\\/\\\/ccbierzo.com\\\/gl\\\/?s={search_term_string}\"},\"query-input\":{\"@type\":\"PropertyValueSpecification\",\"valueRequired\":true,\"valueName\":\"search_term_string\"}}],\"inLanguage\":\"gl-ES\"},{\"@type\":\"Person\",\"@id\":\"https:\\\/\\\/ccbierzo.com\\\/gl\\\/#\\\/schema\\\/person\\\/4e9a8395b397b1d4b8695a5274072278\",\"name\":\"Marta Vidal\"}]}<\/script>\n<!-- \/ Yoast SEO plugin. -->","yoast_head_json":{"title":"Fitur 2025 - Consejo Comarcal del Bierzo","robots":{"index":"index","follow":"follow","max-snippet":"max-snippet:-1","max-image-preview":"max-image-preview:large","max-video-preview":"max-video-preview:-1"},"canonical":"https:\/\/ccbierzo.com\/el-bierzo-demuestra-en-fitur-su-potencial-turistico\/","og_locale":"gl_ES","og_type":"article","og_title":"Fitur 2025 - Consejo Comarcal del Bierzo","og_description":"La comarca demuestra en FITUR su potencial tur\u00edstico con la campa\u00f1a 'Saborea el Bierzo'.","og_url":"https:\/\/ccbierzo.com\/el-bierzo-demuestra-en-fitur-su-potencial-turistico\/","og_site_name":"Consejo Comarcal del Bierzo","article_published_time":"2025-01-24T17:22:50+00:00","article_modified_time":"2025-01-30T13:40:51+00:00","og_image":[{"width":2560,"height":1921,"url":"https:\/\/ccbierzo.com\/wp-content\/uploads\/2025\/01\/fitur10-scaled.jpeg","type":"image\/jpeg"}],"author":"Marta Vidal","twitter_card":"summary_large_image","twitter_misc":{"Escrito por":"Marta Vidal","Tempo de lectura":"4 minutos"},"schema":{"@context":"https:\/\/schema.org","@graph":[{"@type":"Article","@id":"https:\/\/ccbierzo.com\/el-bierzo-demuestra-en-fitur-su-potencial-turistico\/#article","isPartOf":{"@id":"https:\/\/ccbierzo.com\/el-bierzo-demuestra-en-fitur-su-potencial-turistico\/"},"author":{"name":"Marta Vidal","@id":"https:\/\/ccbierzo.com\/gl\/#\/schema\/person\/4e9a8395b397b1d4b8695a5274072278"},"headline":"Fitur 2025","datePublished":"2025-01-24T17:22:50+00:00","dateModified":"2025-01-30T13:40:51+00:00","mainEntityOfPage":{"@id":"https:\/\/ccbierzo.com\/el-bierzo-demuestra-en-fitur-su-potencial-turistico\/"},"wordCount":346,"image":{"@id":"https:\/\/ccbierzo.com\/el-bierzo-demuestra-en-fitur-su-potencial-turistico\/#primaryimage"},"thumbnailUrl":"https:\/\/ccbierzo.com\/wp-content\/uploads\/2025\/01\/fitur10-scaled.jpeg","keywords":["Madrid"],"articleSection":["Turismo"],"inLanguage":"gl-ES"},{"@type":"WebPage","@id":"https:\/\/ccbierzo.com\/el-bierzo-demuestra-en-fitur-su-potencial-turistico\/","url":"https:\/\/ccbierzo.com\/el-bierzo-demuestra-en-fitur-su-potencial-turistico\/","name":"Fitur 2025 - Consejo Comarcal del Bierzo","isPartOf":{"@id":"https:\/\/ccbierzo.com\/gl\/#website"},"primaryImageOfPage":{"@id":"https:\/\/ccbierzo.com\/el-bierzo-demuestra-en-fitur-su-potencial-turistico\/#primaryimage"},"image":{"@id":"https:\/\/ccbierzo.com\/el-bierzo-demuestra-en-fitur-su-potencial-turistico\/#primaryimage"},"thumbnailUrl":"https:\/\/ccbierzo.com\/wp-content\/uploads\/2025\/01\/fitur10-scaled.jpeg","datePublished":"2025-01-24T17:22:50+00:00","dateModified":"2025-01-30T13:40:51+00:00","author":{"@id":"https:\/\/ccbierzo.com\/gl\/#\/schema\/person\/4e9a8395b397b1d4b8695a5274072278"},"breadcrumb":{"@id":"https:\/\/ccbierzo.com\/el-bierzo-demuestra-en-fitur-su-potencial-turistico\/#breadcrumb"},"inLanguage":"gl-ES","potentialAction":[{"@type":"ReadAction","target":["https:\/\/ccbierzo.com\/el-bierzo-demuestra-en-fitur-su-potencial-turistico\/"]}]},{"@type":"ImageObject","inLanguage":"gl-ES","@id":"https:\/\/ccbierzo.com\/el-bierzo-demuestra-en-fitur-su-potencial-turistico\/#primaryimage","url":"https:\/\/ccbierzo.com\/wp-content\/uploads\/2025\/01\/fitur10-scaled.jpeg","contentUrl":"https:\/\/ccbierzo.com\/wp-content\/uploads\/2025\/01\/fitur10-scaled.jpeg","width":2560,"height":1921},{"@type":"BreadcrumbList","@id":"https:\/\/ccbierzo.com\/el-bierzo-demuestra-en-fitur-su-potencial-turistico\/#breadcrumb","itemListElement":[{"@type":"ListItem","position":1,"name":"Portada","item":"https:\/\/ccbierzo.com\/gl\/"},{"@type":"ListItem","position":2,"name":"Fitur 2025"}]},{"@type":"WebSite","@id":"https:\/\/ccbierzo.com\/gl\/#website","url":"https:\/\/ccbierzo.com\/gl\/","name":"Consejo Comarcal del Bierzo","description":"P\u00e1gina Oficial del Consejo Comarcal del Bierzo","potentialAction":[{"@type":"SearchAction","target":{"@type":"EntryPoint","urlTemplate":"https:\/\/ccbierzo.com\/gl\/?s={search_term_string}"},"query-input":{"@type":"PropertyValueSpecification","valueRequired":true,"valueName":"search_term_string"}}],"inLanguage":"gl-ES"},{"@type":"Person","@id":"https:\/\/ccbierzo.com\/gl\/#\/schema\/person\/4e9a8395b397b1d4b8695a5274072278","name":"Marta Vidal"}]}},"_links":{"self":[{"href":"https:\/\/ccbierzo.com\/gl\/wp-json\/wp\/v2\/posts\/133817","targetHints":{"allow":["GET"]}}],"collection":[{"href":"https:\/\/ccbierzo.com\/gl\/wp-json\/wp\/v2\/posts"}],"about":[{"href":"https:\/\/ccbierzo.com\/gl\/wp-json\/wp\/v2\/types\/post"}],"author":[{"embeddable":true,"href":"https:\/\/ccbierzo.com\/gl\/wp-json\/wp\/v2\/users\/3"}],"replies":[{"embeddable":true,"href":"https:\/\/ccbierzo.com\/gl\/wp-json\/wp\/v2\/comments?post=133817"}],"version-history":[{"count":0,"href":"https:\/\/ccbierzo.com\/gl\/wp-json\/wp\/v2\/posts\/133817\/revisions"}],"wp:featuredmedia":[{"embeddable":true,"href":"https:\/\/ccbierzo.com\/gl\/wp-json\/wp\/v2\/media\/133836"}],"wp:attachment":[{"href":"https:\/\/ccbierzo.com\/gl\/wp-json\/wp\/v2\/media?parent=133817"}],"wp:term":[{"taxonomy":"category","embeddable":true,"href":"https:\/\/ccbierzo.com\/gl\/wp-json\/wp\/v2\/categories?post=133817"},{"taxonomy":"post_tag","embeddable":true,"href":"https:\/\/ccbierzo.com\/gl\/wp-json\/wp\/v2\/tags?post=133817"}],"curies":[{"name":"wp","href":"https:\/\/api.w.org\/{rel}","templated":true}]}}