{"id":133774,"date":"2024-12-17T13:37:47","date_gmt":"2024-12-17T12:37:47","guid":{"rendered":"https:\/\/ccbierzo.com\/?p=133774"},"modified":"2024-12-17T13:37:49","modified_gmt":"2024-12-17T12:37:49","slug":"el-proyecto-bitacora-de-berizum-culmina-con-146-nuevas-empresas-creadas-en-el-medio-rural","status":"publish","type":"post","link":"https:\/\/ccbierzo.com\/gl\/el-proyecto-bitacora-de-berizum-culmina-con-146-nuevas-empresas-creadas-en-el-medio-rural\/","title":{"rendered":"El proyecto Bit\u00e1cora de B\u00e9rizum culmina con 146 nuevas empresas creadas en el medio rural"},"content":{"rendered":"\n<p>El proyecto Bit\u00e1cora de B\u00e9rizum, impulsado por el Consejo Comarcal del Bierzo, ha culminado con<strong> &#8220;resultados altamente satisfactorios&#8221; <\/strong>en su objetivo de fomentar el emprendimiento y combatir la despoblaci\u00f3n en la comarca. As\u00ed lo han puesto de manifiesto el presidente del Consejo, Olegario Ram\u00f3n, y la consejera comarcal de Formaci\u00f3n, Empleo y Agenda 2030, Laura Fern\u00e1ndez, durante la presentaci\u00f3n del balance final del programa.<\/p>\n\n\n\n<p>Financiado por el Ministerio para la Transici\u00f3n Ecol\u00f3gica y el Reto Demogr\u00e1fico con una <strong>inversi\u00f3n total de 316.831 euros<\/strong>, Bit\u00e1cora de B\u00e9rizum ha logrado en dos a\u00f1os de ejecuci\u00f3n apoyar la creaci\u00f3n de <strong>146 empresas<\/strong>, beneficiando a <strong>327 emprendedores y emprendedoras<\/strong>. Estas nuevas iniciativas se concentran principalmente en los sectores del turismo, la agroalimentaci\u00f3n y la prestaci\u00f3n de servicios, seg\u00fan explic\u00f3 Ram\u00f3n.<\/p>\n\n\n\n<div style=\"height:30px\" aria-hidden=\"true\" class=\"wp-block-spacer\"><\/div>\n\n\n\n<figure class=\"wp-block-image aligncenter size-medium\"><img loading=\"lazy\" decoding=\"async\" width=\"300\" height=\"225\" src=\"https:\/\/ccbierzo.com\/wp-content\/uploads\/2024\/12\/RP-Bitacora-de-Berizum-300x225.jpeg\" alt=\"\" class=\"wp-image-133775\"\/><\/figure>\n\n\n\n<p>&#8220;Bit\u00e1cora de B\u00e9rizum ha sido una apuesta clara por el futuro del medio rural&#8221;, afirm\u00f3 Olegario Ram\u00f3n. &#8220;Gracias a este proyecto, hemos logrado poner en marcha una gran cantidad de <strong>iniciativas empresariales innovadoras<\/strong> que est\u00e1n contribuyendo a fijar poblaci\u00f3n y a generar empleo en la comarca&#8221;.<\/p>\n\n\n\n<p>Por su parte, Laura Fern\u00e1ndez destac\u00f3 el car\u00e1cter inclusivo del programa, que <strong>ha atendido de manera especial a colectivos vulnerables <\/strong>como las mujeres en situaci\u00f3n de riesgo de exclusi\u00f3n social. &#8220;Hemos ofrecido formaci\u00f3n especializada, asesoramiento y financiaci\u00f3n para que estas personas puedan desarrollar sus proyectos empresariales y mejorar as\u00ed su calidad de vida&#8221;, se\u00f1al\u00f3 la consejera.<\/p>\n\n\n\n<p><strong>Un proyecto integral<\/strong><\/p>\n\n\n\n<p>Bit\u00e1cora de B\u00e9rizum no se ha limitado a apoyar la creaci\u00f3n de empresas, sino que ha desarrollado un amplio abanico de acciones para fomentar el emprendimiento en el medio rural. Entre ellas destacan:<\/p>\n\n\n\n<ul class=\"wp-block-list\">\n<li><strong>Formaci\u00f3n especializada:<\/strong> Se han impartido 29 fichas formativas en diecis\u00e9is tem\u00e1ticas clave, as\u00ed como talleres de nuevas tecnolog\u00edas y cursos virtuales en ciberseguridad, emprendimiento sostenible y redes sociales.<\/li>\n\n\n\n<li><strong>Asesoramiento:<\/strong> Se ha ofrecido asesoramiento personalizado a emprendedores y emprendedoras para ayudarles a desarrollar sus proyectos y cumplir con los Objetivos de Desarrollo Sostenible.<\/li>\n\n\n\n<li><strong>Subvenciones:<\/strong> Se han tramitado subvenciones por valor de 2.750.000 euros a 70 localidades y 36 municipios del Bierzo.<\/li>\n\n\n\n<li><strong>Sensibilizaci\u00f3n:<\/strong> Se han realizado numerosas actividades de sensibilizaci\u00f3n para promover la cultura emprendedora entre la poblaci\u00f3n, especialmente entre la juventud.<\/li>\n<\/ul>\n\n\n\n<p><strong>Un futuro prometedor<\/strong><\/p>\n\n\n\n<p>Los resultados obtenidos por Bit\u00e1cora de B\u00e9rizum son muy positivos y abren perspectivas prometedoras para el futuro del emprendimiento en el Bierzo, seg\u00fan afirmaron el Olegario Ram\u00f3n y Laura Fern\u00e1ndez. Bit\u00e1cora de B\u00e9rizum se clausura el jueves con un seminario final, que contar\u00e1 con la asistencia del subdelegado del Gobierno en Le\u00f3n, H\u00e9ctor Alaiz.<\/p>\n\n\n\n<div style=\"height:30px\" aria-hidden=\"true\" class=\"wp-block-spacer\"><\/div>\n\n\n\n<div style=\"height:0px\" aria-hidden=\"true\" class=\"wp-block-spacer\"><\/div>\n\n\n\n<figure class=\"wp-block-image aligncenter size-large\"><img loading=\"lazy\" decoding=\"async\" width=\"724\" height=\"1024\" src=\"https:\/\/ccbierzo.com\/wp-content\/uploads\/2024\/12\/Bitacora-Berizum-251124-724x1024.jpg\" alt=\"\" class=\"wp-image-133777\"\/><\/figure>\n\n\n\n<p><\/p>\n\n\n\n<div style=\"height:30px\" aria-hidden=\"true\" class=\"wp-block-spacer\"><\/div>\n\n\n\n<figure class=\"wp-block-embed is-type-video is-provider-youtube wp-block-embed-youtube wp-embed-aspect-16-9 wp-has-aspect-ratio\"><div class=\"wp-block-embed__wrapper\">\n<iframe loading=\"lazy\" title=\"Proyecto Bit\u00e1cora de B\u00e9rizum: emprendimiento rural en el Bierzo\" width=\"1080\" height=\"608\" src=\"https:\/\/www.youtube.com\/embed\/aLuRupENsUA?feature=oembed\"  allow=\"accelerometer; autoplay; clipboard-write; encrypted-media; gyroscope; picture-in-picture; web-share\" referrerpolicy=\"strict-origin-when-cross-origin\" allowfullscreen><\/iframe>\n<\/div><\/figure>\n","protected":false},"excerpt":{"rendered":"<p>El presidente y la consejera de Formaci\u00f3n, Empleo y Agenda 2030 presentan unos &#8220;resultados altamente satisfactorios&#8221; en su objetivo de fomentar el emprendimiento y combatir la despoblaci\u00f3n en la comarca.<\/p>\n","protected":false},"author":3,"featured_media":133775,"comment_status":"closed","ping_status":"closed","sticky":false,"template":"","format":"standard","meta":{"_et_pb_use_builder":"","_et_pb_old_content":"","_et_gb_content_width":"","footnotes":""},"categories":[77,75,362],"tags":[294],"class_list":["post-133774","post","type-post","status-publish","format-standard","has-post-thumbnail","hentry","category-empleo","category-formacion","category-igualdad","tag-ponferrada"],"yoast_head":"<!-- This site is optimized with the Yoast SEO plugin v27.3 - https:\/\/yoast.com\/product\/yoast-seo-wordpress\/ -->\n<title>El proyecto Bit\u00e1cora de B\u00e9rizum culmina con 146 nuevas empresas creadas en el medio rural - Consejo Comarcal del Bierzo<\/title>\n<meta name=\"robots\" content=\"index, follow, max-snippet:-1, max-image-preview:large, max-video-preview:-1\" \/>\n<link rel=\"canonical\" href=\"https:\/\/ccbierzo.com\/el-proyecto-bitacora-de-berizum-culmina-con-146-nuevas-empresas-creadas-en-el-medio-rural\/\" \/>\n<meta property=\"og:locale\" content=\"gl_ES\" \/>\n<meta property=\"og:type\" content=\"article\" \/>\n<meta property=\"og:title\" content=\"El proyecto Bit\u00e1cora de B\u00e9rizum culmina con 146 nuevas empresas creadas en el medio rural - Consejo Comarcal del Bierzo\" \/>\n<meta property=\"og:description\" content=\"El presidente y la consejera de Formaci\u00f3n, Empleo y Agenda 2030 presentan unos &quot;resultados altamente satisfactorios&quot; en su objetivo de fomentar el emprendimiento y combatir la despoblaci\u00f3n en la comarca.\" \/>\n<meta property=\"og:url\" content=\"https:\/\/ccbierzo.com\/el-proyecto-bitacora-de-berizum-culmina-con-146-nuevas-empresas-creadas-en-el-medio-rural\/\" \/>\n<meta property=\"og:site_name\" content=\"Consejo Comarcal del Bierzo\" \/>\n<meta property=\"article:published_time\" content=\"2024-12-17T12:37:47+00:00\" \/>\n<meta property=\"article:modified_time\" content=\"2024-12-17T12:37:49+00:00\" \/>\n<meta property=\"og:image\" content=\"https:\/\/ccbierzo.com\/wp-content\/uploads\/2024\/12\/RP-Bitacora-de-Berizum-scaled.jpeg\" \/>\n\t<meta property=\"og:image:width\" content=\"2560\" \/>\n\t<meta property=\"og:image:height\" content=\"1919\" \/>\n\t<meta property=\"og:image:type\" content=\"image\/jpeg\" \/>\n<meta name=\"author\" content=\"Marta Vidal\" \/>\n<meta name=\"twitter:card\" content=\"summary_large_image\" \/>\n<meta name=\"twitter:label1\" content=\"Escrito por\" \/>\n\t<meta name=\"twitter:data1\" content=\"Marta Vidal\" \/>\n\t<meta name=\"twitter:label2\" content=\"Tempo de lectura\" \/>\n\t<meta name=\"twitter:data2\" content=\"3 minutos\" \/>\n<script type=\"application\/ld+json\" class=\"yoast-schema-graph\">{\"@context\":\"https:\\\/\\\/schema.org\",\"@graph\":[{\"@type\":\"Article\",\"@id\":\"https:\\\/\\\/ccbierzo.com\\\/el-proyecto-bitacora-de-berizum-culmina-con-146-nuevas-empresas-creadas-en-el-medio-rural\\\/#article\",\"isPartOf\":{\"@id\":\"https:\\\/\\\/ccbierzo.com\\\/el-proyecto-bitacora-de-berizum-culmina-con-146-nuevas-empresas-creadas-en-el-medio-rural\\\/\"},\"author\":{\"name\":\"Marta Vidal\",\"@id\":\"https:\\\/\\\/ccbierzo.com\\\/gl\\\/#\\\/schema\\\/person\\\/4e9a8395b397b1d4b8695a5274072278\"},\"headline\":\"El proyecto Bit\u00e1cora de B\u00e9rizum culmina con 146 nuevas empresas creadas en el medio rural\",\"datePublished\":\"2024-12-17T12:37:47+00:00\",\"dateModified\":\"2024-12-17T12:37:49+00:00\",\"mainEntityOfPage\":{\"@id\":\"https:\\\/\\\/ccbierzo.com\\\/el-proyecto-bitacora-de-berizum-culmina-con-146-nuevas-empresas-creadas-en-el-medio-rural\\\/\"},\"wordCount\":474,\"image\":{\"@id\":\"https:\\\/\\\/ccbierzo.com\\\/el-proyecto-bitacora-de-berizum-culmina-con-146-nuevas-empresas-creadas-en-el-medio-rural\\\/#primaryimage\"},\"thumbnailUrl\":\"https:\\\/\\\/ccbierzo.com\\\/wp-content\\\/uploads\\\/2024\\\/12\\\/RP-Bitacora-de-Berizum-scaled.jpeg\",\"keywords\":[\"Ponferrada\"],\"articleSection\":[\"Empleo\",\"Formaci\u00f3n\",\"Igualdad\"],\"inLanguage\":\"gl-ES\"},{\"@type\":\"WebPage\",\"@id\":\"https:\\\/\\\/ccbierzo.com\\\/el-proyecto-bitacora-de-berizum-culmina-con-146-nuevas-empresas-creadas-en-el-medio-rural\\\/\",\"url\":\"https:\\\/\\\/ccbierzo.com\\\/el-proyecto-bitacora-de-berizum-culmina-con-146-nuevas-empresas-creadas-en-el-medio-rural\\\/\",\"name\":\"El proyecto Bit\u00e1cora de B\u00e9rizum culmina con 146 nuevas empresas creadas en el medio rural - Consejo Comarcal del Bierzo\",\"isPartOf\":{\"@id\":\"https:\\\/\\\/ccbierzo.com\\\/gl\\\/#website\"},\"primaryImageOfPage\":{\"@id\":\"https:\\\/\\\/ccbierzo.com\\\/el-proyecto-bitacora-de-berizum-culmina-con-146-nuevas-empresas-creadas-en-el-medio-rural\\\/#primaryimage\"},\"image\":{\"@id\":\"https:\\\/\\\/ccbierzo.com\\\/el-proyecto-bitacora-de-berizum-culmina-con-146-nuevas-empresas-creadas-en-el-medio-rural\\\/#primaryimage\"},\"thumbnailUrl\":\"https:\\\/\\\/ccbierzo.com\\\/wp-content\\\/uploads\\\/2024\\\/12\\\/RP-Bitacora-de-Berizum-scaled.jpeg\",\"datePublished\":\"2024-12-17T12:37:47+00:00\",\"dateModified\":\"2024-12-17T12:37:49+00:00\",\"author\":{\"@id\":\"https:\\\/\\\/ccbierzo.com\\\/gl\\\/#\\\/schema\\\/person\\\/4e9a8395b397b1d4b8695a5274072278\"},\"breadcrumb\":{\"@id\":\"https:\\\/\\\/ccbierzo.com\\\/el-proyecto-bitacora-de-berizum-culmina-con-146-nuevas-empresas-creadas-en-el-medio-rural\\\/#breadcrumb\"},\"inLanguage\":\"gl-ES\",\"potentialAction\":[{\"@type\":\"ReadAction\",\"target\":[\"https:\\\/\\\/ccbierzo.com\\\/el-proyecto-bitacora-de-berizum-culmina-con-146-nuevas-empresas-creadas-en-el-medio-rural\\\/\"]}]},{\"@type\":\"ImageObject\",\"inLanguage\":\"gl-ES\",\"@id\":\"https:\\\/\\\/ccbierzo.com\\\/el-proyecto-bitacora-de-berizum-culmina-con-146-nuevas-empresas-creadas-en-el-medio-rural\\\/#primaryimage\",\"url\":\"https:\\\/\\\/ccbierzo.com\\\/wp-content\\\/uploads\\\/2024\\\/12\\\/RP-Bitacora-de-Berizum-scaled.jpeg\",\"contentUrl\":\"https:\\\/\\\/ccbierzo.com\\\/wp-content\\\/uploads\\\/2024\\\/12\\\/RP-Bitacora-de-Berizum-scaled.jpeg\",\"width\":2560,\"height\":1919},{\"@type\":\"BreadcrumbList\",\"@id\":\"https:\\\/\\\/ccbierzo.com\\\/el-proyecto-bitacora-de-berizum-culmina-con-146-nuevas-empresas-creadas-en-el-medio-rural\\\/#breadcrumb\",\"itemListElement\":[{\"@type\":\"ListItem\",\"position\":1,\"name\":\"Portada\",\"item\":\"https:\\\/\\\/ccbierzo.com\\\/gl\\\/\"},{\"@type\":\"ListItem\",\"position\":2,\"name\":\"El proyecto Bit\u00e1cora de B\u00e9rizum culmina con 146 nuevas empresas creadas en el medio rural\"}]},{\"@type\":\"WebSite\",\"@id\":\"https:\\\/\\\/ccbierzo.com\\\/gl\\\/#website\",\"url\":\"https:\\\/\\\/ccbierzo.com\\\/gl\\\/\",\"name\":\"Consejo Comarcal del Bierzo\",\"description\":\"P\u00e1gina Oficial del Consejo Comarcal del Bierzo\",\"potentialAction\":[{\"@type\":\"SearchAction\",\"target\":{\"@type\":\"EntryPoint\",\"urlTemplate\":\"https:\\\/\\\/ccbierzo.com\\\/gl\\\/?s={search_term_string}\"},\"query-input\":{\"@type\":\"PropertyValueSpecification\",\"valueRequired\":true,\"valueName\":\"search_term_string\"}}],\"inLanguage\":\"gl-ES\"},{\"@type\":\"Person\",\"@id\":\"https:\\\/\\\/ccbierzo.com\\\/gl\\\/#\\\/schema\\\/person\\\/4e9a8395b397b1d4b8695a5274072278\",\"name\":\"Marta Vidal\"}]}<\/script>\n<!-- \/ Yoast SEO plugin. -->","yoast_head_json":{"title":"El proyecto Bit\u00e1cora de B\u00e9rizum culmina con 146 nuevas empresas creadas en el medio rural - Consejo Comarcal del Bierzo","robots":{"index":"index","follow":"follow","max-snippet":"max-snippet:-1","max-image-preview":"max-image-preview:large","max-video-preview":"max-video-preview:-1"},"canonical":"https:\/\/ccbierzo.com\/el-proyecto-bitacora-de-berizum-culmina-con-146-nuevas-empresas-creadas-en-el-medio-rural\/","og_locale":"gl_ES","og_type":"article","og_title":"El proyecto Bit\u00e1cora de B\u00e9rizum culmina con 146 nuevas empresas creadas en el medio rural - Consejo Comarcal del Bierzo","og_description":"El presidente y la consejera de Formaci\u00f3n, Empleo y Agenda 2030 presentan unos \"resultados altamente satisfactorios\" en su objetivo de fomentar el emprendimiento y combatir la despoblaci\u00f3n en la comarca.","og_url":"https:\/\/ccbierzo.com\/el-proyecto-bitacora-de-berizum-culmina-con-146-nuevas-empresas-creadas-en-el-medio-rural\/","og_site_name":"Consejo Comarcal del Bierzo","article_published_time":"2024-12-17T12:37:47+00:00","article_modified_time":"2024-12-17T12:37:49+00:00","og_image":[{"width":2560,"height":1919,"url":"https:\/\/ccbierzo.com\/wp-content\/uploads\/2024\/12\/RP-Bitacora-de-Berizum-scaled.jpeg","type":"image\/jpeg"}],"author":"Marta Vidal","twitter_card":"summary_large_image","twitter_misc":{"Escrito por":"Marta Vidal","Tempo de lectura":"3 minutos"},"schema":{"@context":"https:\/\/schema.org","@graph":[{"@type":"Article","@id":"https:\/\/ccbierzo.com\/el-proyecto-bitacora-de-berizum-culmina-con-146-nuevas-empresas-creadas-en-el-medio-rural\/#article","isPartOf":{"@id":"https:\/\/ccbierzo.com\/el-proyecto-bitacora-de-berizum-culmina-con-146-nuevas-empresas-creadas-en-el-medio-rural\/"},"author":{"name":"Marta Vidal","@id":"https:\/\/ccbierzo.com\/gl\/#\/schema\/person\/4e9a8395b397b1d4b8695a5274072278"},"headline":"El proyecto Bit\u00e1cora de B\u00e9rizum culmina con 146 nuevas empresas creadas en el medio rural","datePublished":"2024-12-17T12:37:47+00:00","dateModified":"2024-12-17T12:37:49+00:00","mainEntityOfPage":{"@id":"https:\/\/ccbierzo.com\/el-proyecto-bitacora-de-berizum-culmina-con-146-nuevas-empresas-creadas-en-el-medio-rural\/"},"wordCount":474,"image":{"@id":"https:\/\/ccbierzo.com\/el-proyecto-bitacora-de-berizum-culmina-con-146-nuevas-empresas-creadas-en-el-medio-rural\/#primaryimage"},"thumbnailUrl":"https:\/\/ccbierzo.com\/wp-content\/uploads\/2024\/12\/RP-Bitacora-de-Berizum-scaled.jpeg","keywords":["Ponferrada"],"articleSection":["Empleo","Formaci\u00f3n","Igualdad"],"inLanguage":"gl-ES"},{"@type":"WebPage","@id":"https:\/\/ccbierzo.com\/el-proyecto-bitacora-de-berizum-culmina-con-146-nuevas-empresas-creadas-en-el-medio-rural\/","url":"https:\/\/ccbierzo.com\/el-proyecto-bitacora-de-berizum-culmina-con-146-nuevas-empresas-creadas-en-el-medio-rural\/","name":"El proyecto Bit\u00e1cora de B\u00e9rizum culmina con 146 nuevas empresas creadas en el medio rural - Consejo Comarcal del Bierzo","isPartOf":{"@id":"https:\/\/ccbierzo.com\/gl\/#website"},"primaryImageOfPage":{"@id":"https:\/\/ccbierzo.com\/el-proyecto-bitacora-de-berizum-culmina-con-146-nuevas-empresas-creadas-en-el-medio-rural\/#primaryimage"},"image":{"@id":"https:\/\/ccbierzo.com\/el-proyecto-bitacora-de-berizum-culmina-con-146-nuevas-empresas-creadas-en-el-medio-rural\/#primaryimage"},"thumbnailUrl":"https:\/\/ccbierzo.com\/wp-content\/uploads\/2024\/12\/RP-Bitacora-de-Berizum-scaled.jpeg","datePublished":"2024-12-17T12:37:47+00:00","dateModified":"2024-12-17T12:37:49+00:00","author":{"@id":"https:\/\/ccbierzo.com\/gl\/#\/schema\/person\/4e9a8395b397b1d4b8695a5274072278"},"breadcrumb":{"@id":"https:\/\/ccbierzo.com\/el-proyecto-bitacora-de-berizum-culmina-con-146-nuevas-empresas-creadas-en-el-medio-rural\/#breadcrumb"},"inLanguage":"gl-ES","potentialAction":[{"@type":"ReadAction","target":["https:\/\/ccbierzo.com\/el-proyecto-bitacora-de-berizum-culmina-con-146-nuevas-empresas-creadas-en-el-medio-rural\/"]}]},{"@type":"ImageObject","inLanguage":"gl-ES","@id":"https:\/\/ccbierzo.com\/el-proyecto-bitacora-de-berizum-culmina-con-146-nuevas-empresas-creadas-en-el-medio-rural\/#primaryimage","url":"https:\/\/ccbierzo.com\/wp-content\/uploads\/2024\/12\/RP-Bitacora-de-Berizum-scaled.jpeg","contentUrl":"https:\/\/ccbierzo.com\/wp-content\/uploads\/2024\/12\/RP-Bitacora-de-Berizum-scaled.jpeg","width":2560,"height":1919},{"@type":"BreadcrumbList","@id":"https:\/\/ccbierzo.com\/el-proyecto-bitacora-de-berizum-culmina-con-146-nuevas-empresas-creadas-en-el-medio-rural\/#breadcrumb","itemListElement":[{"@type":"ListItem","position":1,"name":"Portada","item":"https:\/\/ccbierzo.com\/gl\/"},{"@type":"ListItem","position":2,"name":"El proyecto Bit\u00e1cora de B\u00e9rizum culmina con 146 nuevas empresas creadas en el medio rural"}]},{"@type":"WebSite","@id":"https:\/\/ccbierzo.com\/gl\/#website","url":"https:\/\/ccbierzo.com\/gl\/","name":"Consejo Comarcal del Bierzo","description":"P\u00e1gina Oficial del Consejo Comarcal del Bierzo","potentialAction":[{"@type":"SearchAction","target":{"@type":"EntryPoint","urlTemplate":"https:\/\/ccbierzo.com\/gl\/?s={search_term_string}"},"query-input":{"@type":"PropertyValueSpecification","valueRequired":true,"valueName":"search_term_string"}}],"inLanguage":"gl-ES"},{"@type":"Person","@id":"https:\/\/ccbierzo.com\/gl\/#\/schema\/person\/4e9a8395b397b1d4b8695a5274072278","name":"Marta Vidal"}]}},"_links":{"self":[{"href":"https:\/\/ccbierzo.com\/gl\/wp-json\/wp\/v2\/posts\/133774","targetHints":{"allow":["GET"]}}],"collection":[{"href":"https:\/\/ccbierzo.com\/gl\/wp-json\/wp\/v2\/posts"}],"about":[{"href":"https:\/\/ccbierzo.com\/gl\/wp-json\/wp\/v2\/types\/post"}],"author":[{"embeddable":true,"href":"https:\/\/ccbierzo.com\/gl\/wp-json\/wp\/v2\/users\/3"}],"replies":[{"embeddable":true,"href":"https:\/\/ccbierzo.com\/gl\/wp-json\/wp\/v2\/comments?post=133774"}],"version-history":[{"count":0,"href":"https:\/\/ccbierzo.com\/gl\/wp-json\/wp\/v2\/posts\/133774\/revisions"}],"wp:featuredmedia":[{"embeddable":true,"href":"https:\/\/ccbierzo.com\/gl\/wp-json\/wp\/v2\/media\/133775"}],"wp:attachment":[{"href":"https:\/\/ccbierzo.com\/gl\/wp-json\/wp\/v2\/media?parent=133774"}],"wp:term":[{"taxonomy":"category","embeddable":true,"href":"https:\/\/ccbierzo.com\/gl\/wp-json\/wp\/v2\/categories?post=133774"},{"taxonomy":"post_tag","embeddable":true,"href":"https:\/\/ccbierzo.com\/gl\/wp-json\/wp\/v2\/tags?post=133774"}],"curies":[{"name":"wp","href":"https:\/\/api.w.org\/{rel}","templated":true}]}}