{"id":133704,"date":"2024-11-11T19:28:00","date_gmt":"2024-11-11T18:28:00","guid":{"rendered":"https:\/\/ccbierzo.com\/?p=133704"},"modified":"2024-11-13T11:42:40","modified_gmt":"2024-11-13T10:42:40","slug":"medio-centenar-de-mujeres-del-medio-rural-asistieron-a-las-talleres-para-aprender-a-usar-el-telefono-movil","status":"publish","type":"post","link":"https:\/\/ccbierzo.com\/gl\/medio-centenar-de-mujeres-del-medio-rural-asistieron-a-las-talleres-para-aprender-a-usar-el-telefono-movil\/","title":{"rendered":"Medio centenar de mujeres del medio rural asistieron a las talleres de aprovechamiento del tel\u00e9fono inteligente"},"content":{"rendered":"\n<p>Las consejeras comarcales de Formaci\u00f3n, Empleo y Agenda 2030, <strong>Laura Fern\u00e1ndez<\/strong>, y de Turismo, <strong>Cristina P\u00e9rez<\/strong>, clausuraron este lunes en Valtuille de Arriba (Villafranca del Bierzo) los <strong>talleres para el aprovechamiento de los tel\u00e9fonos inteligentes<\/strong> promovidos por el Consejo Comarcal e impartidos por la Asociaci\u00f3n de Feministas Bercianas. Esta iniciativa, enmarcada dentro del programa Territorio Rural. Bierzo 2030, ha recorrido diversas localidades de la comarca, incluyendo <strong>Magaz de Arriba<\/strong>, <strong>Venta de Albares<\/strong>, <strong>San Juan de la Mata<\/strong>, <strong>Quil\u00f3s<\/strong>, <strong>Villaverde de los Cestos <\/strong>y <strong>Valtuille de Arriba<\/strong>. Medio centenar de mujeres mayores de 55 a\u00f1os han participado en estos talleres, orientados a fomentar su autonom\u00eda digital y mejorar su acceso a la tecnolog\u00eda.<\/p>\n\n\n\n<p>Laura Fern\u00e1ndez destac\u00f3 el compromiso del Consejo Comarcal con la formaci\u00f3n y la inclusi\u00f3n digital en el \u00e1mbito rural, recordando la <strong>importancia de reducir la brecha digital<\/strong>. Adem\u00e1s, la consejera aprovech\u00f3 para anunciar la apertura del <strong>programa formativo \u201cImpulsar la Sostenibilidad\u201d<\/strong>, tambi\u00e9n enmarcado dentro del programa <strong>Territorio Rural. Bierzo 2030<\/strong>. Este curso, de 15 horas de formaci\u00f3n online gratuita, est\u00e1 dirigido a personal t\u00e9cnico, voluntariado de asociaciones y entidades diversas que trabajan en el medio rural, as\u00ed como a personal pol\u00edtico de las administraciones p\u00fablicas de municipios bercianos con menos de 5.000 habitantes. El programa ofrecer\u00e1 tres ediciones: del 18 al 22 de noviembre, del 25 al 29 de noviembre, y del 16 al 20 de diciembre. Las personas interesadas pueden inscribirse a trav\u00e9s del portal <a href=\"http:\/\/www.tusitiodeformacion.org\/cursos\/\"><strong>www.tusitiodeformacion.org\/cursos\/<\/strong><\/a>.<\/p>\n\n\n\n<p>El programa Bierzo 2030. Territorio Rural, <strong>financiado por el Ministerio de Derechos Sociales y Agenda 2030 con 128.900 euros<\/strong>, tiene el objetivo de poner en marcha el Plan de implementaci\u00f3n de la Agenda 2030 en los municipios bercianos de menos de 5.000 habitantes.<\/p>\n\n\n\n<div style=\"height:30px\" aria-hidden=\"true\" class=\"wp-block-spacer\"><\/div>\n\n\n\n<figure class=\"wp-block-gallery has-nested-images columns-default is-cropped wp-block-gallery-1 is-layout-flex wp-block-gallery-is-layout-flex\">\n<figure class=\"wp-block-image size-large\"><img loading=\"lazy\" decoding=\"async\" width=\"543\" height=\"768\" data-id=\"133712\" src=\"https:\/\/ccbierzo.com\/wp-content\/uploads\/2024\/11\/Porgrama-Impulsar-la-sostenibilidad.jpg\" alt=\"\" class=\"wp-image-133712\" srcset=\"https:\/\/ccbierzo.com\/wp-content\/uploads\/2024\/11\/Porgrama-Impulsar-la-sostenibilidad.jpg 543w, https:\/\/ccbierzo.com\/wp-content\/uploads\/2024\/11\/Porgrama-Impulsar-la-sostenibilidad-480x679.jpg 480w\" sizes=\"(min-width: 0px) and (max-width: 480px) 480px, (min-width: 481px) 543px, 100vw\" \/><\/figure>\n\n\n\n<figure class=\"wp-block-image size-large\"><img loading=\"lazy\" decoding=\"async\" width=\"1024\" height=\"768\" data-id=\"133708\" src=\"https:\/\/ccbierzo.com\/wp-content\/uploads\/2024\/11\/IMG_20241111_185929_975-1024x768.jpg\" alt=\"\" class=\"wp-image-133708\" srcset=\"https:\/\/ccbierzo.com\/wp-content\/uploads\/2024\/11\/IMG_20241111_185929_975-980x735.jpg 980w, https:\/\/ccbierzo.com\/wp-content\/uploads\/2024\/11\/IMG_20241111_185929_975-480x360.jpg 480w\" sizes=\"(min-width: 0px) and (max-width: 480px) 480px, (min-width: 481px) and (max-width: 980px) 980px, (min-width: 981px) 1024px, 100vw\" \/><\/figure>\n<\/figure>\n\n\n\n<div style=\"height:0px\" aria-hidden=\"true\" class=\"wp-block-spacer\"><\/div>\n","protected":false},"excerpt":{"rendered":"<p>Las consejeras comarcales de Formaci\u00f3n, Empleo y Agenda 2030, Laura Fern\u00e1ndez, y de Turismo, Cristina P\u00e9rez, clausuraron este lunes en Valtuille de Arriba (Villafranca del Bierzo) los talleres.<\/p>\n","protected":false},"author":3,"featured_media":133708,"comment_status":"closed","ping_status":"closed","sticky":false,"template":"","format":"standard","meta":{"_et_pb_use_builder":"","_et_pb_old_content":"","_et_gb_content_width":"","footnotes":""},"categories":[75,362,1],"tags":[],"class_list":["post-133704","post","type-post","status-publish","format-standard","has-post-thumbnail","hentry","category-formacion","category-igualdad","category-sin-categorizar"],"yoast_head":"<!-- This site is optimized with the Yoast SEO plugin v27.3 - https:\/\/yoast.com\/product\/yoast-seo-wordpress\/ -->\n<title>Medio centenar de mujeres del medio rural asistieron a las talleres de aprovechamiento del tel\u00e9fono inteligente - Consejo Comarcal del Bierzo<\/title>\n<meta name=\"robots\" content=\"index, follow, max-snippet:-1, max-image-preview:large, max-video-preview:-1\" \/>\n<link rel=\"canonical\" href=\"https:\/\/ccbierzo.com\/medio-centenar-de-mujeres-del-medio-rural-asistieron-a-las-talleres-para-aprender-a-usar-el-telefono-movil\/\" \/>\n<meta property=\"og:locale\" content=\"gl_ES\" \/>\n<meta property=\"og:type\" content=\"article\" \/>\n<meta property=\"og:title\" content=\"Medio centenar de mujeres del medio rural asistieron a las talleres de aprovechamiento del tel\u00e9fono inteligente - Consejo Comarcal del Bierzo\" \/>\n<meta property=\"og:description\" content=\"Las consejeras comarcales de Formaci\u00f3n, Empleo y Agenda 2030, Laura Fern\u00e1ndez, y de Turismo, Cristina P\u00e9rez, clausuraron este lunes en Valtuille de Arriba (Villafranca del Bierzo) los talleres.\" \/>\n<meta property=\"og:url\" content=\"https:\/\/ccbierzo.com\/medio-centenar-de-mujeres-del-medio-rural-asistieron-a-las-talleres-para-aprender-a-usar-el-telefono-movil\/\" \/>\n<meta property=\"og:site_name\" content=\"Consejo Comarcal del Bierzo\" \/>\n<meta property=\"article:published_time\" content=\"2024-11-11T18:28:00+00:00\" \/>\n<meta property=\"article:modified_time\" content=\"2024-11-13T10:42:40+00:00\" \/>\n<meta property=\"og:image\" content=\"https:\/\/ccbierzo.com\/wp-content\/uploads\/2024\/11\/IMG_20241111_185929_975.jpg\" \/>\n\t<meta property=\"og:image:width\" content=\"1440\" \/>\n\t<meta property=\"og:image:height\" content=\"1080\" \/>\n\t<meta property=\"og:image:type\" content=\"image\/jpeg\" \/>\n<meta name=\"author\" content=\"Marta Vidal\" \/>\n<meta name=\"twitter:card\" content=\"summary_large_image\" \/>\n<meta name=\"twitter:label1\" content=\"Escrito por\" \/>\n\t<meta name=\"twitter:data1\" content=\"Marta Vidal\" \/>\n\t<meta name=\"twitter:label2\" content=\"Tempo de lectura\" \/>\n\t<meta name=\"twitter:data2\" content=\"2 minutos\" \/>\n<script type=\"application\/ld+json\" class=\"yoast-schema-graph\">{\"@context\":\"https:\\\/\\\/schema.org\",\"@graph\":[{\"@type\":\"Article\",\"@id\":\"https:\\\/\\\/ccbierzo.com\\\/medio-centenar-de-mujeres-del-medio-rural-asistieron-a-las-talleres-para-aprender-a-usar-el-telefono-movil\\\/#article\",\"isPartOf\":{\"@id\":\"https:\\\/\\\/ccbierzo.com\\\/medio-centenar-de-mujeres-del-medio-rural-asistieron-a-las-talleres-para-aprender-a-usar-el-telefono-movil\\\/\"},\"author\":{\"name\":\"Marta Vidal\",\"@id\":\"https:\\\/\\\/ccbierzo.com\\\/gl\\\/#\\\/schema\\\/person\\\/4e9a8395b397b1d4b8695a5274072278\"},\"headline\":\"Medio centenar de mujeres del medio rural asistieron a las talleres de aprovechamiento del tel\u00e9fono inteligente\",\"datePublished\":\"2024-11-11T18:28:00+00:00\",\"dateModified\":\"2024-11-13T10:42:40+00:00\",\"mainEntityOfPage\":{\"@id\":\"https:\\\/\\\/ccbierzo.com\\\/medio-centenar-de-mujeres-del-medio-rural-asistieron-a-las-talleres-para-aprender-a-usar-el-telefono-movil\\\/\"},\"wordCount\":305,\"image\":{\"@id\":\"https:\\\/\\\/ccbierzo.com\\\/medio-centenar-de-mujeres-del-medio-rural-asistieron-a-las-talleres-para-aprender-a-usar-el-telefono-movil\\\/#primaryimage\"},\"thumbnailUrl\":\"https:\\\/\\\/ccbierzo.com\\\/wp-content\\\/uploads\\\/2024\\\/11\\\/IMG_20241111_185929_975.jpg\",\"articleSection\":[\"Formaci\u00f3n\",\"Igualdad\",\"Sin categorizar\"],\"inLanguage\":\"gl-ES\"},{\"@type\":\"WebPage\",\"@id\":\"https:\\\/\\\/ccbierzo.com\\\/medio-centenar-de-mujeres-del-medio-rural-asistieron-a-las-talleres-para-aprender-a-usar-el-telefono-movil\\\/\",\"url\":\"https:\\\/\\\/ccbierzo.com\\\/medio-centenar-de-mujeres-del-medio-rural-asistieron-a-las-talleres-para-aprender-a-usar-el-telefono-movil\\\/\",\"name\":\"Medio centenar de mujeres del medio rural asistieron a las talleres de aprovechamiento del tel\u00e9fono inteligente - Consejo Comarcal del Bierzo\",\"isPartOf\":{\"@id\":\"https:\\\/\\\/ccbierzo.com\\\/gl\\\/#website\"},\"primaryImageOfPage\":{\"@id\":\"https:\\\/\\\/ccbierzo.com\\\/medio-centenar-de-mujeres-del-medio-rural-asistieron-a-las-talleres-para-aprender-a-usar-el-telefono-movil\\\/#primaryimage\"},\"image\":{\"@id\":\"https:\\\/\\\/ccbierzo.com\\\/medio-centenar-de-mujeres-del-medio-rural-asistieron-a-las-talleres-para-aprender-a-usar-el-telefono-movil\\\/#primaryimage\"},\"thumbnailUrl\":\"https:\\\/\\\/ccbierzo.com\\\/wp-content\\\/uploads\\\/2024\\\/11\\\/IMG_20241111_185929_975.jpg\",\"datePublished\":\"2024-11-11T18:28:00+00:00\",\"dateModified\":\"2024-11-13T10:42:40+00:00\",\"author\":{\"@id\":\"https:\\\/\\\/ccbierzo.com\\\/gl\\\/#\\\/schema\\\/person\\\/4e9a8395b397b1d4b8695a5274072278\"},\"breadcrumb\":{\"@id\":\"https:\\\/\\\/ccbierzo.com\\\/medio-centenar-de-mujeres-del-medio-rural-asistieron-a-las-talleres-para-aprender-a-usar-el-telefono-movil\\\/#breadcrumb\"},\"inLanguage\":\"gl-ES\",\"potentialAction\":[{\"@type\":\"ReadAction\",\"target\":[\"https:\\\/\\\/ccbierzo.com\\\/medio-centenar-de-mujeres-del-medio-rural-asistieron-a-las-talleres-para-aprender-a-usar-el-telefono-movil\\\/\"]}]},{\"@type\":\"ImageObject\",\"inLanguage\":\"gl-ES\",\"@id\":\"https:\\\/\\\/ccbierzo.com\\\/medio-centenar-de-mujeres-del-medio-rural-asistieron-a-las-talleres-para-aprender-a-usar-el-telefono-movil\\\/#primaryimage\",\"url\":\"https:\\\/\\\/ccbierzo.com\\\/wp-content\\\/uploads\\\/2024\\\/11\\\/IMG_20241111_185929_975.jpg\",\"contentUrl\":\"https:\\\/\\\/ccbierzo.com\\\/wp-content\\\/uploads\\\/2024\\\/11\\\/IMG_20241111_185929_975.jpg\",\"width\":1440,\"height\":1080},{\"@type\":\"BreadcrumbList\",\"@id\":\"https:\\\/\\\/ccbierzo.com\\\/medio-centenar-de-mujeres-del-medio-rural-asistieron-a-las-talleres-para-aprender-a-usar-el-telefono-movil\\\/#breadcrumb\",\"itemListElement\":[{\"@type\":\"ListItem\",\"position\":1,\"name\":\"Portada\",\"item\":\"https:\\\/\\\/ccbierzo.com\\\/gl\\\/\"},{\"@type\":\"ListItem\",\"position\":2,\"name\":\"Medio centenar de mujeres del medio rural asistieron a las talleres de aprovechamiento del tel\u00e9fono inteligente\"}]},{\"@type\":\"WebSite\",\"@id\":\"https:\\\/\\\/ccbierzo.com\\\/gl\\\/#website\",\"url\":\"https:\\\/\\\/ccbierzo.com\\\/gl\\\/\",\"name\":\"Consejo Comarcal del Bierzo\",\"description\":\"P\u00e1gina Oficial del Consejo Comarcal del Bierzo\",\"potentialAction\":[{\"@type\":\"SearchAction\",\"target\":{\"@type\":\"EntryPoint\",\"urlTemplate\":\"https:\\\/\\\/ccbierzo.com\\\/gl\\\/?s={search_term_string}\"},\"query-input\":{\"@type\":\"PropertyValueSpecification\",\"valueRequired\":true,\"valueName\":\"search_term_string\"}}],\"inLanguage\":\"gl-ES\"},{\"@type\":\"Person\",\"@id\":\"https:\\\/\\\/ccbierzo.com\\\/gl\\\/#\\\/schema\\\/person\\\/4e9a8395b397b1d4b8695a5274072278\",\"name\":\"Marta Vidal\"}]}<\/script>\n<!-- \/ Yoast SEO plugin. -->","yoast_head_json":{"title":"Medio centenar de mujeres del medio rural asistieron a las talleres de aprovechamiento del tel\u00e9fono inteligente - Consejo Comarcal del Bierzo","robots":{"index":"index","follow":"follow","max-snippet":"max-snippet:-1","max-image-preview":"max-image-preview:large","max-video-preview":"max-video-preview:-1"},"canonical":"https:\/\/ccbierzo.com\/medio-centenar-de-mujeres-del-medio-rural-asistieron-a-las-talleres-para-aprender-a-usar-el-telefono-movil\/","og_locale":"gl_ES","og_type":"article","og_title":"Medio centenar de mujeres del medio rural asistieron a las talleres de aprovechamiento del tel\u00e9fono inteligente - Consejo Comarcal del Bierzo","og_description":"Las consejeras comarcales de Formaci\u00f3n, Empleo y Agenda 2030, Laura Fern\u00e1ndez, y de Turismo, Cristina P\u00e9rez, clausuraron este lunes en Valtuille de Arriba (Villafranca del Bierzo) los talleres.","og_url":"https:\/\/ccbierzo.com\/medio-centenar-de-mujeres-del-medio-rural-asistieron-a-las-talleres-para-aprender-a-usar-el-telefono-movil\/","og_site_name":"Consejo Comarcal del Bierzo","article_published_time":"2024-11-11T18:28:00+00:00","article_modified_time":"2024-11-13T10:42:40+00:00","og_image":[{"width":1440,"height":1080,"url":"https:\/\/ccbierzo.com\/wp-content\/uploads\/2024\/11\/IMG_20241111_185929_975.jpg","type":"image\/jpeg"}],"author":"Marta Vidal","twitter_card":"summary_large_image","twitter_misc":{"Escrito por":"Marta Vidal","Tempo de lectura":"2 minutos"},"schema":{"@context":"https:\/\/schema.org","@graph":[{"@type":"Article","@id":"https:\/\/ccbierzo.com\/medio-centenar-de-mujeres-del-medio-rural-asistieron-a-las-talleres-para-aprender-a-usar-el-telefono-movil\/#article","isPartOf":{"@id":"https:\/\/ccbierzo.com\/medio-centenar-de-mujeres-del-medio-rural-asistieron-a-las-talleres-para-aprender-a-usar-el-telefono-movil\/"},"author":{"name":"Marta Vidal","@id":"https:\/\/ccbierzo.com\/gl\/#\/schema\/person\/4e9a8395b397b1d4b8695a5274072278"},"headline":"Medio centenar de mujeres del medio rural asistieron a las talleres de aprovechamiento del tel\u00e9fono inteligente","datePublished":"2024-11-11T18:28:00+00:00","dateModified":"2024-11-13T10:42:40+00:00","mainEntityOfPage":{"@id":"https:\/\/ccbierzo.com\/medio-centenar-de-mujeres-del-medio-rural-asistieron-a-las-talleres-para-aprender-a-usar-el-telefono-movil\/"},"wordCount":305,"image":{"@id":"https:\/\/ccbierzo.com\/medio-centenar-de-mujeres-del-medio-rural-asistieron-a-las-talleres-para-aprender-a-usar-el-telefono-movil\/#primaryimage"},"thumbnailUrl":"https:\/\/ccbierzo.com\/wp-content\/uploads\/2024\/11\/IMG_20241111_185929_975.jpg","articleSection":["Formaci\u00f3n","Igualdad","Sin categorizar"],"inLanguage":"gl-ES"},{"@type":"WebPage","@id":"https:\/\/ccbierzo.com\/medio-centenar-de-mujeres-del-medio-rural-asistieron-a-las-talleres-para-aprender-a-usar-el-telefono-movil\/","url":"https:\/\/ccbierzo.com\/medio-centenar-de-mujeres-del-medio-rural-asistieron-a-las-talleres-para-aprender-a-usar-el-telefono-movil\/","name":"Medio centenar de mujeres del medio rural asistieron a las talleres de aprovechamiento del tel\u00e9fono inteligente - Consejo Comarcal del Bierzo","isPartOf":{"@id":"https:\/\/ccbierzo.com\/gl\/#website"},"primaryImageOfPage":{"@id":"https:\/\/ccbierzo.com\/medio-centenar-de-mujeres-del-medio-rural-asistieron-a-las-talleres-para-aprender-a-usar-el-telefono-movil\/#primaryimage"},"image":{"@id":"https:\/\/ccbierzo.com\/medio-centenar-de-mujeres-del-medio-rural-asistieron-a-las-talleres-para-aprender-a-usar-el-telefono-movil\/#primaryimage"},"thumbnailUrl":"https:\/\/ccbierzo.com\/wp-content\/uploads\/2024\/11\/IMG_20241111_185929_975.jpg","datePublished":"2024-11-11T18:28:00+00:00","dateModified":"2024-11-13T10:42:40+00:00","author":{"@id":"https:\/\/ccbierzo.com\/gl\/#\/schema\/person\/4e9a8395b397b1d4b8695a5274072278"},"breadcrumb":{"@id":"https:\/\/ccbierzo.com\/medio-centenar-de-mujeres-del-medio-rural-asistieron-a-las-talleres-para-aprender-a-usar-el-telefono-movil\/#breadcrumb"},"inLanguage":"gl-ES","potentialAction":[{"@type":"ReadAction","target":["https:\/\/ccbierzo.com\/medio-centenar-de-mujeres-del-medio-rural-asistieron-a-las-talleres-para-aprender-a-usar-el-telefono-movil\/"]}]},{"@type":"ImageObject","inLanguage":"gl-ES","@id":"https:\/\/ccbierzo.com\/medio-centenar-de-mujeres-del-medio-rural-asistieron-a-las-talleres-para-aprender-a-usar-el-telefono-movil\/#primaryimage","url":"https:\/\/ccbierzo.com\/wp-content\/uploads\/2024\/11\/IMG_20241111_185929_975.jpg","contentUrl":"https:\/\/ccbierzo.com\/wp-content\/uploads\/2024\/11\/IMG_20241111_185929_975.jpg","width":1440,"height":1080},{"@type":"BreadcrumbList","@id":"https:\/\/ccbierzo.com\/medio-centenar-de-mujeres-del-medio-rural-asistieron-a-las-talleres-para-aprender-a-usar-el-telefono-movil\/#breadcrumb","itemListElement":[{"@type":"ListItem","position":1,"name":"Portada","item":"https:\/\/ccbierzo.com\/gl\/"},{"@type":"ListItem","position":2,"name":"Medio centenar de mujeres del medio rural asistieron a las talleres de aprovechamiento del tel\u00e9fono inteligente"}]},{"@type":"WebSite","@id":"https:\/\/ccbierzo.com\/gl\/#website","url":"https:\/\/ccbierzo.com\/gl\/","name":"Consejo Comarcal del Bierzo","description":"P\u00e1gina Oficial del Consejo Comarcal del Bierzo","potentialAction":[{"@type":"SearchAction","target":{"@type":"EntryPoint","urlTemplate":"https:\/\/ccbierzo.com\/gl\/?s={search_term_string}"},"query-input":{"@type":"PropertyValueSpecification","valueRequired":true,"valueName":"search_term_string"}}],"inLanguage":"gl-ES"},{"@type":"Person","@id":"https:\/\/ccbierzo.com\/gl\/#\/schema\/person\/4e9a8395b397b1d4b8695a5274072278","name":"Marta Vidal"}]}},"_links":{"self":[{"href":"https:\/\/ccbierzo.com\/gl\/wp-json\/wp\/v2\/posts\/133704","targetHints":{"allow":["GET"]}}],"collection":[{"href":"https:\/\/ccbierzo.com\/gl\/wp-json\/wp\/v2\/posts"}],"about":[{"href":"https:\/\/ccbierzo.com\/gl\/wp-json\/wp\/v2\/types\/post"}],"author":[{"embeddable":true,"href":"https:\/\/ccbierzo.com\/gl\/wp-json\/wp\/v2\/users\/3"}],"replies":[{"embeddable":true,"href":"https:\/\/ccbierzo.com\/gl\/wp-json\/wp\/v2\/comments?post=133704"}],"version-history":[{"count":0,"href":"https:\/\/ccbierzo.com\/gl\/wp-json\/wp\/v2\/posts\/133704\/revisions"}],"wp:featuredmedia":[{"embeddable":true,"href":"https:\/\/ccbierzo.com\/gl\/wp-json\/wp\/v2\/media\/133708"}],"wp:attachment":[{"href":"https:\/\/ccbierzo.com\/gl\/wp-json\/wp\/v2\/media?parent=133704"}],"wp:term":[{"taxonomy":"category","embeddable":true,"href":"https:\/\/ccbierzo.com\/gl\/wp-json\/wp\/v2\/categories?post=133704"},{"taxonomy":"post_tag","embeddable":true,"href":"https:\/\/ccbierzo.com\/gl\/wp-json\/wp\/v2\/tags?post=133704"}],"curies":[{"name":"wp","href":"https:\/\/api.w.org\/{rel}","templated":true}]}}