{"id":133578,"date":"2024-10-23T13:48:11","date_gmt":"2024-10-23T11:48:11","guid":{"rendered":"https:\/\/ccbierzo.com\/?p=133578"},"modified":"2024-10-23T13:48:12","modified_gmt":"2024-10-23T11:48:12","slug":"el-consejo-celebra-una-jornada-informativa-para-fomentar-la-colaboracion-con-el-banco-de-tierras-en-diez-municipios","status":"publish","type":"post","link":"https:\/\/ccbierzo.com\/gl\/el-consejo-celebra-una-jornada-informativa-para-fomentar-la-colaboracion-con-el-banco-de-tierras-en-diez-municipios\/","title":{"rendered":"El Consejo celebra una jornada informativa para fomentar la colaboraci\u00f3n con el Banco de Tierras en diez municipios"},"content":{"rendered":"\n<p>El Banco de Tierras, servicio que presta el Consejo Comarcal, organiz\u00f3 este mi\u00e9rcoles una jornada informativa para fomentar la colaboraci\u00f3n con los diez ayuntamientos que participan en el programa de gesti\u00f3n de tierras infrautilizadas. Los municipios de <strong>Arganza<\/strong>, <strong>Molinaseca<\/strong>, <strong>Carracedelo<\/strong>, <strong>Cacabelos<\/strong>, <strong>Ponferrada<\/strong>, <strong>Corull\u00f3n<\/strong>, <strong>Villafranca del Bierzo<\/strong>, <strong>Camponaraya<\/strong>, <strong>Caba\u00f1as Raras <\/strong>y T<strong>oral de los Vados <\/strong>son los protagonistas de esta iniciativa, cuyo objetivo es impulsar una mayor implicaci\u00f3n de los representantes locales \u2014 alcaldes, concejales y personal t\u00e9cnico \u2014 para que puedan remitir a propietarios de fincas abandonadas o infrautilizadas, as\u00ed como a posibles demandantes de terrenos, al <strong><a href=\"https:\/\/www.bancodetierrasdelbierzo.es\/\">Banco de Tierras<\/a><\/strong>.<\/p>\n\n\n\n<p>El presidente del Consejo Comarcal del Bierzo, <strong>Olegario Ram\u00f3n<\/strong>, fue el encargado de inaugurar la jornada, mientras que el presidente de la Diputaci\u00f3n Provincial de Le\u00f3n, <strong>Gerardo \u00c1lvarez Courel<\/strong>, se encarg\u00f3 de la clausura. Adem\u00e1s, participaron numerosos representantes de los ayuntamientos, junto con personal t\u00e9cnico, y la jornada cont\u00f3 con la presencia del expresidente del Consejo Comarcal, <strong>Alfonso Arias<\/strong>, impulsor del <a href=\"https:\/\/www.bancodetierrasdelbierzo.es\/\">Banco de Tierras<\/a>, creado en 2013.<\/p>\n\n\n\n<p>Beatriz Anievas, gerente del Banco de Tierras, destac\u00f3 la importancia de la labor de los municipios en esta iniciativa, mencionando que ya no se trata de un proyecto nuevo, sino de uno consolidado por los resultados obtenidos a lo largo de 11 a\u00f1os. Anievas subray\u00f3 la <strong>necesidad de seguir captando fincas y nuevos demandantes<\/strong>, as\u00ed como de fomentar el relevo generacional en el sector agroalimentario. La <strong>campa\u00f1a de &#8220;Edici\u00f3n Limitada&#8221;<\/strong> es una de las acciones principales, que incluye una exposici\u00f3n itinerante con productos locales, no solo aquellos con sello de calidad, para poner en valor el potencial agr\u00edcola del Bierzo.<\/p>\n\n\n\n<p>El expresidente del Consejo Comarcal, Alfonso Arias, record\u00f3 los comienzos del proyecto, se\u00f1alando las <strong>dificultades iniciales para convencer a las personas propietarias <\/strong>de ceder sus tierras. Sin embargo, los resultados actuales avalan el esfuerzo, con cerca de 5.000 fincas gestionadas, de las cuales el 90% ya est\u00e1n en uso.  El anterior presidente de la instituci\u00f3n y actual presidente de la Diputaci\u00f3n, Gerardo \u00c1lvarez Courel, reafirm\u00f3 el <strong>compromiso de la Administraci\u00f3n Provincial<\/strong>, que incrementar\u00e1 su aportaci\u00f3n econ\u00f3mica al <a href=\"https:\/\/www.bancodetierrasdelbierzo.es\/\">Banco de Tierras<\/a> en el pr\u00f3ximo ejercicio, pasando de 90.000 a 108.000 euros, y alent\u00f3 a la Junta de Castilla y Le\u00f3n a implicarse en este proyecto que ha demostrado ser un motor econ\u00f3mico para la comarca del Bierzo.<\/p>\n\n\n\n<p>Por \u00faltimo, el presidente del Consejo Comarcal del Bierzo, Olegario Ram\u00f3n, hizo un <strong>llamamiento a los alcaldes y alcaldesas de la comarca, as\u00ed como a los ped\u00e1neos, para que informen a sus vecinos y vecinas <\/strong>sobre el <a href=\"https:\/\/www.bancodetierrasdelbierzo.es\/\">Banco de Tierras<\/a> y las garant\u00edas que este ofrece. Ram\u00f3n subray\u00f3 que el servicio permite mantener las fincas productivas, evitando la p\u00e9rdida de su valor. Destac\u00f3 que los propietarios pueden contar con asesoramiento gratuito y con todas las garant\u00edas necesarias. Adem\u00e1s, agradeci\u00f3 el apoyo de la Diputaci\u00f3n Provincial de Le\u00f3n, que financia el 80% del Banco de Tierras y solicit\u00f3 a la Junta de Castilla y Le\u00f3n que se comprometa con esta iniciativa, aprovechando la experiencia acumulada en la gesti\u00f3n de tierras infrautilizadas del Bierzo.<\/p>\n\n\n\n<div style=\"height:30px\" aria-hidden=\"true\" class=\"wp-block-spacer\"><\/div>\n\n\n\n<figure class=\"wp-block-gallery has-nested-images columns-default is-cropped wp-block-gallery-1 is-layout-flex wp-block-gallery-is-layout-flex\">\n<figure class=\"wp-block-image size-large\"><img loading=\"lazy\" decoding=\"async\" width=\"1024\" height=\"768\" data-id=\"133591\" src=\"https:\/\/ccbierzo.com\/wp-content\/uploads\/2024\/10\/jornadasbancotierras4-1024x768.jpeg\" alt=\"\" class=\"wp-image-133591\" srcset=\"https:\/\/ccbierzo.com\/wp-content\/uploads\/2024\/10\/jornadasbancotierras4-980x735.jpeg 980w, https:\/\/ccbierzo.com\/wp-content\/uploads\/2024\/10\/jornadasbancotierras4-480x360.jpeg 480w\" sizes=\"(min-width: 0px) and (max-width: 480px) 480px, (min-width: 481px) and (max-width: 980px) 980px, (min-width: 981px) 1024px, 100vw\" \/><\/figure>\n\n\n\n<figure class=\"wp-block-image size-large\"><img loading=\"lazy\" decoding=\"async\" width=\"1024\" height=\"768\" data-id=\"133589\" src=\"https:\/\/ccbierzo.com\/wp-content\/uploads\/2024\/10\/jornadasbancotierras7-1024x768.jpeg\" alt=\"\" class=\"wp-image-133589\" srcset=\"https:\/\/ccbierzo.com\/wp-content\/uploads\/2024\/10\/jornadasbancotierras7-980x735.jpeg 980w, https:\/\/ccbierzo.com\/wp-content\/uploads\/2024\/10\/jornadasbancotierras7-480x360.jpeg 480w\" sizes=\"(min-width: 0px) and (max-width: 480px) 480px, (min-width: 481px) and (max-width: 980px) 980px, (min-width: 981px) 1024px, 100vw\" \/><\/figure>\n\n\n\n<figure class=\"wp-block-image size-large\"><img loading=\"lazy\" decoding=\"async\" width=\"1024\" height=\"768\" data-id=\"133587\" src=\"https:\/\/ccbierzo.com\/wp-content\/uploads\/2024\/10\/jornadasbancotierras6-1024x768.jpeg\" alt=\"\" class=\"wp-image-133587\" srcset=\"https:\/\/ccbierzo.com\/wp-content\/uploads\/2024\/10\/jornadasbancotierras6-980x735.jpeg 980w, https:\/\/ccbierzo.com\/wp-content\/uploads\/2024\/10\/jornadasbancotierras6-480x360.jpeg 480w\" sizes=\"(min-width: 0px) and (max-width: 480px) 480px, (min-width: 481px) and (max-width: 980px) 980px, (min-width: 981px) 1024px, 100vw\" \/><\/figure>\n\n\n\n<figure class=\"wp-block-image size-large\"><img loading=\"lazy\" decoding=\"async\" width=\"1024\" height=\"768\" data-id=\"133585\" src=\"https:\/\/ccbierzo.com\/wp-content\/uploads\/2024\/10\/jornadasbancotierras5-1024x768.jpeg\" alt=\"\" class=\"wp-image-133585\" srcset=\"https:\/\/ccbierzo.com\/wp-content\/uploads\/2024\/10\/jornadasbancotierras5-980x735.jpeg 980w, https:\/\/ccbierzo.com\/wp-content\/uploads\/2024\/10\/jornadasbancotierras5-480x360.jpeg 480w\" sizes=\"(min-width: 0px) and (max-width: 480px) 480px, (min-width: 481px) and (max-width: 980px) 980px, (min-width: 981px) 1024px, 100vw\" \/><\/figure>\n\n\n\n<figure class=\"wp-block-image size-large\"><img loading=\"lazy\" decoding=\"async\" width=\"1024\" height=\"763\" data-id=\"133583\" src=\"https:\/\/ccbierzo.com\/wp-content\/uploads\/2024\/10\/jornadasbancotierras3.jpeg\" alt=\"\" class=\"wp-image-133583\" srcset=\"https:\/\/ccbierzo.com\/wp-content\/uploads\/2024\/10\/jornadasbancotierras3.jpeg 1024w, https:\/\/ccbierzo.com\/wp-content\/uploads\/2024\/10\/jornadasbancotierras3-980x730.jpeg 980w, https:\/\/ccbierzo.com\/wp-content\/uploads\/2024\/10\/jornadasbancotierras3-480x358.jpeg 480w\" sizes=\"(min-width: 0px) and (max-width: 480px) 480px, (min-width: 481px) and (max-width: 980px) 980px, (min-width: 981px) 1024px, 100vw\" \/><\/figure>\n\n\n\n<figure class=\"wp-block-image size-large\"><img loading=\"lazy\" decoding=\"async\" width=\"1024\" height=\"700\" data-id=\"133581\" src=\"https:\/\/ccbierzo.com\/wp-content\/uploads\/2024\/10\/jornadasbancotierras2.jpeg\" alt=\"\" class=\"wp-image-133581\" srcset=\"https:\/\/ccbierzo.com\/wp-content\/uploads\/2024\/10\/jornadasbancotierras2.jpeg 1024w, https:\/\/ccbierzo.com\/wp-content\/uploads\/2024\/10\/jornadasbancotierras2-980x670.jpeg 980w, https:\/\/ccbierzo.com\/wp-content\/uploads\/2024\/10\/jornadasbancotierras2-480x328.jpeg 480w\" sizes=\"(min-width: 0px) and (max-width: 480px) 480px, (min-width: 481px) and (max-width: 980px) 980px, (min-width: 981px) 1024px, 100vw\" \/><\/figure>\n\n\n\n<figure class=\"wp-block-image size-large\"><img loading=\"lazy\" decoding=\"async\" width=\"1024\" height=\"768\" data-id=\"133579\" src=\"https:\/\/ccbierzo.com\/wp-content\/uploads\/2024\/10\/jornadasbancotierras1-1024x768.jpeg\" alt=\"\" class=\"wp-image-133579\" srcset=\"https:\/\/ccbierzo.com\/wp-content\/uploads\/2024\/10\/jornadasbancotierras1-980x735.jpeg 980w, https:\/\/ccbierzo.com\/wp-content\/uploads\/2024\/10\/jornadasbancotierras1-480x360.jpeg 480w\" sizes=\"(min-width: 0px) and (max-width: 480px) 480px, (min-width: 481px) and (max-width: 980px) 980px, (min-width: 981px) 1024px, 100vw\" \/><\/figure>\n<\/figure>\n","protected":false},"excerpt":{"rendered":"<p>Los municipios de Arganza, Molinaseca, Carracedelo, Cacabelos, Ponferrada, Corull\u00f3n, Villafranca del Bierzo, Camponaraya, Caba\u00f1as Raras y Toral de los Vados son los protagonistas de esta iniciativa.<\/p>\n","protected":false},"author":3,"featured_media":133579,"comment_status":"closed","ping_status":"closed","sticky":false,"template":"","format":"standard","meta":{"_et_pb_use_builder":"","_et_pb_old_content":"","_et_gb_content_width":"","footnotes":""},"categories":[396],"tags":[294],"class_list":["post-133578","post","type-post","status-publish","format-standard","has-post-thumbnail","hentry","category-banco-de-tierras","tag-ponferrada"],"yoast_head":"<!-- This site is optimized with the Yoast SEO plugin v27.3 - https:\/\/yoast.com\/product\/yoast-seo-wordpress\/ -->\n<title>El Consejo celebra una jornada informativa para fomentar la colaboraci\u00f3n con el Banco de Tierras en diez municipios - Consejo Comarcal del Bierzo<\/title>\n<meta name=\"robots\" content=\"index, follow, max-snippet:-1, max-image-preview:large, max-video-preview:-1\" \/>\n<link rel=\"canonical\" href=\"https:\/\/ccbierzo.com\/el-consejo-celebra-una-jornada-informativa-para-fomentar-la-colaboracion-con-el-banco-de-tierras-en-diez-municipios\/\" \/>\n<meta property=\"og:locale\" content=\"gl_ES\" \/>\n<meta property=\"og:type\" content=\"article\" \/>\n<meta property=\"og:title\" content=\"El Consejo celebra una jornada informativa para fomentar la colaboraci\u00f3n con el Banco de Tierras en diez municipios - Consejo Comarcal del Bierzo\" \/>\n<meta property=\"og:description\" content=\"Los municipios de Arganza, Molinaseca, Carracedelo, Cacabelos, Ponferrada, Corull\u00f3n, Villafranca del Bierzo, Camponaraya, Caba\u00f1as Raras y Toral de los Vados son los protagonistas de esta iniciativa.\" \/>\n<meta property=\"og:url\" content=\"https:\/\/ccbierzo.com\/el-consejo-celebra-una-jornada-informativa-para-fomentar-la-colaboracion-con-el-banco-de-tierras-en-diez-municipios\/\" \/>\n<meta property=\"og:site_name\" content=\"Consejo Comarcal del Bierzo\" \/>\n<meta property=\"article:published_time\" content=\"2024-10-23T11:48:11+00:00\" \/>\n<meta property=\"article:modified_time\" content=\"2024-10-23T11:48:12+00:00\" \/>\n<meta property=\"og:image\" content=\"https:\/\/ccbierzo.com\/wp-content\/uploads\/2024\/10\/jornadasbancotierras1.jpeg\" \/>\n\t<meta property=\"og:image:width\" content=\"2048\" \/>\n\t<meta property=\"og:image:height\" content=\"1536\" \/>\n\t<meta property=\"og:image:type\" content=\"image\/jpeg\" \/>\n<meta name=\"author\" content=\"Marta Vidal\" \/>\n<meta name=\"twitter:card\" content=\"summary_large_image\" \/>\n<meta name=\"twitter:label1\" content=\"Escrito por\" \/>\n\t<meta name=\"twitter:data1\" content=\"Marta Vidal\" \/>\n\t<meta name=\"twitter:label2\" content=\"Tempo de lectura\" \/>\n\t<meta name=\"twitter:data2\" content=\"4 minutos\" \/>\n<script type=\"application\/ld+json\" class=\"yoast-schema-graph\">{\"@context\":\"https:\\\/\\\/schema.org\",\"@graph\":[{\"@type\":\"Article\",\"@id\":\"https:\\\/\\\/ccbierzo.com\\\/el-consejo-celebra-una-jornada-informativa-para-fomentar-la-colaboracion-con-el-banco-de-tierras-en-diez-municipios\\\/#article\",\"isPartOf\":{\"@id\":\"https:\\\/\\\/ccbierzo.com\\\/el-consejo-celebra-una-jornada-informativa-para-fomentar-la-colaboracion-con-el-banco-de-tierras-en-diez-municipios\\\/\"},\"author\":{\"name\":\"Marta Vidal\",\"@id\":\"https:\\\/\\\/ccbierzo.com\\\/gl\\\/#\\\/schema\\\/person\\\/4e9a8395b397b1d4b8695a5274072278\"},\"headline\":\"El Consejo celebra una jornada informativa para fomentar la colaboraci\u00f3n con el Banco de Tierras en diez municipios\",\"datePublished\":\"2024-10-23T11:48:11+00:00\",\"dateModified\":\"2024-10-23T11:48:12+00:00\",\"mainEntityOfPage\":{\"@id\":\"https:\\\/\\\/ccbierzo.com\\\/el-consejo-celebra-una-jornada-informativa-para-fomentar-la-colaboracion-con-el-banco-de-tierras-en-diez-municipios\\\/\"},\"wordCount\":553,\"image\":{\"@id\":\"https:\\\/\\\/ccbierzo.com\\\/el-consejo-celebra-una-jornada-informativa-para-fomentar-la-colaboracion-con-el-banco-de-tierras-en-diez-municipios\\\/#primaryimage\"},\"thumbnailUrl\":\"https:\\\/\\\/ccbierzo.com\\\/wp-content\\\/uploads\\\/2024\\\/10\\\/jornadasbancotierras1.jpeg\",\"keywords\":[\"Ponferrada\"],\"articleSection\":[\"Banco de Tierras\"],\"inLanguage\":\"gl-ES\"},{\"@type\":\"WebPage\",\"@id\":\"https:\\\/\\\/ccbierzo.com\\\/el-consejo-celebra-una-jornada-informativa-para-fomentar-la-colaboracion-con-el-banco-de-tierras-en-diez-municipios\\\/\",\"url\":\"https:\\\/\\\/ccbierzo.com\\\/el-consejo-celebra-una-jornada-informativa-para-fomentar-la-colaboracion-con-el-banco-de-tierras-en-diez-municipios\\\/\",\"name\":\"El Consejo celebra una jornada informativa para fomentar la colaboraci\u00f3n con el Banco de Tierras en diez municipios - Consejo Comarcal del Bierzo\",\"isPartOf\":{\"@id\":\"https:\\\/\\\/ccbierzo.com\\\/gl\\\/#website\"},\"primaryImageOfPage\":{\"@id\":\"https:\\\/\\\/ccbierzo.com\\\/el-consejo-celebra-una-jornada-informativa-para-fomentar-la-colaboracion-con-el-banco-de-tierras-en-diez-municipios\\\/#primaryimage\"},\"image\":{\"@id\":\"https:\\\/\\\/ccbierzo.com\\\/el-consejo-celebra-una-jornada-informativa-para-fomentar-la-colaboracion-con-el-banco-de-tierras-en-diez-municipios\\\/#primaryimage\"},\"thumbnailUrl\":\"https:\\\/\\\/ccbierzo.com\\\/wp-content\\\/uploads\\\/2024\\\/10\\\/jornadasbancotierras1.jpeg\",\"datePublished\":\"2024-10-23T11:48:11+00:00\",\"dateModified\":\"2024-10-23T11:48:12+00:00\",\"author\":{\"@id\":\"https:\\\/\\\/ccbierzo.com\\\/gl\\\/#\\\/schema\\\/person\\\/4e9a8395b397b1d4b8695a5274072278\"},\"breadcrumb\":{\"@id\":\"https:\\\/\\\/ccbierzo.com\\\/el-consejo-celebra-una-jornada-informativa-para-fomentar-la-colaboracion-con-el-banco-de-tierras-en-diez-municipios\\\/#breadcrumb\"},\"inLanguage\":\"gl-ES\",\"potentialAction\":[{\"@type\":\"ReadAction\",\"target\":[\"https:\\\/\\\/ccbierzo.com\\\/el-consejo-celebra-una-jornada-informativa-para-fomentar-la-colaboracion-con-el-banco-de-tierras-en-diez-municipios\\\/\"]}]},{\"@type\":\"ImageObject\",\"inLanguage\":\"gl-ES\",\"@id\":\"https:\\\/\\\/ccbierzo.com\\\/el-consejo-celebra-una-jornada-informativa-para-fomentar-la-colaboracion-con-el-banco-de-tierras-en-diez-municipios\\\/#primaryimage\",\"url\":\"https:\\\/\\\/ccbierzo.com\\\/wp-content\\\/uploads\\\/2024\\\/10\\\/jornadasbancotierras1.jpeg\",\"contentUrl\":\"https:\\\/\\\/ccbierzo.com\\\/wp-content\\\/uploads\\\/2024\\\/10\\\/jornadasbancotierras1.jpeg\",\"width\":2048,\"height\":1536},{\"@type\":\"BreadcrumbList\",\"@id\":\"https:\\\/\\\/ccbierzo.com\\\/el-consejo-celebra-una-jornada-informativa-para-fomentar-la-colaboracion-con-el-banco-de-tierras-en-diez-municipios\\\/#breadcrumb\",\"itemListElement\":[{\"@type\":\"ListItem\",\"position\":1,\"name\":\"Portada\",\"item\":\"https:\\\/\\\/ccbierzo.com\\\/gl\\\/\"},{\"@type\":\"ListItem\",\"position\":2,\"name\":\"El Consejo celebra una jornada informativa para fomentar la colaboraci\u00f3n con el Banco de Tierras en diez municipios\"}]},{\"@type\":\"WebSite\",\"@id\":\"https:\\\/\\\/ccbierzo.com\\\/gl\\\/#website\",\"url\":\"https:\\\/\\\/ccbierzo.com\\\/gl\\\/\",\"name\":\"Consejo Comarcal del Bierzo\",\"description\":\"P\u00e1gina Oficial del Consejo Comarcal del Bierzo\",\"potentialAction\":[{\"@type\":\"SearchAction\",\"target\":{\"@type\":\"EntryPoint\",\"urlTemplate\":\"https:\\\/\\\/ccbierzo.com\\\/gl\\\/?s={search_term_string}\"},\"query-input\":{\"@type\":\"PropertyValueSpecification\",\"valueRequired\":true,\"valueName\":\"search_term_string\"}}],\"inLanguage\":\"gl-ES\"},{\"@type\":\"Person\",\"@id\":\"https:\\\/\\\/ccbierzo.com\\\/gl\\\/#\\\/schema\\\/person\\\/4e9a8395b397b1d4b8695a5274072278\",\"name\":\"Marta Vidal\"}]}<\/script>\n<!-- \/ Yoast SEO plugin. -->","yoast_head_json":{"title":"El Consejo celebra una jornada informativa para fomentar la colaboraci\u00f3n con el Banco de Tierras en diez municipios - Consejo Comarcal del Bierzo","robots":{"index":"index","follow":"follow","max-snippet":"max-snippet:-1","max-image-preview":"max-image-preview:large","max-video-preview":"max-video-preview:-1"},"canonical":"https:\/\/ccbierzo.com\/el-consejo-celebra-una-jornada-informativa-para-fomentar-la-colaboracion-con-el-banco-de-tierras-en-diez-municipios\/","og_locale":"gl_ES","og_type":"article","og_title":"El Consejo celebra una jornada informativa para fomentar la colaboraci\u00f3n con el Banco de Tierras en diez municipios - Consejo Comarcal del Bierzo","og_description":"Los municipios de Arganza, Molinaseca, Carracedelo, Cacabelos, Ponferrada, Corull\u00f3n, Villafranca del Bierzo, Camponaraya, Caba\u00f1as Raras y Toral de los Vados son los protagonistas de esta iniciativa.","og_url":"https:\/\/ccbierzo.com\/el-consejo-celebra-una-jornada-informativa-para-fomentar-la-colaboracion-con-el-banco-de-tierras-en-diez-municipios\/","og_site_name":"Consejo Comarcal del Bierzo","article_published_time":"2024-10-23T11:48:11+00:00","article_modified_time":"2024-10-23T11:48:12+00:00","og_image":[{"width":2048,"height":1536,"url":"https:\/\/ccbierzo.com\/wp-content\/uploads\/2024\/10\/jornadasbancotierras1.jpeg","type":"image\/jpeg"}],"author":"Marta Vidal","twitter_card":"summary_large_image","twitter_misc":{"Escrito por":"Marta Vidal","Tempo de lectura":"4 minutos"},"schema":{"@context":"https:\/\/schema.org","@graph":[{"@type":"Article","@id":"https:\/\/ccbierzo.com\/el-consejo-celebra-una-jornada-informativa-para-fomentar-la-colaboracion-con-el-banco-de-tierras-en-diez-municipios\/#article","isPartOf":{"@id":"https:\/\/ccbierzo.com\/el-consejo-celebra-una-jornada-informativa-para-fomentar-la-colaboracion-con-el-banco-de-tierras-en-diez-municipios\/"},"author":{"name":"Marta Vidal","@id":"https:\/\/ccbierzo.com\/gl\/#\/schema\/person\/4e9a8395b397b1d4b8695a5274072278"},"headline":"El Consejo celebra una jornada informativa para fomentar la colaboraci\u00f3n con el Banco de Tierras en diez municipios","datePublished":"2024-10-23T11:48:11+00:00","dateModified":"2024-10-23T11:48:12+00:00","mainEntityOfPage":{"@id":"https:\/\/ccbierzo.com\/el-consejo-celebra-una-jornada-informativa-para-fomentar-la-colaboracion-con-el-banco-de-tierras-en-diez-municipios\/"},"wordCount":553,"image":{"@id":"https:\/\/ccbierzo.com\/el-consejo-celebra-una-jornada-informativa-para-fomentar-la-colaboracion-con-el-banco-de-tierras-en-diez-municipios\/#primaryimage"},"thumbnailUrl":"https:\/\/ccbierzo.com\/wp-content\/uploads\/2024\/10\/jornadasbancotierras1.jpeg","keywords":["Ponferrada"],"articleSection":["Banco de Tierras"],"inLanguage":"gl-ES"},{"@type":"WebPage","@id":"https:\/\/ccbierzo.com\/el-consejo-celebra-una-jornada-informativa-para-fomentar-la-colaboracion-con-el-banco-de-tierras-en-diez-municipios\/","url":"https:\/\/ccbierzo.com\/el-consejo-celebra-una-jornada-informativa-para-fomentar-la-colaboracion-con-el-banco-de-tierras-en-diez-municipios\/","name":"El Consejo celebra una jornada informativa para fomentar la colaboraci\u00f3n con el Banco de Tierras en diez municipios - Consejo Comarcal del Bierzo","isPartOf":{"@id":"https:\/\/ccbierzo.com\/gl\/#website"},"primaryImageOfPage":{"@id":"https:\/\/ccbierzo.com\/el-consejo-celebra-una-jornada-informativa-para-fomentar-la-colaboracion-con-el-banco-de-tierras-en-diez-municipios\/#primaryimage"},"image":{"@id":"https:\/\/ccbierzo.com\/el-consejo-celebra-una-jornada-informativa-para-fomentar-la-colaboracion-con-el-banco-de-tierras-en-diez-municipios\/#primaryimage"},"thumbnailUrl":"https:\/\/ccbierzo.com\/wp-content\/uploads\/2024\/10\/jornadasbancotierras1.jpeg","datePublished":"2024-10-23T11:48:11+00:00","dateModified":"2024-10-23T11:48:12+00:00","author":{"@id":"https:\/\/ccbierzo.com\/gl\/#\/schema\/person\/4e9a8395b397b1d4b8695a5274072278"},"breadcrumb":{"@id":"https:\/\/ccbierzo.com\/el-consejo-celebra-una-jornada-informativa-para-fomentar-la-colaboracion-con-el-banco-de-tierras-en-diez-municipios\/#breadcrumb"},"inLanguage":"gl-ES","potentialAction":[{"@type":"ReadAction","target":["https:\/\/ccbierzo.com\/el-consejo-celebra-una-jornada-informativa-para-fomentar-la-colaboracion-con-el-banco-de-tierras-en-diez-municipios\/"]}]},{"@type":"ImageObject","inLanguage":"gl-ES","@id":"https:\/\/ccbierzo.com\/el-consejo-celebra-una-jornada-informativa-para-fomentar-la-colaboracion-con-el-banco-de-tierras-en-diez-municipios\/#primaryimage","url":"https:\/\/ccbierzo.com\/wp-content\/uploads\/2024\/10\/jornadasbancotierras1.jpeg","contentUrl":"https:\/\/ccbierzo.com\/wp-content\/uploads\/2024\/10\/jornadasbancotierras1.jpeg","width":2048,"height":1536},{"@type":"BreadcrumbList","@id":"https:\/\/ccbierzo.com\/el-consejo-celebra-una-jornada-informativa-para-fomentar-la-colaboracion-con-el-banco-de-tierras-en-diez-municipios\/#breadcrumb","itemListElement":[{"@type":"ListItem","position":1,"name":"Portada","item":"https:\/\/ccbierzo.com\/gl\/"},{"@type":"ListItem","position":2,"name":"El Consejo celebra una jornada informativa para fomentar la colaboraci\u00f3n con el Banco de Tierras en diez municipios"}]},{"@type":"WebSite","@id":"https:\/\/ccbierzo.com\/gl\/#website","url":"https:\/\/ccbierzo.com\/gl\/","name":"Consejo Comarcal del Bierzo","description":"P\u00e1gina Oficial del Consejo Comarcal del Bierzo","potentialAction":[{"@type":"SearchAction","target":{"@type":"EntryPoint","urlTemplate":"https:\/\/ccbierzo.com\/gl\/?s={search_term_string}"},"query-input":{"@type":"PropertyValueSpecification","valueRequired":true,"valueName":"search_term_string"}}],"inLanguage":"gl-ES"},{"@type":"Person","@id":"https:\/\/ccbierzo.com\/gl\/#\/schema\/person\/4e9a8395b397b1d4b8695a5274072278","name":"Marta Vidal"}]}},"_links":{"self":[{"href":"https:\/\/ccbierzo.com\/gl\/wp-json\/wp\/v2\/posts\/133578","targetHints":{"allow":["GET"]}}],"collection":[{"href":"https:\/\/ccbierzo.com\/gl\/wp-json\/wp\/v2\/posts"}],"about":[{"href":"https:\/\/ccbierzo.com\/gl\/wp-json\/wp\/v2\/types\/post"}],"author":[{"embeddable":true,"href":"https:\/\/ccbierzo.com\/gl\/wp-json\/wp\/v2\/users\/3"}],"replies":[{"embeddable":true,"href":"https:\/\/ccbierzo.com\/gl\/wp-json\/wp\/v2\/comments?post=133578"}],"version-history":[{"count":0,"href":"https:\/\/ccbierzo.com\/gl\/wp-json\/wp\/v2\/posts\/133578\/revisions"}],"wp:featuredmedia":[{"embeddable":true,"href":"https:\/\/ccbierzo.com\/gl\/wp-json\/wp\/v2\/media\/133579"}],"wp:attachment":[{"href":"https:\/\/ccbierzo.com\/gl\/wp-json\/wp\/v2\/media?parent=133578"}],"wp:term":[{"taxonomy":"category","embeddable":true,"href":"https:\/\/ccbierzo.com\/gl\/wp-json\/wp\/v2\/categories?post=133578"},{"taxonomy":"post_tag","embeddable":true,"href":"https:\/\/ccbierzo.com\/gl\/wp-json\/wp\/v2\/tags?post=133578"}],"curies":[{"name":"wp","href":"https:\/\/api.w.org\/{rel}","templated":true}]}}