{"id":133521,"date":"2024-10-16T11:52:52","date_gmt":"2024-10-16T09:52:52","guid":{"rendered":"https:\/\/ccbierzo.com\/?p=133521"},"modified":"2024-10-16T11:52:55","modified_gmt":"2024-10-16T09:52:55","slug":"personalidades-del-ambito-de-la-politica-el-periodismo-y-la-cultura-se-dan-cita-en-la-presentacion-de-las-xl-jornadas-gastronomicas-del-bierzo-en-madrid","status":"publish","type":"post","link":"https:\/\/ccbierzo.com\/gl\/personalidades-del-ambito-de-la-politica-el-periodismo-y-la-cultura-se-dan-cita-en-la-presentacion-de-las-xl-jornadas-gastronomicas-del-bierzo-en-madrid\/","title":{"rendered":"Personalidades del \u00e1mbito de la pol\u00edtica, el periodismo y la cultura se dan cita en la presentaci\u00f3n de las XL Jornadas Gastron\u00f3micas del Bierzo en Madrid"},"content":{"rendered":"\n<p>El presidente del Consejo Comarcal, Olegario Ram\u00f3n, y la consejera comarcal de Turismo, Cristina P\u00e9rez, presentaron este martes en Madrid la cuadrag\u00e9sima edici\u00f3n de las Jornadas Gastron\u00f3micas. El evento, celebrado en el restaurante Le Qualit\u00e9 Tasca, cont\u00f3 con la destacada presencia del <strong>expresidente del Gobierno, Jos\u00e9 Luis Rodr\u00edguez Zapatero<\/strong>, quien, en su intervenci\u00f3n, elogi\u00f3 la calidad de los productos del Bierzo. Zapatero record\u00f3 sus m\u00faltiples visitas a la comarca, a la que defini\u00f3 como un lugar que &#8220;le hace apreciar m\u00e1s la vida&#8221;.<\/p>\n\n\n\n<p>Adem\u00e1s del expresidente, al acto asistieron numerosos bercianos y bercianas residentes en Madrid, entre ellos <strong>Juanma G. Colinas<\/strong>, mantenedor de las Jornadas de este a\u00f1o.<\/p>\n\n\n\n<p>La cita tambi\u00e9n reuni\u00f3 a destacadas personalidades del \u00e1mbito de la comunicaci\u00f3n y la cultura. Entre los presentes estuvieron <strong>Pablo Mor\u00e1n<\/strong>, jefe de Internacional de la Cadena SER; <strong>Soraya P\u00e9rez Est\u00e9banez<\/strong>, jefa de prensa del Hospital Ram\u00f3n y Cajal; <strong>Raquel Pel\u00e1ez<\/strong>, subdirectora de la revista <em>S Moda<\/em>; <strong>Daniel Gavela<\/strong>, exdirector de la Cadena SER y de Prisa Radio; <strong>Pablo Otero<\/strong>, redactor de <em>Marca<\/em>, y <strong>Sara Jusuy<\/strong>, directora de cuentas de la agencia de comunicaci\u00f3n <em>Quum<\/em>.<\/p>\n\n\n\n<p>Tambi\u00e9n acudieron <strong>Carmen M\u00e9ndez<\/strong>, directora de la Revista Hosteler\u00eda y miembro de la <strong>Casa del Bierzo en Madrid<\/strong>, el <strong>pintor cacabelense Jos\u00e9 S\u00e1nchez Carralero<\/strong> y los due\u00f1os de la bodega <strong>An\u00edbal Otero<\/strong>, que participan en estas jornadas con catas de sus vinos, adem\u00e1s de un nutrido grupo de bercianos y bercianas residentes en la capital.<br><\/p>\n\n\n\n<p>El restaurante <strong>Le Qualit\u00e9 Tasca<\/strong>, uno de los 25 establecimientos participantes en esta edici\u00f3n de las Jornadas Gastron\u00f3micas del Bierzo, est\u00e1 regentado por <strong>Mar\u00eda Ant\u00f3n<\/strong> y el berciano <strong>Marcos Gavela<\/strong> y ofrecen una cocina donde los productos bercianos tienen un especial protagonismo.<\/p>\n\n\n\n<p>Adem\u00e1s del presidente y de la consejera de Turismo, asistieron al acto las consejeras comarcales Susana Folla, Laura Fern\u00e1ndez y Henar Garc\u00eda. Las pr\u00f3ximas presentaciones de las Jornadas se celebrar\u00e1n este viernes en O Barco de Valdeorras y el lunes en Le\u00f3n.<\/p>\n\n\n\n<p>Las Jornadas Gastron\u00f3micas comenzaron el pasado viernes y se celebrar\u00e1n hasta el 10 de diciembre en 25 restaurantes y 12 bodegas de la Denominaci\u00f3n de Origen Bierzo. El folleto est\u00e1 disponible en <a href=\"https:\/\/www.turismodelbierzo.es\/jornada-gastronomicas-2024\/\"><strong>Turismo del Bierzo<\/strong><\/a> para su descarga o se puede recoger en las oficinas del Consejo Comarcal del Bierzo.<\/p>\n\n\n\n<div style=\"height:30px\" aria-hidden=\"true\" class=\"wp-block-spacer\"><\/div>\n\n\n\n<p><br><\/p>\n\n\n\n<figure class=\"wp-block-gallery has-nested-images columns-default is-cropped wp-block-gallery-1 is-layout-flex wp-block-gallery-is-layout-flex\">\n<figure class=\"wp-block-image size-large\"><img loading=\"lazy\" decoding=\"async\" width=\"1024\" height=\"768\" data-id=\"133539\" src=\"https:\/\/ccbierzo.com\/wp-content\/uploads\/2024\/10\/madrid12-1024x768.jpeg\" alt=\"\" class=\"wp-image-133539\" srcset=\"https:\/\/ccbierzo.com\/wp-content\/uploads\/2024\/10\/madrid12-980x735.jpeg 980w, https:\/\/ccbierzo.com\/wp-content\/uploads\/2024\/10\/madrid12-480x360.jpeg 480w\" sizes=\"(min-width: 0px) and (max-width: 480px) 480px, (min-width: 481px) and (max-width: 980px) 980px, (min-width: 981px) 1024px, 100vw\" \/><\/figure>\n\n\n\n<figure class=\"wp-block-image size-large\"><img loading=\"lazy\" decoding=\"async\" width=\"1024\" height=\"768\" data-id=\"133537\" src=\"https:\/\/ccbierzo.com\/wp-content\/uploads\/2024\/10\/madrid11-1024x768.jpeg\" alt=\"\" class=\"wp-image-133537\" srcset=\"https:\/\/ccbierzo.com\/wp-content\/uploads\/2024\/10\/madrid11-980x735.jpeg 980w, https:\/\/ccbierzo.com\/wp-content\/uploads\/2024\/10\/madrid11-480x360.jpeg 480w\" sizes=\"(min-width: 0px) and (max-width: 480px) 480px, (min-width: 481px) and (max-width: 980px) 980px, (min-width: 981px) 1024px, 100vw\" \/><\/figure>\n\n\n\n<figure class=\"wp-block-image size-large\"><img loading=\"lazy\" decoding=\"async\" width=\"1024\" height=\"768\" data-id=\"133535\" src=\"https:\/\/ccbierzo.com\/wp-content\/uploads\/2024\/10\/madrid9-1024x768.jpeg\" alt=\"\" class=\"wp-image-133535\" srcset=\"https:\/\/ccbierzo.com\/wp-content\/uploads\/2024\/10\/madrid9-980x735.jpeg 980w, https:\/\/ccbierzo.com\/wp-content\/uploads\/2024\/10\/madrid9-480x360.jpeg 480w\" sizes=\"(min-width: 0px) and (max-width: 480px) 480px, (min-width: 481px) and (max-width: 980px) 980px, (min-width: 981px) 1024px, 100vw\" \/><\/figure>\n\n\n\n<figure class=\"wp-block-image size-large\"><img loading=\"lazy\" decoding=\"async\" width=\"1024\" height=\"768\" data-id=\"133533\" src=\"https:\/\/ccbierzo.com\/wp-content\/uploads\/2024\/10\/madrid8-1024x768.jpeg\" alt=\"\" class=\"wp-image-133533\" srcset=\"https:\/\/ccbierzo.com\/wp-content\/uploads\/2024\/10\/madrid8-980x735.jpeg 980w, https:\/\/ccbierzo.com\/wp-content\/uploads\/2024\/10\/madrid8-480x360.jpeg 480w\" sizes=\"(min-width: 0px) and (max-width: 480px) 480px, (min-width: 481px) and (max-width: 980px) 980px, (min-width: 981px) 1024px, 100vw\" \/><\/figure>\n\n\n\n<figure class=\"wp-block-image size-large\"><img loading=\"lazy\" decoding=\"async\" width=\"1024\" height=\"768\" data-id=\"133531\" src=\"https:\/\/ccbierzo.com\/wp-content\/uploads\/2024\/10\/madrid7-1024x768.jpeg\" alt=\"\" class=\"wp-image-133531\" srcset=\"https:\/\/ccbierzo.com\/wp-content\/uploads\/2024\/10\/madrid7-980x735.jpeg 980w, https:\/\/ccbierzo.com\/wp-content\/uploads\/2024\/10\/madrid7-480x360.jpeg 480w\" sizes=\"(min-width: 0px) and (max-width: 480px) 480px, (min-width: 481px) and (max-width: 980px) 980px, (min-width: 981px) 1024px, 100vw\" \/><\/figure>\n\n\n\n<figure class=\"wp-block-image size-large\"><img loading=\"lazy\" decoding=\"async\" width=\"1024\" height=\"768\" data-id=\"133529\" src=\"https:\/\/ccbierzo.com\/wp-content\/uploads\/2024\/10\/madrid6-1024x768.jpeg\" alt=\"\" class=\"wp-image-133529\" srcset=\"https:\/\/ccbierzo.com\/wp-content\/uploads\/2024\/10\/madrid6-980x735.jpeg 980w, https:\/\/ccbierzo.com\/wp-content\/uploads\/2024\/10\/madrid6-480x360.jpeg 480w\" sizes=\"(min-width: 0px) and (max-width: 480px) 480px, (min-width: 481px) and (max-width: 980px) 980px, (min-width: 981px) 1024px, 100vw\" \/><\/figure>\n\n\n\n<figure class=\"wp-block-image size-large\"><img loading=\"lazy\" decoding=\"async\" width=\"1024\" height=\"768\" data-id=\"133527\" src=\"https:\/\/ccbierzo.com\/wp-content\/uploads\/2024\/10\/madrid5-1024x768.jpeg\" alt=\"\" class=\"wp-image-133527\" srcset=\"https:\/\/ccbierzo.com\/wp-content\/uploads\/2024\/10\/madrid5-980x735.jpeg 980w, https:\/\/ccbierzo.com\/wp-content\/uploads\/2024\/10\/madrid5-480x360.jpeg 480w\" sizes=\"(min-width: 0px) and (max-width: 480px) 480px, (min-width: 481px) and (max-width: 980px) 980px, (min-width: 981px) 1024px, 100vw\" \/><\/figure>\n\n\n\n<figure class=\"wp-block-image size-large\"><img loading=\"lazy\" decoding=\"async\" width=\"1024\" height=\"768\" data-id=\"133525\" src=\"https:\/\/ccbierzo.com\/wp-content\/uploads\/2024\/10\/madrid3-1024x768.jpeg\" alt=\"\" class=\"wp-image-133525\" srcset=\"https:\/\/ccbierzo.com\/wp-content\/uploads\/2024\/10\/madrid3-980x735.jpeg 980w, https:\/\/ccbierzo.com\/wp-content\/uploads\/2024\/10\/madrid3-480x360.jpeg 480w\" sizes=\"(min-width: 0px) and (max-width: 480px) 480px, (min-width: 481px) and (max-width: 980px) 980px, (min-width: 981px) 1024px, 100vw\" \/><\/figure>\n\n\n\n<figure class=\"wp-block-image size-large\"><img loading=\"lazy\" decoding=\"async\" width=\"1024\" height=\"768\" data-id=\"133523\" src=\"https:\/\/ccbierzo.com\/wp-content\/uploads\/2024\/10\/madrid1-1024x768.jpeg\" alt=\"\" class=\"wp-image-133523\" srcset=\"https:\/\/ccbierzo.com\/wp-content\/uploads\/2024\/10\/madrid1-980x735.jpeg 980w, https:\/\/ccbierzo.com\/wp-content\/uploads\/2024\/10\/madrid1-480x360.jpeg 480w\" sizes=\"(min-width: 0px) and (max-width: 480px) 480px, (min-width: 481px) and (max-width: 980px) 980px, (min-width: 981px) 1024px, 100vw\" \/><\/figure>\n<\/figure>\n","protected":false},"excerpt":{"rendered":"<p>El evento, celebrado en el restaurante Le Qualit\u00e9 Tasca, cont\u00f3 con la destacada presencia del expresidente del Gobierno, Jos\u00e9 Luis Rodr\u00edguez Zapatero.<\/p>\n","protected":false},"author":3,"featured_media":133539,"comment_status":"closed","ping_status":"closed","sticky":false,"template":"","format":"standard","meta":{"_et_pb_use_builder":"","_et_pb_old_content":"","_et_gb_content_width":"","footnotes":""},"categories":[25],"tags":[414],"class_list":["post-133521","post","type-post","status-publish","format-standard","has-post-thumbnail","hentry","category-turismo","tag-madrid"],"yoast_head":"<!-- This site is optimized with the Yoast SEO plugin v27.3 - https:\/\/yoast.com\/product\/yoast-seo-wordpress\/ -->\n<title>Personalidades del \u00e1mbito de la pol\u00edtica, el periodismo y la cultura se dan cita en la presentaci\u00f3n de las XL Jornadas Gastron\u00f3micas del Bierzo en Madrid - Consejo Comarcal del Bierzo<\/title>\n<meta name=\"robots\" content=\"index, follow, max-snippet:-1, max-image-preview:large, max-video-preview:-1\" \/>\n<link rel=\"canonical\" href=\"https:\/\/ccbierzo.com\/personalidades-del-ambito-de-la-politica-el-periodismo-y-la-cultura-se-dan-cita-en-la-presentacion-de-las-xl-jornadas-gastronomicas-del-bierzo-en-madrid\/\" \/>\n<meta property=\"og:locale\" content=\"gl_ES\" \/>\n<meta property=\"og:type\" content=\"article\" \/>\n<meta property=\"og:title\" content=\"Personalidades del \u00e1mbito de la pol\u00edtica, el periodismo y la cultura se dan cita en la presentaci\u00f3n de las XL Jornadas Gastron\u00f3micas del Bierzo en Madrid - Consejo Comarcal del Bierzo\" \/>\n<meta property=\"og:description\" content=\"El evento, celebrado en el restaurante Le Qualit\u00e9 Tasca, cont\u00f3 con la destacada presencia del expresidente del Gobierno, Jos\u00e9 Luis Rodr\u00edguez Zapatero.\" \/>\n<meta property=\"og:url\" content=\"https:\/\/ccbierzo.com\/personalidades-del-ambito-de-la-politica-el-periodismo-y-la-cultura-se-dan-cita-en-la-presentacion-de-las-xl-jornadas-gastronomicas-del-bierzo-en-madrid\/\" \/>\n<meta property=\"og:site_name\" content=\"Consejo Comarcal del Bierzo\" \/>\n<meta property=\"article:published_time\" content=\"2024-10-16T09:52:52+00:00\" \/>\n<meta property=\"article:modified_time\" content=\"2024-10-16T09:52:55+00:00\" \/>\n<meta property=\"og:image\" content=\"https:\/\/ccbierzo.com\/wp-content\/uploads\/2024\/10\/madrid12-scaled.jpeg\" \/>\n\t<meta property=\"og:image:width\" content=\"2560\" \/>\n\t<meta property=\"og:image:height\" content=\"1920\" \/>\n\t<meta property=\"og:image:type\" content=\"image\/jpeg\" \/>\n<meta name=\"author\" content=\"Marta Vidal\" \/>\n<meta name=\"twitter:card\" content=\"summary_large_image\" \/>\n<meta name=\"twitter:label1\" content=\"Escrito por\" \/>\n\t<meta name=\"twitter:data1\" content=\"Marta Vidal\" \/>\n\t<meta name=\"twitter:label2\" content=\"Tempo de lectura\" \/>\n\t<meta name=\"twitter:data2\" content=\"4 minutos\" \/>\n<script type=\"application\/ld+json\" class=\"yoast-schema-graph\">{\"@context\":\"https:\\\/\\\/schema.org\",\"@graph\":[{\"@type\":\"Article\",\"@id\":\"https:\\\/\\\/ccbierzo.com\\\/personalidades-del-ambito-de-la-politica-el-periodismo-y-la-cultura-se-dan-cita-en-la-presentacion-de-las-xl-jornadas-gastronomicas-del-bierzo-en-madrid\\\/#article\",\"isPartOf\":{\"@id\":\"https:\\\/\\\/ccbierzo.com\\\/personalidades-del-ambito-de-la-politica-el-periodismo-y-la-cultura-se-dan-cita-en-la-presentacion-de-las-xl-jornadas-gastronomicas-del-bierzo-en-madrid\\\/\"},\"author\":{\"name\":\"Marta Vidal\",\"@id\":\"https:\\\/\\\/ccbierzo.com\\\/gl\\\/#\\\/schema\\\/person\\\/4e9a8395b397b1d4b8695a5274072278\"},\"headline\":\"Personalidades del \u00e1mbito de la pol\u00edtica, el periodismo y la cultura se dan cita en la presentaci\u00f3n de las XL Jornadas Gastron\u00f3micas del Bierzo en Madrid\",\"datePublished\":\"2024-10-16T09:52:52+00:00\",\"dateModified\":\"2024-10-16T09:52:55+00:00\",\"mainEntityOfPage\":{\"@id\":\"https:\\\/\\\/ccbierzo.com\\\/personalidades-del-ambito-de-la-politica-el-periodismo-y-la-cultura-se-dan-cita-en-la-presentacion-de-las-xl-jornadas-gastronomicas-del-bierzo-en-madrid\\\/\"},\"wordCount\":436,\"image\":{\"@id\":\"https:\\\/\\\/ccbierzo.com\\\/personalidades-del-ambito-de-la-politica-el-periodismo-y-la-cultura-se-dan-cita-en-la-presentacion-de-las-xl-jornadas-gastronomicas-del-bierzo-en-madrid\\\/#primaryimage\"},\"thumbnailUrl\":\"https:\\\/\\\/ccbierzo.com\\\/wp-content\\\/uploads\\\/2024\\\/10\\\/madrid12-scaled.jpeg\",\"keywords\":[\"Madrid\"],\"articleSection\":[\"Turismo\"],\"inLanguage\":\"gl-ES\"},{\"@type\":\"WebPage\",\"@id\":\"https:\\\/\\\/ccbierzo.com\\\/personalidades-del-ambito-de-la-politica-el-periodismo-y-la-cultura-se-dan-cita-en-la-presentacion-de-las-xl-jornadas-gastronomicas-del-bierzo-en-madrid\\\/\",\"url\":\"https:\\\/\\\/ccbierzo.com\\\/personalidades-del-ambito-de-la-politica-el-periodismo-y-la-cultura-se-dan-cita-en-la-presentacion-de-las-xl-jornadas-gastronomicas-del-bierzo-en-madrid\\\/\",\"name\":\"Personalidades del \u00e1mbito de la pol\u00edtica, el periodismo y la cultura se dan cita en la presentaci\u00f3n de las XL Jornadas Gastron\u00f3micas del Bierzo en Madrid - Consejo Comarcal del Bierzo\",\"isPartOf\":{\"@id\":\"https:\\\/\\\/ccbierzo.com\\\/gl\\\/#website\"},\"primaryImageOfPage\":{\"@id\":\"https:\\\/\\\/ccbierzo.com\\\/personalidades-del-ambito-de-la-politica-el-periodismo-y-la-cultura-se-dan-cita-en-la-presentacion-de-las-xl-jornadas-gastronomicas-del-bierzo-en-madrid\\\/#primaryimage\"},\"image\":{\"@id\":\"https:\\\/\\\/ccbierzo.com\\\/personalidades-del-ambito-de-la-politica-el-periodismo-y-la-cultura-se-dan-cita-en-la-presentacion-de-las-xl-jornadas-gastronomicas-del-bierzo-en-madrid\\\/#primaryimage\"},\"thumbnailUrl\":\"https:\\\/\\\/ccbierzo.com\\\/wp-content\\\/uploads\\\/2024\\\/10\\\/madrid12-scaled.jpeg\",\"datePublished\":\"2024-10-16T09:52:52+00:00\",\"dateModified\":\"2024-10-16T09:52:55+00:00\",\"author\":{\"@id\":\"https:\\\/\\\/ccbierzo.com\\\/gl\\\/#\\\/schema\\\/person\\\/4e9a8395b397b1d4b8695a5274072278\"},\"breadcrumb\":{\"@id\":\"https:\\\/\\\/ccbierzo.com\\\/personalidades-del-ambito-de-la-politica-el-periodismo-y-la-cultura-se-dan-cita-en-la-presentacion-de-las-xl-jornadas-gastronomicas-del-bierzo-en-madrid\\\/#breadcrumb\"},\"inLanguage\":\"gl-ES\",\"potentialAction\":[{\"@type\":\"ReadAction\",\"target\":[\"https:\\\/\\\/ccbierzo.com\\\/personalidades-del-ambito-de-la-politica-el-periodismo-y-la-cultura-se-dan-cita-en-la-presentacion-de-las-xl-jornadas-gastronomicas-del-bierzo-en-madrid\\\/\"]}]},{\"@type\":\"ImageObject\",\"inLanguage\":\"gl-ES\",\"@id\":\"https:\\\/\\\/ccbierzo.com\\\/personalidades-del-ambito-de-la-politica-el-periodismo-y-la-cultura-se-dan-cita-en-la-presentacion-de-las-xl-jornadas-gastronomicas-del-bierzo-en-madrid\\\/#primaryimage\",\"url\":\"https:\\\/\\\/ccbierzo.com\\\/wp-content\\\/uploads\\\/2024\\\/10\\\/madrid12-scaled.jpeg\",\"contentUrl\":\"https:\\\/\\\/ccbierzo.com\\\/wp-content\\\/uploads\\\/2024\\\/10\\\/madrid12-scaled.jpeg\",\"width\":2560,\"height\":1920},{\"@type\":\"BreadcrumbList\",\"@id\":\"https:\\\/\\\/ccbierzo.com\\\/personalidades-del-ambito-de-la-politica-el-periodismo-y-la-cultura-se-dan-cita-en-la-presentacion-de-las-xl-jornadas-gastronomicas-del-bierzo-en-madrid\\\/#breadcrumb\",\"itemListElement\":[{\"@type\":\"ListItem\",\"position\":1,\"name\":\"Portada\",\"item\":\"https:\\\/\\\/ccbierzo.com\\\/gl\\\/\"},{\"@type\":\"ListItem\",\"position\":2,\"name\":\"Personalidades del \u00e1mbito de la pol\u00edtica, el periodismo y la cultura se dan cita en la presentaci\u00f3n de las XL Jornadas Gastron\u00f3micas del Bierzo en Madrid\"}]},{\"@type\":\"WebSite\",\"@id\":\"https:\\\/\\\/ccbierzo.com\\\/gl\\\/#website\",\"url\":\"https:\\\/\\\/ccbierzo.com\\\/gl\\\/\",\"name\":\"Consejo Comarcal del Bierzo\",\"description\":\"P\u00e1gina Oficial del Consejo Comarcal del Bierzo\",\"potentialAction\":[{\"@type\":\"SearchAction\",\"target\":{\"@type\":\"EntryPoint\",\"urlTemplate\":\"https:\\\/\\\/ccbierzo.com\\\/gl\\\/?s={search_term_string}\"},\"query-input\":{\"@type\":\"PropertyValueSpecification\",\"valueRequired\":true,\"valueName\":\"search_term_string\"}}],\"inLanguage\":\"gl-ES\"},{\"@type\":\"Person\",\"@id\":\"https:\\\/\\\/ccbierzo.com\\\/gl\\\/#\\\/schema\\\/person\\\/4e9a8395b397b1d4b8695a5274072278\",\"name\":\"Marta Vidal\"}]}<\/script>\n<!-- \/ Yoast SEO plugin. -->","yoast_head_json":{"title":"Personalidades del \u00e1mbito de la pol\u00edtica, el periodismo y la cultura se dan cita en la presentaci\u00f3n de las XL Jornadas Gastron\u00f3micas del Bierzo en Madrid - Consejo Comarcal del Bierzo","robots":{"index":"index","follow":"follow","max-snippet":"max-snippet:-1","max-image-preview":"max-image-preview:large","max-video-preview":"max-video-preview:-1"},"canonical":"https:\/\/ccbierzo.com\/personalidades-del-ambito-de-la-politica-el-periodismo-y-la-cultura-se-dan-cita-en-la-presentacion-de-las-xl-jornadas-gastronomicas-del-bierzo-en-madrid\/","og_locale":"gl_ES","og_type":"article","og_title":"Personalidades del \u00e1mbito de la pol\u00edtica, el periodismo y la cultura se dan cita en la presentaci\u00f3n de las XL Jornadas Gastron\u00f3micas del Bierzo en Madrid - Consejo Comarcal del Bierzo","og_description":"El evento, celebrado en el restaurante Le Qualit\u00e9 Tasca, cont\u00f3 con la destacada presencia del expresidente del Gobierno, Jos\u00e9 Luis Rodr\u00edguez Zapatero.","og_url":"https:\/\/ccbierzo.com\/personalidades-del-ambito-de-la-politica-el-periodismo-y-la-cultura-se-dan-cita-en-la-presentacion-de-las-xl-jornadas-gastronomicas-del-bierzo-en-madrid\/","og_site_name":"Consejo Comarcal del Bierzo","article_published_time":"2024-10-16T09:52:52+00:00","article_modified_time":"2024-10-16T09:52:55+00:00","og_image":[{"width":2560,"height":1920,"url":"https:\/\/ccbierzo.com\/wp-content\/uploads\/2024\/10\/madrid12-scaled.jpeg","type":"image\/jpeg"}],"author":"Marta Vidal","twitter_card":"summary_large_image","twitter_misc":{"Escrito por":"Marta Vidal","Tempo de lectura":"4 minutos"},"schema":{"@context":"https:\/\/schema.org","@graph":[{"@type":"Article","@id":"https:\/\/ccbierzo.com\/personalidades-del-ambito-de-la-politica-el-periodismo-y-la-cultura-se-dan-cita-en-la-presentacion-de-las-xl-jornadas-gastronomicas-del-bierzo-en-madrid\/#article","isPartOf":{"@id":"https:\/\/ccbierzo.com\/personalidades-del-ambito-de-la-politica-el-periodismo-y-la-cultura-se-dan-cita-en-la-presentacion-de-las-xl-jornadas-gastronomicas-del-bierzo-en-madrid\/"},"author":{"name":"Marta Vidal","@id":"https:\/\/ccbierzo.com\/gl\/#\/schema\/person\/4e9a8395b397b1d4b8695a5274072278"},"headline":"Personalidades del \u00e1mbito de la pol\u00edtica, el periodismo y la cultura se dan cita en la presentaci\u00f3n de las XL Jornadas Gastron\u00f3micas del Bierzo en Madrid","datePublished":"2024-10-16T09:52:52+00:00","dateModified":"2024-10-16T09:52:55+00:00","mainEntityOfPage":{"@id":"https:\/\/ccbierzo.com\/personalidades-del-ambito-de-la-politica-el-periodismo-y-la-cultura-se-dan-cita-en-la-presentacion-de-las-xl-jornadas-gastronomicas-del-bierzo-en-madrid\/"},"wordCount":436,"image":{"@id":"https:\/\/ccbierzo.com\/personalidades-del-ambito-de-la-politica-el-periodismo-y-la-cultura-se-dan-cita-en-la-presentacion-de-las-xl-jornadas-gastronomicas-del-bierzo-en-madrid\/#primaryimage"},"thumbnailUrl":"https:\/\/ccbierzo.com\/wp-content\/uploads\/2024\/10\/madrid12-scaled.jpeg","keywords":["Madrid"],"articleSection":["Turismo"],"inLanguage":"gl-ES"},{"@type":"WebPage","@id":"https:\/\/ccbierzo.com\/personalidades-del-ambito-de-la-politica-el-periodismo-y-la-cultura-se-dan-cita-en-la-presentacion-de-las-xl-jornadas-gastronomicas-del-bierzo-en-madrid\/","url":"https:\/\/ccbierzo.com\/personalidades-del-ambito-de-la-politica-el-periodismo-y-la-cultura-se-dan-cita-en-la-presentacion-de-las-xl-jornadas-gastronomicas-del-bierzo-en-madrid\/","name":"Personalidades del \u00e1mbito de la pol\u00edtica, el periodismo y la cultura se dan cita en la presentaci\u00f3n de las XL Jornadas Gastron\u00f3micas del Bierzo en Madrid - Consejo Comarcal del Bierzo","isPartOf":{"@id":"https:\/\/ccbierzo.com\/gl\/#website"},"primaryImageOfPage":{"@id":"https:\/\/ccbierzo.com\/personalidades-del-ambito-de-la-politica-el-periodismo-y-la-cultura-se-dan-cita-en-la-presentacion-de-las-xl-jornadas-gastronomicas-del-bierzo-en-madrid\/#primaryimage"},"image":{"@id":"https:\/\/ccbierzo.com\/personalidades-del-ambito-de-la-politica-el-periodismo-y-la-cultura-se-dan-cita-en-la-presentacion-de-las-xl-jornadas-gastronomicas-del-bierzo-en-madrid\/#primaryimage"},"thumbnailUrl":"https:\/\/ccbierzo.com\/wp-content\/uploads\/2024\/10\/madrid12-scaled.jpeg","datePublished":"2024-10-16T09:52:52+00:00","dateModified":"2024-10-16T09:52:55+00:00","author":{"@id":"https:\/\/ccbierzo.com\/gl\/#\/schema\/person\/4e9a8395b397b1d4b8695a5274072278"},"breadcrumb":{"@id":"https:\/\/ccbierzo.com\/personalidades-del-ambito-de-la-politica-el-periodismo-y-la-cultura-se-dan-cita-en-la-presentacion-de-las-xl-jornadas-gastronomicas-del-bierzo-en-madrid\/#breadcrumb"},"inLanguage":"gl-ES","potentialAction":[{"@type":"ReadAction","target":["https:\/\/ccbierzo.com\/personalidades-del-ambito-de-la-politica-el-periodismo-y-la-cultura-se-dan-cita-en-la-presentacion-de-las-xl-jornadas-gastronomicas-del-bierzo-en-madrid\/"]}]},{"@type":"ImageObject","inLanguage":"gl-ES","@id":"https:\/\/ccbierzo.com\/personalidades-del-ambito-de-la-politica-el-periodismo-y-la-cultura-se-dan-cita-en-la-presentacion-de-las-xl-jornadas-gastronomicas-del-bierzo-en-madrid\/#primaryimage","url":"https:\/\/ccbierzo.com\/wp-content\/uploads\/2024\/10\/madrid12-scaled.jpeg","contentUrl":"https:\/\/ccbierzo.com\/wp-content\/uploads\/2024\/10\/madrid12-scaled.jpeg","width":2560,"height":1920},{"@type":"BreadcrumbList","@id":"https:\/\/ccbierzo.com\/personalidades-del-ambito-de-la-politica-el-periodismo-y-la-cultura-se-dan-cita-en-la-presentacion-de-las-xl-jornadas-gastronomicas-del-bierzo-en-madrid\/#breadcrumb","itemListElement":[{"@type":"ListItem","position":1,"name":"Portada","item":"https:\/\/ccbierzo.com\/gl\/"},{"@type":"ListItem","position":2,"name":"Personalidades del \u00e1mbito de la pol\u00edtica, el periodismo y la cultura se dan cita en la presentaci\u00f3n de las XL Jornadas Gastron\u00f3micas del Bierzo en Madrid"}]},{"@type":"WebSite","@id":"https:\/\/ccbierzo.com\/gl\/#website","url":"https:\/\/ccbierzo.com\/gl\/","name":"Consejo Comarcal del Bierzo","description":"P\u00e1gina Oficial del Consejo Comarcal del Bierzo","potentialAction":[{"@type":"SearchAction","target":{"@type":"EntryPoint","urlTemplate":"https:\/\/ccbierzo.com\/gl\/?s={search_term_string}"},"query-input":{"@type":"PropertyValueSpecification","valueRequired":true,"valueName":"search_term_string"}}],"inLanguage":"gl-ES"},{"@type":"Person","@id":"https:\/\/ccbierzo.com\/gl\/#\/schema\/person\/4e9a8395b397b1d4b8695a5274072278","name":"Marta Vidal"}]}},"_links":{"self":[{"href":"https:\/\/ccbierzo.com\/gl\/wp-json\/wp\/v2\/posts\/133521","targetHints":{"allow":["GET"]}}],"collection":[{"href":"https:\/\/ccbierzo.com\/gl\/wp-json\/wp\/v2\/posts"}],"about":[{"href":"https:\/\/ccbierzo.com\/gl\/wp-json\/wp\/v2\/types\/post"}],"author":[{"embeddable":true,"href":"https:\/\/ccbierzo.com\/gl\/wp-json\/wp\/v2\/users\/3"}],"replies":[{"embeddable":true,"href":"https:\/\/ccbierzo.com\/gl\/wp-json\/wp\/v2\/comments?post=133521"}],"version-history":[{"count":0,"href":"https:\/\/ccbierzo.com\/gl\/wp-json\/wp\/v2\/posts\/133521\/revisions"}],"wp:featuredmedia":[{"embeddable":true,"href":"https:\/\/ccbierzo.com\/gl\/wp-json\/wp\/v2\/media\/133539"}],"wp:attachment":[{"href":"https:\/\/ccbierzo.com\/gl\/wp-json\/wp\/v2\/media?parent=133521"}],"wp:term":[{"taxonomy":"category","embeddable":true,"href":"https:\/\/ccbierzo.com\/gl\/wp-json\/wp\/v2\/categories?post=133521"},{"taxonomy":"post_tag","embeddable":true,"href":"https:\/\/ccbierzo.com\/gl\/wp-json\/wp\/v2\/tags?post=133521"}],"curies":[{"name":"wp","href":"https:\/\/api.w.org\/{rel}","templated":true}]}}