{"id":133429,"date":"2024-09-24T14:17:55","date_gmt":"2024-09-24T12:17:55","guid":{"rendered":"https:\/\/ccbierzo.com\/?p=133429"},"modified":"2024-09-24T14:17:56","modified_gmt":"2024-09-24T12:17:56","slug":"el-consejo-comarcal-aprueba-declaraciones-institucionales-a-favor-de-la-do-bierzo-y-pacientes-de-oncologia","status":"publish","type":"post","link":"https:\/\/ccbierzo.com\/gl\/el-consejo-comarcal-aprueba-declaraciones-institucionales-a-favor-de-la-do-bierzo-y-pacientes-de-oncologia\/","title":{"rendered":"El Consejo Comarcal aprueba declaraciones institucionales a favor de la DO Bierzo y pacientes de Oncolog\u00eda"},"content":{"rendered":"\n<p>El Pleno del Consejo Comarcal se reuni\u00f3 este martes en sesi\u00f3n ordinaria, donde se aprobaron dos declaraciones institucionales consensuadas por los tres grupos pol\u00edticos que conforman la corporaci\u00f3n comarcal: PSOE, PP y CB. La sesi\u00f3n comenz\u00f3 con <strong>un minuto de silencio en recuerdo de las v\u00edctimas de la violencia de g\u00e9nero<\/strong>.<\/p>\n\n\n\n<p>La primera declaraci\u00f3n mostr\u00f3 el <strong>respaldo un\u00e1nime a la Denominaci\u00f3n de Origen Bierzo<\/strong>. El Consejo solicita a la Consejer\u00eda de Agricultura, Ganader\u00eda y Desarrollo Rural que, a trav\u00e9s de la estimaci\u00f3n del recurso de alzada presentado por la Denominaci\u00f3n de Origen Bierzo, deje sin efecto la autorizaci\u00f3n concedida a la Denominaci\u00f3n de Origen Rueda para la elaboraci\u00f3n de vinos con la variedad godello. Asimismo, se demanda la suspensi\u00f3n cautelar del procedimiento que permitir\u00eda incluir esta variedad, caracter\u00edstica del Bierzo, como uva secundaria en los vinos de Rueda.<\/p>\n\n\n\n<p>En la segunda declaraci\u00f3n institucional, se abord\u00f3 la crisis sanitaria en el Hospital El Bierzo debido a la falta de especialistas en Oncolog\u00eda. El Pleno <strong>insta a la Junta de Castilla y Le\u00f3n a cubrir en su totalidad las plazas vacantes<\/strong> en el servicio de Oncolog\u00eda para garantizar una atenci\u00f3n digna e \u00edntegra a los pacientes. Adem\u00e1s, <strong>se solicita al Gobierno de Espa\u00f1a la convocatoria de las plazas de M\u00e9dicos Internos Residentes (MIR) necesarias<\/strong> para completar las vacantes en dicho servicio.<\/p>\n\n\n\n<p>En otros asuntos, el Pleno aprob\u00f3 por unanimidad las modificaciones en la Relaci\u00f3n de Puestos de Trabajo del Consejo Comarcal, necesarias para convocar la <strong>plaza de arquitecto\/a<\/strong> del Servicio de Asistencia a Municipios. El presidente del Consejo, Olegario Ram\u00f3n, inform\u00f3 que desde la semana pasada una arquitecta interina ya est\u00e1 prestando este servicio en la instituci\u00f3n.<\/p>\n\n\n\n<p>Finalmente, Ram\u00f3n tambi\u00e9n anunci\u00f3 la pr\u00f3xima <strong>convocatoria de la Asamblea de Ediles<\/strong>, un \u00f3rgano representativo de todos los ayuntamientos de la comarca, para recoger su opini\u00f3n acerca de la posible comarcalizaci\u00f3n del servicio de recogida de residuos.<\/p>\n\n\n\n<div style=\"height:30px\" aria-hidden=\"true\" class=\"wp-block-spacer\"><\/div>\n\n\n\n<figure class=\"wp-block-gallery has-nested-images columns-default is-cropped wp-block-gallery-1 is-layout-flex wp-block-gallery-is-layout-flex\">\n<figure class=\"wp-block-image size-large\"><img loading=\"lazy\" decoding=\"async\" width=\"1024\" height=\"768\" data-id=\"133432\" src=\"https:\/\/ccbierzo.com\/wp-content\/uploads\/2024\/09\/pleno202409242-1024x768.jpeg\" alt=\"\" class=\"wp-image-133432\" srcset=\"https:\/\/ccbierzo.com\/wp-content\/uploads\/2024\/09\/pleno202409242-980x735.jpeg 980w, https:\/\/ccbierzo.com\/wp-content\/uploads\/2024\/09\/pleno202409242-480x360.jpeg 480w\" sizes=\"(min-width: 0px) and (max-width: 480px) 480px, (min-width: 481px) and (max-width: 980px) 980px, (min-width: 981px) 1024px, 100vw\" \/><\/figure>\n\n\n\n<figure class=\"wp-block-image size-large\"><img loading=\"lazy\" decoding=\"async\" width=\"1024\" height=\"768\" data-id=\"133430\" src=\"https:\/\/ccbierzo.com\/wp-content\/uploads\/2024\/09\/pleno202409241-1024x768.jpeg\" alt=\"\" class=\"wp-image-133430\" srcset=\"https:\/\/ccbierzo.com\/wp-content\/uploads\/2024\/09\/pleno202409241-980x735.jpeg 980w, https:\/\/ccbierzo.com\/wp-content\/uploads\/2024\/09\/pleno202409241-480x360.jpeg 480w\" sizes=\"(min-width: 0px) and (max-width: 480px) 480px, (min-width: 481px) and (max-width: 980px) 980px, (min-width: 981px) 1024px, 100vw\" \/><\/figure>\n\n\n\n<figure class=\"wp-block-image size-large\"><img loading=\"lazy\" decoding=\"async\" width=\"1024\" height=\"768\" data-id=\"133434\" src=\"https:\/\/ccbierzo.com\/wp-content\/uploads\/2024\/09\/pleno202409243-1024x768.jpeg\" alt=\"\" class=\"wp-image-133434\" srcset=\"https:\/\/ccbierzo.com\/wp-content\/uploads\/2024\/09\/pleno202409243-980x735.jpeg 980w, https:\/\/ccbierzo.com\/wp-content\/uploads\/2024\/09\/pleno202409243-480x360.jpeg 480w\" sizes=\"(min-width: 0px) and (max-width: 480px) 480px, (min-width: 481px) and (max-width: 980px) 980px, (min-width: 981px) 1024px, 100vw\" \/><\/figure>\n<\/figure>\n","protected":false},"excerpt":{"rendered":"<p>El presidente anunci\u00f3 la pr\u00f3xima convocatoria de la Asamblea de Ediles para recoger su opini\u00f3n acerca de la posible comarcalizaci\u00f3n del servicio de recogida de residuos.<\/p>\n","protected":false},"author":3,"featured_media":133432,"comment_status":"closed","ping_status":"closed","sticky":false,"template":"","format":"standard","meta":{"_et_pb_use_builder":"","_et_pb_old_content":"","_et_gb_content_width":"","footnotes":""},"categories":[26],"tags":[294],"class_list":["post-133429","post","type-post","status-publish","format-standard","has-post-thumbnail","hentry","category-administracion","tag-ponferrada"],"yoast_head":"<!-- This site is optimized with the Yoast SEO plugin v27.3 - https:\/\/yoast.com\/product\/yoast-seo-wordpress\/ -->\n<title>El Consejo Comarcal aprueba declaraciones institucionales a favor de la DO Bierzo y pacientes de Oncolog\u00eda - Consejo Comarcal del Bierzo<\/title>\n<meta name=\"robots\" content=\"index, follow, max-snippet:-1, max-image-preview:large, max-video-preview:-1\" \/>\n<link rel=\"canonical\" href=\"https:\/\/ccbierzo.com\/el-consejo-comarcal-aprueba-declaraciones-institucionales-a-favor-de-la-do-bierzo-y-pacientes-de-oncologia\/\" \/>\n<meta property=\"og:locale\" content=\"gl_ES\" \/>\n<meta property=\"og:type\" content=\"article\" \/>\n<meta property=\"og:title\" content=\"El Consejo Comarcal aprueba declaraciones institucionales a favor de la DO Bierzo y pacientes de Oncolog\u00eda - Consejo Comarcal del Bierzo\" \/>\n<meta property=\"og:description\" content=\"El presidente anunci\u00f3 la pr\u00f3xima convocatoria de la Asamblea de Ediles para recoger su opini\u00f3n acerca de la posible comarcalizaci\u00f3n del servicio de recogida de residuos.\" \/>\n<meta property=\"og:url\" content=\"https:\/\/ccbierzo.com\/el-consejo-comarcal-aprueba-declaraciones-institucionales-a-favor-de-la-do-bierzo-y-pacientes-de-oncologia\/\" \/>\n<meta property=\"og:site_name\" content=\"Consejo Comarcal del Bierzo\" \/>\n<meta property=\"article:published_time\" content=\"2024-09-24T12:17:55+00:00\" \/>\n<meta property=\"article:modified_time\" content=\"2024-09-24T12:17:56+00:00\" \/>\n<meta property=\"og:image\" content=\"https:\/\/ccbierzo.com\/wp-content\/uploads\/2024\/09\/pleno202409242.jpeg\" \/>\n\t<meta property=\"og:image:width\" content=\"2048\" \/>\n\t<meta property=\"og:image:height\" content=\"1536\" \/>\n\t<meta property=\"og:image:type\" content=\"image\/jpeg\" \/>\n<meta name=\"author\" content=\"Marta Vidal\" \/>\n<meta name=\"twitter:card\" content=\"summary_large_image\" \/>\n<meta name=\"twitter:label1\" content=\"Escrito por\" \/>\n\t<meta name=\"twitter:data1\" content=\"Marta Vidal\" \/>\n\t<meta name=\"twitter:label2\" content=\"Tempo de lectura\" \/>\n\t<meta name=\"twitter:data2\" content=\"3 minutos\" \/>\n<script type=\"application\/ld+json\" class=\"yoast-schema-graph\">{\"@context\":\"https:\\\/\\\/schema.org\",\"@graph\":[{\"@type\":\"Article\",\"@id\":\"https:\\\/\\\/ccbierzo.com\\\/el-consejo-comarcal-aprueba-declaraciones-institucionales-a-favor-de-la-do-bierzo-y-pacientes-de-oncologia\\\/#article\",\"isPartOf\":{\"@id\":\"https:\\\/\\\/ccbierzo.com\\\/el-consejo-comarcal-aprueba-declaraciones-institucionales-a-favor-de-la-do-bierzo-y-pacientes-de-oncologia\\\/\"},\"author\":{\"name\":\"Marta Vidal\",\"@id\":\"https:\\\/\\\/ccbierzo.com\\\/gl\\\/#\\\/schema\\\/person\\\/4e9a8395b397b1d4b8695a5274072278\"},\"headline\":\"El Consejo Comarcal aprueba declaraciones institucionales a favor de la DO Bierzo y pacientes de Oncolog\u00eda\",\"datePublished\":\"2024-09-24T12:17:55+00:00\",\"dateModified\":\"2024-09-24T12:17:56+00:00\",\"mainEntityOfPage\":{\"@id\":\"https:\\\/\\\/ccbierzo.com\\\/el-consejo-comarcal-aprueba-declaraciones-institucionales-a-favor-de-la-do-bierzo-y-pacientes-de-oncologia\\\/\"},\"wordCount\":366,\"image\":{\"@id\":\"https:\\\/\\\/ccbierzo.com\\\/el-consejo-comarcal-aprueba-declaraciones-institucionales-a-favor-de-la-do-bierzo-y-pacientes-de-oncologia\\\/#primaryimage\"},\"thumbnailUrl\":\"https:\\\/\\\/ccbierzo.com\\\/wp-content\\\/uploads\\\/2024\\\/09\\\/pleno202409242.jpeg\",\"keywords\":[\"Ponferrada\"],\"articleSection\":[\"Administraci\u00f3n\"],\"inLanguage\":\"gl-ES\"},{\"@type\":\"WebPage\",\"@id\":\"https:\\\/\\\/ccbierzo.com\\\/el-consejo-comarcal-aprueba-declaraciones-institucionales-a-favor-de-la-do-bierzo-y-pacientes-de-oncologia\\\/\",\"url\":\"https:\\\/\\\/ccbierzo.com\\\/el-consejo-comarcal-aprueba-declaraciones-institucionales-a-favor-de-la-do-bierzo-y-pacientes-de-oncologia\\\/\",\"name\":\"El Consejo Comarcal aprueba declaraciones institucionales a favor de la DO Bierzo y pacientes de Oncolog\u00eda - Consejo Comarcal del Bierzo\",\"isPartOf\":{\"@id\":\"https:\\\/\\\/ccbierzo.com\\\/gl\\\/#website\"},\"primaryImageOfPage\":{\"@id\":\"https:\\\/\\\/ccbierzo.com\\\/el-consejo-comarcal-aprueba-declaraciones-institucionales-a-favor-de-la-do-bierzo-y-pacientes-de-oncologia\\\/#primaryimage\"},\"image\":{\"@id\":\"https:\\\/\\\/ccbierzo.com\\\/el-consejo-comarcal-aprueba-declaraciones-institucionales-a-favor-de-la-do-bierzo-y-pacientes-de-oncologia\\\/#primaryimage\"},\"thumbnailUrl\":\"https:\\\/\\\/ccbierzo.com\\\/wp-content\\\/uploads\\\/2024\\\/09\\\/pleno202409242.jpeg\",\"datePublished\":\"2024-09-24T12:17:55+00:00\",\"dateModified\":\"2024-09-24T12:17:56+00:00\",\"author\":{\"@id\":\"https:\\\/\\\/ccbierzo.com\\\/gl\\\/#\\\/schema\\\/person\\\/4e9a8395b397b1d4b8695a5274072278\"},\"breadcrumb\":{\"@id\":\"https:\\\/\\\/ccbierzo.com\\\/el-consejo-comarcal-aprueba-declaraciones-institucionales-a-favor-de-la-do-bierzo-y-pacientes-de-oncologia\\\/#breadcrumb\"},\"inLanguage\":\"gl-ES\",\"potentialAction\":[{\"@type\":\"ReadAction\",\"target\":[\"https:\\\/\\\/ccbierzo.com\\\/el-consejo-comarcal-aprueba-declaraciones-institucionales-a-favor-de-la-do-bierzo-y-pacientes-de-oncologia\\\/\"]}]},{\"@type\":\"ImageObject\",\"inLanguage\":\"gl-ES\",\"@id\":\"https:\\\/\\\/ccbierzo.com\\\/el-consejo-comarcal-aprueba-declaraciones-institucionales-a-favor-de-la-do-bierzo-y-pacientes-de-oncologia\\\/#primaryimage\",\"url\":\"https:\\\/\\\/ccbierzo.com\\\/wp-content\\\/uploads\\\/2024\\\/09\\\/pleno202409242.jpeg\",\"contentUrl\":\"https:\\\/\\\/ccbierzo.com\\\/wp-content\\\/uploads\\\/2024\\\/09\\\/pleno202409242.jpeg\",\"width\":2048,\"height\":1536},{\"@type\":\"BreadcrumbList\",\"@id\":\"https:\\\/\\\/ccbierzo.com\\\/el-consejo-comarcal-aprueba-declaraciones-institucionales-a-favor-de-la-do-bierzo-y-pacientes-de-oncologia\\\/#breadcrumb\",\"itemListElement\":[{\"@type\":\"ListItem\",\"position\":1,\"name\":\"Portada\",\"item\":\"https:\\\/\\\/ccbierzo.com\\\/gl\\\/\"},{\"@type\":\"ListItem\",\"position\":2,\"name\":\"El Consejo Comarcal aprueba declaraciones institucionales a favor de la DO Bierzo y pacientes de Oncolog\u00eda\"}]},{\"@type\":\"WebSite\",\"@id\":\"https:\\\/\\\/ccbierzo.com\\\/gl\\\/#website\",\"url\":\"https:\\\/\\\/ccbierzo.com\\\/gl\\\/\",\"name\":\"Consejo Comarcal del Bierzo\",\"description\":\"P\u00e1gina Oficial del Consejo Comarcal del Bierzo\",\"potentialAction\":[{\"@type\":\"SearchAction\",\"target\":{\"@type\":\"EntryPoint\",\"urlTemplate\":\"https:\\\/\\\/ccbierzo.com\\\/gl\\\/?s={search_term_string}\"},\"query-input\":{\"@type\":\"PropertyValueSpecification\",\"valueRequired\":true,\"valueName\":\"search_term_string\"}}],\"inLanguage\":\"gl-ES\"},{\"@type\":\"Person\",\"@id\":\"https:\\\/\\\/ccbierzo.com\\\/gl\\\/#\\\/schema\\\/person\\\/4e9a8395b397b1d4b8695a5274072278\",\"name\":\"Marta Vidal\"}]}<\/script>\n<!-- \/ Yoast SEO plugin. -->","yoast_head_json":{"title":"El Consejo Comarcal aprueba declaraciones institucionales a favor de la DO Bierzo y pacientes de Oncolog\u00eda - Consejo Comarcal del Bierzo","robots":{"index":"index","follow":"follow","max-snippet":"max-snippet:-1","max-image-preview":"max-image-preview:large","max-video-preview":"max-video-preview:-1"},"canonical":"https:\/\/ccbierzo.com\/el-consejo-comarcal-aprueba-declaraciones-institucionales-a-favor-de-la-do-bierzo-y-pacientes-de-oncologia\/","og_locale":"gl_ES","og_type":"article","og_title":"El Consejo Comarcal aprueba declaraciones institucionales a favor de la DO Bierzo y pacientes de Oncolog\u00eda - Consejo Comarcal del Bierzo","og_description":"El presidente anunci\u00f3 la pr\u00f3xima convocatoria de la Asamblea de Ediles para recoger su opini\u00f3n acerca de la posible comarcalizaci\u00f3n del servicio de recogida de residuos.","og_url":"https:\/\/ccbierzo.com\/el-consejo-comarcal-aprueba-declaraciones-institucionales-a-favor-de-la-do-bierzo-y-pacientes-de-oncologia\/","og_site_name":"Consejo Comarcal del Bierzo","article_published_time":"2024-09-24T12:17:55+00:00","article_modified_time":"2024-09-24T12:17:56+00:00","og_image":[{"width":2048,"height":1536,"url":"https:\/\/ccbierzo.com\/wp-content\/uploads\/2024\/09\/pleno202409242.jpeg","type":"image\/jpeg"}],"author":"Marta Vidal","twitter_card":"summary_large_image","twitter_misc":{"Escrito por":"Marta Vidal","Tempo de lectura":"3 minutos"},"schema":{"@context":"https:\/\/schema.org","@graph":[{"@type":"Article","@id":"https:\/\/ccbierzo.com\/el-consejo-comarcal-aprueba-declaraciones-institucionales-a-favor-de-la-do-bierzo-y-pacientes-de-oncologia\/#article","isPartOf":{"@id":"https:\/\/ccbierzo.com\/el-consejo-comarcal-aprueba-declaraciones-institucionales-a-favor-de-la-do-bierzo-y-pacientes-de-oncologia\/"},"author":{"name":"Marta Vidal","@id":"https:\/\/ccbierzo.com\/gl\/#\/schema\/person\/4e9a8395b397b1d4b8695a5274072278"},"headline":"El Consejo Comarcal aprueba declaraciones institucionales a favor de la DO Bierzo y pacientes de Oncolog\u00eda","datePublished":"2024-09-24T12:17:55+00:00","dateModified":"2024-09-24T12:17:56+00:00","mainEntityOfPage":{"@id":"https:\/\/ccbierzo.com\/el-consejo-comarcal-aprueba-declaraciones-institucionales-a-favor-de-la-do-bierzo-y-pacientes-de-oncologia\/"},"wordCount":366,"image":{"@id":"https:\/\/ccbierzo.com\/el-consejo-comarcal-aprueba-declaraciones-institucionales-a-favor-de-la-do-bierzo-y-pacientes-de-oncologia\/#primaryimage"},"thumbnailUrl":"https:\/\/ccbierzo.com\/wp-content\/uploads\/2024\/09\/pleno202409242.jpeg","keywords":["Ponferrada"],"articleSection":["Administraci\u00f3n"],"inLanguage":"gl-ES"},{"@type":"WebPage","@id":"https:\/\/ccbierzo.com\/el-consejo-comarcal-aprueba-declaraciones-institucionales-a-favor-de-la-do-bierzo-y-pacientes-de-oncologia\/","url":"https:\/\/ccbierzo.com\/el-consejo-comarcal-aprueba-declaraciones-institucionales-a-favor-de-la-do-bierzo-y-pacientes-de-oncologia\/","name":"El Consejo Comarcal aprueba declaraciones institucionales a favor de la DO Bierzo y pacientes de Oncolog\u00eda - Consejo Comarcal del Bierzo","isPartOf":{"@id":"https:\/\/ccbierzo.com\/gl\/#website"},"primaryImageOfPage":{"@id":"https:\/\/ccbierzo.com\/el-consejo-comarcal-aprueba-declaraciones-institucionales-a-favor-de-la-do-bierzo-y-pacientes-de-oncologia\/#primaryimage"},"image":{"@id":"https:\/\/ccbierzo.com\/el-consejo-comarcal-aprueba-declaraciones-institucionales-a-favor-de-la-do-bierzo-y-pacientes-de-oncologia\/#primaryimage"},"thumbnailUrl":"https:\/\/ccbierzo.com\/wp-content\/uploads\/2024\/09\/pleno202409242.jpeg","datePublished":"2024-09-24T12:17:55+00:00","dateModified":"2024-09-24T12:17:56+00:00","author":{"@id":"https:\/\/ccbierzo.com\/gl\/#\/schema\/person\/4e9a8395b397b1d4b8695a5274072278"},"breadcrumb":{"@id":"https:\/\/ccbierzo.com\/el-consejo-comarcal-aprueba-declaraciones-institucionales-a-favor-de-la-do-bierzo-y-pacientes-de-oncologia\/#breadcrumb"},"inLanguage":"gl-ES","potentialAction":[{"@type":"ReadAction","target":["https:\/\/ccbierzo.com\/el-consejo-comarcal-aprueba-declaraciones-institucionales-a-favor-de-la-do-bierzo-y-pacientes-de-oncologia\/"]}]},{"@type":"ImageObject","inLanguage":"gl-ES","@id":"https:\/\/ccbierzo.com\/el-consejo-comarcal-aprueba-declaraciones-institucionales-a-favor-de-la-do-bierzo-y-pacientes-de-oncologia\/#primaryimage","url":"https:\/\/ccbierzo.com\/wp-content\/uploads\/2024\/09\/pleno202409242.jpeg","contentUrl":"https:\/\/ccbierzo.com\/wp-content\/uploads\/2024\/09\/pleno202409242.jpeg","width":2048,"height":1536},{"@type":"BreadcrumbList","@id":"https:\/\/ccbierzo.com\/el-consejo-comarcal-aprueba-declaraciones-institucionales-a-favor-de-la-do-bierzo-y-pacientes-de-oncologia\/#breadcrumb","itemListElement":[{"@type":"ListItem","position":1,"name":"Portada","item":"https:\/\/ccbierzo.com\/gl\/"},{"@type":"ListItem","position":2,"name":"El Consejo Comarcal aprueba declaraciones institucionales a favor de la DO Bierzo y pacientes de Oncolog\u00eda"}]},{"@type":"WebSite","@id":"https:\/\/ccbierzo.com\/gl\/#website","url":"https:\/\/ccbierzo.com\/gl\/","name":"Consejo Comarcal del Bierzo","description":"P\u00e1gina Oficial del Consejo Comarcal del Bierzo","potentialAction":[{"@type":"SearchAction","target":{"@type":"EntryPoint","urlTemplate":"https:\/\/ccbierzo.com\/gl\/?s={search_term_string}"},"query-input":{"@type":"PropertyValueSpecification","valueRequired":true,"valueName":"search_term_string"}}],"inLanguage":"gl-ES"},{"@type":"Person","@id":"https:\/\/ccbierzo.com\/gl\/#\/schema\/person\/4e9a8395b397b1d4b8695a5274072278","name":"Marta Vidal"}]}},"_links":{"self":[{"href":"https:\/\/ccbierzo.com\/gl\/wp-json\/wp\/v2\/posts\/133429","targetHints":{"allow":["GET"]}}],"collection":[{"href":"https:\/\/ccbierzo.com\/gl\/wp-json\/wp\/v2\/posts"}],"about":[{"href":"https:\/\/ccbierzo.com\/gl\/wp-json\/wp\/v2\/types\/post"}],"author":[{"embeddable":true,"href":"https:\/\/ccbierzo.com\/gl\/wp-json\/wp\/v2\/users\/3"}],"replies":[{"embeddable":true,"href":"https:\/\/ccbierzo.com\/gl\/wp-json\/wp\/v2\/comments?post=133429"}],"version-history":[{"count":0,"href":"https:\/\/ccbierzo.com\/gl\/wp-json\/wp\/v2\/posts\/133429\/revisions"}],"wp:featuredmedia":[{"embeddable":true,"href":"https:\/\/ccbierzo.com\/gl\/wp-json\/wp\/v2\/media\/133432"}],"wp:attachment":[{"href":"https:\/\/ccbierzo.com\/gl\/wp-json\/wp\/v2\/media?parent=133429"}],"wp:term":[{"taxonomy":"category","embeddable":true,"href":"https:\/\/ccbierzo.com\/gl\/wp-json\/wp\/v2\/categories?post=133429"},{"taxonomy":"post_tag","embeddable":true,"href":"https:\/\/ccbierzo.com\/gl\/wp-json\/wp\/v2\/tags?post=133429"}],"curies":[{"name":"wp","href":"https:\/\/api.w.org\/{rel}","templated":true}]}}