{"id":133233,"date":"2024-09-03T10:32:18","date_gmt":"2024-09-03T08:32:18","guid":{"rendered":"https:\/\/ccbierzo.com\/?p=133233"},"modified":"2024-09-03T10:32:19","modified_gmt":"2024-09-03T08:32:19","slug":"abierta-la-inscripcion-para-la-ruta-por-la-calidad-del-bierzo-dedicada-al-pimiento-manzana-reineta-y-pera-conferencia","status":"publish","type":"post","link":"https:\/\/ccbierzo.com\/gl\/abierta-la-inscripcion-para-la-ruta-por-la-calidad-del-bierzo-dedicada-al-pimiento-manzana-reineta-y-pera-conferencia\/","title":{"rendered":"Abierta la inscripci\u00f3n para la Ruta por la Calidad del Bierzo dedicada al pimiento, manzana reineta y pera conferencia"},"content":{"rendered":"\n<p>La ruta se celebrar\u00e1 el <strong>domingo, 15 de septiembre, y partir\u00e1 a las 10:00 horas del Monasterio de Santa Mar\u00eda de Carracedo<\/strong>, para realizar un recorrido circular de 8,5 kil\u00f3metros y visitar plantaciones de los municipios de Carracedelo y Camponaraya.<\/p>\n\n\n\n<p>La actividad, organizada por el <strong><a href=\"https:\/\/www.bancodetierrasdelbierzo.es\/\">Banco de Tierras del Consejo Comarcal del Bierzo<\/a><\/strong> en colaboraci\u00f3n con <strong><a href=\"https:\/\/alimentosdecalidadbierzo.es\/\">Alimentos de Calidad del Bierzo<\/a><\/strong>, contar\u00e1 con el acompa\u00f1amiento de un t\u00e9cnico, que explicar\u00e1 durante el recorrido las caracter\u00edsticas de las variedades bercianas y las peculiaridades de su cultivo.<\/p>\n\n\n\n<p>La participaci\u00f3n en la ruta es gratuita, pero es necesaria la inscripci\u00f3n. La actividad cuenta con <strong>50 plazas<\/strong>. La<strong> dificultad es baja<\/strong> y apta para todas las edades.<\/p>\n\n\n\n<p>Las personas interesadas deben inscribirse en el <strong>Banco de Tierras del Consejo Comarcal<\/strong>, llamando al tel\u00e9fono 987 42 47 22 (de 9:00 a 14:00 horas) o escribiendo un correo electr\u00f3nico a bancodetierras@ccbierzo.com. Tambi\u00e9n puede realizarse en las oficinas de Bierzo Natura, ubicadas en la calle del Reloj, en Ponferrada.<\/p>\n\n\n\n<div style=\"height:30px\" aria-hidden=\"true\" class=\"wp-block-spacer\"><\/div>\n\n\n\n<figure class=\"wp-block-image aligncenter size-large\"><img loading=\"lazy\" decoding=\"async\" width=\"724\" height=\"1024\" src=\"https:\/\/ccbierzo.com\/wp-content\/uploads\/2024\/09\/Ruta-por-la-Calidad-Manzana-Reineta-Pera-Conferencia-y-Pimiento-724x1024.jpg\" alt=\"\" class=\"wp-image-133234\"\/><\/figure>\n","protected":false},"excerpt":{"rendered":"<p>La ruta se celebrar\u00e1 el domingo, 15 de septiembre, y partir\u00e1 a las 10:00 horas del Monasterio de Santa Mar\u00eda de Carracedo.<\/p>\n","protected":false},"author":3,"featured_media":133234,"comment_status":"closed","ping_status":"closed","sticky":false,"template":"","format":"standard","meta":{"_et_pb_use_builder":"","_et_pb_old_content":"","_et_gb_content_width":"","footnotes":""},"categories":[396],"tags":[386,232],"class_list":["post-133233","post","type-post","status-publish","format-standard","has-post-thumbnail","hentry","category-banco-de-tierras","tag-camponaraya","tag-carracedelo"],"yoast_head":"<!-- This site is optimized with the Yoast SEO plugin v27.3 - https:\/\/yoast.com\/product\/yoast-seo-wordpress\/ -->\n<title>Abierta la inscripci\u00f3n para la Ruta por la Calidad del Bierzo dedicada al pimiento, manzana reineta y pera conferencia - Consejo Comarcal del Bierzo<\/title>\n<meta name=\"robots\" content=\"index, follow, max-snippet:-1, max-image-preview:large, max-video-preview:-1\" \/>\n<link rel=\"canonical\" href=\"https:\/\/ccbierzo.com\/abierta-la-inscripcion-para-la-ruta-por-la-calidad-del-bierzo-dedicada-al-pimiento-manzana-reineta-y-pera-conferencia\/\" \/>\n<meta property=\"og:locale\" content=\"gl_ES\" \/>\n<meta property=\"og:type\" content=\"article\" \/>\n<meta property=\"og:title\" content=\"Abierta la inscripci\u00f3n para la Ruta por la Calidad del Bierzo dedicada al pimiento, manzana reineta y pera conferencia - Consejo Comarcal del Bierzo\" \/>\n<meta property=\"og:description\" content=\"La ruta se celebrar\u00e1 el domingo, 15 de septiembre, y partir\u00e1 a las 10:00 horas del Monasterio de Santa Mar\u00eda de Carracedo.\" \/>\n<meta property=\"og:url\" content=\"https:\/\/ccbierzo.com\/abierta-la-inscripcion-para-la-ruta-por-la-calidad-del-bierzo-dedicada-al-pimiento-manzana-reineta-y-pera-conferencia\/\" \/>\n<meta property=\"og:site_name\" content=\"Consejo Comarcal del Bierzo\" \/>\n<meta property=\"article:published_time\" content=\"2024-09-03T08:32:18+00:00\" \/>\n<meta property=\"article:modified_time\" content=\"2024-09-03T08:32:19+00:00\" \/>\n<meta property=\"og:image\" content=\"https:\/\/ccbierzo.com\/wp-content\/uploads\/2024\/09\/Ruta-por-la-Calidad-Manzana-Reineta-Pera-Conferencia-y-Pimiento.jpg\" \/>\n\t<meta property=\"og:image:width\" content=\"1587\" \/>\n\t<meta property=\"og:image:height\" content=\"2245\" \/>\n\t<meta property=\"og:image:type\" content=\"image\/jpeg\" \/>\n<meta name=\"author\" content=\"Marta Vidal\" \/>\n<meta name=\"twitter:card\" content=\"summary_large_image\" \/>\n<meta name=\"twitter:label1\" content=\"Escrito por\" \/>\n\t<meta name=\"twitter:data1\" content=\"Marta Vidal\" \/>\n\t<meta name=\"twitter:label2\" content=\"Tempo de lectura\" \/>\n\t<meta name=\"twitter:data2\" content=\"2 minutos\" \/>\n<script type=\"application\/ld+json\" class=\"yoast-schema-graph\">{\"@context\":\"https:\\\/\\\/schema.org\",\"@graph\":[{\"@type\":\"Article\",\"@id\":\"https:\\\/\\\/ccbierzo.com\\\/abierta-la-inscripcion-para-la-ruta-por-la-calidad-del-bierzo-dedicada-al-pimiento-manzana-reineta-y-pera-conferencia\\\/#article\",\"isPartOf\":{\"@id\":\"https:\\\/\\\/ccbierzo.com\\\/abierta-la-inscripcion-para-la-ruta-por-la-calidad-del-bierzo-dedicada-al-pimiento-manzana-reineta-y-pera-conferencia\\\/\"},\"author\":{\"name\":\"Marta Vidal\",\"@id\":\"https:\\\/\\\/ccbierzo.com\\\/gl\\\/#\\\/schema\\\/person\\\/4e9a8395b397b1d4b8695a5274072278\"},\"headline\":\"Abierta la inscripci\u00f3n para la Ruta por la Calidad del Bierzo dedicada al pimiento, manzana reineta y pera conferencia\",\"datePublished\":\"2024-09-03T08:32:18+00:00\",\"dateModified\":\"2024-09-03T08:32:19+00:00\",\"mainEntityOfPage\":{\"@id\":\"https:\\\/\\\/ccbierzo.com\\\/abierta-la-inscripcion-para-la-ruta-por-la-calidad-del-bierzo-dedicada-al-pimiento-manzana-reineta-y-pera-conferencia\\\/\"},\"wordCount\":185,\"image\":{\"@id\":\"https:\\\/\\\/ccbierzo.com\\\/abierta-la-inscripcion-para-la-ruta-por-la-calidad-del-bierzo-dedicada-al-pimiento-manzana-reineta-y-pera-conferencia\\\/#primaryimage\"},\"thumbnailUrl\":\"https:\\\/\\\/ccbierzo.com\\\/wp-content\\\/uploads\\\/2024\\\/09\\\/Ruta-por-la-Calidad-Manzana-Reineta-Pera-Conferencia-y-Pimiento.jpg\",\"keywords\":[\"Camponaraya\",\"Carracedelo\"],\"articleSection\":[\"Banco de Tierras\"],\"inLanguage\":\"gl-ES\"},{\"@type\":\"WebPage\",\"@id\":\"https:\\\/\\\/ccbierzo.com\\\/abierta-la-inscripcion-para-la-ruta-por-la-calidad-del-bierzo-dedicada-al-pimiento-manzana-reineta-y-pera-conferencia\\\/\",\"url\":\"https:\\\/\\\/ccbierzo.com\\\/abierta-la-inscripcion-para-la-ruta-por-la-calidad-del-bierzo-dedicada-al-pimiento-manzana-reineta-y-pera-conferencia\\\/\",\"name\":\"Abierta la inscripci\u00f3n para la Ruta por la Calidad del Bierzo dedicada al pimiento, manzana reineta y pera conferencia - Consejo Comarcal del Bierzo\",\"isPartOf\":{\"@id\":\"https:\\\/\\\/ccbierzo.com\\\/gl\\\/#website\"},\"primaryImageOfPage\":{\"@id\":\"https:\\\/\\\/ccbierzo.com\\\/abierta-la-inscripcion-para-la-ruta-por-la-calidad-del-bierzo-dedicada-al-pimiento-manzana-reineta-y-pera-conferencia\\\/#primaryimage\"},\"image\":{\"@id\":\"https:\\\/\\\/ccbierzo.com\\\/abierta-la-inscripcion-para-la-ruta-por-la-calidad-del-bierzo-dedicada-al-pimiento-manzana-reineta-y-pera-conferencia\\\/#primaryimage\"},\"thumbnailUrl\":\"https:\\\/\\\/ccbierzo.com\\\/wp-content\\\/uploads\\\/2024\\\/09\\\/Ruta-por-la-Calidad-Manzana-Reineta-Pera-Conferencia-y-Pimiento.jpg\",\"datePublished\":\"2024-09-03T08:32:18+00:00\",\"dateModified\":\"2024-09-03T08:32:19+00:00\",\"author\":{\"@id\":\"https:\\\/\\\/ccbierzo.com\\\/gl\\\/#\\\/schema\\\/person\\\/4e9a8395b397b1d4b8695a5274072278\"},\"breadcrumb\":{\"@id\":\"https:\\\/\\\/ccbierzo.com\\\/abierta-la-inscripcion-para-la-ruta-por-la-calidad-del-bierzo-dedicada-al-pimiento-manzana-reineta-y-pera-conferencia\\\/#breadcrumb\"},\"inLanguage\":\"gl-ES\",\"potentialAction\":[{\"@type\":\"ReadAction\",\"target\":[\"https:\\\/\\\/ccbierzo.com\\\/abierta-la-inscripcion-para-la-ruta-por-la-calidad-del-bierzo-dedicada-al-pimiento-manzana-reineta-y-pera-conferencia\\\/\"]}]},{\"@type\":\"ImageObject\",\"inLanguage\":\"gl-ES\",\"@id\":\"https:\\\/\\\/ccbierzo.com\\\/abierta-la-inscripcion-para-la-ruta-por-la-calidad-del-bierzo-dedicada-al-pimiento-manzana-reineta-y-pera-conferencia\\\/#primaryimage\",\"url\":\"https:\\\/\\\/ccbierzo.com\\\/wp-content\\\/uploads\\\/2024\\\/09\\\/Ruta-por-la-Calidad-Manzana-Reineta-Pera-Conferencia-y-Pimiento.jpg\",\"contentUrl\":\"https:\\\/\\\/ccbierzo.com\\\/wp-content\\\/uploads\\\/2024\\\/09\\\/Ruta-por-la-Calidad-Manzana-Reineta-Pera-Conferencia-y-Pimiento.jpg\",\"width\":1587,\"height\":2245},{\"@type\":\"BreadcrumbList\",\"@id\":\"https:\\\/\\\/ccbierzo.com\\\/abierta-la-inscripcion-para-la-ruta-por-la-calidad-del-bierzo-dedicada-al-pimiento-manzana-reineta-y-pera-conferencia\\\/#breadcrumb\",\"itemListElement\":[{\"@type\":\"ListItem\",\"position\":1,\"name\":\"Portada\",\"item\":\"https:\\\/\\\/ccbierzo.com\\\/gl\\\/\"},{\"@type\":\"ListItem\",\"position\":2,\"name\":\"Abierta la inscripci\u00f3n para la Ruta por la Calidad del Bierzo dedicada al pimiento, manzana reineta y pera conferencia\"}]},{\"@type\":\"WebSite\",\"@id\":\"https:\\\/\\\/ccbierzo.com\\\/gl\\\/#website\",\"url\":\"https:\\\/\\\/ccbierzo.com\\\/gl\\\/\",\"name\":\"Consejo Comarcal del Bierzo\",\"description\":\"P\u00e1gina Oficial del Consejo Comarcal del Bierzo\",\"potentialAction\":[{\"@type\":\"SearchAction\",\"target\":{\"@type\":\"EntryPoint\",\"urlTemplate\":\"https:\\\/\\\/ccbierzo.com\\\/gl\\\/?s={search_term_string}\"},\"query-input\":{\"@type\":\"PropertyValueSpecification\",\"valueRequired\":true,\"valueName\":\"search_term_string\"}}],\"inLanguage\":\"gl-ES\"},{\"@type\":\"Person\",\"@id\":\"https:\\\/\\\/ccbierzo.com\\\/gl\\\/#\\\/schema\\\/person\\\/4e9a8395b397b1d4b8695a5274072278\",\"name\":\"Marta Vidal\"}]}<\/script>\n<!-- \/ Yoast SEO plugin. -->","yoast_head_json":{"title":"Abierta la inscripci\u00f3n para la Ruta por la Calidad del Bierzo dedicada al pimiento, manzana reineta y pera conferencia - Consejo Comarcal del Bierzo","robots":{"index":"index","follow":"follow","max-snippet":"max-snippet:-1","max-image-preview":"max-image-preview:large","max-video-preview":"max-video-preview:-1"},"canonical":"https:\/\/ccbierzo.com\/abierta-la-inscripcion-para-la-ruta-por-la-calidad-del-bierzo-dedicada-al-pimiento-manzana-reineta-y-pera-conferencia\/","og_locale":"gl_ES","og_type":"article","og_title":"Abierta la inscripci\u00f3n para la Ruta por la Calidad del Bierzo dedicada al pimiento, manzana reineta y pera conferencia - Consejo Comarcal del Bierzo","og_description":"La ruta se celebrar\u00e1 el domingo, 15 de septiembre, y partir\u00e1 a las 10:00 horas del Monasterio de Santa Mar\u00eda de Carracedo.","og_url":"https:\/\/ccbierzo.com\/abierta-la-inscripcion-para-la-ruta-por-la-calidad-del-bierzo-dedicada-al-pimiento-manzana-reineta-y-pera-conferencia\/","og_site_name":"Consejo Comarcal del Bierzo","article_published_time":"2024-09-03T08:32:18+00:00","article_modified_time":"2024-09-03T08:32:19+00:00","og_image":[{"width":1587,"height":2245,"url":"https:\/\/ccbierzo.com\/wp-content\/uploads\/2024\/09\/Ruta-por-la-Calidad-Manzana-Reineta-Pera-Conferencia-y-Pimiento.jpg","type":"image\/jpeg"}],"author":"Marta Vidal","twitter_card":"summary_large_image","twitter_misc":{"Escrito por":"Marta Vidal","Tempo de lectura":"2 minutos"},"schema":{"@context":"https:\/\/schema.org","@graph":[{"@type":"Article","@id":"https:\/\/ccbierzo.com\/abierta-la-inscripcion-para-la-ruta-por-la-calidad-del-bierzo-dedicada-al-pimiento-manzana-reineta-y-pera-conferencia\/#article","isPartOf":{"@id":"https:\/\/ccbierzo.com\/abierta-la-inscripcion-para-la-ruta-por-la-calidad-del-bierzo-dedicada-al-pimiento-manzana-reineta-y-pera-conferencia\/"},"author":{"name":"Marta Vidal","@id":"https:\/\/ccbierzo.com\/gl\/#\/schema\/person\/4e9a8395b397b1d4b8695a5274072278"},"headline":"Abierta la inscripci\u00f3n para la Ruta por la Calidad del Bierzo dedicada al pimiento, manzana reineta y pera conferencia","datePublished":"2024-09-03T08:32:18+00:00","dateModified":"2024-09-03T08:32:19+00:00","mainEntityOfPage":{"@id":"https:\/\/ccbierzo.com\/abierta-la-inscripcion-para-la-ruta-por-la-calidad-del-bierzo-dedicada-al-pimiento-manzana-reineta-y-pera-conferencia\/"},"wordCount":185,"image":{"@id":"https:\/\/ccbierzo.com\/abierta-la-inscripcion-para-la-ruta-por-la-calidad-del-bierzo-dedicada-al-pimiento-manzana-reineta-y-pera-conferencia\/#primaryimage"},"thumbnailUrl":"https:\/\/ccbierzo.com\/wp-content\/uploads\/2024\/09\/Ruta-por-la-Calidad-Manzana-Reineta-Pera-Conferencia-y-Pimiento.jpg","keywords":["Camponaraya","Carracedelo"],"articleSection":["Banco de Tierras"],"inLanguage":"gl-ES"},{"@type":"WebPage","@id":"https:\/\/ccbierzo.com\/abierta-la-inscripcion-para-la-ruta-por-la-calidad-del-bierzo-dedicada-al-pimiento-manzana-reineta-y-pera-conferencia\/","url":"https:\/\/ccbierzo.com\/abierta-la-inscripcion-para-la-ruta-por-la-calidad-del-bierzo-dedicada-al-pimiento-manzana-reineta-y-pera-conferencia\/","name":"Abierta la inscripci\u00f3n para la Ruta por la Calidad del Bierzo dedicada al pimiento, manzana reineta y pera conferencia - Consejo Comarcal del Bierzo","isPartOf":{"@id":"https:\/\/ccbierzo.com\/gl\/#website"},"primaryImageOfPage":{"@id":"https:\/\/ccbierzo.com\/abierta-la-inscripcion-para-la-ruta-por-la-calidad-del-bierzo-dedicada-al-pimiento-manzana-reineta-y-pera-conferencia\/#primaryimage"},"image":{"@id":"https:\/\/ccbierzo.com\/abierta-la-inscripcion-para-la-ruta-por-la-calidad-del-bierzo-dedicada-al-pimiento-manzana-reineta-y-pera-conferencia\/#primaryimage"},"thumbnailUrl":"https:\/\/ccbierzo.com\/wp-content\/uploads\/2024\/09\/Ruta-por-la-Calidad-Manzana-Reineta-Pera-Conferencia-y-Pimiento.jpg","datePublished":"2024-09-03T08:32:18+00:00","dateModified":"2024-09-03T08:32:19+00:00","author":{"@id":"https:\/\/ccbierzo.com\/gl\/#\/schema\/person\/4e9a8395b397b1d4b8695a5274072278"},"breadcrumb":{"@id":"https:\/\/ccbierzo.com\/abierta-la-inscripcion-para-la-ruta-por-la-calidad-del-bierzo-dedicada-al-pimiento-manzana-reineta-y-pera-conferencia\/#breadcrumb"},"inLanguage":"gl-ES","potentialAction":[{"@type":"ReadAction","target":["https:\/\/ccbierzo.com\/abierta-la-inscripcion-para-la-ruta-por-la-calidad-del-bierzo-dedicada-al-pimiento-manzana-reineta-y-pera-conferencia\/"]}]},{"@type":"ImageObject","inLanguage":"gl-ES","@id":"https:\/\/ccbierzo.com\/abierta-la-inscripcion-para-la-ruta-por-la-calidad-del-bierzo-dedicada-al-pimiento-manzana-reineta-y-pera-conferencia\/#primaryimage","url":"https:\/\/ccbierzo.com\/wp-content\/uploads\/2024\/09\/Ruta-por-la-Calidad-Manzana-Reineta-Pera-Conferencia-y-Pimiento.jpg","contentUrl":"https:\/\/ccbierzo.com\/wp-content\/uploads\/2024\/09\/Ruta-por-la-Calidad-Manzana-Reineta-Pera-Conferencia-y-Pimiento.jpg","width":1587,"height":2245},{"@type":"BreadcrumbList","@id":"https:\/\/ccbierzo.com\/abierta-la-inscripcion-para-la-ruta-por-la-calidad-del-bierzo-dedicada-al-pimiento-manzana-reineta-y-pera-conferencia\/#breadcrumb","itemListElement":[{"@type":"ListItem","position":1,"name":"Portada","item":"https:\/\/ccbierzo.com\/gl\/"},{"@type":"ListItem","position":2,"name":"Abierta la inscripci\u00f3n para la Ruta por la Calidad del Bierzo dedicada al pimiento, manzana reineta y pera conferencia"}]},{"@type":"WebSite","@id":"https:\/\/ccbierzo.com\/gl\/#website","url":"https:\/\/ccbierzo.com\/gl\/","name":"Consejo Comarcal del Bierzo","description":"P\u00e1gina Oficial del Consejo Comarcal del Bierzo","potentialAction":[{"@type":"SearchAction","target":{"@type":"EntryPoint","urlTemplate":"https:\/\/ccbierzo.com\/gl\/?s={search_term_string}"},"query-input":{"@type":"PropertyValueSpecification","valueRequired":true,"valueName":"search_term_string"}}],"inLanguage":"gl-ES"},{"@type":"Person","@id":"https:\/\/ccbierzo.com\/gl\/#\/schema\/person\/4e9a8395b397b1d4b8695a5274072278","name":"Marta Vidal"}]}},"_links":{"self":[{"href":"https:\/\/ccbierzo.com\/gl\/wp-json\/wp\/v2\/posts\/133233","targetHints":{"allow":["GET"]}}],"collection":[{"href":"https:\/\/ccbierzo.com\/gl\/wp-json\/wp\/v2\/posts"}],"about":[{"href":"https:\/\/ccbierzo.com\/gl\/wp-json\/wp\/v2\/types\/post"}],"author":[{"embeddable":true,"href":"https:\/\/ccbierzo.com\/gl\/wp-json\/wp\/v2\/users\/3"}],"replies":[{"embeddable":true,"href":"https:\/\/ccbierzo.com\/gl\/wp-json\/wp\/v2\/comments?post=133233"}],"version-history":[{"count":0,"href":"https:\/\/ccbierzo.com\/gl\/wp-json\/wp\/v2\/posts\/133233\/revisions"}],"wp:featuredmedia":[{"embeddable":true,"href":"https:\/\/ccbierzo.com\/gl\/wp-json\/wp\/v2\/media\/133234"}],"wp:attachment":[{"href":"https:\/\/ccbierzo.com\/gl\/wp-json\/wp\/v2\/media?parent=133233"}],"wp:term":[{"taxonomy":"category","embeddable":true,"href":"https:\/\/ccbierzo.com\/gl\/wp-json\/wp\/v2\/categories?post=133233"},{"taxonomy":"post_tag","embeddable":true,"href":"https:\/\/ccbierzo.com\/gl\/wp-json\/wp\/v2\/tags?post=133233"}],"curies":[{"name":"wp","href":"https:\/\/api.w.org\/{rel}","templated":true}]}}