{"id":133193,"date":"2024-08-25T12:14:51","date_gmt":"2024-08-25T10:14:51","guid":{"rendered":"https:\/\/ccbierzo.com\/?p=133193"},"modified":"2024-08-27T12:15:26","modified_gmt":"2024-08-27T10:15:26","slug":"congosto-clausura-las-ferias-agroalimentarias-organizadas-por-el-banco-de-tierras","status":"publish","type":"post","link":"https:\/\/ccbierzo.com\/gl\/congosto-clausura-las-ferias-agroalimentarias-organizadas-por-el-banco-de-tierras\/","title":{"rendered":"Congosto clausura las ferias agroalimentarias organizadas por el Banco de Tierras"},"content":{"rendered":"\n<p>El Consejo Comarcal del Bierzo <strong>ha concluido este s\u00e1bado en Congosto <\/strong>el ciclo de ferias agroalimentarias de 2024 bajo el lema <strong><em>&#8220;<\/em>Apostando por el Bierzo. Naturalmente&#8221;<\/strong>, despu\u00e9s de visitar\u00a0Fabero y Trascastro, en el municipio de Peranzanes.<\/p>\n\n\n\n<p>Durante la clausura en Congosto, el presidente del Consejo Comarcal, Olegario Ram\u00f3n, aprovech\u00f3 la ocasi\u00f3n para anunciar las pr\u00f3ximas actividades organizadas por el Banco de Tierras. Entre ellas, destac\u00f3 la inauguraci\u00f3n de la <strong>exposici\u00f3n itinerante &#8220;Edici\u00f3n Limitada&#8221;<\/strong>, prevista para principios de septiembre en Villafranca del Bierzo. Esta muestra, que recorrer\u00e1 una decena de municipios, tiene como objetivo promocionar la labor del Banco de Tierras como intermediario entre propietarios de tierras en desuso y agricultores interesados en ampliar sus cultivos, as\u00ed como nuevos emprendedores.<\/p>\n\n\n\n<p>Adem\u00e1s, Olegario Ram\u00f3n anunci\u00f3 la celebraci\u00f3n de la <strong>Ruta por la Calidad del Bierzo, que se llevar\u00e1 a cabo el 15 de septiembre<\/strong>, dedicada a la manzana reineta, la pera conferencia y el pimiento. Esta ruta transitar\u00e1 por los municipios de Carracedelo y Camponaraya, destacando la calidad y el valor de estos productos.<\/p>\n\n\n\n<p>Ram\u00f3n hizo un <strong>llamamiento a la Junta de Castilla y Le\u00f3n<\/strong> para que\u00a0 apoye al Banco de Tierras. &#8220;Muchas de las competencias de la Junta de Castilla y Le\u00f3n se pueden llevar a cabo con total garant\u00eda de \u00e9xito desde el Banco de Tierras del Consejo Comarcal&#8221;, afirm\u00f3, subrayando la importancia que tendr\u00eda firmar un convenio con la Junta que permita una mayor financiaci\u00f3n y permita &#8220;hacer m\u00e1s grande&#8221; el Banco de Tierras.<\/p>\n\n\n\n<p>Por su parte, el alcalde de Congosto, <strong>Jorge Garc\u00eda<\/strong>, destac\u00f3 la relevancia de estas ferias para &#8220;poner en valor los magn\u00edficos productos que tenemos en esta tierra&#8221;. Garc\u00eda subray\u00f3 que el Banco de Tierras es una herramienta clave en la lucha contra la despoblaci\u00f3n en los municipios m\u00e1s peque\u00f1os y anim\u00f3 a la poblaci\u00f3n a apostar por la vida rural.<\/p>\n\n\n\n<p>El evento en Congosto cont\u00f3 tambi\u00e9n con la presencia del portavoz del Partido Popular en el Consejo Comarcal,<strong> Jos\u00e9 Manuel Pereira<\/strong>, y la coordinadora de la Junta en el Bierzo, <strong>Rosana Velasco<\/strong>.<\/p>\n\n\n\n<div style=\"height:30px\" aria-hidden=\"true\" class=\"wp-block-spacer\"><\/div>\n\n\n\n<figure class=\"wp-block-gallery has-nested-images columns-default is-cropped wp-block-gallery-1 is-layout-flex wp-block-gallery-is-layout-flex\">\n<figure class=\"wp-block-image size-large\"><img loading=\"lazy\" decoding=\"async\" width=\"1024\" height=\"768\" data-id=\"133210\" src=\"https:\/\/ccbierzo.com\/wp-content\/uploads\/2024\/08\/feriacongosto9-1024x768.jpeg\" alt=\"\" class=\"wp-image-133210\" srcset=\"https:\/\/ccbierzo.com\/wp-content\/uploads\/2024\/08\/feriacongosto9-980x735.jpeg 980w, https:\/\/ccbierzo.com\/wp-content\/uploads\/2024\/08\/feriacongosto9-480x360.jpeg 480w\" sizes=\"(min-width: 0px) and (max-width: 480px) 480px, (min-width: 481px) and (max-width: 980px) 980px, (min-width: 981px) 1024px, 100vw\" \/><\/figure>\n\n\n\n<figure class=\"wp-block-image size-large\"><img loading=\"lazy\" decoding=\"async\" width=\"1024\" height=\"768\" data-id=\"133208\" src=\"https:\/\/ccbierzo.com\/wp-content\/uploads\/2024\/08\/feriacongosto8-1024x768.jpeg\" alt=\"\" class=\"wp-image-133208\" srcset=\"https:\/\/ccbierzo.com\/wp-content\/uploads\/2024\/08\/feriacongosto8-980x735.jpeg 980w, https:\/\/ccbierzo.com\/wp-content\/uploads\/2024\/08\/feriacongosto8-480x360.jpeg 480w\" sizes=\"(min-width: 0px) and (max-width: 480px) 480px, (min-width: 481px) and (max-width: 980px) 980px, (min-width: 981px) 1024px, 100vw\" \/><\/figure>\n\n\n\n<figure class=\"wp-block-image size-large\"><img loading=\"lazy\" decoding=\"async\" width=\"1024\" height=\"768\" data-id=\"133206\" src=\"https:\/\/ccbierzo.com\/wp-content\/uploads\/2024\/08\/feriacongosto7-1024x768.jpeg\" alt=\"\" class=\"wp-image-133206\" srcset=\"https:\/\/ccbierzo.com\/wp-content\/uploads\/2024\/08\/feriacongosto7-980x735.jpeg 980w, https:\/\/ccbierzo.com\/wp-content\/uploads\/2024\/08\/feriacongosto7-480x360.jpeg 480w\" sizes=\"(min-width: 0px) and (max-width: 480px) 480px, (min-width: 481px) and (max-width: 980px) 980px, (min-width: 981px) 1024px, 100vw\" \/><\/figure>\n\n\n\n<figure class=\"wp-block-image size-large\"><img loading=\"lazy\" decoding=\"async\" width=\"1024\" height=\"768\" data-id=\"133204\" src=\"https:\/\/ccbierzo.com\/wp-content\/uploads\/2024\/08\/feriacongosto6-1024x768.jpeg\" alt=\"\" class=\"wp-image-133204\" srcset=\"https:\/\/ccbierzo.com\/wp-content\/uploads\/2024\/08\/feriacongosto6-980x735.jpeg 980w, https:\/\/ccbierzo.com\/wp-content\/uploads\/2024\/08\/feriacongosto6-480x360.jpeg 480w\" sizes=\"(min-width: 0px) and (max-width: 480px) 480px, (min-width: 481px) and (max-width: 980px) 980px, (min-width: 981px) 1024px, 100vw\" \/><\/figure>\n\n\n\n<figure class=\"wp-block-image size-large\"><img loading=\"lazy\" decoding=\"async\" width=\"1024\" height=\"768\" data-id=\"133202\" src=\"https:\/\/ccbierzo.com\/wp-content\/uploads\/2024\/08\/feriacongosto5-1024x768.jpeg\" alt=\"\" class=\"wp-image-133202\" srcset=\"https:\/\/ccbierzo.com\/wp-content\/uploads\/2024\/08\/feriacongosto5-980x735.jpeg 980w, https:\/\/ccbierzo.com\/wp-content\/uploads\/2024\/08\/feriacongosto5-480x360.jpeg 480w\" sizes=\"(min-width: 0px) and (max-width: 480px) 480px, (min-width: 481px) and (max-width: 980px) 980px, (min-width: 981px) 1024px, 100vw\" \/><\/figure>\n\n\n\n<figure class=\"wp-block-image size-large\"><img loading=\"lazy\" decoding=\"async\" width=\"1024\" height=\"768\" data-id=\"133200\" src=\"https:\/\/ccbierzo.com\/wp-content\/uploads\/2024\/08\/feriacongosto4-1024x768.jpeg\" alt=\"\" class=\"wp-image-133200\" srcset=\"https:\/\/ccbierzo.com\/wp-content\/uploads\/2024\/08\/feriacongosto4-980x735.jpeg 980w, https:\/\/ccbierzo.com\/wp-content\/uploads\/2024\/08\/feriacongosto4-480x360.jpeg 480w\" sizes=\"(min-width: 0px) and (max-width: 480px) 480px, (min-width: 481px) and (max-width: 980px) 980px, (min-width: 981px) 1024px, 100vw\" \/><\/figure>\n\n\n\n<figure class=\"wp-block-image size-large\"><img loading=\"lazy\" decoding=\"async\" width=\"1024\" height=\"768\" data-id=\"133198\" src=\"https:\/\/ccbierzo.com\/wp-content\/uploads\/2024\/08\/feriacongosto3-1024x768.jpeg\" alt=\"\" class=\"wp-image-133198\" srcset=\"https:\/\/ccbierzo.com\/wp-content\/uploads\/2024\/08\/feriacongosto3-980x735.jpeg 980w, https:\/\/ccbierzo.com\/wp-content\/uploads\/2024\/08\/feriacongosto3-480x360.jpeg 480w\" sizes=\"(min-width: 0px) and (max-width: 480px) 480px, (min-width: 481px) and (max-width: 980px) 980px, (min-width: 981px) 1024px, 100vw\" \/><\/figure>\n\n\n\n<figure class=\"wp-block-image size-large\"><img loading=\"lazy\" decoding=\"async\" width=\"1024\" height=\"768\" data-id=\"133196\" src=\"https:\/\/ccbierzo.com\/wp-content\/uploads\/2024\/08\/feriacongosto2-1024x768.jpeg\" alt=\"\" class=\"wp-image-133196\" srcset=\"https:\/\/ccbierzo.com\/wp-content\/uploads\/2024\/08\/feriacongosto2-980x735.jpeg 980w, https:\/\/ccbierzo.com\/wp-content\/uploads\/2024\/08\/feriacongosto2-480x360.jpeg 480w\" sizes=\"(min-width: 0px) and (max-width: 480px) 480px, (min-width: 481px) and (max-width: 980px) 980px, (min-width: 981px) 1024px, 100vw\" \/><\/figure>\n\n\n\n<figure class=\"wp-block-image size-large\"><img loading=\"lazy\" decoding=\"async\" width=\"1024\" height=\"768\" data-id=\"133194\" src=\"https:\/\/ccbierzo.com\/wp-content\/uploads\/2024\/08\/feriacongosto1-1024x768.jpeg\" alt=\"\" class=\"wp-image-133194\" srcset=\"https:\/\/ccbierzo.com\/wp-content\/uploads\/2024\/08\/feriacongosto1-980x735.jpeg 980w, https:\/\/ccbierzo.com\/wp-content\/uploads\/2024\/08\/feriacongosto1-480x360.jpeg 480w\" sizes=\"(min-width: 0px) and (max-width: 480px) 480px, (min-width: 481px) and (max-width: 980px) 980px, (min-width: 981px) 1024px, 100vw\" \/><\/figure>\n<\/figure>\n","protected":false},"excerpt":{"rendered":"<p>El Consejo finaliz\u00f3 este s\u00e1bado en Congosto el ciclo de ferias agroalimentarias de 2024 bajo el lema &#8220;Apostando por el Bierzo. Naturalmente&#8221;, despu\u00e9s de visitar\u00a0Fabero y Trascastro, en el municipio de Peranzanes.<\/p>\n","protected":false},"author":3,"featured_media":133196,"comment_status":"closed","ping_status":"closed","sticky":false,"template":"","format":"standard","meta":{"_et_pb_use_builder":"","_et_pb_old_content":"","_et_gb_content_width":"","footnotes":""},"categories":[396],"tags":[],"class_list":["post-133193","post","type-post","status-publish","format-standard","has-post-thumbnail","hentry","category-banco-de-tierras"],"yoast_head":"<!-- This site is optimized with the Yoast SEO plugin v27.3 - https:\/\/yoast.com\/product\/yoast-seo-wordpress\/ -->\n<title>Congosto clausura las ferias agroalimentarias organizadas por el Banco de Tierras - Consejo Comarcal del Bierzo<\/title>\n<meta name=\"robots\" content=\"index, follow, max-snippet:-1, max-image-preview:large, max-video-preview:-1\" \/>\n<link rel=\"canonical\" href=\"https:\/\/ccbierzo.com\/congosto-clausura-las-ferias-agroalimentarias-organizadas-por-el-banco-de-tierras\/\" \/>\n<meta property=\"og:locale\" content=\"gl_ES\" \/>\n<meta property=\"og:type\" content=\"article\" \/>\n<meta property=\"og:title\" content=\"Congosto clausura las ferias agroalimentarias organizadas por el Banco de Tierras - Consejo Comarcal del Bierzo\" \/>\n<meta property=\"og:description\" content=\"El Consejo finaliz\u00f3 este s\u00e1bado en Congosto el ciclo de ferias agroalimentarias de 2024 bajo el lema &quot;Apostando por el Bierzo. Naturalmente&quot;, despu\u00e9s de visitar\u00a0Fabero y Trascastro, en el municipio de Peranzanes.\" \/>\n<meta property=\"og:url\" content=\"https:\/\/ccbierzo.com\/congosto-clausura-las-ferias-agroalimentarias-organizadas-por-el-banco-de-tierras\/\" \/>\n<meta property=\"og:site_name\" content=\"Consejo Comarcal del Bierzo\" \/>\n<meta property=\"article:published_time\" content=\"2024-08-25T10:14:51+00:00\" \/>\n<meta property=\"article:modified_time\" content=\"2024-08-27T10:15:26+00:00\" \/>\n<meta property=\"og:image\" content=\"https:\/\/ccbierzo.com\/wp-content\/uploads\/2024\/08\/feriacongosto2-scaled.jpeg\" \/>\n\t<meta property=\"og:image:width\" content=\"2560\" \/>\n\t<meta property=\"og:image:height\" content=\"1920\" \/>\n\t<meta property=\"og:image:type\" content=\"image\/jpeg\" \/>\n<meta name=\"author\" content=\"Marta Vidal\" \/>\n<meta name=\"twitter:card\" content=\"summary_large_image\" \/>\n<meta name=\"twitter:label1\" content=\"Escrito por\" \/>\n\t<meta name=\"twitter:data1\" content=\"Marta Vidal\" \/>\n\t<meta name=\"twitter:label2\" content=\"Tempo de lectura\" \/>\n\t<meta name=\"twitter:data2\" content=\"4 minutos\" \/>\n<script type=\"application\/ld+json\" class=\"yoast-schema-graph\">{\"@context\":\"https:\\\/\\\/schema.org\",\"@graph\":[{\"@type\":\"Article\",\"@id\":\"https:\\\/\\\/ccbierzo.com\\\/congosto-clausura-las-ferias-agroalimentarias-organizadas-por-el-banco-de-tierras\\\/#article\",\"isPartOf\":{\"@id\":\"https:\\\/\\\/ccbierzo.com\\\/congosto-clausura-las-ferias-agroalimentarias-organizadas-por-el-banco-de-tierras\\\/\"},\"author\":{\"name\":\"Marta Vidal\",\"@id\":\"https:\\\/\\\/ccbierzo.com\\\/gl\\\/#\\\/schema\\\/person\\\/4e9a8395b397b1d4b8695a5274072278\"},\"headline\":\"Congosto clausura las ferias agroalimentarias organizadas por el Banco de Tierras\",\"datePublished\":\"2024-08-25T10:14:51+00:00\",\"dateModified\":\"2024-08-27T10:15:26+00:00\",\"mainEntityOfPage\":{\"@id\":\"https:\\\/\\\/ccbierzo.com\\\/congosto-clausura-las-ferias-agroalimentarias-organizadas-por-el-banco-de-tierras\\\/\"},\"wordCount\":373,\"image\":{\"@id\":\"https:\\\/\\\/ccbierzo.com\\\/congosto-clausura-las-ferias-agroalimentarias-organizadas-por-el-banco-de-tierras\\\/#primaryimage\"},\"thumbnailUrl\":\"https:\\\/\\\/ccbierzo.com\\\/wp-content\\\/uploads\\\/2024\\\/08\\\/feriacongosto2-scaled.jpeg\",\"articleSection\":[\"Banco de Tierras\"],\"inLanguage\":\"gl-ES\"},{\"@type\":\"WebPage\",\"@id\":\"https:\\\/\\\/ccbierzo.com\\\/congosto-clausura-las-ferias-agroalimentarias-organizadas-por-el-banco-de-tierras\\\/\",\"url\":\"https:\\\/\\\/ccbierzo.com\\\/congosto-clausura-las-ferias-agroalimentarias-organizadas-por-el-banco-de-tierras\\\/\",\"name\":\"Congosto clausura las ferias agroalimentarias organizadas por el Banco de Tierras - Consejo Comarcal del Bierzo\",\"isPartOf\":{\"@id\":\"https:\\\/\\\/ccbierzo.com\\\/gl\\\/#website\"},\"primaryImageOfPage\":{\"@id\":\"https:\\\/\\\/ccbierzo.com\\\/congosto-clausura-las-ferias-agroalimentarias-organizadas-por-el-banco-de-tierras\\\/#primaryimage\"},\"image\":{\"@id\":\"https:\\\/\\\/ccbierzo.com\\\/congosto-clausura-las-ferias-agroalimentarias-organizadas-por-el-banco-de-tierras\\\/#primaryimage\"},\"thumbnailUrl\":\"https:\\\/\\\/ccbierzo.com\\\/wp-content\\\/uploads\\\/2024\\\/08\\\/feriacongosto2-scaled.jpeg\",\"datePublished\":\"2024-08-25T10:14:51+00:00\",\"dateModified\":\"2024-08-27T10:15:26+00:00\",\"author\":{\"@id\":\"https:\\\/\\\/ccbierzo.com\\\/gl\\\/#\\\/schema\\\/person\\\/4e9a8395b397b1d4b8695a5274072278\"},\"breadcrumb\":{\"@id\":\"https:\\\/\\\/ccbierzo.com\\\/congosto-clausura-las-ferias-agroalimentarias-organizadas-por-el-banco-de-tierras\\\/#breadcrumb\"},\"inLanguage\":\"gl-ES\",\"potentialAction\":[{\"@type\":\"ReadAction\",\"target\":[\"https:\\\/\\\/ccbierzo.com\\\/congosto-clausura-las-ferias-agroalimentarias-organizadas-por-el-banco-de-tierras\\\/\"]}]},{\"@type\":\"ImageObject\",\"inLanguage\":\"gl-ES\",\"@id\":\"https:\\\/\\\/ccbierzo.com\\\/congosto-clausura-las-ferias-agroalimentarias-organizadas-por-el-banco-de-tierras\\\/#primaryimage\",\"url\":\"https:\\\/\\\/ccbierzo.com\\\/wp-content\\\/uploads\\\/2024\\\/08\\\/feriacongosto2-scaled.jpeg\",\"contentUrl\":\"https:\\\/\\\/ccbierzo.com\\\/wp-content\\\/uploads\\\/2024\\\/08\\\/feriacongosto2-scaled.jpeg\",\"width\":2560,\"height\":1920},{\"@type\":\"BreadcrumbList\",\"@id\":\"https:\\\/\\\/ccbierzo.com\\\/congosto-clausura-las-ferias-agroalimentarias-organizadas-por-el-banco-de-tierras\\\/#breadcrumb\",\"itemListElement\":[{\"@type\":\"ListItem\",\"position\":1,\"name\":\"Portada\",\"item\":\"https:\\\/\\\/ccbierzo.com\\\/gl\\\/\"},{\"@type\":\"ListItem\",\"position\":2,\"name\":\"Congosto clausura las ferias agroalimentarias organizadas por el Banco de Tierras\"}]},{\"@type\":\"WebSite\",\"@id\":\"https:\\\/\\\/ccbierzo.com\\\/gl\\\/#website\",\"url\":\"https:\\\/\\\/ccbierzo.com\\\/gl\\\/\",\"name\":\"Consejo Comarcal del Bierzo\",\"description\":\"P\u00e1gina Oficial del Consejo Comarcal del Bierzo\",\"potentialAction\":[{\"@type\":\"SearchAction\",\"target\":{\"@type\":\"EntryPoint\",\"urlTemplate\":\"https:\\\/\\\/ccbierzo.com\\\/gl\\\/?s={search_term_string}\"},\"query-input\":{\"@type\":\"PropertyValueSpecification\",\"valueRequired\":true,\"valueName\":\"search_term_string\"}}],\"inLanguage\":\"gl-ES\"},{\"@type\":\"Person\",\"@id\":\"https:\\\/\\\/ccbierzo.com\\\/gl\\\/#\\\/schema\\\/person\\\/4e9a8395b397b1d4b8695a5274072278\",\"name\":\"Marta Vidal\"}]}<\/script>\n<!-- \/ Yoast SEO plugin. -->","yoast_head_json":{"title":"Congosto clausura las ferias agroalimentarias organizadas por el Banco de Tierras - Consejo Comarcal del Bierzo","robots":{"index":"index","follow":"follow","max-snippet":"max-snippet:-1","max-image-preview":"max-image-preview:large","max-video-preview":"max-video-preview:-1"},"canonical":"https:\/\/ccbierzo.com\/congosto-clausura-las-ferias-agroalimentarias-organizadas-por-el-banco-de-tierras\/","og_locale":"gl_ES","og_type":"article","og_title":"Congosto clausura las ferias agroalimentarias organizadas por el Banco de Tierras - Consejo Comarcal del Bierzo","og_description":"El Consejo finaliz\u00f3 este s\u00e1bado en Congosto el ciclo de ferias agroalimentarias de 2024 bajo el lema \"Apostando por el Bierzo. Naturalmente\", despu\u00e9s de visitar\u00a0Fabero y Trascastro, en el municipio de Peranzanes.","og_url":"https:\/\/ccbierzo.com\/congosto-clausura-las-ferias-agroalimentarias-organizadas-por-el-banco-de-tierras\/","og_site_name":"Consejo Comarcal del Bierzo","article_published_time":"2024-08-25T10:14:51+00:00","article_modified_time":"2024-08-27T10:15:26+00:00","og_image":[{"width":2560,"height":1920,"url":"https:\/\/ccbierzo.com\/wp-content\/uploads\/2024\/08\/feriacongosto2-scaled.jpeg","type":"image\/jpeg"}],"author":"Marta Vidal","twitter_card":"summary_large_image","twitter_misc":{"Escrito por":"Marta Vidal","Tempo de lectura":"4 minutos"},"schema":{"@context":"https:\/\/schema.org","@graph":[{"@type":"Article","@id":"https:\/\/ccbierzo.com\/congosto-clausura-las-ferias-agroalimentarias-organizadas-por-el-banco-de-tierras\/#article","isPartOf":{"@id":"https:\/\/ccbierzo.com\/congosto-clausura-las-ferias-agroalimentarias-organizadas-por-el-banco-de-tierras\/"},"author":{"name":"Marta Vidal","@id":"https:\/\/ccbierzo.com\/gl\/#\/schema\/person\/4e9a8395b397b1d4b8695a5274072278"},"headline":"Congosto clausura las ferias agroalimentarias organizadas por el Banco de Tierras","datePublished":"2024-08-25T10:14:51+00:00","dateModified":"2024-08-27T10:15:26+00:00","mainEntityOfPage":{"@id":"https:\/\/ccbierzo.com\/congosto-clausura-las-ferias-agroalimentarias-organizadas-por-el-banco-de-tierras\/"},"wordCount":373,"image":{"@id":"https:\/\/ccbierzo.com\/congosto-clausura-las-ferias-agroalimentarias-organizadas-por-el-banco-de-tierras\/#primaryimage"},"thumbnailUrl":"https:\/\/ccbierzo.com\/wp-content\/uploads\/2024\/08\/feriacongosto2-scaled.jpeg","articleSection":["Banco de Tierras"],"inLanguage":"gl-ES"},{"@type":"WebPage","@id":"https:\/\/ccbierzo.com\/congosto-clausura-las-ferias-agroalimentarias-organizadas-por-el-banco-de-tierras\/","url":"https:\/\/ccbierzo.com\/congosto-clausura-las-ferias-agroalimentarias-organizadas-por-el-banco-de-tierras\/","name":"Congosto clausura las ferias agroalimentarias organizadas por el Banco de Tierras - Consejo Comarcal del Bierzo","isPartOf":{"@id":"https:\/\/ccbierzo.com\/gl\/#website"},"primaryImageOfPage":{"@id":"https:\/\/ccbierzo.com\/congosto-clausura-las-ferias-agroalimentarias-organizadas-por-el-banco-de-tierras\/#primaryimage"},"image":{"@id":"https:\/\/ccbierzo.com\/congosto-clausura-las-ferias-agroalimentarias-organizadas-por-el-banco-de-tierras\/#primaryimage"},"thumbnailUrl":"https:\/\/ccbierzo.com\/wp-content\/uploads\/2024\/08\/feriacongosto2-scaled.jpeg","datePublished":"2024-08-25T10:14:51+00:00","dateModified":"2024-08-27T10:15:26+00:00","author":{"@id":"https:\/\/ccbierzo.com\/gl\/#\/schema\/person\/4e9a8395b397b1d4b8695a5274072278"},"breadcrumb":{"@id":"https:\/\/ccbierzo.com\/congosto-clausura-las-ferias-agroalimentarias-organizadas-por-el-banco-de-tierras\/#breadcrumb"},"inLanguage":"gl-ES","potentialAction":[{"@type":"ReadAction","target":["https:\/\/ccbierzo.com\/congosto-clausura-las-ferias-agroalimentarias-organizadas-por-el-banco-de-tierras\/"]}]},{"@type":"ImageObject","inLanguage":"gl-ES","@id":"https:\/\/ccbierzo.com\/congosto-clausura-las-ferias-agroalimentarias-organizadas-por-el-banco-de-tierras\/#primaryimage","url":"https:\/\/ccbierzo.com\/wp-content\/uploads\/2024\/08\/feriacongosto2-scaled.jpeg","contentUrl":"https:\/\/ccbierzo.com\/wp-content\/uploads\/2024\/08\/feriacongosto2-scaled.jpeg","width":2560,"height":1920},{"@type":"BreadcrumbList","@id":"https:\/\/ccbierzo.com\/congosto-clausura-las-ferias-agroalimentarias-organizadas-por-el-banco-de-tierras\/#breadcrumb","itemListElement":[{"@type":"ListItem","position":1,"name":"Portada","item":"https:\/\/ccbierzo.com\/gl\/"},{"@type":"ListItem","position":2,"name":"Congosto clausura las ferias agroalimentarias organizadas por el Banco de Tierras"}]},{"@type":"WebSite","@id":"https:\/\/ccbierzo.com\/gl\/#website","url":"https:\/\/ccbierzo.com\/gl\/","name":"Consejo Comarcal del Bierzo","description":"P\u00e1gina Oficial del Consejo Comarcal del Bierzo","potentialAction":[{"@type":"SearchAction","target":{"@type":"EntryPoint","urlTemplate":"https:\/\/ccbierzo.com\/gl\/?s={search_term_string}"},"query-input":{"@type":"PropertyValueSpecification","valueRequired":true,"valueName":"search_term_string"}}],"inLanguage":"gl-ES"},{"@type":"Person","@id":"https:\/\/ccbierzo.com\/gl\/#\/schema\/person\/4e9a8395b397b1d4b8695a5274072278","name":"Marta Vidal"}]}},"_links":{"self":[{"href":"https:\/\/ccbierzo.com\/gl\/wp-json\/wp\/v2\/posts\/133193","targetHints":{"allow":["GET"]}}],"collection":[{"href":"https:\/\/ccbierzo.com\/gl\/wp-json\/wp\/v2\/posts"}],"about":[{"href":"https:\/\/ccbierzo.com\/gl\/wp-json\/wp\/v2\/types\/post"}],"author":[{"embeddable":true,"href":"https:\/\/ccbierzo.com\/gl\/wp-json\/wp\/v2\/users\/3"}],"replies":[{"embeddable":true,"href":"https:\/\/ccbierzo.com\/gl\/wp-json\/wp\/v2\/comments?post=133193"}],"version-history":[{"count":0,"href":"https:\/\/ccbierzo.com\/gl\/wp-json\/wp\/v2\/posts\/133193\/revisions"}],"wp:featuredmedia":[{"embeddable":true,"href":"https:\/\/ccbierzo.com\/gl\/wp-json\/wp\/v2\/media\/133196"}],"wp:attachment":[{"href":"https:\/\/ccbierzo.com\/gl\/wp-json\/wp\/v2\/media?parent=133193"}],"wp:term":[{"taxonomy":"category","embeddable":true,"href":"https:\/\/ccbierzo.com\/gl\/wp-json\/wp\/v2\/categories?post=133193"},{"taxonomy":"post_tag","embeddable":true,"href":"https:\/\/ccbierzo.com\/gl\/wp-json\/wp\/v2\/tags?post=133193"}],"curies":[{"name":"wp","href":"https:\/\/api.w.org\/{rel}","templated":true}]}}