{"id":133147,"date":"2024-08-12T12:03:37","date_gmt":"2024-08-12T10:03:37","guid":{"rendered":"https:\/\/ccbierzo.com\/?p=133147"},"modified":"2024-08-12T12:03:38","modified_gmt":"2024-08-12T10:03:38","slug":"exito-de-asistencia-en-la-feria-apostando-por-el-bierzo-naturalmente-en-trascastro","status":"publish","type":"post","link":"https:\/\/ccbierzo.com\/gl\/exito-de-asistencia-en-la-feria-apostando-por-el-bierzo-naturalmente-en-trascastro\/","title":{"rendered":"\u00c9xito de asistencia en la feria \u2018Apostando por el Bierzo. Naturalmente\u2019 en Trascastro"},"content":{"rendered":"\n<p>Este domingo, <strong>Trascastro, perteneciente al municipio de Peranzanes<\/strong>, fue el escenario de la feria &#8216;Apostando por el Bierzo, Naturalmente&#8217;, organizada por el Banco de Tierras del Consejo Comarcal con la colaboraci\u00f3n de Alimentos de Calidad del Bierzo. La cita congreg\u00f3 a 24 productores bercianos y a numeroso p\u00fablico que llen\u00f3 la plaza de Trascastro interesado en los productos locales.<\/p>\n\n\n\n<p>Este evento, que forma parte de una serie de ferias estivales organizadas por el Consejo Comarcal, es el segundo de la temporada tras la celebrada el 27 de julio en Fabero. La feria <strong>cont\u00f3 con la presencia del presidente del Consejo Comarcal, Olegario Ram\u00f3n; la alcaldesa de Peranzanes, Henar Garc\u00eda; la consejera comarcal de Turismo, Cristina P\u00e9rez; el vicepresidente de la Diputaci\u00f3n de Le\u00f3n, Luis Alberto Arias; y la diputada provincial de Desarrollo Rural, Irene Gonz\u00e1lez<\/strong>.<\/p>\n\n\n\n<p>Durante su recorrido por los diferentes puestos, Olegario Ram\u00f3n se mostr\u00f3 muy satisfecho con la <strong>afluencia de p\u00fablico<\/strong> a pesar de las altas temperaturas: &#8220;Hace mucho calor, sin embargo, ya hay mucha gente en la feria, lo cual es un motivo de alegr\u00eda&#8221;. Asimismo, el presidente del Consejo agradeci\u00f3 la presencia y el apoyo de las autoridades provinciales, destacando la importancia de la colaboraci\u00f3n con la Diputaci\u00f3n de Le\u00f3n, que financia el 80% del Banco de Tierras del Consejo Comarcal. Ram\u00f3n aprovech\u00f3 la ocasi\u00f3n para invitar a la Junta de Castilla y Le\u00f3n a sumarse a la financiaci\u00f3n de esta iniciativa.<\/p>\n\n\n\n<p>Por su parte, el vicepresidente de la Diputaci\u00f3n, Luis Alberto Arias, y la diputada Irene Gonz\u00e1lez, reafirmaron su compromiso con el Banco de Tierras, anunciando <strong>un incremento en la financiaci\u00f3n para el pr\u00f3ximo convenio, que pasar\u00e1 de 90.000 euros a aproximadamente 100.000 euros<\/strong>.<\/p>\n\n\n\n<p>El gerente de Alimentos de Calidad del Bierzo, Pablo Linares, valor\u00f3 positivamente la importancia de estos mercados para <strong>dar visibilidad a los peque\u00f1os productores de la comarca<\/strong>. &#8220;Es gente que, sin estos mercados y sin estas oportunidades, les costar\u00eda mucho m\u00e1s llegar a los consumidores&#8221;, destac\u00f3 Linares.<\/p>\n\n\n\n<p>Hasta la fecha, el Consejo Comarcal ha organizado 23 ferias de este tipo, con <strong>la intenci\u00f3n de llegar a los 38 municipios bercianos<\/strong>. La alcaldesa de Peranzanes, Henar Garc\u00eda, tambi\u00e9n expres\u00f3 su satisfacci\u00f3n por el \u00e9xito de la feria, se\u00f1alando que eventos como este contribuyen a dar mayor visibilidad al Valle de Fornela.<\/p>\n\n\n\n<p>La tercera y \u00faltima feria del verano se celebrar\u00e1 en <strong>Congosto el pr\u00f3ximo s\u00e1bado 24 de agosto<\/strong>.<\/p>\n\n\n\n<div style=\"height:30px\" aria-hidden=\"true\" class=\"wp-block-spacer\"><\/div>\n\n\n\n<figure class=\"wp-block-gallery has-nested-images columns-default is-cropped wp-block-gallery-1 is-layout-flex wp-block-gallery-is-layout-flex\">\n<figure class=\"wp-block-image size-large\"><img loading=\"lazy\" decoding=\"async\" width=\"1024\" height=\"768\" data-id=\"133148\" src=\"https:\/\/ccbierzo.com\/wp-content\/uploads\/2024\/08\/trascasatro1-1024x768.jpeg\" alt=\"\" class=\"wp-image-133148\" srcset=\"https:\/\/ccbierzo.com\/wp-content\/uploads\/2024\/08\/trascasatro1-980x735.jpeg 980w, https:\/\/ccbierzo.com\/wp-content\/uploads\/2024\/08\/trascasatro1-480x360.jpeg 480w\" sizes=\"(min-width: 0px) and (max-width: 480px) 480px, (min-width: 481px) and (max-width: 980px) 980px, (min-width: 981px) 1024px, 100vw\" \/><\/figure>\n\n\n\n<figure class=\"wp-block-image size-large\"><img loading=\"lazy\" decoding=\"async\" width=\"1024\" height=\"768\" data-id=\"133150\" src=\"https:\/\/ccbierzo.com\/wp-content\/uploads\/2024\/08\/trascastro3-1024x768.jpeg\" alt=\"\" class=\"wp-image-133150\" srcset=\"https:\/\/ccbierzo.com\/wp-content\/uploads\/2024\/08\/trascastro3-980x735.jpeg 980w, https:\/\/ccbierzo.com\/wp-content\/uploads\/2024\/08\/trascastro3-480x360.jpeg 480w\" sizes=\"(min-width: 0px) and (max-width: 480px) 480px, (min-width: 481px) and (max-width: 980px) 980px, (min-width: 981px) 1024px, 100vw\" \/><\/figure>\n\n\n\n<figure class=\"wp-block-image size-large\"><img loading=\"lazy\" decoding=\"async\" width=\"1024\" height=\"768\" data-id=\"133152\" src=\"https:\/\/ccbierzo.com\/wp-content\/uploads\/2024\/08\/trascastro2-1024x768.jpeg\" alt=\"\" class=\"wp-image-133152\" srcset=\"https:\/\/ccbierzo.com\/wp-content\/uploads\/2024\/08\/trascastro2-980x735.jpeg 980w, https:\/\/ccbierzo.com\/wp-content\/uploads\/2024\/08\/trascastro2-480x360.jpeg 480w\" sizes=\"(min-width: 0px) and (max-width: 480px) 480px, (min-width: 481px) and (max-width: 980px) 980px, (min-width: 981px) 1024px, 100vw\" \/><\/figure>\n\n\n\n<figure class=\"wp-block-image size-large\"><img loading=\"lazy\" decoding=\"async\" width=\"1024\" height=\"768\" data-id=\"133154\" src=\"https:\/\/ccbierzo.com\/wp-content\/uploads\/2024\/08\/trascastro4-1024x768.jpeg\" alt=\"\" class=\"wp-image-133154\" srcset=\"https:\/\/ccbierzo.com\/wp-content\/uploads\/2024\/08\/trascastro4-980x735.jpeg 980w, https:\/\/ccbierzo.com\/wp-content\/uploads\/2024\/08\/trascastro4-480x360.jpeg 480w\" sizes=\"(min-width: 0px) and (max-width: 480px) 480px, (min-width: 481px) and (max-width: 980px) 980px, (min-width: 981px) 1024px, 100vw\" \/><\/figure>\n\n\n\n<figure class=\"wp-block-image size-large\"><img loading=\"lazy\" decoding=\"async\" width=\"1024\" height=\"768\" data-id=\"133156\" src=\"https:\/\/ccbierzo.com\/wp-content\/uploads\/2024\/08\/trascastro5-1024x768.jpeg\" alt=\"\" class=\"wp-image-133156\" srcset=\"https:\/\/ccbierzo.com\/wp-content\/uploads\/2024\/08\/trascastro5-980x735.jpeg 980w, https:\/\/ccbierzo.com\/wp-content\/uploads\/2024\/08\/trascastro5-480x360.jpeg 480w\" sizes=\"(min-width: 0px) and (max-width: 480px) 480px, (min-width: 481px) and (max-width: 980px) 980px, (min-width: 981px) 1024px, 100vw\" \/><\/figure>\n\n\n\n<figure class=\"wp-block-image size-large\"><img loading=\"lazy\" decoding=\"async\" width=\"1024\" height=\"768\" data-id=\"133158\" src=\"https:\/\/ccbierzo.com\/wp-content\/uploads\/2024\/08\/trascastro6-1024x768.jpeg\" alt=\"\" class=\"wp-image-133158\" srcset=\"https:\/\/ccbierzo.com\/wp-content\/uploads\/2024\/08\/trascastro6-980x735.jpeg 980w, https:\/\/ccbierzo.com\/wp-content\/uploads\/2024\/08\/trascastro6-480x360.jpeg 480w\" sizes=\"(min-width: 0px) and (max-width: 480px) 480px, (min-width: 481px) and (max-width: 980px) 980px, (min-width: 981px) 1024px, 100vw\" \/><\/figure>\n\n\n\n<figure class=\"wp-block-image size-large\"><img loading=\"lazy\" decoding=\"async\" width=\"1024\" height=\"768\" data-id=\"133160\" src=\"https:\/\/ccbierzo.com\/wp-content\/uploads\/2024\/08\/trascastro7-1024x768.jpeg\" alt=\"\" class=\"wp-image-133160\" srcset=\"https:\/\/ccbierzo.com\/wp-content\/uploads\/2024\/08\/trascastro7-980x735.jpeg 980w, https:\/\/ccbierzo.com\/wp-content\/uploads\/2024\/08\/trascastro7-480x360.jpeg 480w\" sizes=\"(min-width: 0px) and (max-width: 480px) 480px, (min-width: 481px) and (max-width: 980px) 980px, (min-width: 981px) 1024px, 100vw\" \/><\/figure>\n\n\n\n<figure class=\"wp-block-image size-large\"><img loading=\"lazy\" decoding=\"async\" width=\"1024\" height=\"768\" data-id=\"133162\" src=\"https:\/\/ccbierzo.com\/wp-content\/uploads\/2024\/08\/trascastro8-1024x768.jpeg\" alt=\"\" class=\"wp-image-133162\" srcset=\"https:\/\/ccbierzo.com\/wp-content\/uploads\/2024\/08\/trascastro8-980x735.jpeg 980w, https:\/\/ccbierzo.com\/wp-content\/uploads\/2024\/08\/trascastro8-480x360.jpeg 480w\" sizes=\"(min-width: 0px) and (max-width: 480px) 480px, (min-width: 481px) and (max-width: 980px) 980px, (min-width: 981px) 1024px, 100vw\" \/><\/figure>\n<\/figure>\n","protected":false},"excerpt":{"rendered":"<p>Hasta la fecha, el Consejo Comarcal ha organizado 23 ferias de este tipo, con la intenci\u00f3n de llegar a los 38 municipios bercianos. La tercera y \u00faltima feria de este verano se celebrar\u00e1 en Congosto el pr\u00f3ximo s\u00e1bado 24 de agosto.<\/p>\n","protected":false},"author":3,"featured_media":133148,"comment_status":"closed","ping_status":"closed","sticky":false,"template":"","format":"standard","meta":{"_et_pb_use_builder":"","_et_pb_old_content":"","_et_gb_content_width":"","footnotes":""},"categories":[396,25],"tags":[287],"class_list":["post-133147","post","type-post","status-publish","format-standard","has-post-thumbnail","hentry","category-banco-de-tierras","category-turismo","tag-peranzanes"],"yoast_head":"<!-- This site is optimized with the Yoast SEO plugin v27.3 - https:\/\/yoast.com\/product\/yoast-seo-wordpress\/ -->\n<title>\u00c9xito de asistencia en la feria \u2018Apostando por el Bierzo. Naturalmente\u2019 en Trascastro - Consejo Comarcal del Bierzo<\/title>\n<meta name=\"robots\" content=\"index, follow, max-snippet:-1, max-image-preview:large, max-video-preview:-1\" \/>\n<link rel=\"canonical\" href=\"https:\/\/ccbierzo.com\/exito-de-asistencia-en-la-feria-apostando-por-el-bierzo-naturalmente-en-trascastro\/\" \/>\n<meta property=\"og:locale\" content=\"gl_ES\" \/>\n<meta property=\"og:type\" content=\"article\" \/>\n<meta property=\"og:title\" content=\"\u00c9xito de asistencia en la feria \u2018Apostando por el Bierzo. Naturalmente\u2019 en Trascastro - Consejo Comarcal del Bierzo\" \/>\n<meta property=\"og:description\" content=\"Hasta la fecha, el Consejo Comarcal ha organizado 23 ferias de este tipo, con la intenci\u00f3n de llegar a los 38 municipios bercianos. La tercera y \u00faltima feria de este verano se celebrar\u00e1 en Congosto el pr\u00f3ximo s\u00e1bado 24 de agosto.\" \/>\n<meta property=\"og:url\" content=\"https:\/\/ccbierzo.com\/exito-de-asistencia-en-la-feria-apostando-por-el-bierzo-naturalmente-en-trascastro\/\" \/>\n<meta property=\"og:site_name\" content=\"Consejo Comarcal del Bierzo\" \/>\n<meta property=\"article:published_time\" content=\"2024-08-12T10:03:37+00:00\" \/>\n<meta property=\"article:modified_time\" content=\"2024-08-12T10:03:38+00:00\" \/>\n<meta property=\"og:image\" content=\"https:\/\/ccbierzo.com\/wp-content\/uploads\/2024\/08\/trascasatro1-scaled.jpeg\" \/>\n\t<meta property=\"og:image:width\" content=\"2560\" \/>\n\t<meta property=\"og:image:height\" content=\"1920\" \/>\n\t<meta property=\"og:image:type\" content=\"image\/jpeg\" \/>\n<meta name=\"author\" content=\"Marta Vidal\" \/>\n<meta name=\"twitter:card\" content=\"summary_large_image\" \/>\n<meta name=\"twitter:label1\" content=\"Escrito por\" \/>\n\t<meta name=\"twitter:data1\" content=\"Marta Vidal\" \/>\n\t<meta name=\"twitter:label2\" content=\"Tempo de lectura\" \/>\n\t<meta name=\"twitter:data2\" content=\"4 minutos\" \/>\n<script type=\"application\/ld+json\" class=\"yoast-schema-graph\">{\"@context\":\"https:\\\/\\\/schema.org\",\"@graph\":[{\"@type\":\"Article\",\"@id\":\"https:\\\/\\\/ccbierzo.com\\\/exito-de-asistencia-en-la-feria-apostando-por-el-bierzo-naturalmente-en-trascastro\\\/#article\",\"isPartOf\":{\"@id\":\"https:\\\/\\\/ccbierzo.com\\\/exito-de-asistencia-en-la-feria-apostando-por-el-bierzo-naturalmente-en-trascastro\\\/\"},\"author\":{\"name\":\"Marta Vidal\",\"@id\":\"https:\\\/\\\/ccbierzo.com\\\/gl\\\/#\\\/schema\\\/person\\\/4e9a8395b397b1d4b8695a5274072278\"},\"headline\":\"\u00c9xito de asistencia en la feria \u2018Apostando por el Bierzo. Naturalmente\u2019 en Trascastro\",\"datePublished\":\"2024-08-12T10:03:37+00:00\",\"dateModified\":\"2024-08-12T10:03:38+00:00\",\"mainEntityOfPage\":{\"@id\":\"https:\\\/\\\/ccbierzo.com\\\/exito-de-asistencia-en-la-feria-apostando-por-el-bierzo-naturalmente-en-trascastro\\\/\"},\"wordCount\":433,\"image\":{\"@id\":\"https:\\\/\\\/ccbierzo.com\\\/exito-de-asistencia-en-la-feria-apostando-por-el-bierzo-naturalmente-en-trascastro\\\/#primaryimage\"},\"thumbnailUrl\":\"https:\\\/\\\/ccbierzo.com\\\/wp-content\\\/uploads\\\/2024\\\/08\\\/trascasatro1-scaled.jpeg\",\"keywords\":[\"Peranzanes\"],\"articleSection\":[\"Banco de Tierras\",\"Turismo\"],\"inLanguage\":\"gl-ES\"},{\"@type\":\"WebPage\",\"@id\":\"https:\\\/\\\/ccbierzo.com\\\/exito-de-asistencia-en-la-feria-apostando-por-el-bierzo-naturalmente-en-trascastro\\\/\",\"url\":\"https:\\\/\\\/ccbierzo.com\\\/exito-de-asistencia-en-la-feria-apostando-por-el-bierzo-naturalmente-en-trascastro\\\/\",\"name\":\"\u00c9xito de asistencia en la feria \u2018Apostando por el Bierzo. Naturalmente\u2019 en Trascastro - Consejo Comarcal del Bierzo\",\"isPartOf\":{\"@id\":\"https:\\\/\\\/ccbierzo.com\\\/gl\\\/#website\"},\"primaryImageOfPage\":{\"@id\":\"https:\\\/\\\/ccbierzo.com\\\/exito-de-asistencia-en-la-feria-apostando-por-el-bierzo-naturalmente-en-trascastro\\\/#primaryimage\"},\"image\":{\"@id\":\"https:\\\/\\\/ccbierzo.com\\\/exito-de-asistencia-en-la-feria-apostando-por-el-bierzo-naturalmente-en-trascastro\\\/#primaryimage\"},\"thumbnailUrl\":\"https:\\\/\\\/ccbierzo.com\\\/wp-content\\\/uploads\\\/2024\\\/08\\\/trascasatro1-scaled.jpeg\",\"datePublished\":\"2024-08-12T10:03:37+00:00\",\"dateModified\":\"2024-08-12T10:03:38+00:00\",\"author\":{\"@id\":\"https:\\\/\\\/ccbierzo.com\\\/gl\\\/#\\\/schema\\\/person\\\/4e9a8395b397b1d4b8695a5274072278\"},\"breadcrumb\":{\"@id\":\"https:\\\/\\\/ccbierzo.com\\\/exito-de-asistencia-en-la-feria-apostando-por-el-bierzo-naturalmente-en-trascastro\\\/#breadcrumb\"},\"inLanguage\":\"gl-ES\",\"potentialAction\":[{\"@type\":\"ReadAction\",\"target\":[\"https:\\\/\\\/ccbierzo.com\\\/exito-de-asistencia-en-la-feria-apostando-por-el-bierzo-naturalmente-en-trascastro\\\/\"]}]},{\"@type\":\"ImageObject\",\"inLanguage\":\"gl-ES\",\"@id\":\"https:\\\/\\\/ccbierzo.com\\\/exito-de-asistencia-en-la-feria-apostando-por-el-bierzo-naturalmente-en-trascastro\\\/#primaryimage\",\"url\":\"https:\\\/\\\/ccbierzo.com\\\/wp-content\\\/uploads\\\/2024\\\/08\\\/trascasatro1-scaled.jpeg\",\"contentUrl\":\"https:\\\/\\\/ccbierzo.com\\\/wp-content\\\/uploads\\\/2024\\\/08\\\/trascasatro1-scaled.jpeg\",\"width\":2560,\"height\":1920},{\"@type\":\"BreadcrumbList\",\"@id\":\"https:\\\/\\\/ccbierzo.com\\\/exito-de-asistencia-en-la-feria-apostando-por-el-bierzo-naturalmente-en-trascastro\\\/#breadcrumb\",\"itemListElement\":[{\"@type\":\"ListItem\",\"position\":1,\"name\":\"Portada\",\"item\":\"https:\\\/\\\/ccbierzo.com\\\/gl\\\/\"},{\"@type\":\"ListItem\",\"position\":2,\"name\":\"\u00c9xito de asistencia en la feria \u2018Apostando por el Bierzo. Naturalmente\u2019 en Trascastro\"}]},{\"@type\":\"WebSite\",\"@id\":\"https:\\\/\\\/ccbierzo.com\\\/gl\\\/#website\",\"url\":\"https:\\\/\\\/ccbierzo.com\\\/gl\\\/\",\"name\":\"Consejo Comarcal del Bierzo\",\"description\":\"P\u00e1gina Oficial del Consejo Comarcal del Bierzo\",\"potentialAction\":[{\"@type\":\"SearchAction\",\"target\":{\"@type\":\"EntryPoint\",\"urlTemplate\":\"https:\\\/\\\/ccbierzo.com\\\/gl\\\/?s={search_term_string}\"},\"query-input\":{\"@type\":\"PropertyValueSpecification\",\"valueRequired\":true,\"valueName\":\"search_term_string\"}}],\"inLanguage\":\"gl-ES\"},{\"@type\":\"Person\",\"@id\":\"https:\\\/\\\/ccbierzo.com\\\/gl\\\/#\\\/schema\\\/person\\\/4e9a8395b397b1d4b8695a5274072278\",\"name\":\"Marta Vidal\"}]}<\/script>\n<!-- \/ Yoast SEO plugin. -->","yoast_head_json":{"title":"\u00c9xito de asistencia en la feria \u2018Apostando por el Bierzo. Naturalmente\u2019 en Trascastro - Consejo Comarcal del Bierzo","robots":{"index":"index","follow":"follow","max-snippet":"max-snippet:-1","max-image-preview":"max-image-preview:large","max-video-preview":"max-video-preview:-1"},"canonical":"https:\/\/ccbierzo.com\/exito-de-asistencia-en-la-feria-apostando-por-el-bierzo-naturalmente-en-trascastro\/","og_locale":"gl_ES","og_type":"article","og_title":"\u00c9xito de asistencia en la feria \u2018Apostando por el Bierzo. Naturalmente\u2019 en Trascastro - Consejo Comarcal del Bierzo","og_description":"Hasta la fecha, el Consejo Comarcal ha organizado 23 ferias de este tipo, con la intenci\u00f3n de llegar a los 38 municipios bercianos. La tercera y \u00faltima feria de este verano se celebrar\u00e1 en Congosto el pr\u00f3ximo s\u00e1bado 24 de agosto.","og_url":"https:\/\/ccbierzo.com\/exito-de-asistencia-en-la-feria-apostando-por-el-bierzo-naturalmente-en-trascastro\/","og_site_name":"Consejo Comarcal del Bierzo","article_published_time":"2024-08-12T10:03:37+00:00","article_modified_time":"2024-08-12T10:03:38+00:00","og_image":[{"width":2560,"height":1920,"url":"https:\/\/ccbierzo.com\/wp-content\/uploads\/2024\/08\/trascasatro1-scaled.jpeg","type":"image\/jpeg"}],"author":"Marta Vidal","twitter_card":"summary_large_image","twitter_misc":{"Escrito por":"Marta Vidal","Tempo de lectura":"4 minutos"},"schema":{"@context":"https:\/\/schema.org","@graph":[{"@type":"Article","@id":"https:\/\/ccbierzo.com\/exito-de-asistencia-en-la-feria-apostando-por-el-bierzo-naturalmente-en-trascastro\/#article","isPartOf":{"@id":"https:\/\/ccbierzo.com\/exito-de-asistencia-en-la-feria-apostando-por-el-bierzo-naturalmente-en-trascastro\/"},"author":{"name":"Marta Vidal","@id":"https:\/\/ccbierzo.com\/gl\/#\/schema\/person\/4e9a8395b397b1d4b8695a5274072278"},"headline":"\u00c9xito de asistencia en la feria \u2018Apostando por el Bierzo. Naturalmente\u2019 en Trascastro","datePublished":"2024-08-12T10:03:37+00:00","dateModified":"2024-08-12T10:03:38+00:00","mainEntityOfPage":{"@id":"https:\/\/ccbierzo.com\/exito-de-asistencia-en-la-feria-apostando-por-el-bierzo-naturalmente-en-trascastro\/"},"wordCount":433,"image":{"@id":"https:\/\/ccbierzo.com\/exito-de-asistencia-en-la-feria-apostando-por-el-bierzo-naturalmente-en-trascastro\/#primaryimage"},"thumbnailUrl":"https:\/\/ccbierzo.com\/wp-content\/uploads\/2024\/08\/trascasatro1-scaled.jpeg","keywords":["Peranzanes"],"articleSection":["Banco de Tierras","Turismo"],"inLanguage":"gl-ES"},{"@type":"WebPage","@id":"https:\/\/ccbierzo.com\/exito-de-asistencia-en-la-feria-apostando-por-el-bierzo-naturalmente-en-trascastro\/","url":"https:\/\/ccbierzo.com\/exito-de-asistencia-en-la-feria-apostando-por-el-bierzo-naturalmente-en-trascastro\/","name":"\u00c9xito de asistencia en la feria \u2018Apostando por el Bierzo. Naturalmente\u2019 en Trascastro - Consejo Comarcal del Bierzo","isPartOf":{"@id":"https:\/\/ccbierzo.com\/gl\/#website"},"primaryImageOfPage":{"@id":"https:\/\/ccbierzo.com\/exito-de-asistencia-en-la-feria-apostando-por-el-bierzo-naturalmente-en-trascastro\/#primaryimage"},"image":{"@id":"https:\/\/ccbierzo.com\/exito-de-asistencia-en-la-feria-apostando-por-el-bierzo-naturalmente-en-trascastro\/#primaryimage"},"thumbnailUrl":"https:\/\/ccbierzo.com\/wp-content\/uploads\/2024\/08\/trascasatro1-scaled.jpeg","datePublished":"2024-08-12T10:03:37+00:00","dateModified":"2024-08-12T10:03:38+00:00","author":{"@id":"https:\/\/ccbierzo.com\/gl\/#\/schema\/person\/4e9a8395b397b1d4b8695a5274072278"},"breadcrumb":{"@id":"https:\/\/ccbierzo.com\/exito-de-asistencia-en-la-feria-apostando-por-el-bierzo-naturalmente-en-trascastro\/#breadcrumb"},"inLanguage":"gl-ES","potentialAction":[{"@type":"ReadAction","target":["https:\/\/ccbierzo.com\/exito-de-asistencia-en-la-feria-apostando-por-el-bierzo-naturalmente-en-trascastro\/"]}]},{"@type":"ImageObject","inLanguage":"gl-ES","@id":"https:\/\/ccbierzo.com\/exito-de-asistencia-en-la-feria-apostando-por-el-bierzo-naturalmente-en-trascastro\/#primaryimage","url":"https:\/\/ccbierzo.com\/wp-content\/uploads\/2024\/08\/trascasatro1-scaled.jpeg","contentUrl":"https:\/\/ccbierzo.com\/wp-content\/uploads\/2024\/08\/trascasatro1-scaled.jpeg","width":2560,"height":1920},{"@type":"BreadcrumbList","@id":"https:\/\/ccbierzo.com\/exito-de-asistencia-en-la-feria-apostando-por-el-bierzo-naturalmente-en-trascastro\/#breadcrumb","itemListElement":[{"@type":"ListItem","position":1,"name":"Portada","item":"https:\/\/ccbierzo.com\/gl\/"},{"@type":"ListItem","position":2,"name":"\u00c9xito de asistencia en la feria \u2018Apostando por el Bierzo. Naturalmente\u2019 en Trascastro"}]},{"@type":"WebSite","@id":"https:\/\/ccbierzo.com\/gl\/#website","url":"https:\/\/ccbierzo.com\/gl\/","name":"Consejo Comarcal del Bierzo","description":"P\u00e1gina Oficial del Consejo Comarcal del Bierzo","potentialAction":[{"@type":"SearchAction","target":{"@type":"EntryPoint","urlTemplate":"https:\/\/ccbierzo.com\/gl\/?s={search_term_string}"},"query-input":{"@type":"PropertyValueSpecification","valueRequired":true,"valueName":"search_term_string"}}],"inLanguage":"gl-ES"},{"@type":"Person","@id":"https:\/\/ccbierzo.com\/gl\/#\/schema\/person\/4e9a8395b397b1d4b8695a5274072278","name":"Marta Vidal"}]}},"_links":{"self":[{"href":"https:\/\/ccbierzo.com\/gl\/wp-json\/wp\/v2\/posts\/133147","targetHints":{"allow":["GET"]}}],"collection":[{"href":"https:\/\/ccbierzo.com\/gl\/wp-json\/wp\/v2\/posts"}],"about":[{"href":"https:\/\/ccbierzo.com\/gl\/wp-json\/wp\/v2\/types\/post"}],"author":[{"embeddable":true,"href":"https:\/\/ccbierzo.com\/gl\/wp-json\/wp\/v2\/users\/3"}],"replies":[{"embeddable":true,"href":"https:\/\/ccbierzo.com\/gl\/wp-json\/wp\/v2\/comments?post=133147"}],"version-history":[{"count":0,"href":"https:\/\/ccbierzo.com\/gl\/wp-json\/wp\/v2\/posts\/133147\/revisions"}],"wp:featuredmedia":[{"embeddable":true,"href":"https:\/\/ccbierzo.com\/gl\/wp-json\/wp\/v2\/media\/133148"}],"wp:attachment":[{"href":"https:\/\/ccbierzo.com\/gl\/wp-json\/wp\/v2\/media?parent=133147"}],"wp:term":[{"taxonomy":"category","embeddable":true,"href":"https:\/\/ccbierzo.com\/gl\/wp-json\/wp\/v2\/categories?post=133147"},{"taxonomy":"post_tag","embeddable":true,"href":"https:\/\/ccbierzo.com\/gl\/wp-json\/wp\/v2\/tags?post=133147"}],"curies":[{"name":"wp","href":"https:\/\/api.w.org\/{rel}","templated":true}]}}