{"id":133110,"date":"2024-07-11T13:52:56","date_gmt":"2024-07-11T11:52:56","guid":{"rendered":"https:\/\/ccbierzo.com\/?p=133110"},"modified":"2024-07-11T13:57:45","modified_gmt":"2024-07-11T11:57:45","slug":"el-consejo-comarcal-finaliza-en-noceda-del-bierzo-su-ronda-de-visitas-a-los-ayuntamientos","status":"publish","type":"post","link":"https:\/\/ccbierzo.com\/gl\/el-consejo-comarcal-finaliza-en-noceda-del-bierzo-su-ronda-de-visitas-a-los-ayuntamientos\/","title":{"rendered":"El Consejo Comarcal finaliza en Noceda del Bierzo su ronda de visitas a los ayuntamientos"},"content":{"rendered":"\n<p>El Consejo Comarcal del Bierzo ha culminado hoy en <strong>Noceda del Bierzo<\/strong> una intensa ronda de visitas a los 38 municipios de la comarca. Esta iniciativa, que comenz\u00f3 el pasado 4 de octubre en Arganza, ha permitido al presidente del Consejo Comarcal conocer de primera mano la realidad de los ayuntamientos y escuchar las ideas y reivindicaciones de alcaldes, alcaldesas y representantes de juntas vecinales. Otro de los objetivos cumplidos es informar sobre los servicios m\u00e1s desconocidos que presta la instituci\u00f3n a la ciudadan\u00eda.<\/p>\n\n\n\n<p>Olegario Ram\u00f3n ha mostrado su satisfacci\u00f3n por la acogida que ha tenido esta iniciativa en los ayuntamientos. Seg\u00fan el presidente, las visitas han permitido extraer <strong>importantes conclusiones<\/strong>, destacando peticiones recurrentes en la mayor\u00eda de los municipios. Entre las demandas m\u00e1s comunes se encuentran la necesidad de dotar de m\u00e1s personal t\u00e9cnico al Servicio de Atenci\u00f3n a Municipios, agilizar el pago del Plan de Peque\u00f1as Obras, y avanzar en una gesti\u00f3n comarcal de determinados servicios, como la recogida de residuos o el arreglo de caminos vecinales.<\/p>\n\n\n\n<p>En respuesta a estas demandas, Olegario Ram\u00f3n ha anunciado la primera de una serie de iniciativas: la <strong>convocatoria de una reuni\u00f3n con los agentes implicados en la gesti\u00f3n de residuos en El Bierzo<\/strong>. Este encuentro se celebrar\u00e1 en septiembre y ser\u00e1 similar a la jornada con juntas vecinales que tuvo lugar en Balboa en marzo.<\/p>\n\n\n\n<p>El presidente del Consejo Comarcal tambi\u00e9n ha adelantado que en los \u00faltimos dos a\u00f1os de su mandato <strong>volver\u00e1 a visitar los ayuntamientos<\/strong> para hacer balance de las actuaciones llevadas a cabo y seguir atendiendo las necesidades y sugerencias de los municipios.<\/p>\n\n\n\n<p>Durante la visita a Noceda del Bierzo, el alcalde <strong>Andr\u00e9s Arias<\/strong>, tambi\u00e9n consejero comarcal de Protecci\u00f3n Civil, expres\u00f3 su agradecimiento a Olegario Ram\u00f3n y reiter\u00f3 el compromiso del Ayuntamiento con la construcci\u00f3n de un Consejo Comarcal m\u00e1s \u201cfuerte\u201d.<\/p>\n\n\n\n<p>Los consejeros y consejeras que acompa\u00f1aron al presidente fueron <strong>Lorena Fern\u00e1ndez<\/strong>, <strong>Susana Folla<\/strong>, <strong>Cristina P\u00e9rez<\/strong>, <strong>Carmen Doel<\/strong> y <strong>Gabriel Folgado<\/strong>, del PSOE; y <strong>Jos\u00e9 Manuel Pereira<\/strong> y <strong>Jorge Blanco<\/strong>, del PP.<\/p>\n\n\n\n<div style=\"height:30px\" aria-hidden=\"true\" class=\"wp-block-spacer\"><\/div>\n\n\n\n<figure class=\"wp-block-gallery has-nested-images columns-default is-cropped wp-block-gallery-1 is-layout-flex wp-block-gallery-is-layout-flex\">\n<figure class=\"wp-block-image size-large\"><img loading=\"lazy\" decoding=\"async\" width=\"1024\" height=\"768\" data-id=\"133111\" src=\"https:\/\/ccbierzo.com\/wp-content\/uploads\/2024\/07\/noceda1-1024x768.jpeg\" alt=\"\" class=\"wp-image-133111\" srcset=\"https:\/\/ccbierzo.com\/wp-content\/uploads\/2024\/07\/noceda1-980x735.jpeg 980w, https:\/\/ccbierzo.com\/wp-content\/uploads\/2024\/07\/noceda1-480x360.jpeg 480w\" sizes=\"(min-width: 0px) and (max-width: 480px) 480px, (min-width: 481px) and (max-width: 980px) 980px, (min-width: 981px) 1024px, 100vw\" \/><\/figure>\n\n\n\n<figure class=\"wp-block-image size-large\"><img loading=\"lazy\" decoding=\"async\" width=\"1024\" height=\"768\" data-id=\"133113\" src=\"https:\/\/ccbierzo.com\/wp-content\/uploads\/2024\/07\/noceda2-1024x768.jpeg\" alt=\"\" class=\"wp-image-133113\" srcset=\"https:\/\/ccbierzo.com\/wp-content\/uploads\/2024\/07\/noceda2-980x735.jpeg 980w, https:\/\/ccbierzo.com\/wp-content\/uploads\/2024\/07\/noceda2-480x360.jpeg 480w\" sizes=\"(min-width: 0px) and (max-width: 480px) 480px, (min-width: 481px) and (max-width: 980px) 980px, (min-width: 981px) 1024px, 100vw\" \/><\/figure>\n\n\n\n<figure class=\"wp-block-image size-large\"><img loading=\"lazy\" decoding=\"async\" width=\"1024\" height=\"746\" data-id=\"133115\" src=\"https:\/\/ccbierzo.com\/wp-content\/uploads\/2024\/07\/noceda5-1024x746.jpeg\" alt=\"\" class=\"wp-image-133115\" srcset=\"https:\/\/ccbierzo.com\/wp-content\/uploads\/2024\/07\/noceda5-980x714.jpeg 980w, https:\/\/ccbierzo.com\/wp-content\/uploads\/2024\/07\/noceda5-480x350.jpeg 480w\" sizes=\"(min-width: 0px) and (max-width: 480px) 480px, (min-width: 481px) and (max-width: 980px) 980px, (min-width: 981px) 1024px, 100vw\" \/><\/figure>\n\n\n\n<figure class=\"wp-block-image size-large\"><img loading=\"lazy\" decoding=\"async\" width=\"1024\" height=\"768\" data-id=\"133117\" src=\"https:\/\/ccbierzo.com\/wp-content\/uploads\/2024\/07\/noceda6-1024x768.jpeg\" alt=\"\" class=\"wp-image-133117\" srcset=\"https:\/\/ccbierzo.com\/wp-content\/uploads\/2024\/07\/noceda6-980x735.jpeg 980w, https:\/\/ccbierzo.com\/wp-content\/uploads\/2024\/07\/noceda6-480x360.jpeg 480w\" sizes=\"(min-width: 0px) and (max-width: 480px) 480px, (min-width: 481px) and (max-width: 980px) 980px, (min-width: 981px) 1024px, 100vw\" \/><\/figure>\n\n\n\n<figure class=\"wp-block-image size-large\"><img loading=\"lazy\" decoding=\"async\" width=\"1024\" height=\"768\" data-id=\"133119\" src=\"https:\/\/ccbierzo.com\/wp-content\/uploads\/2024\/07\/noceda4-1024x768.jpeg\" alt=\"\" class=\"wp-image-133119\" srcset=\"https:\/\/ccbierzo.com\/wp-content\/uploads\/2024\/07\/noceda4-980x735.jpeg 980w, https:\/\/ccbierzo.com\/wp-content\/uploads\/2024\/07\/noceda4-480x360.jpeg 480w\" sizes=\"(min-width: 0px) and (max-width: 480px) 480px, (min-width: 481px) and (max-width: 980px) 980px, (min-width: 981px) 1024px, 100vw\" \/><\/figure>\n\n\n\n<figure class=\"wp-block-image size-large\"><img loading=\"lazy\" decoding=\"async\" width=\"1024\" height=\"768\" data-id=\"133121\" src=\"https:\/\/ccbierzo.com\/wp-content\/uploads\/2024\/07\/noceda3-1024x768.jpeg\" alt=\"\" class=\"wp-image-133121\" srcset=\"https:\/\/ccbierzo.com\/wp-content\/uploads\/2024\/07\/noceda3-980x735.jpeg 980w, https:\/\/ccbierzo.com\/wp-content\/uploads\/2024\/07\/noceda3-480x360.jpeg 480w\" sizes=\"(min-width: 0px) and (max-width: 480px) 480px, (min-width: 481px) and (max-width: 980px) 980px, (min-width: 981px) 1024px, 100vw\" \/><\/figure>\n<\/figure>\n","protected":false},"excerpt":{"rendered":"<p>Esta iniciativa, que comenz\u00f3 el pasado 4 de octubre en Arganza, ha permitido al presidente conocer de primera mano la realidad de los ayuntamientos y escuchar las ideas y reivindicaciones de alcaldes, alcaldesas y representantes de juntas vecinales. <\/p>\n","protected":false},"author":3,"featured_media":133121,"comment_status":"closed","ping_status":"closed","sticky":false,"template":"","format":"standard","meta":{"_et_pb_use_builder":"","_et_pb_old_content":"","_et_gb_content_width":"","footnotes":""},"categories":[26],"tags":[261],"class_list":["post-133110","post","type-post","status-publish","format-standard","has-post-thumbnail","hentry","category-administracion","tag-noceda-del-bierzo"],"yoast_head":"<!-- This site is optimized with the Yoast SEO plugin v27.3 - https:\/\/yoast.com\/product\/yoast-seo-wordpress\/ -->\n<title>El Consejo Comarcal finaliza en Noceda del Bierzo su ronda de visitas a los ayuntamientos - Consejo Comarcal del Bierzo<\/title>\n<meta name=\"robots\" content=\"index, follow, max-snippet:-1, max-image-preview:large, max-video-preview:-1\" \/>\n<link rel=\"canonical\" href=\"https:\/\/ccbierzo.com\/el-consejo-comarcal-finaliza-en-noceda-del-bierzo-su-ronda-de-visitas-a-los-ayuntamientos\/\" \/>\n<meta property=\"og:locale\" content=\"gl_ES\" \/>\n<meta property=\"og:type\" content=\"article\" \/>\n<meta property=\"og:title\" content=\"El Consejo Comarcal finaliza en Noceda del Bierzo su ronda de visitas a los ayuntamientos - Consejo Comarcal del Bierzo\" \/>\n<meta property=\"og:description\" content=\"Esta iniciativa, que comenz\u00f3 el pasado 4 de octubre en Arganza, ha permitido al presidente conocer de primera mano la realidad de los ayuntamientos y escuchar las ideas y reivindicaciones de alcaldes, alcaldesas y representantes de juntas vecinales.\" \/>\n<meta property=\"og:url\" content=\"https:\/\/ccbierzo.com\/el-consejo-comarcal-finaliza-en-noceda-del-bierzo-su-ronda-de-visitas-a-los-ayuntamientos\/\" \/>\n<meta property=\"og:site_name\" content=\"Consejo Comarcal del Bierzo\" \/>\n<meta property=\"article:published_time\" content=\"2024-07-11T11:52:56+00:00\" \/>\n<meta property=\"article:modified_time\" content=\"2024-07-11T11:57:45+00:00\" \/>\n<meta property=\"og:image\" content=\"https:\/\/ccbierzo.com\/wp-content\/uploads\/2024\/07\/noceda3-scaled.jpeg\" \/>\n\t<meta property=\"og:image:width\" content=\"2560\" \/>\n\t<meta property=\"og:image:height\" content=\"1920\" \/>\n\t<meta property=\"og:image:type\" content=\"image\/jpeg\" \/>\n<meta name=\"author\" content=\"Marta Vidal\" \/>\n<meta name=\"twitter:card\" content=\"summary_large_image\" \/>\n<meta name=\"twitter:label1\" content=\"Escrito por\" \/>\n\t<meta name=\"twitter:data1\" content=\"Marta Vidal\" \/>\n\t<meta name=\"twitter:label2\" content=\"Tempo de lectura\" \/>\n\t<meta name=\"twitter:data2\" content=\"3 minutos\" \/>\n<script type=\"application\/ld+json\" class=\"yoast-schema-graph\">{\"@context\":\"https:\\\/\\\/schema.org\",\"@graph\":[{\"@type\":\"Article\",\"@id\":\"https:\\\/\\\/ccbierzo.com\\\/el-consejo-comarcal-finaliza-en-noceda-del-bierzo-su-ronda-de-visitas-a-los-ayuntamientos\\\/#article\",\"isPartOf\":{\"@id\":\"https:\\\/\\\/ccbierzo.com\\\/el-consejo-comarcal-finaliza-en-noceda-del-bierzo-su-ronda-de-visitas-a-los-ayuntamientos\\\/\"},\"author\":{\"name\":\"Marta Vidal\",\"@id\":\"https:\\\/\\\/ccbierzo.com\\\/gl\\\/#\\\/schema\\\/person\\\/4e9a8395b397b1d4b8695a5274072278\"},\"headline\":\"El Consejo Comarcal finaliza en Noceda del Bierzo su ronda de visitas a los ayuntamientos\",\"datePublished\":\"2024-07-11T11:52:56+00:00\",\"dateModified\":\"2024-07-11T11:57:45+00:00\",\"mainEntityOfPage\":{\"@id\":\"https:\\\/\\\/ccbierzo.com\\\/el-consejo-comarcal-finaliza-en-noceda-del-bierzo-su-ronda-de-visitas-a-los-ayuntamientos\\\/\"},\"wordCount\":374,\"image\":{\"@id\":\"https:\\\/\\\/ccbierzo.com\\\/el-consejo-comarcal-finaliza-en-noceda-del-bierzo-su-ronda-de-visitas-a-los-ayuntamientos\\\/#primaryimage\"},\"thumbnailUrl\":\"https:\\\/\\\/ccbierzo.com\\\/wp-content\\\/uploads\\\/2024\\\/07\\\/noceda3-scaled.jpeg\",\"keywords\":[\"Noceda del Bierzo\"],\"articleSection\":[\"Administraci\u00f3n\"],\"inLanguage\":\"gl-ES\"},{\"@type\":\"WebPage\",\"@id\":\"https:\\\/\\\/ccbierzo.com\\\/el-consejo-comarcal-finaliza-en-noceda-del-bierzo-su-ronda-de-visitas-a-los-ayuntamientos\\\/\",\"url\":\"https:\\\/\\\/ccbierzo.com\\\/el-consejo-comarcal-finaliza-en-noceda-del-bierzo-su-ronda-de-visitas-a-los-ayuntamientos\\\/\",\"name\":\"El Consejo Comarcal finaliza en Noceda del Bierzo su ronda de visitas a los ayuntamientos - Consejo Comarcal del Bierzo\",\"isPartOf\":{\"@id\":\"https:\\\/\\\/ccbierzo.com\\\/gl\\\/#website\"},\"primaryImageOfPage\":{\"@id\":\"https:\\\/\\\/ccbierzo.com\\\/el-consejo-comarcal-finaliza-en-noceda-del-bierzo-su-ronda-de-visitas-a-los-ayuntamientos\\\/#primaryimage\"},\"image\":{\"@id\":\"https:\\\/\\\/ccbierzo.com\\\/el-consejo-comarcal-finaliza-en-noceda-del-bierzo-su-ronda-de-visitas-a-los-ayuntamientos\\\/#primaryimage\"},\"thumbnailUrl\":\"https:\\\/\\\/ccbierzo.com\\\/wp-content\\\/uploads\\\/2024\\\/07\\\/noceda3-scaled.jpeg\",\"datePublished\":\"2024-07-11T11:52:56+00:00\",\"dateModified\":\"2024-07-11T11:57:45+00:00\",\"author\":{\"@id\":\"https:\\\/\\\/ccbierzo.com\\\/gl\\\/#\\\/schema\\\/person\\\/4e9a8395b397b1d4b8695a5274072278\"},\"breadcrumb\":{\"@id\":\"https:\\\/\\\/ccbierzo.com\\\/el-consejo-comarcal-finaliza-en-noceda-del-bierzo-su-ronda-de-visitas-a-los-ayuntamientos\\\/#breadcrumb\"},\"inLanguage\":\"gl-ES\",\"potentialAction\":[{\"@type\":\"ReadAction\",\"target\":[\"https:\\\/\\\/ccbierzo.com\\\/el-consejo-comarcal-finaliza-en-noceda-del-bierzo-su-ronda-de-visitas-a-los-ayuntamientos\\\/\"]}]},{\"@type\":\"ImageObject\",\"inLanguage\":\"gl-ES\",\"@id\":\"https:\\\/\\\/ccbierzo.com\\\/el-consejo-comarcal-finaliza-en-noceda-del-bierzo-su-ronda-de-visitas-a-los-ayuntamientos\\\/#primaryimage\",\"url\":\"https:\\\/\\\/ccbierzo.com\\\/wp-content\\\/uploads\\\/2024\\\/07\\\/noceda3-scaled.jpeg\",\"contentUrl\":\"https:\\\/\\\/ccbierzo.com\\\/wp-content\\\/uploads\\\/2024\\\/07\\\/noceda3-scaled.jpeg\",\"width\":2560,\"height\":1920},{\"@type\":\"BreadcrumbList\",\"@id\":\"https:\\\/\\\/ccbierzo.com\\\/el-consejo-comarcal-finaliza-en-noceda-del-bierzo-su-ronda-de-visitas-a-los-ayuntamientos\\\/#breadcrumb\",\"itemListElement\":[{\"@type\":\"ListItem\",\"position\":1,\"name\":\"Portada\",\"item\":\"https:\\\/\\\/ccbierzo.com\\\/gl\\\/\"},{\"@type\":\"ListItem\",\"position\":2,\"name\":\"El Consejo Comarcal finaliza en Noceda del Bierzo su ronda de visitas a los ayuntamientos\"}]},{\"@type\":\"WebSite\",\"@id\":\"https:\\\/\\\/ccbierzo.com\\\/gl\\\/#website\",\"url\":\"https:\\\/\\\/ccbierzo.com\\\/gl\\\/\",\"name\":\"Consejo Comarcal del Bierzo\",\"description\":\"P\u00e1gina Oficial del Consejo Comarcal del Bierzo\",\"potentialAction\":[{\"@type\":\"SearchAction\",\"target\":{\"@type\":\"EntryPoint\",\"urlTemplate\":\"https:\\\/\\\/ccbierzo.com\\\/gl\\\/?s={search_term_string}\"},\"query-input\":{\"@type\":\"PropertyValueSpecification\",\"valueRequired\":true,\"valueName\":\"search_term_string\"}}],\"inLanguage\":\"gl-ES\"},{\"@type\":\"Person\",\"@id\":\"https:\\\/\\\/ccbierzo.com\\\/gl\\\/#\\\/schema\\\/person\\\/4e9a8395b397b1d4b8695a5274072278\",\"name\":\"Marta Vidal\"}]}<\/script>\n<!-- \/ Yoast SEO plugin. -->","yoast_head_json":{"title":"El Consejo Comarcal finaliza en Noceda del Bierzo su ronda de visitas a los ayuntamientos - Consejo Comarcal del Bierzo","robots":{"index":"index","follow":"follow","max-snippet":"max-snippet:-1","max-image-preview":"max-image-preview:large","max-video-preview":"max-video-preview:-1"},"canonical":"https:\/\/ccbierzo.com\/el-consejo-comarcal-finaliza-en-noceda-del-bierzo-su-ronda-de-visitas-a-los-ayuntamientos\/","og_locale":"gl_ES","og_type":"article","og_title":"El Consejo Comarcal finaliza en Noceda del Bierzo su ronda de visitas a los ayuntamientos - Consejo Comarcal del Bierzo","og_description":"Esta iniciativa, que comenz\u00f3 el pasado 4 de octubre en Arganza, ha permitido al presidente conocer de primera mano la realidad de los ayuntamientos y escuchar las ideas y reivindicaciones de alcaldes, alcaldesas y representantes de juntas vecinales.","og_url":"https:\/\/ccbierzo.com\/el-consejo-comarcal-finaliza-en-noceda-del-bierzo-su-ronda-de-visitas-a-los-ayuntamientos\/","og_site_name":"Consejo Comarcal del Bierzo","article_published_time":"2024-07-11T11:52:56+00:00","article_modified_time":"2024-07-11T11:57:45+00:00","og_image":[{"width":2560,"height":1920,"url":"https:\/\/ccbierzo.com\/wp-content\/uploads\/2024\/07\/noceda3-scaled.jpeg","type":"image\/jpeg"}],"author":"Marta Vidal","twitter_card":"summary_large_image","twitter_misc":{"Escrito por":"Marta Vidal","Tempo de lectura":"3 minutos"},"schema":{"@context":"https:\/\/schema.org","@graph":[{"@type":"Article","@id":"https:\/\/ccbierzo.com\/el-consejo-comarcal-finaliza-en-noceda-del-bierzo-su-ronda-de-visitas-a-los-ayuntamientos\/#article","isPartOf":{"@id":"https:\/\/ccbierzo.com\/el-consejo-comarcal-finaliza-en-noceda-del-bierzo-su-ronda-de-visitas-a-los-ayuntamientos\/"},"author":{"name":"Marta Vidal","@id":"https:\/\/ccbierzo.com\/gl\/#\/schema\/person\/4e9a8395b397b1d4b8695a5274072278"},"headline":"El Consejo Comarcal finaliza en Noceda del Bierzo su ronda de visitas a los ayuntamientos","datePublished":"2024-07-11T11:52:56+00:00","dateModified":"2024-07-11T11:57:45+00:00","mainEntityOfPage":{"@id":"https:\/\/ccbierzo.com\/el-consejo-comarcal-finaliza-en-noceda-del-bierzo-su-ronda-de-visitas-a-los-ayuntamientos\/"},"wordCount":374,"image":{"@id":"https:\/\/ccbierzo.com\/el-consejo-comarcal-finaliza-en-noceda-del-bierzo-su-ronda-de-visitas-a-los-ayuntamientos\/#primaryimage"},"thumbnailUrl":"https:\/\/ccbierzo.com\/wp-content\/uploads\/2024\/07\/noceda3-scaled.jpeg","keywords":["Noceda del Bierzo"],"articleSection":["Administraci\u00f3n"],"inLanguage":"gl-ES"},{"@type":"WebPage","@id":"https:\/\/ccbierzo.com\/el-consejo-comarcal-finaliza-en-noceda-del-bierzo-su-ronda-de-visitas-a-los-ayuntamientos\/","url":"https:\/\/ccbierzo.com\/el-consejo-comarcal-finaliza-en-noceda-del-bierzo-su-ronda-de-visitas-a-los-ayuntamientos\/","name":"El Consejo Comarcal finaliza en Noceda del Bierzo su ronda de visitas a los ayuntamientos - Consejo Comarcal del Bierzo","isPartOf":{"@id":"https:\/\/ccbierzo.com\/gl\/#website"},"primaryImageOfPage":{"@id":"https:\/\/ccbierzo.com\/el-consejo-comarcal-finaliza-en-noceda-del-bierzo-su-ronda-de-visitas-a-los-ayuntamientos\/#primaryimage"},"image":{"@id":"https:\/\/ccbierzo.com\/el-consejo-comarcal-finaliza-en-noceda-del-bierzo-su-ronda-de-visitas-a-los-ayuntamientos\/#primaryimage"},"thumbnailUrl":"https:\/\/ccbierzo.com\/wp-content\/uploads\/2024\/07\/noceda3-scaled.jpeg","datePublished":"2024-07-11T11:52:56+00:00","dateModified":"2024-07-11T11:57:45+00:00","author":{"@id":"https:\/\/ccbierzo.com\/gl\/#\/schema\/person\/4e9a8395b397b1d4b8695a5274072278"},"breadcrumb":{"@id":"https:\/\/ccbierzo.com\/el-consejo-comarcal-finaliza-en-noceda-del-bierzo-su-ronda-de-visitas-a-los-ayuntamientos\/#breadcrumb"},"inLanguage":"gl-ES","potentialAction":[{"@type":"ReadAction","target":["https:\/\/ccbierzo.com\/el-consejo-comarcal-finaliza-en-noceda-del-bierzo-su-ronda-de-visitas-a-los-ayuntamientos\/"]}]},{"@type":"ImageObject","inLanguage":"gl-ES","@id":"https:\/\/ccbierzo.com\/el-consejo-comarcal-finaliza-en-noceda-del-bierzo-su-ronda-de-visitas-a-los-ayuntamientos\/#primaryimage","url":"https:\/\/ccbierzo.com\/wp-content\/uploads\/2024\/07\/noceda3-scaled.jpeg","contentUrl":"https:\/\/ccbierzo.com\/wp-content\/uploads\/2024\/07\/noceda3-scaled.jpeg","width":2560,"height":1920},{"@type":"BreadcrumbList","@id":"https:\/\/ccbierzo.com\/el-consejo-comarcal-finaliza-en-noceda-del-bierzo-su-ronda-de-visitas-a-los-ayuntamientos\/#breadcrumb","itemListElement":[{"@type":"ListItem","position":1,"name":"Portada","item":"https:\/\/ccbierzo.com\/gl\/"},{"@type":"ListItem","position":2,"name":"El Consejo Comarcal finaliza en Noceda del Bierzo su ronda de visitas a los ayuntamientos"}]},{"@type":"WebSite","@id":"https:\/\/ccbierzo.com\/gl\/#website","url":"https:\/\/ccbierzo.com\/gl\/","name":"Consejo Comarcal del Bierzo","description":"P\u00e1gina Oficial del Consejo Comarcal del Bierzo","potentialAction":[{"@type":"SearchAction","target":{"@type":"EntryPoint","urlTemplate":"https:\/\/ccbierzo.com\/gl\/?s={search_term_string}"},"query-input":{"@type":"PropertyValueSpecification","valueRequired":true,"valueName":"search_term_string"}}],"inLanguage":"gl-ES"},{"@type":"Person","@id":"https:\/\/ccbierzo.com\/gl\/#\/schema\/person\/4e9a8395b397b1d4b8695a5274072278","name":"Marta Vidal"}]}},"_links":{"self":[{"href":"https:\/\/ccbierzo.com\/gl\/wp-json\/wp\/v2\/posts\/133110","targetHints":{"allow":["GET"]}}],"collection":[{"href":"https:\/\/ccbierzo.com\/gl\/wp-json\/wp\/v2\/posts"}],"about":[{"href":"https:\/\/ccbierzo.com\/gl\/wp-json\/wp\/v2\/types\/post"}],"author":[{"embeddable":true,"href":"https:\/\/ccbierzo.com\/gl\/wp-json\/wp\/v2\/users\/3"}],"replies":[{"embeddable":true,"href":"https:\/\/ccbierzo.com\/gl\/wp-json\/wp\/v2\/comments?post=133110"}],"version-history":[{"count":0,"href":"https:\/\/ccbierzo.com\/gl\/wp-json\/wp\/v2\/posts\/133110\/revisions"}],"wp:featuredmedia":[{"embeddable":true,"href":"https:\/\/ccbierzo.com\/gl\/wp-json\/wp\/v2\/media\/133121"}],"wp:attachment":[{"href":"https:\/\/ccbierzo.com\/gl\/wp-json\/wp\/v2\/media?parent=133110"}],"wp:term":[{"taxonomy":"category","embeddable":true,"href":"https:\/\/ccbierzo.com\/gl\/wp-json\/wp\/v2\/categories?post=133110"},{"taxonomy":"post_tag","embeddable":true,"href":"https:\/\/ccbierzo.com\/gl\/wp-json\/wp\/v2\/tags?post=133110"}],"curies":[{"name":"wp","href":"https:\/\/api.w.org\/{rel}","templated":true}]}}