{"id":132953,"date":"2024-06-24T14:26:57","date_gmt":"2024-06-24T12:26:57","guid":{"rendered":"https:\/\/ccbierzo.com\/?p=132953"},"modified":"2024-06-24T14:26:58","modified_gmt":"2024-06-24T12:26:58","slug":"fabero-peranzanes-y-congosto-acogen-este-verano-las-ferias-agroalimentarias-del-consejo-comarcal","status":"publish","type":"post","link":"https:\/\/ccbierzo.com\/gl\/fabero-peranzanes-y-congosto-acogen-este-verano-las-ferias-agroalimentarias-del-consejo-comarcal\/","title":{"rendered":"Fabero, Peranzanes y Congosto acogen este verano las ferias agroalimentarias del Consejo Comarcal"},"content":{"rendered":"\n<p>El presidente del Consejo Comarcal del Bierzo anunci\u00f3 este lunes en su visita institucional a Palacios del Sil, la celebraci\u00f3n de las ferias <strong>\u201cApostando por el Bierzo. Naturalmente&#8221; <\/strong>en Fabero, Peranzanes y Congosto. En esta visita, <strong>Olegario Ram\u00f3n<\/strong> fue recibido por el alcalde de Palacios del Sil, <strong>Roberto Fern\u00e1ndez<\/strong>, y otros miembros de la corporaci\u00f3n municipal.<\/p>\n\n\n\n<p>Las ferias, organizadas por el<strong> <a href=\"https:\/\/www.bancodetierrasdelbierzo.es\/\">Banco de Tierras del Consejo Comarcal<\/a> <\/strong>en colaboraci\u00f3n con los ayuntamientos anfitriones, Alimentos de Calidad del Bierzo y la Asociaci\u00f3n Berciana de Agricultores, tienen como objetivo principal apoyar a los peque\u00f1os productores y agricultores en la comercializaci\u00f3n de sus productos, as\u00ed como fomentar el consumo de productos de cercan\u00eda.<\/p>\n\n\n\n<p>Las ferias tendr\u00e1n lugar <strong>el 27 de julio en Fabero, el 11 de agosto en Peranzanes y el 24 de agosto en Congosto<\/strong>. Las tres se celebrar\u00e1n por la tarde y coincidir\u00e1n con las fiestas patronales u otros eventos, que asegurar\u00e1n una gran afluencia de p\u00fablico.<\/p>\n\n\n\n<p>El alcalde de Palacios del Sil se uni\u00f3 a las voces de otros regidores y regidoras que piden mayor agilidad en el pago del <strong>Plan de Peque\u00f1as Obras<\/strong>, y consider\u00f3 acertado que estos planes sean bienales para solucionar el problema de liquidez de las peque\u00f1as pedan\u00edas. Adem\u00e1s, expres\u00f3 los problemas que la falta de personal genera en los peque\u00f1os ayuntamientos, especialmente al frente la Secretar\u00eda. Por este motivo, considera muy importante la ayuda que prestan el Consejo Comarcal del Bierzo y la Diputaci\u00f3n de Le\u00f3n.<\/p>\n\n\n\n<p>En la visita de este lunes, el presidente Olegario Ram\u00f3n estuvo acompa\u00f1ado por los portavoces del PSOE y del PP, <strong>Susana Folla<\/strong> y <strong>Jos\u00e9 Manuel Pereira<\/strong>, respectivamente, y la consejera de Bienestar Social e Igualdad, <strong>Carmen Doel<\/strong>.<\/p>\n\n\n\n<div style=\"height:30px\" aria-hidden=\"true\" class=\"wp-block-spacer\"><\/div>\n\n\n\n<figure class=\"wp-block-gallery has-nested-images columns-default is-cropped wp-block-gallery-1 is-layout-flex wp-block-gallery-is-layout-flex\">\n<figure class=\"wp-block-image size-large\"><img loading=\"lazy\" decoding=\"async\" width=\"1024\" height=\"768\" data-id=\"132962\" src=\"https:\/\/ccbierzo.com\/wp-content\/uploads\/2024\/06\/palacios6-1024x768.jpeg\" alt=\"\" class=\"wp-image-132962\" srcset=\"https:\/\/ccbierzo.com\/wp-content\/uploads\/2024\/06\/palacios6-980x735.jpeg 980w, https:\/\/ccbierzo.com\/wp-content\/uploads\/2024\/06\/palacios6-480x360.jpeg 480w\" sizes=\"(min-width: 0px) and (max-width: 480px) 480px, (min-width: 481px) and (max-width: 980px) 980px, (min-width: 981px) 1024px, 100vw\" \/><\/figure>\n\n\n\n<figure class=\"wp-block-image size-large\"><img loading=\"lazy\" decoding=\"async\" width=\"1024\" height=\"768\" data-id=\"132960\" src=\"https:\/\/ccbierzo.com\/wp-content\/uploads\/2024\/06\/palacios1-1024x768.jpeg\" alt=\"\" class=\"wp-image-132960\" srcset=\"https:\/\/ccbierzo.com\/wp-content\/uploads\/2024\/06\/palacios1-980x735.jpeg 980w, https:\/\/ccbierzo.com\/wp-content\/uploads\/2024\/06\/palacios1-480x360.jpeg 480w\" sizes=\"(min-width: 0px) and (max-width: 480px) 480px, (min-width: 481px) and (max-width: 980px) 980px, (min-width: 981px) 1024px, 100vw\" \/><\/figure>\n\n\n\n<figure class=\"wp-block-image size-large\"><img loading=\"lazy\" decoding=\"async\" width=\"1024\" height=\"768\" data-id=\"132954\" src=\"https:\/\/ccbierzo.com\/wp-content\/uploads\/2024\/06\/palacios5-1024x768.jpeg\" alt=\"\" class=\"wp-image-132954\" srcset=\"https:\/\/ccbierzo.com\/wp-content\/uploads\/2024\/06\/palacios5-980x735.jpeg 980w, https:\/\/ccbierzo.com\/wp-content\/uploads\/2024\/06\/palacios5-480x360.jpeg 480w\" sizes=\"(min-width: 0px) and (max-width: 480px) 480px, (min-width: 481px) and (max-width: 980px) 980px, (min-width: 981px) 1024px, 100vw\" \/><\/figure>\n\n\n\n<figure class=\"wp-block-image size-large\"><img loading=\"lazy\" decoding=\"async\" width=\"1024\" height=\"768\" data-id=\"132956\" src=\"https:\/\/ccbierzo.com\/wp-content\/uploads\/2024\/06\/palacios4-1024x768.jpeg\" alt=\"\" class=\"wp-image-132956\" srcset=\"https:\/\/ccbierzo.com\/wp-content\/uploads\/2024\/06\/palacios4-980x735.jpeg 980w, https:\/\/ccbierzo.com\/wp-content\/uploads\/2024\/06\/palacios4-480x360.jpeg 480w\" sizes=\"(min-width: 0px) and (max-width: 480px) 480px, (min-width: 481px) and (max-width: 980px) 980px, (min-width: 981px) 1024px, 100vw\" \/><\/figure>\n\n\n\n<figure class=\"wp-block-image size-large\"><img loading=\"lazy\" decoding=\"async\" width=\"1024\" height=\"768\" data-id=\"132958\" src=\"https:\/\/ccbierzo.com\/wp-content\/uploads\/2024\/06\/palacios3-1024x768.jpeg\" alt=\"\" class=\"wp-image-132958\" srcset=\"https:\/\/ccbierzo.com\/wp-content\/uploads\/2024\/06\/palacios3-980x735.jpeg 980w, https:\/\/ccbierzo.com\/wp-content\/uploads\/2024\/06\/palacios3-480x360.jpeg 480w\" sizes=\"(min-width: 0px) and (max-width: 480px) 480px, (min-width: 481px) and (max-width: 980px) 980px, (min-width: 981px) 1024px, 100vw\" \/><\/figure>\n<\/figure>\n","protected":false},"excerpt":{"rendered":"<p>El presidente anunci\u00f3 este lunes en su visita institucional a Palacios del Sil, las fechas de celebraci\u00f3n de las ferias \u201cApostando por el Bierzo. Naturalmente&#8221;.<\/p>\n","protected":false},"author":3,"featured_media":132960,"comment_status":"closed","ping_status":"closed","sticky":false,"template":"","format":"standard","meta":{"_et_pb_use_builder":"","_et_pb_old_content":"","_et_gb_content_width":"","footnotes":""},"categories":[26,396],"tags":[609],"class_list":["post-132953","post","type-post","status-publish","format-standard","has-post-thumbnail","hentry","category-administracion","category-banco-de-tierras","tag-palacios-del-sil"],"yoast_head":"<!-- This site is optimized with the Yoast SEO plugin v27.3 - https:\/\/yoast.com\/product\/yoast-seo-wordpress\/ -->\n<title>Fabero, Peranzanes y Congosto acogen este verano las ferias agroalimentarias del Consejo Comarcal - Consejo Comarcal del Bierzo<\/title>\n<meta name=\"robots\" content=\"index, follow, max-snippet:-1, max-image-preview:large, max-video-preview:-1\" \/>\n<link rel=\"canonical\" href=\"https:\/\/ccbierzo.com\/fabero-peranzanes-y-congosto-acogen-este-verano-las-ferias-agroalimentarias-del-consejo-comarcal\/\" \/>\n<meta property=\"og:locale\" content=\"gl_ES\" \/>\n<meta property=\"og:type\" content=\"article\" \/>\n<meta property=\"og:title\" content=\"Fabero, Peranzanes y Congosto acogen este verano las ferias agroalimentarias del Consejo Comarcal - Consejo Comarcal del Bierzo\" \/>\n<meta property=\"og:description\" content=\"El presidente anunci\u00f3 este lunes en su visita institucional a Palacios del Sil, las fechas de celebraci\u00f3n de las ferias \u201cApostando por el Bierzo. Naturalmente&quot;.\" \/>\n<meta property=\"og:url\" content=\"https:\/\/ccbierzo.com\/fabero-peranzanes-y-congosto-acogen-este-verano-las-ferias-agroalimentarias-del-consejo-comarcal\/\" \/>\n<meta property=\"og:site_name\" content=\"Consejo Comarcal del Bierzo\" \/>\n<meta property=\"article:published_time\" content=\"2024-06-24T12:26:57+00:00\" \/>\n<meta property=\"article:modified_time\" content=\"2024-06-24T12:26:58+00:00\" \/>\n<meta property=\"og:image\" content=\"https:\/\/ccbierzo.com\/wp-content\/uploads\/2024\/06\/palacios1-scaled.jpeg\" \/>\n\t<meta property=\"og:image:width\" content=\"2560\" \/>\n\t<meta property=\"og:image:height\" content=\"1920\" \/>\n\t<meta property=\"og:image:type\" content=\"image\/jpeg\" \/>\n<meta name=\"author\" content=\"Marta Vidal\" \/>\n<meta name=\"twitter:card\" content=\"summary_large_image\" \/>\n<meta name=\"twitter:label1\" content=\"Escrito por\" \/>\n\t<meta name=\"twitter:data1\" content=\"Marta Vidal\" \/>\n\t<meta name=\"twitter:label2\" content=\"Tempo de lectura\" \/>\n\t<meta name=\"twitter:data2\" content=\"3 minutos\" \/>\n<script type=\"application\/ld+json\" class=\"yoast-schema-graph\">{\"@context\":\"https:\\\/\\\/schema.org\",\"@graph\":[{\"@type\":\"Article\",\"@id\":\"https:\\\/\\\/ccbierzo.com\\\/fabero-peranzanes-y-congosto-acogen-este-verano-las-ferias-agroalimentarias-del-consejo-comarcal\\\/#article\",\"isPartOf\":{\"@id\":\"https:\\\/\\\/ccbierzo.com\\\/fabero-peranzanes-y-congosto-acogen-este-verano-las-ferias-agroalimentarias-del-consejo-comarcal\\\/\"},\"author\":{\"name\":\"Marta Vidal\",\"@id\":\"https:\\\/\\\/ccbierzo.com\\\/gl\\\/#\\\/schema\\\/person\\\/4e9a8395b397b1d4b8695a5274072278\"},\"headline\":\"Fabero, Peranzanes y Congosto acogen este verano las ferias agroalimentarias del Consejo Comarcal\",\"datePublished\":\"2024-06-24T12:26:57+00:00\",\"dateModified\":\"2024-06-24T12:26:58+00:00\",\"mainEntityOfPage\":{\"@id\":\"https:\\\/\\\/ccbierzo.com\\\/fabero-peranzanes-y-congosto-acogen-este-verano-las-ferias-agroalimentarias-del-consejo-comarcal\\\/\"},\"wordCount\":312,\"image\":{\"@id\":\"https:\\\/\\\/ccbierzo.com\\\/fabero-peranzanes-y-congosto-acogen-este-verano-las-ferias-agroalimentarias-del-consejo-comarcal\\\/#primaryimage\"},\"thumbnailUrl\":\"https:\\\/\\\/ccbierzo.com\\\/wp-content\\\/uploads\\\/2024\\\/06\\\/palacios1-scaled.jpeg\",\"keywords\":[\"Palacios del Sil\"],\"articleSection\":[\"Administraci\u00f3n\",\"Banco de Tierras\"],\"inLanguage\":\"gl-ES\"},{\"@type\":\"WebPage\",\"@id\":\"https:\\\/\\\/ccbierzo.com\\\/fabero-peranzanes-y-congosto-acogen-este-verano-las-ferias-agroalimentarias-del-consejo-comarcal\\\/\",\"url\":\"https:\\\/\\\/ccbierzo.com\\\/fabero-peranzanes-y-congosto-acogen-este-verano-las-ferias-agroalimentarias-del-consejo-comarcal\\\/\",\"name\":\"Fabero, Peranzanes y Congosto acogen este verano las ferias agroalimentarias del Consejo Comarcal - Consejo Comarcal del Bierzo\",\"isPartOf\":{\"@id\":\"https:\\\/\\\/ccbierzo.com\\\/gl\\\/#website\"},\"primaryImageOfPage\":{\"@id\":\"https:\\\/\\\/ccbierzo.com\\\/fabero-peranzanes-y-congosto-acogen-este-verano-las-ferias-agroalimentarias-del-consejo-comarcal\\\/#primaryimage\"},\"image\":{\"@id\":\"https:\\\/\\\/ccbierzo.com\\\/fabero-peranzanes-y-congosto-acogen-este-verano-las-ferias-agroalimentarias-del-consejo-comarcal\\\/#primaryimage\"},\"thumbnailUrl\":\"https:\\\/\\\/ccbierzo.com\\\/wp-content\\\/uploads\\\/2024\\\/06\\\/palacios1-scaled.jpeg\",\"datePublished\":\"2024-06-24T12:26:57+00:00\",\"dateModified\":\"2024-06-24T12:26:58+00:00\",\"author\":{\"@id\":\"https:\\\/\\\/ccbierzo.com\\\/gl\\\/#\\\/schema\\\/person\\\/4e9a8395b397b1d4b8695a5274072278\"},\"breadcrumb\":{\"@id\":\"https:\\\/\\\/ccbierzo.com\\\/fabero-peranzanes-y-congosto-acogen-este-verano-las-ferias-agroalimentarias-del-consejo-comarcal\\\/#breadcrumb\"},\"inLanguage\":\"gl-ES\",\"potentialAction\":[{\"@type\":\"ReadAction\",\"target\":[\"https:\\\/\\\/ccbierzo.com\\\/fabero-peranzanes-y-congosto-acogen-este-verano-las-ferias-agroalimentarias-del-consejo-comarcal\\\/\"]}]},{\"@type\":\"ImageObject\",\"inLanguage\":\"gl-ES\",\"@id\":\"https:\\\/\\\/ccbierzo.com\\\/fabero-peranzanes-y-congosto-acogen-este-verano-las-ferias-agroalimentarias-del-consejo-comarcal\\\/#primaryimage\",\"url\":\"https:\\\/\\\/ccbierzo.com\\\/wp-content\\\/uploads\\\/2024\\\/06\\\/palacios1-scaled.jpeg\",\"contentUrl\":\"https:\\\/\\\/ccbierzo.com\\\/wp-content\\\/uploads\\\/2024\\\/06\\\/palacios1-scaled.jpeg\",\"width\":2560,\"height\":1920},{\"@type\":\"BreadcrumbList\",\"@id\":\"https:\\\/\\\/ccbierzo.com\\\/fabero-peranzanes-y-congosto-acogen-este-verano-las-ferias-agroalimentarias-del-consejo-comarcal\\\/#breadcrumb\",\"itemListElement\":[{\"@type\":\"ListItem\",\"position\":1,\"name\":\"Portada\",\"item\":\"https:\\\/\\\/ccbierzo.com\\\/gl\\\/\"},{\"@type\":\"ListItem\",\"position\":2,\"name\":\"Fabero, Peranzanes y Congosto acogen este verano las ferias agroalimentarias del Consejo Comarcal\"}]},{\"@type\":\"WebSite\",\"@id\":\"https:\\\/\\\/ccbierzo.com\\\/gl\\\/#website\",\"url\":\"https:\\\/\\\/ccbierzo.com\\\/gl\\\/\",\"name\":\"Consejo Comarcal del Bierzo\",\"description\":\"P\u00e1gina Oficial del Consejo Comarcal del Bierzo\",\"potentialAction\":[{\"@type\":\"SearchAction\",\"target\":{\"@type\":\"EntryPoint\",\"urlTemplate\":\"https:\\\/\\\/ccbierzo.com\\\/gl\\\/?s={search_term_string}\"},\"query-input\":{\"@type\":\"PropertyValueSpecification\",\"valueRequired\":true,\"valueName\":\"search_term_string\"}}],\"inLanguage\":\"gl-ES\"},{\"@type\":\"Person\",\"@id\":\"https:\\\/\\\/ccbierzo.com\\\/gl\\\/#\\\/schema\\\/person\\\/4e9a8395b397b1d4b8695a5274072278\",\"name\":\"Marta Vidal\"}]}<\/script>\n<!-- \/ Yoast SEO plugin. -->","yoast_head_json":{"title":"Fabero, Peranzanes y Congosto acogen este verano las ferias agroalimentarias del Consejo Comarcal - Consejo Comarcal del Bierzo","robots":{"index":"index","follow":"follow","max-snippet":"max-snippet:-1","max-image-preview":"max-image-preview:large","max-video-preview":"max-video-preview:-1"},"canonical":"https:\/\/ccbierzo.com\/fabero-peranzanes-y-congosto-acogen-este-verano-las-ferias-agroalimentarias-del-consejo-comarcal\/","og_locale":"gl_ES","og_type":"article","og_title":"Fabero, Peranzanes y Congosto acogen este verano las ferias agroalimentarias del Consejo Comarcal - Consejo Comarcal del Bierzo","og_description":"El presidente anunci\u00f3 este lunes en su visita institucional a Palacios del Sil, las fechas de celebraci\u00f3n de las ferias \u201cApostando por el Bierzo. Naturalmente\".","og_url":"https:\/\/ccbierzo.com\/fabero-peranzanes-y-congosto-acogen-este-verano-las-ferias-agroalimentarias-del-consejo-comarcal\/","og_site_name":"Consejo Comarcal del Bierzo","article_published_time":"2024-06-24T12:26:57+00:00","article_modified_time":"2024-06-24T12:26:58+00:00","og_image":[{"width":2560,"height":1920,"url":"https:\/\/ccbierzo.com\/wp-content\/uploads\/2024\/06\/palacios1-scaled.jpeg","type":"image\/jpeg"}],"author":"Marta Vidal","twitter_card":"summary_large_image","twitter_misc":{"Escrito por":"Marta Vidal","Tempo de lectura":"3 minutos"},"schema":{"@context":"https:\/\/schema.org","@graph":[{"@type":"Article","@id":"https:\/\/ccbierzo.com\/fabero-peranzanes-y-congosto-acogen-este-verano-las-ferias-agroalimentarias-del-consejo-comarcal\/#article","isPartOf":{"@id":"https:\/\/ccbierzo.com\/fabero-peranzanes-y-congosto-acogen-este-verano-las-ferias-agroalimentarias-del-consejo-comarcal\/"},"author":{"name":"Marta Vidal","@id":"https:\/\/ccbierzo.com\/gl\/#\/schema\/person\/4e9a8395b397b1d4b8695a5274072278"},"headline":"Fabero, Peranzanes y Congosto acogen este verano las ferias agroalimentarias del Consejo Comarcal","datePublished":"2024-06-24T12:26:57+00:00","dateModified":"2024-06-24T12:26:58+00:00","mainEntityOfPage":{"@id":"https:\/\/ccbierzo.com\/fabero-peranzanes-y-congosto-acogen-este-verano-las-ferias-agroalimentarias-del-consejo-comarcal\/"},"wordCount":312,"image":{"@id":"https:\/\/ccbierzo.com\/fabero-peranzanes-y-congosto-acogen-este-verano-las-ferias-agroalimentarias-del-consejo-comarcal\/#primaryimage"},"thumbnailUrl":"https:\/\/ccbierzo.com\/wp-content\/uploads\/2024\/06\/palacios1-scaled.jpeg","keywords":["Palacios del Sil"],"articleSection":["Administraci\u00f3n","Banco de Tierras"],"inLanguage":"gl-ES"},{"@type":"WebPage","@id":"https:\/\/ccbierzo.com\/fabero-peranzanes-y-congosto-acogen-este-verano-las-ferias-agroalimentarias-del-consejo-comarcal\/","url":"https:\/\/ccbierzo.com\/fabero-peranzanes-y-congosto-acogen-este-verano-las-ferias-agroalimentarias-del-consejo-comarcal\/","name":"Fabero, Peranzanes y Congosto acogen este verano las ferias agroalimentarias del Consejo Comarcal - Consejo Comarcal del Bierzo","isPartOf":{"@id":"https:\/\/ccbierzo.com\/gl\/#website"},"primaryImageOfPage":{"@id":"https:\/\/ccbierzo.com\/fabero-peranzanes-y-congosto-acogen-este-verano-las-ferias-agroalimentarias-del-consejo-comarcal\/#primaryimage"},"image":{"@id":"https:\/\/ccbierzo.com\/fabero-peranzanes-y-congosto-acogen-este-verano-las-ferias-agroalimentarias-del-consejo-comarcal\/#primaryimage"},"thumbnailUrl":"https:\/\/ccbierzo.com\/wp-content\/uploads\/2024\/06\/palacios1-scaled.jpeg","datePublished":"2024-06-24T12:26:57+00:00","dateModified":"2024-06-24T12:26:58+00:00","author":{"@id":"https:\/\/ccbierzo.com\/gl\/#\/schema\/person\/4e9a8395b397b1d4b8695a5274072278"},"breadcrumb":{"@id":"https:\/\/ccbierzo.com\/fabero-peranzanes-y-congosto-acogen-este-verano-las-ferias-agroalimentarias-del-consejo-comarcal\/#breadcrumb"},"inLanguage":"gl-ES","potentialAction":[{"@type":"ReadAction","target":["https:\/\/ccbierzo.com\/fabero-peranzanes-y-congosto-acogen-este-verano-las-ferias-agroalimentarias-del-consejo-comarcal\/"]}]},{"@type":"ImageObject","inLanguage":"gl-ES","@id":"https:\/\/ccbierzo.com\/fabero-peranzanes-y-congosto-acogen-este-verano-las-ferias-agroalimentarias-del-consejo-comarcal\/#primaryimage","url":"https:\/\/ccbierzo.com\/wp-content\/uploads\/2024\/06\/palacios1-scaled.jpeg","contentUrl":"https:\/\/ccbierzo.com\/wp-content\/uploads\/2024\/06\/palacios1-scaled.jpeg","width":2560,"height":1920},{"@type":"BreadcrumbList","@id":"https:\/\/ccbierzo.com\/fabero-peranzanes-y-congosto-acogen-este-verano-las-ferias-agroalimentarias-del-consejo-comarcal\/#breadcrumb","itemListElement":[{"@type":"ListItem","position":1,"name":"Portada","item":"https:\/\/ccbierzo.com\/gl\/"},{"@type":"ListItem","position":2,"name":"Fabero, Peranzanes y Congosto acogen este verano las ferias agroalimentarias del Consejo Comarcal"}]},{"@type":"WebSite","@id":"https:\/\/ccbierzo.com\/gl\/#website","url":"https:\/\/ccbierzo.com\/gl\/","name":"Consejo Comarcal del Bierzo","description":"P\u00e1gina Oficial del Consejo Comarcal del Bierzo","potentialAction":[{"@type":"SearchAction","target":{"@type":"EntryPoint","urlTemplate":"https:\/\/ccbierzo.com\/gl\/?s={search_term_string}"},"query-input":{"@type":"PropertyValueSpecification","valueRequired":true,"valueName":"search_term_string"}}],"inLanguage":"gl-ES"},{"@type":"Person","@id":"https:\/\/ccbierzo.com\/gl\/#\/schema\/person\/4e9a8395b397b1d4b8695a5274072278","name":"Marta Vidal"}]}},"_links":{"self":[{"href":"https:\/\/ccbierzo.com\/gl\/wp-json\/wp\/v2\/posts\/132953","targetHints":{"allow":["GET"]}}],"collection":[{"href":"https:\/\/ccbierzo.com\/gl\/wp-json\/wp\/v2\/posts"}],"about":[{"href":"https:\/\/ccbierzo.com\/gl\/wp-json\/wp\/v2\/types\/post"}],"author":[{"embeddable":true,"href":"https:\/\/ccbierzo.com\/gl\/wp-json\/wp\/v2\/users\/3"}],"replies":[{"embeddable":true,"href":"https:\/\/ccbierzo.com\/gl\/wp-json\/wp\/v2\/comments?post=132953"}],"version-history":[{"count":0,"href":"https:\/\/ccbierzo.com\/gl\/wp-json\/wp\/v2\/posts\/132953\/revisions"}],"wp:featuredmedia":[{"embeddable":true,"href":"https:\/\/ccbierzo.com\/gl\/wp-json\/wp\/v2\/media\/132960"}],"wp:attachment":[{"href":"https:\/\/ccbierzo.com\/gl\/wp-json\/wp\/v2\/media?parent=132953"}],"wp:term":[{"taxonomy":"category","embeddable":true,"href":"https:\/\/ccbierzo.com\/gl\/wp-json\/wp\/v2\/categories?post=132953"},{"taxonomy":"post_tag","embeddable":true,"href":"https:\/\/ccbierzo.com\/gl\/wp-json\/wp\/v2\/tags?post=132953"}],"curies":[{"name":"wp","href":"https:\/\/api.w.org\/{rel}","templated":true}]}}