{"id":132914,"date":"2024-06-20T09:35:21","date_gmt":"2024-06-20T07:35:21","guid":{"rendered":"https:\/\/ccbierzo.com\/?p=132914"},"modified":"2024-06-20T10:24:33","modified_gmt":"2024-06-20T08:24:33","slug":"entregados-los-premios-al-alumnado-ganador-de-los-concursos-del-programa-bitacora-de-berizum","status":"publish","type":"post","link":"https:\/\/ccbierzo.com\/gl\/entregados-los-premios-al-alumnado-ganador-de-los-concursos-del-programa-bitacora-de-berizum\/","title":{"rendered":"Entregados los premios al alumnado ganador de los concursos del programa Bit\u00e1cora de B\u00e9rizum"},"content":{"rendered":"\n<p>El presidente del Consejo Comarcal, <strong>Olegario Ram\u00f3n<\/strong>, y la consejera comarcal de Formaci\u00f3n, Empleo y Agenda 2030, <strong>Laura Fern\u00e1ndez<\/strong>, entregaron este mi\u00e9rcoles los premios al alumnado ganador de los concursos convocados en el marco del programa Bit\u00e1cora de B\u00e9rizum.<\/p>\n\n\n\n<p>En el certamen para el alumnado de Secundaria, que consist\u00eda en un trabajo creativo sobre la vida de una persona relevante del municipio o emprendedora, result\u00f3 ganadora<strong> Julia Verdejo Mart\u00ednez<\/strong>, del IES Beatriz Ossorio de Fabero. El segundo premio fue para <strong>Helena L\u00f3pez Ortiz<\/strong>, del IES G\u00e1ndara de Toreno y el tercer premio para <strong>Andrea Guerrero Guerra<\/strong>, tambi\u00e9n del IES Beatriz Ossorio.<\/p>\n\n\n\n<p>En el concurso de manualidades &#8216;Reciclar es vida&#8217;, convocado para el alumnado de Primaria, resultaron ganadoras<strong> Carmen Franco Barreiro<\/strong> y <strong>Andrea Guaza Astudillo<\/strong>, del CEIP Toral de los Vados, por su trabajo &#8220;El Barco Pirata&#8221;, realizado con materiales reciclados. El tribunal tambi\u00e9n decidi\u00f3 otorgar un premio especial al alumnado de 5\u00ba del mismo centro en reconocimiento a su implicaci\u00f3n en el concurso y a la calidad de todos los trabajos presentados.<\/p>\n\n\n\n<p>Los premios entregados por el Consejo Comarcal van desde bonos para canjear por productos del Bierzo, actividades como una ruta ecuestre hasta una fiesta con hinchables y talleres. Los ni\u00f1os y ni\u00f1as participantes previamente hab\u00edan asistido a los talleres sobre emprendimiento y Objetivos de Desarrollo Sostenible, organizados tambi\u00e9n dentro del programa Bit\u00e1cora de Berizum, por los que pasaron casi <strong>300 escolares de una docena de centros educativos<\/strong> de la comarca.<\/p>\n\n\n\n<p>El programa Bit\u00e1cora de B\u00e9rizum, financiado por el <strong>Ministerio de Transici\u00f3n Ecol\u00f3gica y Reto Demogr\u00e1fico<\/strong> con 285.146 euros, tiene como objetivo fomentar el emprendimiento rural y luchar contra el fen\u00f3meno de la despoblaci\u00f3n en los municipios bercianos de menos de 5.000 habitantes. Entre las actuaciones llevadas a cabo destacan la difusi\u00f3n de los Objetivos de Desarrollo Sostenible y de la conmemoraci\u00f3n de los d\u00edas mundiales relacionados con estos y el asesoramiento de proyectos emprendedores en el medio rural, ayudando a crear 51 empresas, mientras que otras 30 se encuentran en proceso de creaci\u00f3n.<\/p>\n\n\n\n<p>Dentro del programa Bit\u00e1cora de B\u00e9rizum, tambi\u00e9n se ha impartido diversos talleres online sobre emprendimiento, aunque la actuaci\u00f3n relacionada con la formaci\u00f3n m\u00e1s destacada se iniciar\u00e1 en unos d\u00edas con un <strong>curso de capacitaci\u00f3n emprendedora en el que participar\u00e1n 6 mujeres<\/strong>. Aprender\u00e1n a realizar arreglos b\u00e1sicos en el hogar, primeros auxilios o peluquer\u00eda y est\u00e9tica geri\u00e1trica con el fin de que puedan iniciar un proyecto emprendedor en la comarca. Contar\u00e1n con el apoyo del Consejo Comarcal, que pagar\u00e1 durante un a\u00f1o la cuota de aut\u00f3nomas.<\/p>\n\n\n\n<p>Otros proyectos pendientes del Bit\u00e1cora de B\u00e9rizum son la realizaci\u00f3n de una <strong>campa\u00f1a para fomentar el emprendimiento y el conocimiento de los ODS<\/strong>; la entrega de premios a los mejores proyectos emprendedores del medio rural o la realizaci\u00f3n de un estudio diagn\u00f3stico sobre las necesidades para el emprendimiento en los municipios de menos de 5.000 habitantes.<\/p>\n\n\n\n<div style=\"height:30px\" aria-hidden=\"true\" class=\"wp-block-spacer\"><\/div>\n\n\n\n<figure class=\"wp-block-gallery has-nested-images columns-default is-cropped wp-block-gallery-1 is-layout-flex wp-block-gallery-is-layout-flex\">\n<figure class=\"wp-block-image size-large\"><img loading=\"lazy\" decoding=\"async\" width=\"1024\" height=\"768\" data-id=\"132915\" src=\"https:\/\/ccbierzo.com\/wp-content\/uploads\/2024\/06\/premios1-1024x768.jpeg\" alt=\"\" class=\"wp-image-132915\" srcset=\"https:\/\/ccbierzo.com\/wp-content\/uploads\/2024\/06\/premios1-980x735.jpeg 980w, https:\/\/ccbierzo.com\/wp-content\/uploads\/2024\/06\/premios1-480x360.jpeg 480w\" sizes=\"(min-width: 0px) and (max-width: 480px) 480px, (min-width: 481px) and (max-width: 980px) 980px, (min-width: 981px) 1024px, 100vw\" \/><\/figure>\n\n\n\n<figure class=\"wp-block-image size-large\"><img loading=\"lazy\" decoding=\"async\" width=\"1024\" height=\"768\" data-id=\"132917\" src=\"https:\/\/ccbierzo.com\/wp-content\/uploads\/2024\/06\/premios2-1024x768.jpeg\" alt=\"\" class=\"wp-image-132917\" srcset=\"https:\/\/ccbierzo.com\/wp-content\/uploads\/2024\/06\/premios2-980x735.jpeg 980w, https:\/\/ccbierzo.com\/wp-content\/uploads\/2024\/06\/premios2-480x360.jpeg 480w\" sizes=\"(min-width: 0px) and (max-width: 480px) 480px, (min-width: 481px) and (max-width: 980px) 980px, (min-width: 981px) 1024px, 100vw\" \/><\/figure>\n\n\n\n<figure class=\"wp-block-image size-large\"><img loading=\"lazy\" decoding=\"async\" width=\"1024\" height=\"768\" data-id=\"132919\" src=\"https:\/\/ccbierzo.com\/wp-content\/uploads\/2024\/06\/premios3-1024x768.jpeg\" alt=\"\" class=\"wp-image-132919\" srcset=\"https:\/\/ccbierzo.com\/wp-content\/uploads\/2024\/06\/premios3-980x735.jpeg 980w, https:\/\/ccbierzo.com\/wp-content\/uploads\/2024\/06\/premios3-480x360.jpeg 480w\" sizes=\"(min-width: 0px) and (max-width: 480px) 480px, (min-width: 481px) and (max-width: 980px) 980px, (min-width: 981px) 1024px, 100vw\" \/><\/figure>\n\n\n\n<figure class=\"wp-block-image size-large\"><img loading=\"lazy\" decoding=\"async\" width=\"1024\" height=\"768\" data-id=\"132921\" src=\"https:\/\/ccbierzo.com\/wp-content\/uploads\/2024\/06\/premios4-1024x768.jpeg\" alt=\"\" class=\"wp-image-132921\" srcset=\"https:\/\/ccbierzo.com\/wp-content\/uploads\/2024\/06\/premios4-980x735.jpeg 980w, https:\/\/ccbierzo.com\/wp-content\/uploads\/2024\/06\/premios4-480x360.jpeg 480w\" sizes=\"(min-width: 0px) and (max-width: 480px) 480px, (min-width: 481px) and (max-width: 980px) 980px, (min-width: 981px) 1024px, 100vw\" \/><\/figure>\n\n\n\n<figure class=\"wp-block-image size-large\"><img loading=\"lazy\" decoding=\"async\" width=\"1024\" height=\"768\" data-id=\"132923\" src=\"https:\/\/ccbierzo.com\/wp-content\/uploads\/2024\/06\/premios5-1024x768.jpeg\" alt=\"\" class=\"wp-image-132923\" srcset=\"https:\/\/ccbierzo.com\/wp-content\/uploads\/2024\/06\/premios5-980x735.jpeg 980w, https:\/\/ccbierzo.com\/wp-content\/uploads\/2024\/06\/premios5-480x360.jpeg 480w\" sizes=\"(min-width: 0px) and (max-width: 480px) 480px, (min-width: 481px) and (max-width: 980px) 980px, (min-width: 981px) 1024px, 100vw\" \/><\/figure>\n\n\n\n<figure class=\"wp-block-image size-large\"><img loading=\"lazy\" decoding=\"async\" width=\"1024\" height=\"768\" data-id=\"132925\" src=\"https:\/\/ccbierzo.com\/wp-content\/uploads\/2024\/06\/Premios-Bitacora-de-Berizum-1024x768.jpeg\" alt=\"\" class=\"wp-image-132925\" srcset=\"https:\/\/ccbierzo.com\/wp-content\/uploads\/2024\/06\/Premios-Bitacora-de-Berizum-980x735.jpeg 980w, https:\/\/ccbierzo.com\/wp-content\/uploads\/2024\/06\/Premios-Bitacora-de-Berizum-480x360.jpeg 480w\" sizes=\"(min-width: 0px) and (max-width: 480px) 480px, (min-width: 481px) and (max-width: 980px) 980px, (min-width: 981px) 1024px, 100vw\" \/><\/figure>\n<\/figure>\n","protected":false},"excerpt":{"rendered":"<p>Casi 300 escolares de una docena de centros educativos de la comarca asistieron a los talleres sobre emprendimiento y Objetivos de Desarrollo Sostenible.<\/p>\n","protected":false},"author":3,"featured_media":132925,"comment_status":"closed","ping_status":"closed","sticky":false,"template":"","format":"standard","meta":{"_et_pb_use_builder":"","_et_pb_old_content":"","_et_gb_content_width":"","footnotes":""},"categories":[501,75],"tags":[294],"class_list":["post-132914","post","type-post","status-publish","format-standard","has-post-thumbnail","hentry","category-educacion","category-formacion","tag-ponferrada"],"yoast_head":"<!-- This site is optimized with the Yoast SEO plugin v27.3 - https:\/\/yoast.com\/product\/yoast-seo-wordpress\/ -->\n<title>Entregados los premios al alumnado ganador de los concursos del programa Bit\u00e1cora de B\u00e9rizum - Consejo Comarcal del Bierzo<\/title>\n<meta name=\"robots\" content=\"index, follow, max-snippet:-1, max-image-preview:large, max-video-preview:-1\" \/>\n<link rel=\"canonical\" href=\"https:\/\/ccbierzo.com\/entregados-los-premios-al-alumnado-ganador-de-los-concursos-del-programa-bitacora-de-berizum\/\" \/>\n<meta property=\"og:locale\" content=\"gl_ES\" \/>\n<meta property=\"og:type\" content=\"article\" \/>\n<meta property=\"og:title\" content=\"Entregados los premios al alumnado ganador de los concursos del programa Bit\u00e1cora de B\u00e9rizum - Consejo Comarcal del Bierzo\" \/>\n<meta property=\"og:description\" content=\"Casi 300 escolares de una docena de centros educativos de la comarca asistieron a los talleres sobre emprendimiento y Objetivos de Desarrollo Sostenible.\" \/>\n<meta property=\"og:url\" content=\"https:\/\/ccbierzo.com\/entregados-los-premios-al-alumnado-ganador-de-los-concursos-del-programa-bitacora-de-berizum\/\" \/>\n<meta property=\"og:site_name\" content=\"Consejo Comarcal del Bierzo\" \/>\n<meta property=\"article:published_time\" content=\"2024-06-20T07:35:21+00:00\" \/>\n<meta property=\"article:modified_time\" content=\"2024-06-20T08:24:33+00:00\" \/>\n<meta property=\"og:image\" content=\"https:\/\/ccbierzo.com\/wp-content\/uploads\/2024\/06\/Premios-Bitacora-de-Berizum.jpeg\" \/>\n\t<meta property=\"og:image:width\" content=\"1847\" \/>\n\t<meta property=\"og:image:height\" content=\"1386\" \/>\n\t<meta property=\"og:image:type\" content=\"image\/jpeg\" \/>\n<meta name=\"author\" content=\"Marta Vidal\" \/>\n<meta name=\"twitter:card\" content=\"summary_large_image\" \/>\n<meta name=\"twitter:label1\" content=\"Escrito por\" \/>\n\t<meta name=\"twitter:data1\" content=\"Marta Vidal\" \/>\n\t<meta name=\"twitter:label2\" content=\"Tempo de lectura\" \/>\n\t<meta name=\"twitter:data2\" content=\"4 minutos\" \/>\n<script type=\"application\/ld+json\" class=\"yoast-schema-graph\">{\"@context\":\"https:\\\/\\\/schema.org\",\"@graph\":[{\"@type\":\"Article\",\"@id\":\"https:\\\/\\\/ccbierzo.com\\\/entregados-los-premios-al-alumnado-ganador-de-los-concursos-del-programa-bitacora-de-berizum\\\/#article\",\"isPartOf\":{\"@id\":\"https:\\\/\\\/ccbierzo.com\\\/entregados-los-premios-al-alumnado-ganador-de-los-concursos-del-programa-bitacora-de-berizum\\\/\"},\"author\":{\"name\":\"Marta Vidal\",\"@id\":\"https:\\\/\\\/ccbierzo.com\\\/gl\\\/#\\\/schema\\\/person\\\/4e9a8395b397b1d4b8695a5274072278\"},\"headline\":\"Entregados los premios al alumnado ganador de los concursos del programa Bit\u00e1cora de B\u00e9rizum\",\"datePublished\":\"2024-06-20T07:35:21+00:00\",\"dateModified\":\"2024-06-20T08:24:33+00:00\",\"mainEntityOfPage\":{\"@id\":\"https:\\\/\\\/ccbierzo.com\\\/entregados-los-premios-al-alumnado-ganador-de-los-concursos-del-programa-bitacora-de-berizum\\\/\"},\"wordCount\":535,\"image\":{\"@id\":\"https:\\\/\\\/ccbierzo.com\\\/entregados-los-premios-al-alumnado-ganador-de-los-concursos-del-programa-bitacora-de-berizum\\\/#primaryimage\"},\"thumbnailUrl\":\"https:\\\/\\\/ccbierzo.com\\\/wp-content\\\/uploads\\\/2024\\\/06\\\/Premios-Bitacora-de-Berizum.jpeg\",\"keywords\":[\"Ponferrada\"],\"articleSection\":[\"Educaci\u00f3n\",\"Formaci\u00f3n\"],\"inLanguage\":\"gl-ES\"},{\"@type\":\"WebPage\",\"@id\":\"https:\\\/\\\/ccbierzo.com\\\/entregados-los-premios-al-alumnado-ganador-de-los-concursos-del-programa-bitacora-de-berizum\\\/\",\"url\":\"https:\\\/\\\/ccbierzo.com\\\/entregados-los-premios-al-alumnado-ganador-de-los-concursos-del-programa-bitacora-de-berizum\\\/\",\"name\":\"Entregados los premios al alumnado ganador de los concursos del programa Bit\u00e1cora de B\u00e9rizum - Consejo Comarcal del Bierzo\",\"isPartOf\":{\"@id\":\"https:\\\/\\\/ccbierzo.com\\\/gl\\\/#website\"},\"primaryImageOfPage\":{\"@id\":\"https:\\\/\\\/ccbierzo.com\\\/entregados-los-premios-al-alumnado-ganador-de-los-concursos-del-programa-bitacora-de-berizum\\\/#primaryimage\"},\"image\":{\"@id\":\"https:\\\/\\\/ccbierzo.com\\\/entregados-los-premios-al-alumnado-ganador-de-los-concursos-del-programa-bitacora-de-berizum\\\/#primaryimage\"},\"thumbnailUrl\":\"https:\\\/\\\/ccbierzo.com\\\/wp-content\\\/uploads\\\/2024\\\/06\\\/Premios-Bitacora-de-Berizum.jpeg\",\"datePublished\":\"2024-06-20T07:35:21+00:00\",\"dateModified\":\"2024-06-20T08:24:33+00:00\",\"author\":{\"@id\":\"https:\\\/\\\/ccbierzo.com\\\/gl\\\/#\\\/schema\\\/person\\\/4e9a8395b397b1d4b8695a5274072278\"},\"breadcrumb\":{\"@id\":\"https:\\\/\\\/ccbierzo.com\\\/entregados-los-premios-al-alumnado-ganador-de-los-concursos-del-programa-bitacora-de-berizum\\\/#breadcrumb\"},\"inLanguage\":\"gl-ES\",\"potentialAction\":[{\"@type\":\"ReadAction\",\"target\":[\"https:\\\/\\\/ccbierzo.com\\\/entregados-los-premios-al-alumnado-ganador-de-los-concursos-del-programa-bitacora-de-berizum\\\/\"]}]},{\"@type\":\"ImageObject\",\"inLanguage\":\"gl-ES\",\"@id\":\"https:\\\/\\\/ccbierzo.com\\\/entregados-los-premios-al-alumnado-ganador-de-los-concursos-del-programa-bitacora-de-berizum\\\/#primaryimage\",\"url\":\"https:\\\/\\\/ccbierzo.com\\\/wp-content\\\/uploads\\\/2024\\\/06\\\/Premios-Bitacora-de-Berizum.jpeg\",\"contentUrl\":\"https:\\\/\\\/ccbierzo.com\\\/wp-content\\\/uploads\\\/2024\\\/06\\\/Premios-Bitacora-de-Berizum.jpeg\",\"width\":1847,\"height\":1386},{\"@type\":\"BreadcrumbList\",\"@id\":\"https:\\\/\\\/ccbierzo.com\\\/entregados-los-premios-al-alumnado-ganador-de-los-concursos-del-programa-bitacora-de-berizum\\\/#breadcrumb\",\"itemListElement\":[{\"@type\":\"ListItem\",\"position\":1,\"name\":\"Portada\",\"item\":\"https:\\\/\\\/ccbierzo.com\\\/gl\\\/\"},{\"@type\":\"ListItem\",\"position\":2,\"name\":\"Entregados los premios al alumnado ganador de los concursos del programa Bit\u00e1cora de B\u00e9rizum\"}]},{\"@type\":\"WebSite\",\"@id\":\"https:\\\/\\\/ccbierzo.com\\\/gl\\\/#website\",\"url\":\"https:\\\/\\\/ccbierzo.com\\\/gl\\\/\",\"name\":\"Consejo Comarcal del Bierzo\",\"description\":\"P\u00e1gina Oficial del Consejo Comarcal del Bierzo\",\"potentialAction\":[{\"@type\":\"SearchAction\",\"target\":{\"@type\":\"EntryPoint\",\"urlTemplate\":\"https:\\\/\\\/ccbierzo.com\\\/gl\\\/?s={search_term_string}\"},\"query-input\":{\"@type\":\"PropertyValueSpecification\",\"valueRequired\":true,\"valueName\":\"search_term_string\"}}],\"inLanguage\":\"gl-ES\"},{\"@type\":\"Person\",\"@id\":\"https:\\\/\\\/ccbierzo.com\\\/gl\\\/#\\\/schema\\\/person\\\/4e9a8395b397b1d4b8695a5274072278\",\"name\":\"Marta Vidal\"}]}<\/script>\n<!-- \/ Yoast SEO plugin. -->","yoast_head_json":{"title":"Entregados los premios al alumnado ganador de los concursos del programa Bit\u00e1cora de B\u00e9rizum - Consejo Comarcal del Bierzo","robots":{"index":"index","follow":"follow","max-snippet":"max-snippet:-1","max-image-preview":"max-image-preview:large","max-video-preview":"max-video-preview:-1"},"canonical":"https:\/\/ccbierzo.com\/entregados-los-premios-al-alumnado-ganador-de-los-concursos-del-programa-bitacora-de-berizum\/","og_locale":"gl_ES","og_type":"article","og_title":"Entregados los premios al alumnado ganador de los concursos del programa Bit\u00e1cora de B\u00e9rizum - Consejo Comarcal del Bierzo","og_description":"Casi 300 escolares de una docena de centros educativos de la comarca asistieron a los talleres sobre emprendimiento y Objetivos de Desarrollo Sostenible.","og_url":"https:\/\/ccbierzo.com\/entregados-los-premios-al-alumnado-ganador-de-los-concursos-del-programa-bitacora-de-berizum\/","og_site_name":"Consejo Comarcal del Bierzo","article_published_time":"2024-06-20T07:35:21+00:00","article_modified_time":"2024-06-20T08:24:33+00:00","og_image":[{"width":1847,"height":1386,"url":"https:\/\/ccbierzo.com\/wp-content\/uploads\/2024\/06\/Premios-Bitacora-de-Berizum.jpeg","type":"image\/jpeg"}],"author":"Marta Vidal","twitter_card":"summary_large_image","twitter_misc":{"Escrito por":"Marta Vidal","Tempo de lectura":"4 minutos"},"schema":{"@context":"https:\/\/schema.org","@graph":[{"@type":"Article","@id":"https:\/\/ccbierzo.com\/entregados-los-premios-al-alumnado-ganador-de-los-concursos-del-programa-bitacora-de-berizum\/#article","isPartOf":{"@id":"https:\/\/ccbierzo.com\/entregados-los-premios-al-alumnado-ganador-de-los-concursos-del-programa-bitacora-de-berizum\/"},"author":{"name":"Marta Vidal","@id":"https:\/\/ccbierzo.com\/gl\/#\/schema\/person\/4e9a8395b397b1d4b8695a5274072278"},"headline":"Entregados los premios al alumnado ganador de los concursos del programa Bit\u00e1cora de B\u00e9rizum","datePublished":"2024-06-20T07:35:21+00:00","dateModified":"2024-06-20T08:24:33+00:00","mainEntityOfPage":{"@id":"https:\/\/ccbierzo.com\/entregados-los-premios-al-alumnado-ganador-de-los-concursos-del-programa-bitacora-de-berizum\/"},"wordCount":535,"image":{"@id":"https:\/\/ccbierzo.com\/entregados-los-premios-al-alumnado-ganador-de-los-concursos-del-programa-bitacora-de-berizum\/#primaryimage"},"thumbnailUrl":"https:\/\/ccbierzo.com\/wp-content\/uploads\/2024\/06\/Premios-Bitacora-de-Berizum.jpeg","keywords":["Ponferrada"],"articleSection":["Educaci\u00f3n","Formaci\u00f3n"],"inLanguage":"gl-ES"},{"@type":"WebPage","@id":"https:\/\/ccbierzo.com\/entregados-los-premios-al-alumnado-ganador-de-los-concursos-del-programa-bitacora-de-berizum\/","url":"https:\/\/ccbierzo.com\/entregados-los-premios-al-alumnado-ganador-de-los-concursos-del-programa-bitacora-de-berizum\/","name":"Entregados los premios al alumnado ganador de los concursos del programa Bit\u00e1cora de B\u00e9rizum - Consejo Comarcal del Bierzo","isPartOf":{"@id":"https:\/\/ccbierzo.com\/gl\/#website"},"primaryImageOfPage":{"@id":"https:\/\/ccbierzo.com\/entregados-los-premios-al-alumnado-ganador-de-los-concursos-del-programa-bitacora-de-berizum\/#primaryimage"},"image":{"@id":"https:\/\/ccbierzo.com\/entregados-los-premios-al-alumnado-ganador-de-los-concursos-del-programa-bitacora-de-berizum\/#primaryimage"},"thumbnailUrl":"https:\/\/ccbierzo.com\/wp-content\/uploads\/2024\/06\/Premios-Bitacora-de-Berizum.jpeg","datePublished":"2024-06-20T07:35:21+00:00","dateModified":"2024-06-20T08:24:33+00:00","author":{"@id":"https:\/\/ccbierzo.com\/gl\/#\/schema\/person\/4e9a8395b397b1d4b8695a5274072278"},"breadcrumb":{"@id":"https:\/\/ccbierzo.com\/entregados-los-premios-al-alumnado-ganador-de-los-concursos-del-programa-bitacora-de-berizum\/#breadcrumb"},"inLanguage":"gl-ES","potentialAction":[{"@type":"ReadAction","target":["https:\/\/ccbierzo.com\/entregados-los-premios-al-alumnado-ganador-de-los-concursos-del-programa-bitacora-de-berizum\/"]}]},{"@type":"ImageObject","inLanguage":"gl-ES","@id":"https:\/\/ccbierzo.com\/entregados-los-premios-al-alumnado-ganador-de-los-concursos-del-programa-bitacora-de-berizum\/#primaryimage","url":"https:\/\/ccbierzo.com\/wp-content\/uploads\/2024\/06\/Premios-Bitacora-de-Berizum.jpeg","contentUrl":"https:\/\/ccbierzo.com\/wp-content\/uploads\/2024\/06\/Premios-Bitacora-de-Berizum.jpeg","width":1847,"height":1386},{"@type":"BreadcrumbList","@id":"https:\/\/ccbierzo.com\/entregados-los-premios-al-alumnado-ganador-de-los-concursos-del-programa-bitacora-de-berizum\/#breadcrumb","itemListElement":[{"@type":"ListItem","position":1,"name":"Portada","item":"https:\/\/ccbierzo.com\/gl\/"},{"@type":"ListItem","position":2,"name":"Entregados los premios al alumnado ganador de los concursos del programa Bit\u00e1cora de B\u00e9rizum"}]},{"@type":"WebSite","@id":"https:\/\/ccbierzo.com\/gl\/#website","url":"https:\/\/ccbierzo.com\/gl\/","name":"Consejo Comarcal del Bierzo","description":"P\u00e1gina Oficial del Consejo Comarcal del Bierzo","potentialAction":[{"@type":"SearchAction","target":{"@type":"EntryPoint","urlTemplate":"https:\/\/ccbierzo.com\/gl\/?s={search_term_string}"},"query-input":{"@type":"PropertyValueSpecification","valueRequired":true,"valueName":"search_term_string"}}],"inLanguage":"gl-ES"},{"@type":"Person","@id":"https:\/\/ccbierzo.com\/gl\/#\/schema\/person\/4e9a8395b397b1d4b8695a5274072278","name":"Marta Vidal"}]}},"_links":{"self":[{"href":"https:\/\/ccbierzo.com\/gl\/wp-json\/wp\/v2\/posts\/132914","targetHints":{"allow":["GET"]}}],"collection":[{"href":"https:\/\/ccbierzo.com\/gl\/wp-json\/wp\/v2\/posts"}],"about":[{"href":"https:\/\/ccbierzo.com\/gl\/wp-json\/wp\/v2\/types\/post"}],"author":[{"embeddable":true,"href":"https:\/\/ccbierzo.com\/gl\/wp-json\/wp\/v2\/users\/3"}],"replies":[{"embeddable":true,"href":"https:\/\/ccbierzo.com\/gl\/wp-json\/wp\/v2\/comments?post=132914"}],"version-history":[{"count":0,"href":"https:\/\/ccbierzo.com\/gl\/wp-json\/wp\/v2\/posts\/132914\/revisions"}],"wp:featuredmedia":[{"embeddable":true,"href":"https:\/\/ccbierzo.com\/gl\/wp-json\/wp\/v2\/media\/132925"}],"wp:attachment":[{"href":"https:\/\/ccbierzo.com\/gl\/wp-json\/wp\/v2\/media?parent=132914"}],"wp:term":[{"taxonomy":"category","embeddable":true,"href":"https:\/\/ccbierzo.com\/gl\/wp-json\/wp\/v2\/categories?post=132914"},{"taxonomy":"post_tag","embeddable":true,"href":"https:\/\/ccbierzo.com\/gl\/wp-json\/wp\/v2\/tags?post=132914"}],"curies":[{"name":"wp","href":"https:\/\/api.w.org\/{rel}","templated":true}]}}