{"id":132705,"date":"2024-05-13T14:19:49","date_gmt":"2024-05-13T12:19:49","guid":{"rendered":"https:\/\/ccbierzo.com\/?p=132705"},"modified":"2024-05-13T14:19:53","modified_gmt":"2024-05-13T12:19:53","slug":"el-bierzo-destaca-en-la-actividad-emprendedora-ligada-a-los-sectores-agroalimentario-y-turistico","status":"publish","type":"post","link":"https:\/\/ccbierzo.com\/gl\/el-bierzo-destaca-en-la-actividad-emprendedora-ligada-a-los-sectores-agroalimentario-y-turistico\/","title":{"rendered":"El Bierzo destaca en la actividad emprendedora ligada a los sectores agroalimentario y tur\u00edstico"},"content":{"rendered":"\n<p>El Consejo acogi\u00f3 hoy la presentaci\u00f3n de <strong>&#8216;Diagn\u00f3sticos comarcales y emprendimiento en Leon&#8217;<\/strong>. Se trata de un estudio realizado por Lorenzo L\u00f3pez y que ha publicado SECOT (Seniors para la Cooperaci\u00f3n T\u00e9cnica). La obra analiza el emprendimiento en las comarcas leonesas y descubre las debilidades, amenazas, fortalezas y oportunidades.<\/p>\n\n\n\n<p>Algunas conclusiones del estudio son la mayor actividad emprendedora en El Bierzo y las oportunidades ligadas a los sectores tur\u00edstico y agroalimentario, fundamentalmente relacionadas con las marcas de garant\u00eda, y especialmente con la vinicultura. As\u00ed mismo, destaca la situaci\u00f3n estrat\u00e9gica de la comarca colindante con Galicia y Asturias y la necesidad de comarcalizar servicios. <\/p>\n\n\n\n<p>El presidente del Consejo Comarcal, Olegario Ram\u00f3n, y el responsable de Secot en Le\u00f3n, Jos\u00e9 Ignacio Lagartos, acompa\u00f1aron al autor del libro en la presentaci\u00f3n ante los medios.<\/p>\n\n\n\n<div style=\"height:30px\" aria-hidden=\"true\" class=\"wp-block-spacer\"><\/div>\n\n\n\n<figure class=\"wp-block-gallery has-nested-images columns-default is-cropped wp-block-gallery-1 is-layout-flex wp-block-gallery-is-layout-flex\">\n<figure class=\"wp-block-image size-large\"><img loading=\"lazy\" decoding=\"async\" width=\"1024\" height=\"768\" data-id=\"132708\" src=\"https:\/\/ccbierzo.com\/wp-content\/uploads\/2024\/05\/secot2-1024x768.jpeg\" alt=\"\" class=\"wp-image-132708\" srcset=\"https:\/\/ccbierzo.com\/wp-content\/uploads\/2024\/05\/secot2-980x735.jpeg 980w, https:\/\/ccbierzo.com\/wp-content\/uploads\/2024\/05\/secot2-480x360.jpeg 480w\" sizes=\"(min-width: 0px) and (max-width: 480px) 480px, (min-width: 481px) and (max-width: 980px) 980px, (min-width: 981px) 1024px, 100vw\" \/><\/figure>\n\n\n\n<figure class=\"wp-block-image size-large\"><img loading=\"lazy\" decoding=\"async\" width=\"1024\" height=\"768\" data-id=\"132706\" src=\"https:\/\/ccbierzo.com\/wp-content\/uploads\/2024\/05\/secot1-1024x768.jpeg\" alt=\"\" class=\"wp-image-132706\" srcset=\"https:\/\/ccbierzo.com\/wp-content\/uploads\/2024\/05\/secot1-980x735.jpeg 980w, https:\/\/ccbierzo.com\/wp-content\/uploads\/2024\/05\/secot1-480x360.jpeg 480w\" sizes=\"(min-width: 0px) and (max-width: 480px) 480px, (min-width: 481px) and (max-width: 980px) 980px, (min-width: 981px) 1024px, 100vw\" \/><\/figure>\n<\/figure>\n","protected":false},"excerpt":{"rendered":"<p>Es una de las conclusiones del estudio &#8216;Diagn\u00f3sticos comarcales y emprendimiento en Leon&#8217;, que se present\u00f3 este lunes en el Consejo Comarcal.  <\/p>\n","protected":false},"author":3,"featured_media":132708,"comment_status":"closed","ping_status":"closed","sticky":false,"template":"","format":"standard","meta":{"_et_pb_use_builder":"","_et_pb_old_content":"","_et_gb_content_width":"","footnotes":""},"categories":[77],"tags":[294],"class_list":["post-132705","post","type-post","status-publish","format-standard","has-post-thumbnail","hentry","category-empleo","tag-ponferrada"],"yoast_head":"<!-- This site is optimized with the Yoast SEO plugin v27.3 - https:\/\/yoast.com\/product\/yoast-seo-wordpress\/ -->\n<title>El Bierzo destaca en la actividad emprendedora ligada a los sectores agroalimentario y tur\u00edstico - Consejo Comarcal del Bierzo<\/title>\n<meta name=\"robots\" content=\"index, follow, max-snippet:-1, max-image-preview:large, max-video-preview:-1\" \/>\n<link rel=\"canonical\" href=\"https:\/\/ccbierzo.com\/el-bierzo-destaca-en-la-actividad-emprendedora-ligada-a-los-sectores-agroalimentario-y-turistico\/\" \/>\n<meta property=\"og:locale\" content=\"gl_ES\" \/>\n<meta property=\"og:type\" content=\"article\" \/>\n<meta property=\"og:title\" content=\"El Bierzo destaca en la actividad emprendedora ligada a los sectores agroalimentario y tur\u00edstico - Consejo Comarcal del Bierzo\" \/>\n<meta property=\"og:description\" content=\"Es una de las conclusiones del estudio &#039;Diagn\u00f3sticos comarcales y emprendimiento en Leon&#039;, que se present\u00f3 este lunes en el Consejo Comarcal.\" \/>\n<meta property=\"og:url\" content=\"https:\/\/ccbierzo.com\/el-bierzo-destaca-en-la-actividad-emprendedora-ligada-a-los-sectores-agroalimentario-y-turistico\/\" \/>\n<meta property=\"og:site_name\" content=\"Consejo Comarcal del Bierzo\" \/>\n<meta property=\"article:published_time\" content=\"2024-05-13T12:19:49+00:00\" \/>\n<meta property=\"article:modified_time\" content=\"2024-05-13T12:19:53+00:00\" \/>\n<meta property=\"og:image\" content=\"https:\/\/ccbierzo.com\/wp-content\/uploads\/2024\/05\/secot2.jpeg\" \/>\n\t<meta property=\"og:image:width\" content=\"1600\" \/>\n\t<meta property=\"og:image:height\" content=\"1200\" \/>\n\t<meta property=\"og:image:type\" content=\"image\/jpeg\" \/>\n<meta name=\"author\" content=\"Marta Vidal\" \/>\n<meta name=\"twitter:card\" content=\"summary_large_image\" \/>\n<meta name=\"twitter:label1\" content=\"Escrito por\" \/>\n\t<meta name=\"twitter:data1\" content=\"Marta Vidal\" \/>\n\t<meta name=\"twitter:label2\" content=\"Tempo de lectura\" \/>\n\t<meta name=\"twitter:data2\" content=\"2 minutos\" \/>\n<script type=\"application\/ld+json\" class=\"yoast-schema-graph\">{\"@context\":\"https:\\\/\\\/schema.org\",\"@graph\":[{\"@type\":\"Article\",\"@id\":\"https:\\\/\\\/ccbierzo.com\\\/el-bierzo-destaca-en-la-actividad-emprendedora-ligada-a-los-sectores-agroalimentario-y-turistico\\\/#article\",\"isPartOf\":{\"@id\":\"https:\\\/\\\/ccbierzo.com\\\/el-bierzo-destaca-en-la-actividad-emprendedora-ligada-a-los-sectores-agroalimentario-y-turistico\\\/\"},\"author\":{\"name\":\"Marta Vidal\",\"@id\":\"https:\\\/\\\/ccbierzo.com\\\/gl\\\/#\\\/schema\\\/person\\\/4e9a8395b397b1d4b8695a5274072278\"},\"headline\":\"El Bierzo destaca en la actividad emprendedora ligada a los sectores agroalimentario y tur\u00edstico\",\"datePublished\":\"2024-05-13T12:19:49+00:00\",\"dateModified\":\"2024-05-13T12:19:53+00:00\",\"mainEntityOfPage\":{\"@id\":\"https:\\\/\\\/ccbierzo.com\\\/el-bierzo-destaca-en-la-actividad-emprendedora-ligada-a-los-sectores-agroalimentario-y-turistico\\\/\"},\"wordCount\":159,\"image\":{\"@id\":\"https:\\\/\\\/ccbierzo.com\\\/el-bierzo-destaca-en-la-actividad-emprendedora-ligada-a-los-sectores-agroalimentario-y-turistico\\\/#primaryimage\"},\"thumbnailUrl\":\"https:\\\/\\\/ccbierzo.com\\\/wp-content\\\/uploads\\\/2024\\\/05\\\/secot2.jpeg\",\"keywords\":[\"Ponferrada\"],\"articleSection\":[\"Empleo\"],\"inLanguage\":\"gl-ES\"},{\"@type\":\"WebPage\",\"@id\":\"https:\\\/\\\/ccbierzo.com\\\/el-bierzo-destaca-en-la-actividad-emprendedora-ligada-a-los-sectores-agroalimentario-y-turistico\\\/\",\"url\":\"https:\\\/\\\/ccbierzo.com\\\/el-bierzo-destaca-en-la-actividad-emprendedora-ligada-a-los-sectores-agroalimentario-y-turistico\\\/\",\"name\":\"El Bierzo destaca en la actividad emprendedora ligada a los sectores agroalimentario y tur\u00edstico - Consejo Comarcal del Bierzo\",\"isPartOf\":{\"@id\":\"https:\\\/\\\/ccbierzo.com\\\/gl\\\/#website\"},\"primaryImageOfPage\":{\"@id\":\"https:\\\/\\\/ccbierzo.com\\\/el-bierzo-destaca-en-la-actividad-emprendedora-ligada-a-los-sectores-agroalimentario-y-turistico\\\/#primaryimage\"},\"image\":{\"@id\":\"https:\\\/\\\/ccbierzo.com\\\/el-bierzo-destaca-en-la-actividad-emprendedora-ligada-a-los-sectores-agroalimentario-y-turistico\\\/#primaryimage\"},\"thumbnailUrl\":\"https:\\\/\\\/ccbierzo.com\\\/wp-content\\\/uploads\\\/2024\\\/05\\\/secot2.jpeg\",\"datePublished\":\"2024-05-13T12:19:49+00:00\",\"dateModified\":\"2024-05-13T12:19:53+00:00\",\"author\":{\"@id\":\"https:\\\/\\\/ccbierzo.com\\\/gl\\\/#\\\/schema\\\/person\\\/4e9a8395b397b1d4b8695a5274072278\"},\"breadcrumb\":{\"@id\":\"https:\\\/\\\/ccbierzo.com\\\/el-bierzo-destaca-en-la-actividad-emprendedora-ligada-a-los-sectores-agroalimentario-y-turistico\\\/#breadcrumb\"},\"inLanguage\":\"gl-ES\",\"potentialAction\":[{\"@type\":\"ReadAction\",\"target\":[\"https:\\\/\\\/ccbierzo.com\\\/el-bierzo-destaca-en-la-actividad-emprendedora-ligada-a-los-sectores-agroalimentario-y-turistico\\\/\"]}]},{\"@type\":\"ImageObject\",\"inLanguage\":\"gl-ES\",\"@id\":\"https:\\\/\\\/ccbierzo.com\\\/el-bierzo-destaca-en-la-actividad-emprendedora-ligada-a-los-sectores-agroalimentario-y-turistico\\\/#primaryimage\",\"url\":\"https:\\\/\\\/ccbierzo.com\\\/wp-content\\\/uploads\\\/2024\\\/05\\\/secot2.jpeg\",\"contentUrl\":\"https:\\\/\\\/ccbierzo.com\\\/wp-content\\\/uploads\\\/2024\\\/05\\\/secot2.jpeg\",\"width\":1600,\"height\":1200},{\"@type\":\"BreadcrumbList\",\"@id\":\"https:\\\/\\\/ccbierzo.com\\\/el-bierzo-destaca-en-la-actividad-emprendedora-ligada-a-los-sectores-agroalimentario-y-turistico\\\/#breadcrumb\",\"itemListElement\":[{\"@type\":\"ListItem\",\"position\":1,\"name\":\"Portada\",\"item\":\"https:\\\/\\\/ccbierzo.com\\\/gl\\\/\"},{\"@type\":\"ListItem\",\"position\":2,\"name\":\"El Bierzo destaca en la actividad emprendedora ligada a los sectores agroalimentario y tur\u00edstico\"}]},{\"@type\":\"WebSite\",\"@id\":\"https:\\\/\\\/ccbierzo.com\\\/gl\\\/#website\",\"url\":\"https:\\\/\\\/ccbierzo.com\\\/gl\\\/\",\"name\":\"Consejo Comarcal del Bierzo\",\"description\":\"P\u00e1gina Oficial del Consejo Comarcal del Bierzo\",\"potentialAction\":[{\"@type\":\"SearchAction\",\"target\":{\"@type\":\"EntryPoint\",\"urlTemplate\":\"https:\\\/\\\/ccbierzo.com\\\/gl\\\/?s={search_term_string}\"},\"query-input\":{\"@type\":\"PropertyValueSpecification\",\"valueRequired\":true,\"valueName\":\"search_term_string\"}}],\"inLanguage\":\"gl-ES\"},{\"@type\":\"Person\",\"@id\":\"https:\\\/\\\/ccbierzo.com\\\/gl\\\/#\\\/schema\\\/person\\\/4e9a8395b397b1d4b8695a5274072278\",\"name\":\"Marta Vidal\"}]}<\/script>\n<!-- \/ Yoast SEO plugin. -->","yoast_head_json":{"title":"El Bierzo destaca en la actividad emprendedora ligada a los sectores agroalimentario y tur\u00edstico - Consejo Comarcal del Bierzo","robots":{"index":"index","follow":"follow","max-snippet":"max-snippet:-1","max-image-preview":"max-image-preview:large","max-video-preview":"max-video-preview:-1"},"canonical":"https:\/\/ccbierzo.com\/el-bierzo-destaca-en-la-actividad-emprendedora-ligada-a-los-sectores-agroalimentario-y-turistico\/","og_locale":"gl_ES","og_type":"article","og_title":"El Bierzo destaca en la actividad emprendedora ligada a los sectores agroalimentario y tur\u00edstico - Consejo Comarcal del Bierzo","og_description":"Es una de las conclusiones del estudio 'Diagn\u00f3sticos comarcales y emprendimiento en Leon', que se present\u00f3 este lunes en el Consejo Comarcal.","og_url":"https:\/\/ccbierzo.com\/el-bierzo-destaca-en-la-actividad-emprendedora-ligada-a-los-sectores-agroalimentario-y-turistico\/","og_site_name":"Consejo Comarcal del Bierzo","article_published_time":"2024-05-13T12:19:49+00:00","article_modified_time":"2024-05-13T12:19:53+00:00","og_image":[{"width":1600,"height":1200,"url":"https:\/\/ccbierzo.com\/wp-content\/uploads\/2024\/05\/secot2.jpeg","type":"image\/jpeg"}],"author":"Marta Vidal","twitter_card":"summary_large_image","twitter_misc":{"Escrito por":"Marta Vidal","Tempo de lectura":"2 minutos"},"schema":{"@context":"https:\/\/schema.org","@graph":[{"@type":"Article","@id":"https:\/\/ccbierzo.com\/el-bierzo-destaca-en-la-actividad-emprendedora-ligada-a-los-sectores-agroalimentario-y-turistico\/#article","isPartOf":{"@id":"https:\/\/ccbierzo.com\/el-bierzo-destaca-en-la-actividad-emprendedora-ligada-a-los-sectores-agroalimentario-y-turistico\/"},"author":{"name":"Marta Vidal","@id":"https:\/\/ccbierzo.com\/gl\/#\/schema\/person\/4e9a8395b397b1d4b8695a5274072278"},"headline":"El Bierzo destaca en la actividad emprendedora ligada a los sectores agroalimentario y tur\u00edstico","datePublished":"2024-05-13T12:19:49+00:00","dateModified":"2024-05-13T12:19:53+00:00","mainEntityOfPage":{"@id":"https:\/\/ccbierzo.com\/el-bierzo-destaca-en-la-actividad-emprendedora-ligada-a-los-sectores-agroalimentario-y-turistico\/"},"wordCount":159,"image":{"@id":"https:\/\/ccbierzo.com\/el-bierzo-destaca-en-la-actividad-emprendedora-ligada-a-los-sectores-agroalimentario-y-turistico\/#primaryimage"},"thumbnailUrl":"https:\/\/ccbierzo.com\/wp-content\/uploads\/2024\/05\/secot2.jpeg","keywords":["Ponferrada"],"articleSection":["Empleo"],"inLanguage":"gl-ES"},{"@type":"WebPage","@id":"https:\/\/ccbierzo.com\/el-bierzo-destaca-en-la-actividad-emprendedora-ligada-a-los-sectores-agroalimentario-y-turistico\/","url":"https:\/\/ccbierzo.com\/el-bierzo-destaca-en-la-actividad-emprendedora-ligada-a-los-sectores-agroalimentario-y-turistico\/","name":"El Bierzo destaca en la actividad emprendedora ligada a los sectores agroalimentario y tur\u00edstico - Consejo Comarcal del Bierzo","isPartOf":{"@id":"https:\/\/ccbierzo.com\/gl\/#website"},"primaryImageOfPage":{"@id":"https:\/\/ccbierzo.com\/el-bierzo-destaca-en-la-actividad-emprendedora-ligada-a-los-sectores-agroalimentario-y-turistico\/#primaryimage"},"image":{"@id":"https:\/\/ccbierzo.com\/el-bierzo-destaca-en-la-actividad-emprendedora-ligada-a-los-sectores-agroalimentario-y-turistico\/#primaryimage"},"thumbnailUrl":"https:\/\/ccbierzo.com\/wp-content\/uploads\/2024\/05\/secot2.jpeg","datePublished":"2024-05-13T12:19:49+00:00","dateModified":"2024-05-13T12:19:53+00:00","author":{"@id":"https:\/\/ccbierzo.com\/gl\/#\/schema\/person\/4e9a8395b397b1d4b8695a5274072278"},"breadcrumb":{"@id":"https:\/\/ccbierzo.com\/el-bierzo-destaca-en-la-actividad-emprendedora-ligada-a-los-sectores-agroalimentario-y-turistico\/#breadcrumb"},"inLanguage":"gl-ES","potentialAction":[{"@type":"ReadAction","target":["https:\/\/ccbierzo.com\/el-bierzo-destaca-en-la-actividad-emprendedora-ligada-a-los-sectores-agroalimentario-y-turistico\/"]}]},{"@type":"ImageObject","inLanguage":"gl-ES","@id":"https:\/\/ccbierzo.com\/el-bierzo-destaca-en-la-actividad-emprendedora-ligada-a-los-sectores-agroalimentario-y-turistico\/#primaryimage","url":"https:\/\/ccbierzo.com\/wp-content\/uploads\/2024\/05\/secot2.jpeg","contentUrl":"https:\/\/ccbierzo.com\/wp-content\/uploads\/2024\/05\/secot2.jpeg","width":1600,"height":1200},{"@type":"BreadcrumbList","@id":"https:\/\/ccbierzo.com\/el-bierzo-destaca-en-la-actividad-emprendedora-ligada-a-los-sectores-agroalimentario-y-turistico\/#breadcrumb","itemListElement":[{"@type":"ListItem","position":1,"name":"Portada","item":"https:\/\/ccbierzo.com\/gl\/"},{"@type":"ListItem","position":2,"name":"El Bierzo destaca en la actividad emprendedora ligada a los sectores agroalimentario y tur\u00edstico"}]},{"@type":"WebSite","@id":"https:\/\/ccbierzo.com\/gl\/#website","url":"https:\/\/ccbierzo.com\/gl\/","name":"Consejo Comarcal del Bierzo","description":"P\u00e1gina Oficial del Consejo Comarcal del Bierzo","potentialAction":[{"@type":"SearchAction","target":{"@type":"EntryPoint","urlTemplate":"https:\/\/ccbierzo.com\/gl\/?s={search_term_string}"},"query-input":{"@type":"PropertyValueSpecification","valueRequired":true,"valueName":"search_term_string"}}],"inLanguage":"gl-ES"},{"@type":"Person","@id":"https:\/\/ccbierzo.com\/gl\/#\/schema\/person\/4e9a8395b397b1d4b8695a5274072278","name":"Marta Vidal"}]}},"_links":{"self":[{"href":"https:\/\/ccbierzo.com\/gl\/wp-json\/wp\/v2\/posts\/132705","targetHints":{"allow":["GET"]}}],"collection":[{"href":"https:\/\/ccbierzo.com\/gl\/wp-json\/wp\/v2\/posts"}],"about":[{"href":"https:\/\/ccbierzo.com\/gl\/wp-json\/wp\/v2\/types\/post"}],"author":[{"embeddable":true,"href":"https:\/\/ccbierzo.com\/gl\/wp-json\/wp\/v2\/users\/3"}],"replies":[{"embeddable":true,"href":"https:\/\/ccbierzo.com\/gl\/wp-json\/wp\/v2\/comments?post=132705"}],"version-history":[{"count":0,"href":"https:\/\/ccbierzo.com\/gl\/wp-json\/wp\/v2\/posts\/132705\/revisions"}],"wp:featuredmedia":[{"embeddable":true,"href":"https:\/\/ccbierzo.com\/gl\/wp-json\/wp\/v2\/media\/132708"}],"wp:attachment":[{"href":"https:\/\/ccbierzo.com\/gl\/wp-json\/wp\/v2\/media?parent=132705"}],"wp:term":[{"taxonomy":"category","embeddable":true,"href":"https:\/\/ccbierzo.com\/gl\/wp-json\/wp\/v2\/categories?post=132705"},{"taxonomy":"post_tag","embeddable":true,"href":"https:\/\/ccbierzo.com\/gl\/wp-json\/wp\/v2\/tags?post=132705"}],"curies":[{"name":"wp","href":"https:\/\/api.w.org\/{rel}","templated":true}]}}