{"id":132640,"date":"2024-05-02T14:39:22","date_gmt":"2024-05-02T12:39:22","guid":{"rendered":"https:\/\/ccbierzo.com\/?p=132640"},"modified":"2024-05-02T14:39:23","modified_gmt":"2024-05-02T12:39:23","slug":"el-consejo-solicita-colaboracion-a-la-diputacion-para-crear-un-plan-de-arreglo-de-caminos","status":"publish","type":"post","link":"https:\/\/ccbierzo.com\/gl\/el-consejo-solicita-colaboracion-a-la-diputacion-para-crear-un-plan-de-arreglo-de-caminos\/","title":{"rendered":"El Consejo solicita colaboraci\u00f3n a la Diputaci\u00f3n para crear un plan de arreglo de caminos"},"content":{"rendered":"\n<p>Los presidentes del Consejo Comarcal,<strong> Olegario Ram\u00f3n<\/strong>, y de la Diputaci\u00f3n de Le\u00f3n, <strong>Gerardo \u00c1lvarez Courel<\/strong>, se reunieron este jueves en Le\u00f3n con el objetivo de avanzar en diferentes proyectos conjuntos, especialmente en asuntos relacionados con el Servicio de Asistencia a Municipios (SAM) y el Plan de Juntas Vecinales. En el encuentro, tambi\u00e9n estuvieron la consejera de Relaciones Institucionales, <strong>Susana Folla<\/strong>, y el diputado provincial de Cooperaci\u00f3n y SAM, <strong>Valent\u00edn Mart\u00ednez<\/strong>, adem\u00e1s de personal t\u00e9cnico de ambas instituciones.<\/p>\n\n\n\n<p>El presidente del Consejo Comarcal, Olegario Ram\u00f3n, se ha mostrado <strong>muy satisfecho con el resultado del encuentro<\/strong> y ha valorado la buena disposici\u00f3n y la sensibilidad mostrada por su antecesor en el cargo. \u201cse nota que el presidente de la Diputaci\u00f3n fue presidente del Consejo Comarcal: primero porque conoce los temas y segundo por la sensibilidad que ha demostrado en la reuni\u00f3n de hoy. Nos volvemos para El Bierzo realmente contentos\u201d, subray\u00f3.<\/p>\n\n\n\n<p>Ram\u00f3n ha destacado la buena cogida de la propuesta de crear un <strong>plan provincial de arreglo de caminos vecinales<\/strong>. \u201cLa Diputaci\u00f3n lo va a valorar para ver las posibilidades de c\u00f3mo se podr\u00eda encauzar\u201d, dijo. Por otro lado, Gerardo \u00c1lvarez Courel se ha mostrado dispuesto a <strong>mejorar la financiaci\u00f3n tanto del SAM como del Banco de Tierras<\/strong>. \u201cLa aportaci\u00f3n de la Diputaci\u00f3n al Servicio de Asistencia a Municipios (SAM) del Consejo Comarcal del Bierzo, de 65.000 euros al a\u00f1o, tiene que revisarse porque llevaba demasiado tiempo sin actualizarse\u201d, explic\u00f3 Courel.<\/p>\n\n\n\n<p>Por lo que respecta al Banco de Tierras, el presidente provincial tambi\u00e9n ha anunciado la <strong>renovaci\u00f3n del convenio del Banco de Tierras<\/strong> que desde 2013 se viene manteniendo con el Consejo Comarcal para que \u201ccuente con una aportaci\u00f3n, casi con toda seguridad, de 100.000 euros anuales.\u201d. Hasta ahora eran 90.000 euros, lo que supone el 80% del funcionamiento del Banco de Tierras.<\/p>\n\n\n\n<div style=\"height:30px\" aria-hidden=\"true\" class=\"wp-block-spacer\"><\/div>\n\n\n\n<figure class=\"wp-block-gallery has-nested-images columns-default is-cropped wp-block-gallery-1 is-layout-flex wp-block-gallery-is-layout-flex\">\n<figure class=\"wp-block-image size-large\"><img loading=\"lazy\" decoding=\"async\" width=\"1024\" height=\"683\" data-id=\"132643\" src=\"https:\/\/ccbierzo.com\/wp-content\/uploads\/2024\/05\/5022899-1024x683.jpg\" alt=\"\" class=\"wp-image-132643\" srcset=\"https:\/\/ccbierzo.com\/wp-content\/uploads\/2024\/05\/5022899-980x653.jpg 980w, https:\/\/ccbierzo.com\/wp-content\/uploads\/2024\/05\/5022899-480x320.jpg 480w\" sizes=\"(min-width: 0px) and (max-width: 480px) 480px, (min-width: 481px) and (max-width: 980px) 980px, (min-width: 981px) 1024px, 100vw\" \/><figcaption class=\"wp-element-caption\">OLYMPUS DIGITAL CAMERA<\/figcaption><\/figure>\n\n\n\n<figure class=\"wp-block-image size-large\"><img loading=\"lazy\" decoding=\"async\" width=\"1024\" height=\"683\" data-id=\"132641\" src=\"https:\/\/ccbierzo.com\/wp-content\/uploads\/2024\/05\/5022916-1024x683.jpg\" alt=\"\" class=\"wp-image-132641\" srcset=\"https:\/\/ccbierzo.com\/wp-content\/uploads\/2024\/05\/5022916-980x653.jpg 980w, https:\/\/ccbierzo.com\/wp-content\/uploads\/2024\/05\/5022916-480x320.jpg 480w\" sizes=\"(min-width: 0px) and (max-width: 480px) 480px, (min-width: 481px) and (max-width: 980px) 980px, (min-width: 981px) 1024px, 100vw\" \/><figcaption class=\"wp-element-caption\">OLYMPUS DIGITAL CAMERA<\/figcaption><\/figure>\n<\/figure>\n","protected":false},"excerpt":{"rendered":"<p>El presidente y la consejera de Relaciones Institucionales mantuvieron este jueves en Le\u00f3n una reuni\u00f3n con el presidente de la Diputaci\u00f3n y el diputado de Cooperaci\u00f3n y SAM.<\/p>\n","protected":false},"author":3,"featured_media":132643,"comment_status":"closed","ping_status":"closed","sticky":false,"template":"","format":"standard","meta":{"_et_pb_use_builder":"","_et_pb_old_content":"","_et_gb_content_width":"","footnotes":""},"categories":[26,396],"tags":[325,363],"class_list":["post-132640","post","type-post","status-publish","format-standard","has-post-thumbnail","hentry","category-administracion","category-banco-de-tierras","tag-diputacion-de-leon","tag-leon"],"yoast_head":"<!-- This site is optimized with the Yoast SEO plugin v27.3 - https:\/\/yoast.com\/product\/yoast-seo-wordpress\/ -->\n<title>El Consejo solicita colaboraci\u00f3n a la Diputaci\u00f3n para crear un plan de arreglo de caminos - Consejo Comarcal del Bierzo<\/title>\n<meta name=\"robots\" content=\"index, follow, max-snippet:-1, max-image-preview:large, max-video-preview:-1\" \/>\n<link rel=\"canonical\" href=\"https:\/\/ccbierzo.com\/el-consejo-solicita-colaboracion-a-la-diputacion-para-crear-un-plan-de-arreglo-de-caminos\/\" \/>\n<meta property=\"og:locale\" content=\"gl_ES\" \/>\n<meta property=\"og:type\" content=\"article\" \/>\n<meta property=\"og:title\" content=\"El Consejo solicita colaboraci\u00f3n a la Diputaci\u00f3n para crear un plan de arreglo de caminos - Consejo Comarcal del Bierzo\" \/>\n<meta property=\"og:description\" content=\"El presidente y la consejera de Relaciones Institucionales mantuvieron este jueves en Le\u00f3n una reuni\u00f3n con el presidente de la Diputaci\u00f3n y el diputado de Cooperaci\u00f3n y SAM.\" \/>\n<meta property=\"og:url\" content=\"https:\/\/ccbierzo.com\/el-consejo-solicita-colaboracion-a-la-diputacion-para-crear-un-plan-de-arreglo-de-caminos\/\" \/>\n<meta property=\"og:site_name\" content=\"Consejo Comarcal del Bierzo\" \/>\n<meta property=\"article:published_time\" content=\"2024-05-02T12:39:22+00:00\" \/>\n<meta property=\"article:modified_time\" content=\"2024-05-02T12:39:23+00:00\" \/>\n<meta property=\"og:image\" content=\"https:\/\/ccbierzo.com\/wp-content\/uploads\/2024\/05\/5022899-scaled.jpg\" \/>\n\t<meta property=\"og:image:width\" content=\"2560\" \/>\n\t<meta property=\"og:image:height\" content=\"1707\" \/>\n\t<meta property=\"og:image:type\" content=\"image\/jpeg\" \/>\n<meta name=\"author\" content=\"Marta Vidal\" \/>\n<meta name=\"twitter:card\" content=\"summary_large_image\" \/>\n<meta name=\"twitter:label1\" content=\"Escrito por\" \/>\n\t<meta name=\"twitter:data1\" content=\"Marta Vidal\" \/>\n\t<meta name=\"twitter:label2\" content=\"Tempo de lectura\" \/>\n\t<meta name=\"twitter:data2\" content=\"2 minutos\" \/>\n<script type=\"application\/ld+json\" class=\"yoast-schema-graph\">{\"@context\":\"https:\\\/\\\/schema.org\",\"@graph\":[{\"@type\":\"Article\",\"@id\":\"https:\\\/\\\/ccbierzo.com\\\/el-consejo-solicita-colaboracion-a-la-diputacion-para-crear-un-plan-de-arreglo-de-caminos\\\/#article\",\"isPartOf\":{\"@id\":\"https:\\\/\\\/ccbierzo.com\\\/el-consejo-solicita-colaboracion-a-la-diputacion-para-crear-un-plan-de-arreglo-de-caminos\\\/\"},\"author\":{\"name\":\"Marta Vidal\",\"@id\":\"https:\\\/\\\/ccbierzo.com\\\/gl\\\/#\\\/schema\\\/person\\\/4e9a8395b397b1d4b8695a5274072278\"},\"headline\":\"El Consejo solicita colaboraci\u00f3n a la Diputaci\u00f3n para crear un plan de arreglo de caminos\",\"datePublished\":\"2024-05-02T12:39:22+00:00\",\"dateModified\":\"2024-05-02T12:39:23+00:00\",\"mainEntityOfPage\":{\"@id\":\"https:\\\/\\\/ccbierzo.com\\\/el-consejo-solicita-colaboracion-a-la-diputacion-para-crear-un-plan-de-arreglo-de-caminos\\\/\"},\"wordCount\":345,\"image\":{\"@id\":\"https:\\\/\\\/ccbierzo.com\\\/el-consejo-solicita-colaboracion-a-la-diputacion-para-crear-un-plan-de-arreglo-de-caminos\\\/#primaryimage\"},\"thumbnailUrl\":\"https:\\\/\\\/ccbierzo.com\\\/wp-content\\\/uploads\\\/2024\\\/05\\\/5022899-scaled.jpg\",\"keywords\":[\"Diputaci\u00f3n de Le\u00f3n\",\"Le\u00f3n\"],\"articleSection\":[\"Administraci\u00f3n\",\"Banco de Tierras\"],\"inLanguage\":\"gl-ES\"},{\"@type\":\"WebPage\",\"@id\":\"https:\\\/\\\/ccbierzo.com\\\/el-consejo-solicita-colaboracion-a-la-diputacion-para-crear-un-plan-de-arreglo-de-caminos\\\/\",\"url\":\"https:\\\/\\\/ccbierzo.com\\\/el-consejo-solicita-colaboracion-a-la-diputacion-para-crear-un-plan-de-arreglo-de-caminos\\\/\",\"name\":\"El Consejo solicita colaboraci\u00f3n a la Diputaci\u00f3n para crear un plan de arreglo de caminos - Consejo Comarcal del Bierzo\",\"isPartOf\":{\"@id\":\"https:\\\/\\\/ccbierzo.com\\\/gl\\\/#website\"},\"primaryImageOfPage\":{\"@id\":\"https:\\\/\\\/ccbierzo.com\\\/el-consejo-solicita-colaboracion-a-la-diputacion-para-crear-un-plan-de-arreglo-de-caminos\\\/#primaryimage\"},\"image\":{\"@id\":\"https:\\\/\\\/ccbierzo.com\\\/el-consejo-solicita-colaboracion-a-la-diputacion-para-crear-un-plan-de-arreglo-de-caminos\\\/#primaryimage\"},\"thumbnailUrl\":\"https:\\\/\\\/ccbierzo.com\\\/wp-content\\\/uploads\\\/2024\\\/05\\\/5022899-scaled.jpg\",\"datePublished\":\"2024-05-02T12:39:22+00:00\",\"dateModified\":\"2024-05-02T12:39:23+00:00\",\"author\":{\"@id\":\"https:\\\/\\\/ccbierzo.com\\\/gl\\\/#\\\/schema\\\/person\\\/4e9a8395b397b1d4b8695a5274072278\"},\"breadcrumb\":{\"@id\":\"https:\\\/\\\/ccbierzo.com\\\/el-consejo-solicita-colaboracion-a-la-diputacion-para-crear-un-plan-de-arreglo-de-caminos\\\/#breadcrumb\"},\"inLanguage\":\"gl-ES\",\"potentialAction\":[{\"@type\":\"ReadAction\",\"target\":[\"https:\\\/\\\/ccbierzo.com\\\/el-consejo-solicita-colaboracion-a-la-diputacion-para-crear-un-plan-de-arreglo-de-caminos\\\/\"]}]},{\"@type\":\"ImageObject\",\"inLanguage\":\"gl-ES\",\"@id\":\"https:\\\/\\\/ccbierzo.com\\\/el-consejo-solicita-colaboracion-a-la-diputacion-para-crear-un-plan-de-arreglo-de-caminos\\\/#primaryimage\",\"url\":\"https:\\\/\\\/ccbierzo.com\\\/wp-content\\\/uploads\\\/2024\\\/05\\\/5022899-scaled.jpg\",\"contentUrl\":\"https:\\\/\\\/ccbierzo.com\\\/wp-content\\\/uploads\\\/2024\\\/05\\\/5022899-scaled.jpg\",\"width\":2560,\"height\":1707,\"caption\":\"OLYMPUS DIGITAL CAMERA\"},{\"@type\":\"BreadcrumbList\",\"@id\":\"https:\\\/\\\/ccbierzo.com\\\/el-consejo-solicita-colaboracion-a-la-diputacion-para-crear-un-plan-de-arreglo-de-caminos\\\/#breadcrumb\",\"itemListElement\":[{\"@type\":\"ListItem\",\"position\":1,\"name\":\"Portada\",\"item\":\"https:\\\/\\\/ccbierzo.com\\\/gl\\\/\"},{\"@type\":\"ListItem\",\"position\":2,\"name\":\"El Consejo solicita colaboraci\u00f3n a la Diputaci\u00f3n para crear un plan de arreglo de caminos\"}]},{\"@type\":\"WebSite\",\"@id\":\"https:\\\/\\\/ccbierzo.com\\\/gl\\\/#website\",\"url\":\"https:\\\/\\\/ccbierzo.com\\\/gl\\\/\",\"name\":\"Consejo Comarcal del Bierzo\",\"description\":\"P\u00e1gina Oficial del Consejo Comarcal del Bierzo\",\"potentialAction\":[{\"@type\":\"SearchAction\",\"target\":{\"@type\":\"EntryPoint\",\"urlTemplate\":\"https:\\\/\\\/ccbierzo.com\\\/gl\\\/?s={search_term_string}\"},\"query-input\":{\"@type\":\"PropertyValueSpecification\",\"valueRequired\":true,\"valueName\":\"search_term_string\"}}],\"inLanguage\":\"gl-ES\"},{\"@type\":\"Person\",\"@id\":\"https:\\\/\\\/ccbierzo.com\\\/gl\\\/#\\\/schema\\\/person\\\/4e9a8395b397b1d4b8695a5274072278\",\"name\":\"Marta Vidal\"}]}<\/script>\n<!-- \/ Yoast SEO plugin. -->","yoast_head_json":{"title":"El Consejo solicita colaboraci\u00f3n a la Diputaci\u00f3n para crear un plan de arreglo de caminos - Consejo Comarcal del Bierzo","robots":{"index":"index","follow":"follow","max-snippet":"max-snippet:-1","max-image-preview":"max-image-preview:large","max-video-preview":"max-video-preview:-1"},"canonical":"https:\/\/ccbierzo.com\/el-consejo-solicita-colaboracion-a-la-diputacion-para-crear-un-plan-de-arreglo-de-caminos\/","og_locale":"gl_ES","og_type":"article","og_title":"El Consejo solicita colaboraci\u00f3n a la Diputaci\u00f3n para crear un plan de arreglo de caminos - Consejo Comarcal del Bierzo","og_description":"El presidente y la consejera de Relaciones Institucionales mantuvieron este jueves en Le\u00f3n una reuni\u00f3n con el presidente de la Diputaci\u00f3n y el diputado de Cooperaci\u00f3n y SAM.","og_url":"https:\/\/ccbierzo.com\/el-consejo-solicita-colaboracion-a-la-diputacion-para-crear-un-plan-de-arreglo-de-caminos\/","og_site_name":"Consejo Comarcal del Bierzo","article_published_time":"2024-05-02T12:39:22+00:00","article_modified_time":"2024-05-02T12:39:23+00:00","og_image":[{"width":2560,"height":1707,"url":"https:\/\/ccbierzo.com\/wp-content\/uploads\/2024\/05\/5022899-scaled.jpg","type":"image\/jpeg"}],"author":"Marta Vidal","twitter_card":"summary_large_image","twitter_misc":{"Escrito por":"Marta Vidal","Tempo de lectura":"2 minutos"},"schema":{"@context":"https:\/\/schema.org","@graph":[{"@type":"Article","@id":"https:\/\/ccbierzo.com\/el-consejo-solicita-colaboracion-a-la-diputacion-para-crear-un-plan-de-arreglo-de-caminos\/#article","isPartOf":{"@id":"https:\/\/ccbierzo.com\/el-consejo-solicita-colaboracion-a-la-diputacion-para-crear-un-plan-de-arreglo-de-caminos\/"},"author":{"name":"Marta Vidal","@id":"https:\/\/ccbierzo.com\/gl\/#\/schema\/person\/4e9a8395b397b1d4b8695a5274072278"},"headline":"El Consejo solicita colaboraci\u00f3n a la Diputaci\u00f3n para crear un plan de arreglo de caminos","datePublished":"2024-05-02T12:39:22+00:00","dateModified":"2024-05-02T12:39:23+00:00","mainEntityOfPage":{"@id":"https:\/\/ccbierzo.com\/el-consejo-solicita-colaboracion-a-la-diputacion-para-crear-un-plan-de-arreglo-de-caminos\/"},"wordCount":345,"image":{"@id":"https:\/\/ccbierzo.com\/el-consejo-solicita-colaboracion-a-la-diputacion-para-crear-un-plan-de-arreglo-de-caminos\/#primaryimage"},"thumbnailUrl":"https:\/\/ccbierzo.com\/wp-content\/uploads\/2024\/05\/5022899-scaled.jpg","keywords":["Diputaci\u00f3n de Le\u00f3n","Le\u00f3n"],"articleSection":["Administraci\u00f3n","Banco de Tierras"],"inLanguage":"gl-ES"},{"@type":"WebPage","@id":"https:\/\/ccbierzo.com\/el-consejo-solicita-colaboracion-a-la-diputacion-para-crear-un-plan-de-arreglo-de-caminos\/","url":"https:\/\/ccbierzo.com\/el-consejo-solicita-colaboracion-a-la-diputacion-para-crear-un-plan-de-arreglo-de-caminos\/","name":"El Consejo solicita colaboraci\u00f3n a la Diputaci\u00f3n para crear un plan de arreglo de caminos - Consejo Comarcal del Bierzo","isPartOf":{"@id":"https:\/\/ccbierzo.com\/gl\/#website"},"primaryImageOfPage":{"@id":"https:\/\/ccbierzo.com\/el-consejo-solicita-colaboracion-a-la-diputacion-para-crear-un-plan-de-arreglo-de-caminos\/#primaryimage"},"image":{"@id":"https:\/\/ccbierzo.com\/el-consejo-solicita-colaboracion-a-la-diputacion-para-crear-un-plan-de-arreglo-de-caminos\/#primaryimage"},"thumbnailUrl":"https:\/\/ccbierzo.com\/wp-content\/uploads\/2024\/05\/5022899-scaled.jpg","datePublished":"2024-05-02T12:39:22+00:00","dateModified":"2024-05-02T12:39:23+00:00","author":{"@id":"https:\/\/ccbierzo.com\/gl\/#\/schema\/person\/4e9a8395b397b1d4b8695a5274072278"},"breadcrumb":{"@id":"https:\/\/ccbierzo.com\/el-consejo-solicita-colaboracion-a-la-diputacion-para-crear-un-plan-de-arreglo-de-caminos\/#breadcrumb"},"inLanguage":"gl-ES","potentialAction":[{"@type":"ReadAction","target":["https:\/\/ccbierzo.com\/el-consejo-solicita-colaboracion-a-la-diputacion-para-crear-un-plan-de-arreglo-de-caminos\/"]}]},{"@type":"ImageObject","inLanguage":"gl-ES","@id":"https:\/\/ccbierzo.com\/el-consejo-solicita-colaboracion-a-la-diputacion-para-crear-un-plan-de-arreglo-de-caminos\/#primaryimage","url":"https:\/\/ccbierzo.com\/wp-content\/uploads\/2024\/05\/5022899-scaled.jpg","contentUrl":"https:\/\/ccbierzo.com\/wp-content\/uploads\/2024\/05\/5022899-scaled.jpg","width":2560,"height":1707,"caption":"OLYMPUS DIGITAL CAMERA"},{"@type":"BreadcrumbList","@id":"https:\/\/ccbierzo.com\/el-consejo-solicita-colaboracion-a-la-diputacion-para-crear-un-plan-de-arreglo-de-caminos\/#breadcrumb","itemListElement":[{"@type":"ListItem","position":1,"name":"Portada","item":"https:\/\/ccbierzo.com\/gl\/"},{"@type":"ListItem","position":2,"name":"El Consejo solicita colaboraci\u00f3n a la Diputaci\u00f3n para crear un plan de arreglo de caminos"}]},{"@type":"WebSite","@id":"https:\/\/ccbierzo.com\/gl\/#website","url":"https:\/\/ccbierzo.com\/gl\/","name":"Consejo Comarcal del Bierzo","description":"P\u00e1gina Oficial del Consejo Comarcal del Bierzo","potentialAction":[{"@type":"SearchAction","target":{"@type":"EntryPoint","urlTemplate":"https:\/\/ccbierzo.com\/gl\/?s={search_term_string}"},"query-input":{"@type":"PropertyValueSpecification","valueRequired":true,"valueName":"search_term_string"}}],"inLanguage":"gl-ES"},{"@type":"Person","@id":"https:\/\/ccbierzo.com\/gl\/#\/schema\/person\/4e9a8395b397b1d4b8695a5274072278","name":"Marta Vidal"}]}},"_links":{"self":[{"href":"https:\/\/ccbierzo.com\/gl\/wp-json\/wp\/v2\/posts\/132640","targetHints":{"allow":["GET"]}}],"collection":[{"href":"https:\/\/ccbierzo.com\/gl\/wp-json\/wp\/v2\/posts"}],"about":[{"href":"https:\/\/ccbierzo.com\/gl\/wp-json\/wp\/v2\/types\/post"}],"author":[{"embeddable":true,"href":"https:\/\/ccbierzo.com\/gl\/wp-json\/wp\/v2\/users\/3"}],"replies":[{"embeddable":true,"href":"https:\/\/ccbierzo.com\/gl\/wp-json\/wp\/v2\/comments?post=132640"}],"version-history":[{"count":0,"href":"https:\/\/ccbierzo.com\/gl\/wp-json\/wp\/v2\/posts\/132640\/revisions"}],"wp:featuredmedia":[{"embeddable":true,"href":"https:\/\/ccbierzo.com\/gl\/wp-json\/wp\/v2\/media\/132643"}],"wp:attachment":[{"href":"https:\/\/ccbierzo.com\/gl\/wp-json\/wp\/v2\/media?parent=132640"}],"wp:term":[{"taxonomy":"category","embeddable":true,"href":"https:\/\/ccbierzo.com\/gl\/wp-json\/wp\/v2\/categories?post=132640"},{"taxonomy":"post_tag","embeddable":true,"href":"https:\/\/ccbierzo.com\/gl\/wp-json\/wp\/v2\/tags?post=132640"}],"curies":[{"name":"wp","href":"https:\/\/api.w.org\/{rel}","templated":true}]}}