{"id":132534,"date":"2024-04-11T13:47:46","date_gmt":"2024-04-11T11:47:46","guid":{"rendered":"https:\/\/ccbierzo.com\/?p=132534"},"modified":"2024-04-11T13:47:48","modified_gmt":"2024-04-11T11:47:48","slug":"el-convenio-marco-y-la-financiacion-del-sam-asuntos-prioritarios-del-presidente-del-consejo-en-la-reunion-que-mantendra-el-lunes-con-el-consejero-de-presidencia","status":"publish","type":"post","link":"https:\/\/ccbierzo.com\/gl\/el-convenio-marco-y-la-financiacion-del-sam-asuntos-prioritarios-del-presidente-del-consejo-en-la-reunion-que-mantendra-el-lunes-con-el-consejero-de-presidencia\/","title":{"rendered":"El convenio marco y la financiaci\u00f3n del SAM, asuntos prioritarios del presidente del Consejo en la reuni\u00f3n que mantendr\u00e1 el lunes con el consejero de Presidencia"},"content":{"rendered":"\n<p>El presidente del Consejo Comarcal del Bierzo, Olegario Ram\u00f3n, visit\u00f3 este jueves el <strong>Ayuntamiento de Corull\u00f3n<\/strong> y mantuvo una reuni\u00f3n con el alcalde, Luis Alberto Arias, y miembros de la corporaci\u00f3n municipal. Durante el encuentro, inform\u00f3 de la <strong>reuni\u00f3n que el lunes mantendr\u00e1 con el consejero de Presidencia<\/strong>, Luis Miguel Gonz\u00e1lez Gago, en Valladolid. Ram\u00f3n destac\u00f3, como asuntos prioritarios de la misma, el <strong>acuerdo marco entre Consejo Comarcal y Junta de Castilla y Le\u00f3n<\/strong>, que culmina en octubre, y la<strong> financiaci\u00f3n del Servicio de Asistencia a Municipios (SAM)<\/strong>, que \u201cen la actualidad es deficitaria\u201d,<\/p>\n\n\n\n<p>Otro de los temas destacados de la reuni\u00f3n del lunes ser\u00e1 el progreso en la <strong>construcci\u00f3n de una nueva sede para el Consejo Comarcal del Bierzo<\/strong>. Olegario Ram\u00f3n anunci\u00f3 en Corull\u00f3n que la consejera comarcal de Relaciones Institucionales, Susana Folla, mantendr\u00e1 ma\u00f1ana una reuni\u00f3n de trabajo con la concejala de Presidencia de Ponferrada, Lidia Coca, para avanzar en la cesi\u00f3n de un terreno por parte del Ayuntamiento. Seg\u00fan el presidente, existe una disposici\u00f3n \u201creal\u201d, por lo que espera que ahora la Junta cumpla con el compromiso para financiar la redacci\u00f3n del proyecto.<\/p>\n\n\n\n<p>El alcalde de Corull\u00f3n, Luis Alberto Arias, expres\u00f3 su satisfacci\u00f3n por la visita del Consejo Comarcal y destac\u00f3 la importancia del personal t\u00e9cnico que presta servicios a los peque\u00f1os municipios a trav\u00e9s del Servicio de Asistencia a Municipios (SAM). Adem\u00e1s, Arias present\u00f3 el proyecto m\u00e1s relevante del Ayuntamiento, que incluye un <strong>edificio multifuncional<\/strong> que alberga la sede de la asociaci\u00f3n agroalimentaria, un aula de formaci\u00f3n y pr\u00f3ximamente un laboratorio y oficinas, consolidando as\u00ed el compromiso del municipio con el desarrollo ligado al sector agrario.<\/p>\n\n\n\n<p>La visita al Ayuntamiento de Corull\u00f3n cont\u00f3 con la presencia de los portavoces del PSOE y PP, Susana Folla y Jos\u00e9 Manuel Pereira, respectivamente, as\u00ed como las consejeras Carmen Doel, Cristina P\u00e9rez y Laura Fern\u00e1ndez.<\/p>\n\n\n\n<div style=\"height:30px\" aria-hidden=\"true\" class=\"wp-block-spacer\"><\/div>\n\n\n\n<figure class=\"wp-block-gallery has-nested-images columns-default is-cropped wp-block-gallery-1 is-layout-flex wp-block-gallery-is-layout-flex\">\n<figure class=\"wp-block-image size-large\"><img loading=\"lazy\" decoding=\"async\" width=\"1024\" height=\"768\" data-id=\"132520\" src=\"https:\/\/ccbierzo.com\/wp-content\/uploads\/2024\/04\/CORULLON7-1024x768.jpeg\" alt=\"\" class=\"wp-image-132520\" srcset=\"https:\/\/ccbierzo.com\/wp-content\/uploads\/2024\/04\/CORULLON7-980x735.jpeg 980w, https:\/\/ccbierzo.com\/wp-content\/uploads\/2024\/04\/CORULLON7-480x360.jpeg 480w\" sizes=\"(min-width: 0px) and (max-width: 480px) 480px, (min-width: 481px) and (max-width: 980px) 980px, (min-width: 981px) 1024px, 100vw\" \/><\/figure>\n\n\n\n<figure class=\"wp-block-image size-large\"><img loading=\"lazy\" decoding=\"async\" width=\"1024\" height=\"768\" data-id=\"132530\" src=\"https:\/\/ccbierzo.com\/wp-content\/uploads\/2024\/04\/CORULLON2-1024x768.jpeg\" alt=\"\" class=\"wp-image-132530\" srcset=\"https:\/\/ccbierzo.com\/wp-content\/uploads\/2024\/04\/CORULLON2-980x735.jpeg 980w, https:\/\/ccbierzo.com\/wp-content\/uploads\/2024\/04\/CORULLON2-480x360.jpeg 480w\" sizes=\"(min-width: 0px) and (max-width: 480px) 480px, (min-width: 481px) and (max-width: 980px) 980px, (min-width: 981px) 1024px, 100vw\" \/><\/figure>\n\n\n\n<figure class=\"wp-block-image size-large\"><img loading=\"lazy\" decoding=\"async\" width=\"1024\" height=\"768\" data-id=\"132528\" src=\"https:\/\/ccbierzo.com\/wp-content\/uploads\/2024\/04\/CORULLON3-1024x768.jpeg\" alt=\"\" class=\"wp-image-132528\" srcset=\"https:\/\/ccbierzo.com\/wp-content\/uploads\/2024\/04\/CORULLON3-980x735.jpeg 980w, https:\/\/ccbierzo.com\/wp-content\/uploads\/2024\/04\/CORULLON3-480x360.jpeg 480w\" sizes=\"(min-width: 0px) and (max-width: 480px) 480px, (min-width: 481px) and (max-width: 980px) 980px, (min-width: 981px) 1024px, 100vw\" \/><\/figure>\n\n\n\n<figure class=\"wp-block-image size-large\"><img loading=\"lazy\" decoding=\"async\" width=\"1024\" height=\"768\" data-id=\"132526\" src=\"https:\/\/ccbierzo.com\/wp-content\/uploads\/2024\/04\/CORULLON4-1024x768.jpeg\" alt=\"\" class=\"wp-image-132526\" srcset=\"https:\/\/ccbierzo.com\/wp-content\/uploads\/2024\/04\/CORULLON4-980x735.jpeg 980w, https:\/\/ccbierzo.com\/wp-content\/uploads\/2024\/04\/CORULLON4-480x360.jpeg 480w\" sizes=\"(min-width: 0px) and (max-width: 480px) 480px, (min-width: 481px) and (max-width: 980px) 980px, (min-width: 981px) 1024px, 100vw\" \/><\/figure>\n\n\n\n<figure class=\"wp-block-image size-large\"><img loading=\"lazy\" decoding=\"async\" width=\"1024\" height=\"768\" data-id=\"132524\" src=\"https:\/\/ccbierzo.com\/wp-content\/uploads\/2024\/04\/CORULLON5-1024x768.jpeg\" alt=\"\" class=\"wp-image-132524\" srcset=\"https:\/\/ccbierzo.com\/wp-content\/uploads\/2024\/04\/CORULLON5-980x735.jpeg 980w, https:\/\/ccbierzo.com\/wp-content\/uploads\/2024\/04\/CORULLON5-480x360.jpeg 480w\" sizes=\"(min-width: 0px) and (max-width: 480px) 480px, (min-width: 481px) and (max-width: 980px) 980px, (min-width: 981px) 1024px, 100vw\" \/><\/figure>\n\n\n\n<figure class=\"wp-block-image size-large\"><img loading=\"lazy\" decoding=\"async\" width=\"1024\" height=\"775\" data-id=\"132522\" src=\"https:\/\/ccbierzo.com\/wp-content\/uploads\/2024\/04\/CORULLON6-1024x775.jpeg\" alt=\"\" class=\"wp-image-132522\" srcset=\"https:\/\/ccbierzo.com\/wp-content\/uploads\/2024\/04\/CORULLON6-980x742.jpeg 980w, https:\/\/ccbierzo.com\/wp-content\/uploads\/2024\/04\/CORULLON6-480x363.jpeg 480w\" sizes=\"(min-width: 0px) and (max-width: 480px) 480px, (min-width: 481px) and (max-width: 980px) 980px, (min-width: 981px) 1024px, 100vw\" \/><\/figure>\n\n\n\n<figure class=\"wp-block-image size-large\"><img loading=\"lazy\" decoding=\"async\" width=\"1024\" height=\"768\" data-id=\"132532\" src=\"https:\/\/ccbierzo.com\/wp-content\/uploads\/2024\/04\/CORULLON1-1024x768.jpeg\" alt=\"\" class=\"wp-image-132532\" srcset=\"https:\/\/ccbierzo.com\/wp-content\/uploads\/2024\/04\/CORULLON1-980x735.jpeg 980w, https:\/\/ccbierzo.com\/wp-content\/uploads\/2024\/04\/CORULLON1-480x360.jpeg 480w\" sizes=\"(min-width: 0px) and (max-width: 480px) 480px, (min-width: 481px) and (max-width: 980px) 980px, (min-width: 981px) 1024px, 100vw\" \/><\/figure>\n<\/figure>\n","protected":false},"excerpt":{"rendered":"<p>Olegario Ram\u00f3n visit\u00f3 este jueves el Ayuntamiento de Corull\u00f3n, donde fue recibido por el alcalde, Luis Alberto Arias.<\/p>\n","protected":false},"author":3,"featured_media":132530,"comment_status":"closed","ping_status":"closed","sticky":false,"template":"","format":"standard","meta":{"_et_pb_use_builder":"","_et_pb_old_content":"","_et_gb_content_width":"","footnotes":""},"categories":[26],"tags":[197],"class_list":["post-132534","post","type-post","status-publish","format-standard","has-post-thumbnail","hentry","category-administracion","tag-corullon"],"yoast_head":"<!-- This site is optimized with the Yoast SEO plugin v27.3 - https:\/\/yoast.com\/product\/yoast-seo-wordpress\/ -->\n<title>El convenio marco y la financiaci\u00f3n del SAM, asuntos prioritarios del presidente del Consejo en la reuni\u00f3n que mantendr\u00e1 el lunes con el consejero de Presidencia - Consejo Comarcal del Bierzo<\/title>\n<meta name=\"robots\" content=\"index, follow, max-snippet:-1, max-image-preview:large, max-video-preview:-1\" \/>\n<link rel=\"canonical\" href=\"https:\/\/ccbierzo.com\/el-convenio-marco-y-la-financiacion-del-sam-asuntos-prioritarios-del-presidente-del-consejo-en-la-reunion-que-mantendra-el-lunes-con-el-consejero-de-presidencia\/\" \/>\n<meta property=\"og:locale\" content=\"gl_ES\" \/>\n<meta property=\"og:type\" content=\"article\" \/>\n<meta property=\"og:title\" content=\"El convenio marco y la financiaci\u00f3n del SAM, asuntos prioritarios del presidente del Consejo en la reuni\u00f3n que mantendr\u00e1 el lunes con el consejero de Presidencia - Consejo Comarcal del Bierzo\" \/>\n<meta property=\"og:description\" content=\"Olegario Ram\u00f3n visit\u00f3 este jueves el Ayuntamiento de Corull\u00f3n, donde fue recibido por el alcalde, Luis Alberto Arias.\" \/>\n<meta property=\"og:url\" content=\"https:\/\/ccbierzo.com\/el-convenio-marco-y-la-financiacion-del-sam-asuntos-prioritarios-del-presidente-del-consejo-en-la-reunion-que-mantendra-el-lunes-con-el-consejero-de-presidencia\/\" \/>\n<meta property=\"og:site_name\" content=\"Consejo Comarcal del Bierzo\" \/>\n<meta property=\"article:published_time\" content=\"2024-04-11T11:47:46+00:00\" \/>\n<meta property=\"article:modified_time\" content=\"2024-04-11T11:47:48+00:00\" \/>\n<meta property=\"og:image\" content=\"https:\/\/ccbierzo.com\/wp-content\/uploads\/2024\/04\/CORULLON2-scaled.jpeg\" \/>\n\t<meta property=\"og:image:width\" content=\"2560\" \/>\n\t<meta property=\"og:image:height\" content=\"1920\" \/>\n\t<meta property=\"og:image:type\" content=\"image\/jpeg\" \/>\n<meta name=\"author\" content=\"Marta Vidal\" \/>\n<meta name=\"twitter:card\" content=\"summary_large_image\" \/>\n<meta name=\"twitter:label1\" content=\"Escrito por\" \/>\n\t<meta name=\"twitter:data1\" content=\"Marta Vidal\" \/>\n\t<meta name=\"twitter:label2\" content=\"Tempo de lectura\" \/>\n\t<meta name=\"twitter:data2\" content=\"3 minutos\" \/>\n<script type=\"application\/ld+json\" class=\"yoast-schema-graph\">{\"@context\":\"https:\\\/\\\/schema.org\",\"@graph\":[{\"@type\":\"Article\",\"@id\":\"https:\\\/\\\/ccbierzo.com\\\/el-convenio-marco-y-la-financiacion-del-sam-asuntos-prioritarios-del-presidente-del-consejo-en-la-reunion-que-mantendra-el-lunes-con-el-consejero-de-presidencia\\\/#article\",\"isPartOf\":{\"@id\":\"https:\\\/\\\/ccbierzo.com\\\/el-convenio-marco-y-la-financiacion-del-sam-asuntos-prioritarios-del-presidente-del-consejo-en-la-reunion-que-mantendra-el-lunes-con-el-consejero-de-presidencia\\\/\"},\"author\":{\"name\":\"Marta Vidal\",\"@id\":\"https:\\\/\\\/ccbierzo.com\\\/gl\\\/#\\\/schema\\\/person\\\/4e9a8395b397b1d4b8695a5274072278\"},\"headline\":\"El convenio marco y la financiaci\u00f3n del SAM, asuntos prioritarios del presidente del Consejo en la reuni\u00f3n que mantendr\u00e1 el lunes con el consejero de Presidencia\",\"datePublished\":\"2024-04-11T11:47:46+00:00\",\"dateModified\":\"2024-04-11T11:47:48+00:00\",\"mainEntityOfPage\":{\"@id\":\"https:\\\/\\\/ccbierzo.com\\\/el-convenio-marco-y-la-financiacion-del-sam-asuntos-prioritarios-del-presidente-del-consejo-en-la-reunion-que-mantendra-el-lunes-con-el-consejero-de-presidencia\\\/\"},\"wordCount\":365,\"image\":{\"@id\":\"https:\\\/\\\/ccbierzo.com\\\/el-convenio-marco-y-la-financiacion-del-sam-asuntos-prioritarios-del-presidente-del-consejo-en-la-reunion-que-mantendra-el-lunes-con-el-consejero-de-presidencia\\\/#primaryimage\"},\"thumbnailUrl\":\"https:\\\/\\\/ccbierzo.com\\\/wp-content\\\/uploads\\\/2024\\\/04\\\/CORULLON2-scaled.jpeg\",\"keywords\":[\"Corull\u00f3n\"],\"articleSection\":[\"Administraci\u00f3n\"],\"inLanguage\":\"gl-ES\"},{\"@type\":\"WebPage\",\"@id\":\"https:\\\/\\\/ccbierzo.com\\\/el-convenio-marco-y-la-financiacion-del-sam-asuntos-prioritarios-del-presidente-del-consejo-en-la-reunion-que-mantendra-el-lunes-con-el-consejero-de-presidencia\\\/\",\"url\":\"https:\\\/\\\/ccbierzo.com\\\/el-convenio-marco-y-la-financiacion-del-sam-asuntos-prioritarios-del-presidente-del-consejo-en-la-reunion-que-mantendra-el-lunes-con-el-consejero-de-presidencia\\\/\",\"name\":\"El convenio marco y la financiaci\u00f3n del SAM, asuntos prioritarios del presidente del Consejo en la reuni\u00f3n que mantendr\u00e1 el lunes con el consejero de Presidencia - Consejo Comarcal del Bierzo\",\"isPartOf\":{\"@id\":\"https:\\\/\\\/ccbierzo.com\\\/gl\\\/#website\"},\"primaryImageOfPage\":{\"@id\":\"https:\\\/\\\/ccbierzo.com\\\/el-convenio-marco-y-la-financiacion-del-sam-asuntos-prioritarios-del-presidente-del-consejo-en-la-reunion-que-mantendra-el-lunes-con-el-consejero-de-presidencia\\\/#primaryimage\"},\"image\":{\"@id\":\"https:\\\/\\\/ccbierzo.com\\\/el-convenio-marco-y-la-financiacion-del-sam-asuntos-prioritarios-del-presidente-del-consejo-en-la-reunion-que-mantendra-el-lunes-con-el-consejero-de-presidencia\\\/#primaryimage\"},\"thumbnailUrl\":\"https:\\\/\\\/ccbierzo.com\\\/wp-content\\\/uploads\\\/2024\\\/04\\\/CORULLON2-scaled.jpeg\",\"datePublished\":\"2024-04-11T11:47:46+00:00\",\"dateModified\":\"2024-04-11T11:47:48+00:00\",\"author\":{\"@id\":\"https:\\\/\\\/ccbierzo.com\\\/gl\\\/#\\\/schema\\\/person\\\/4e9a8395b397b1d4b8695a5274072278\"},\"breadcrumb\":{\"@id\":\"https:\\\/\\\/ccbierzo.com\\\/el-convenio-marco-y-la-financiacion-del-sam-asuntos-prioritarios-del-presidente-del-consejo-en-la-reunion-que-mantendra-el-lunes-con-el-consejero-de-presidencia\\\/#breadcrumb\"},\"inLanguage\":\"gl-ES\",\"potentialAction\":[{\"@type\":\"ReadAction\",\"target\":[\"https:\\\/\\\/ccbierzo.com\\\/el-convenio-marco-y-la-financiacion-del-sam-asuntos-prioritarios-del-presidente-del-consejo-en-la-reunion-que-mantendra-el-lunes-con-el-consejero-de-presidencia\\\/\"]}]},{\"@type\":\"ImageObject\",\"inLanguage\":\"gl-ES\",\"@id\":\"https:\\\/\\\/ccbierzo.com\\\/el-convenio-marco-y-la-financiacion-del-sam-asuntos-prioritarios-del-presidente-del-consejo-en-la-reunion-que-mantendra-el-lunes-con-el-consejero-de-presidencia\\\/#primaryimage\",\"url\":\"https:\\\/\\\/ccbierzo.com\\\/wp-content\\\/uploads\\\/2024\\\/04\\\/CORULLON2-scaled.jpeg\",\"contentUrl\":\"https:\\\/\\\/ccbierzo.com\\\/wp-content\\\/uploads\\\/2024\\\/04\\\/CORULLON2-scaled.jpeg\",\"width\":2560,\"height\":1920},{\"@type\":\"BreadcrumbList\",\"@id\":\"https:\\\/\\\/ccbierzo.com\\\/el-convenio-marco-y-la-financiacion-del-sam-asuntos-prioritarios-del-presidente-del-consejo-en-la-reunion-que-mantendra-el-lunes-con-el-consejero-de-presidencia\\\/#breadcrumb\",\"itemListElement\":[{\"@type\":\"ListItem\",\"position\":1,\"name\":\"Portada\",\"item\":\"https:\\\/\\\/ccbierzo.com\\\/gl\\\/\"},{\"@type\":\"ListItem\",\"position\":2,\"name\":\"El convenio marco y la financiaci\u00f3n del SAM, asuntos prioritarios del presidente del Consejo en la reuni\u00f3n que mantendr\u00e1 el lunes con el consejero de Presidencia\"}]},{\"@type\":\"WebSite\",\"@id\":\"https:\\\/\\\/ccbierzo.com\\\/gl\\\/#website\",\"url\":\"https:\\\/\\\/ccbierzo.com\\\/gl\\\/\",\"name\":\"Consejo Comarcal del Bierzo\",\"description\":\"P\u00e1gina Oficial del Consejo Comarcal del Bierzo\",\"potentialAction\":[{\"@type\":\"SearchAction\",\"target\":{\"@type\":\"EntryPoint\",\"urlTemplate\":\"https:\\\/\\\/ccbierzo.com\\\/gl\\\/?s={search_term_string}\"},\"query-input\":{\"@type\":\"PropertyValueSpecification\",\"valueRequired\":true,\"valueName\":\"search_term_string\"}}],\"inLanguage\":\"gl-ES\"},{\"@type\":\"Person\",\"@id\":\"https:\\\/\\\/ccbierzo.com\\\/gl\\\/#\\\/schema\\\/person\\\/4e9a8395b397b1d4b8695a5274072278\",\"name\":\"Marta Vidal\"}]}<\/script>\n<!-- \/ Yoast SEO plugin. -->","yoast_head_json":{"title":"El convenio marco y la financiaci\u00f3n del SAM, asuntos prioritarios del presidente del Consejo en la reuni\u00f3n que mantendr\u00e1 el lunes con el consejero de Presidencia - Consejo Comarcal del Bierzo","robots":{"index":"index","follow":"follow","max-snippet":"max-snippet:-1","max-image-preview":"max-image-preview:large","max-video-preview":"max-video-preview:-1"},"canonical":"https:\/\/ccbierzo.com\/el-convenio-marco-y-la-financiacion-del-sam-asuntos-prioritarios-del-presidente-del-consejo-en-la-reunion-que-mantendra-el-lunes-con-el-consejero-de-presidencia\/","og_locale":"gl_ES","og_type":"article","og_title":"El convenio marco y la financiaci\u00f3n del SAM, asuntos prioritarios del presidente del Consejo en la reuni\u00f3n que mantendr\u00e1 el lunes con el consejero de Presidencia - Consejo Comarcal del Bierzo","og_description":"Olegario Ram\u00f3n visit\u00f3 este jueves el Ayuntamiento de Corull\u00f3n, donde fue recibido por el alcalde, Luis Alberto Arias.","og_url":"https:\/\/ccbierzo.com\/el-convenio-marco-y-la-financiacion-del-sam-asuntos-prioritarios-del-presidente-del-consejo-en-la-reunion-que-mantendra-el-lunes-con-el-consejero-de-presidencia\/","og_site_name":"Consejo Comarcal del Bierzo","article_published_time":"2024-04-11T11:47:46+00:00","article_modified_time":"2024-04-11T11:47:48+00:00","og_image":[{"width":2560,"height":1920,"url":"https:\/\/ccbierzo.com\/wp-content\/uploads\/2024\/04\/CORULLON2-scaled.jpeg","type":"image\/jpeg"}],"author":"Marta Vidal","twitter_card":"summary_large_image","twitter_misc":{"Escrito por":"Marta Vidal","Tempo de lectura":"3 minutos"},"schema":{"@context":"https:\/\/schema.org","@graph":[{"@type":"Article","@id":"https:\/\/ccbierzo.com\/el-convenio-marco-y-la-financiacion-del-sam-asuntos-prioritarios-del-presidente-del-consejo-en-la-reunion-que-mantendra-el-lunes-con-el-consejero-de-presidencia\/#article","isPartOf":{"@id":"https:\/\/ccbierzo.com\/el-convenio-marco-y-la-financiacion-del-sam-asuntos-prioritarios-del-presidente-del-consejo-en-la-reunion-que-mantendra-el-lunes-con-el-consejero-de-presidencia\/"},"author":{"name":"Marta Vidal","@id":"https:\/\/ccbierzo.com\/gl\/#\/schema\/person\/4e9a8395b397b1d4b8695a5274072278"},"headline":"El convenio marco y la financiaci\u00f3n del SAM, asuntos prioritarios del presidente del Consejo en la reuni\u00f3n que mantendr\u00e1 el lunes con el consejero de Presidencia","datePublished":"2024-04-11T11:47:46+00:00","dateModified":"2024-04-11T11:47:48+00:00","mainEntityOfPage":{"@id":"https:\/\/ccbierzo.com\/el-convenio-marco-y-la-financiacion-del-sam-asuntos-prioritarios-del-presidente-del-consejo-en-la-reunion-que-mantendra-el-lunes-con-el-consejero-de-presidencia\/"},"wordCount":365,"image":{"@id":"https:\/\/ccbierzo.com\/el-convenio-marco-y-la-financiacion-del-sam-asuntos-prioritarios-del-presidente-del-consejo-en-la-reunion-que-mantendra-el-lunes-con-el-consejero-de-presidencia\/#primaryimage"},"thumbnailUrl":"https:\/\/ccbierzo.com\/wp-content\/uploads\/2024\/04\/CORULLON2-scaled.jpeg","keywords":["Corull\u00f3n"],"articleSection":["Administraci\u00f3n"],"inLanguage":"gl-ES"},{"@type":"WebPage","@id":"https:\/\/ccbierzo.com\/el-convenio-marco-y-la-financiacion-del-sam-asuntos-prioritarios-del-presidente-del-consejo-en-la-reunion-que-mantendra-el-lunes-con-el-consejero-de-presidencia\/","url":"https:\/\/ccbierzo.com\/el-convenio-marco-y-la-financiacion-del-sam-asuntos-prioritarios-del-presidente-del-consejo-en-la-reunion-que-mantendra-el-lunes-con-el-consejero-de-presidencia\/","name":"El convenio marco y la financiaci\u00f3n del SAM, asuntos prioritarios del presidente del Consejo en la reuni\u00f3n que mantendr\u00e1 el lunes con el consejero de Presidencia - Consejo Comarcal del Bierzo","isPartOf":{"@id":"https:\/\/ccbierzo.com\/gl\/#website"},"primaryImageOfPage":{"@id":"https:\/\/ccbierzo.com\/el-convenio-marco-y-la-financiacion-del-sam-asuntos-prioritarios-del-presidente-del-consejo-en-la-reunion-que-mantendra-el-lunes-con-el-consejero-de-presidencia\/#primaryimage"},"image":{"@id":"https:\/\/ccbierzo.com\/el-convenio-marco-y-la-financiacion-del-sam-asuntos-prioritarios-del-presidente-del-consejo-en-la-reunion-que-mantendra-el-lunes-con-el-consejero-de-presidencia\/#primaryimage"},"thumbnailUrl":"https:\/\/ccbierzo.com\/wp-content\/uploads\/2024\/04\/CORULLON2-scaled.jpeg","datePublished":"2024-04-11T11:47:46+00:00","dateModified":"2024-04-11T11:47:48+00:00","author":{"@id":"https:\/\/ccbierzo.com\/gl\/#\/schema\/person\/4e9a8395b397b1d4b8695a5274072278"},"breadcrumb":{"@id":"https:\/\/ccbierzo.com\/el-convenio-marco-y-la-financiacion-del-sam-asuntos-prioritarios-del-presidente-del-consejo-en-la-reunion-que-mantendra-el-lunes-con-el-consejero-de-presidencia\/#breadcrumb"},"inLanguage":"gl-ES","potentialAction":[{"@type":"ReadAction","target":["https:\/\/ccbierzo.com\/el-convenio-marco-y-la-financiacion-del-sam-asuntos-prioritarios-del-presidente-del-consejo-en-la-reunion-que-mantendra-el-lunes-con-el-consejero-de-presidencia\/"]}]},{"@type":"ImageObject","inLanguage":"gl-ES","@id":"https:\/\/ccbierzo.com\/el-convenio-marco-y-la-financiacion-del-sam-asuntos-prioritarios-del-presidente-del-consejo-en-la-reunion-que-mantendra-el-lunes-con-el-consejero-de-presidencia\/#primaryimage","url":"https:\/\/ccbierzo.com\/wp-content\/uploads\/2024\/04\/CORULLON2-scaled.jpeg","contentUrl":"https:\/\/ccbierzo.com\/wp-content\/uploads\/2024\/04\/CORULLON2-scaled.jpeg","width":2560,"height":1920},{"@type":"BreadcrumbList","@id":"https:\/\/ccbierzo.com\/el-convenio-marco-y-la-financiacion-del-sam-asuntos-prioritarios-del-presidente-del-consejo-en-la-reunion-que-mantendra-el-lunes-con-el-consejero-de-presidencia\/#breadcrumb","itemListElement":[{"@type":"ListItem","position":1,"name":"Portada","item":"https:\/\/ccbierzo.com\/gl\/"},{"@type":"ListItem","position":2,"name":"El convenio marco y la financiaci\u00f3n del SAM, asuntos prioritarios del presidente del Consejo en la reuni\u00f3n que mantendr\u00e1 el lunes con el consejero de Presidencia"}]},{"@type":"WebSite","@id":"https:\/\/ccbierzo.com\/gl\/#website","url":"https:\/\/ccbierzo.com\/gl\/","name":"Consejo Comarcal del Bierzo","description":"P\u00e1gina Oficial del Consejo Comarcal del Bierzo","potentialAction":[{"@type":"SearchAction","target":{"@type":"EntryPoint","urlTemplate":"https:\/\/ccbierzo.com\/gl\/?s={search_term_string}"},"query-input":{"@type":"PropertyValueSpecification","valueRequired":true,"valueName":"search_term_string"}}],"inLanguage":"gl-ES"},{"@type":"Person","@id":"https:\/\/ccbierzo.com\/gl\/#\/schema\/person\/4e9a8395b397b1d4b8695a5274072278","name":"Marta Vidal"}]}},"_links":{"self":[{"href":"https:\/\/ccbierzo.com\/gl\/wp-json\/wp\/v2\/posts\/132534","targetHints":{"allow":["GET"]}}],"collection":[{"href":"https:\/\/ccbierzo.com\/gl\/wp-json\/wp\/v2\/posts"}],"about":[{"href":"https:\/\/ccbierzo.com\/gl\/wp-json\/wp\/v2\/types\/post"}],"author":[{"embeddable":true,"href":"https:\/\/ccbierzo.com\/gl\/wp-json\/wp\/v2\/users\/3"}],"replies":[{"embeddable":true,"href":"https:\/\/ccbierzo.com\/gl\/wp-json\/wp\/v2\/comments?post=132534"}],"version-history":[{"count":0,"href":"https:\/\/ccbierzo.com\/gl\/wp-json\/wp\/v2\/posts\/132534\/revisions"}],"wp:featuredmedia":[{"embeddable":true,"href":"https:\/\/ccbierzo.com\/gl\/wp-json\/wp\/v2\/media\/132530"}],"wp:attachment":[{"href":"https:\/\/ccbierzo.com\/gl\/wp-json\/wp\/v2\/media?parent=132534"}],"wp:term":[{"taxonomy":"category","embeddable":true,"href":"https:\/\/ccbierzo.com\/gl\/wp-json\/wp\/v2\/categories?post=132534"},{"taxonomy":"post_tag","embeddable":true,"href":"https:\/\/ccbierzo.com\/gl\/wp-json\/wp\/v2\/tags?post=132534"}],"curies":[{"name":"wp","href":"https:\/\/api.w.org\/{rel}","templated":true}]}}