{"id":132396,"date":"2024-03-20T11:42:00","date_gmt":"2024-03-20T10:42:00","guid":{"rendered":"https:\/\/ccbierzo.com\/?p=132396"},"modified":"2024-03-20T16:58:24","modified_gmt":"2024-03-20T15:58:24","slug":"puente-de-domingo-florez-toral-de-los-vados-y-toreno-acogen-la-cuarta-edicion-del-torneo-de-debutantes","status":"publish","type":"post","link":"https:\/\/ccbierzo.com\/gl\/puente-de-domingo-florez-toral-de-los-vados-y-toreno-acogen-la-cuarta-edicion-del-torneo-de-debutantes\/","title":{"rendered":"Puente de Domingo Fl\u00f3rez, Toral de los Vados y Toreno acogen la cuarta edici\u00f3n del Torneo de Debutantes"},"content":{"rendered":"\n<p>El Consejo Comarcal acogi\u00f3 este mi\u00e9rcoles la <strong>presentaci\u00f3n de la cuarta edici\u00f3n del Torneo de Debutantes<\/strong>, que este a\u00f1o se celebrar\u00e1 en los municipios de Puente de Domingo Fl\u00f3rez, Toral de los Vados y Toreno. Esta actividad tiene como objetivo que los ni\u00f1os y ni\u00f1as que se inician en la pr\u00e1ctica del f\u00fatbol se familiaricen con la participaci\u00f3n en competiciones, aunque en esta ocasi\u00f3n no se contabilizan los goles. <\/p>\n\n\n\n<p>La primera jornada tendr\u00e1 lugar el <strong>s\u00e1bado 23 de marzo a partir de las 10:00 horas en Puente de Domingo Fl\u00f3rez.<\/strong> <strong>El 13 de abril el torneo se traslada a Toral de los Vados y el 18 de mayo a Toreno<\/strong>, donde se har\u00e1 entrega de los trofeos a todos los ni\u00f1os y ni\u00f1as que participan en la actividad.<\/p>\n\n\n\n<p>El presidente del Consejo Comarcal, Olegario Ram\u00f3n, se mostr\u00f3 satisfecho de la colaboraci\u00f3n de la entidad con esta actividad que <strong>fomenta el esp\u00edritu deportivo entre los m\u00e1s peque\u00f1os,<\/strong> adem\u00e1s de sacar el f\u00fatbol a la calle y contribuir a la dinamizaci\u00f3n de los pueblos. <\/p>\n\n\n\n<p>Actualmente, seg\u00fan inform\u00f3 Iv\u00e1n Farelo, delegado de la subdelegaci\u00f3n berciana, esta temporada el f\u00fatbol berciano cuenta con <strong>28 equipos de debutantes y 200 nuevas licencias<\/strong>. Participaron en la presentaci\u00f3n David Rodr\u00edguez, concejal de Deportes de Puente de Domingo Fl\u00f3rez; David \u00c1lvarez, concejal de Deportes de Toral de los Vados, y Vicente Mir\u00f3n, alcalde de Toreno.<\/p>\n\n\n\n<div style=\"height:30px\" aria-hidden=\"true\" class=\"wp-block-spacer\"><\/div>\n\n\n\n<figure class=\"wp-block-gallery has-nested-images columns-default is-cropped wp-block-gallery-1 is-layout-flex wp-block-gallery-is-layout-flex\">\n<figure class=\"wp-block-image size-large\"><img loading=\"lazy\" decoding=\"async\" width=\"1024\" height=\"768\" data-id=\"132394\" src=\"https:\/\/ccbierzo.com\/wp-content\/uploads\/2024\/03\/debutantes2-1024x768.jpeg\" alt=\"\" class=\"wp-image-132394\" srcset=\"https:\/\/ccbierzo.com\/wp-content\/uploads\/2024\/03\/debutantes2-980x735.jpeg 980w, https:\/\/ccbierzo.com\/wp-content\/uploads\/2024\/03\/debutantes2-480x360.jpeg 480w\" sizes=\"(min-width: 0px) and (max-width: 480px) 480px, (min-width: 481px) and (max-width: 980px) 980px, (min-width: 981px) 1024px, 100vw\" \/><\/figure>\n\n\n\n<figure class=\"wp-block-image size-large\"><img loading=\"lazy\" decoding=\"async\" width=\"1024\" height=\"768\" data-id=\"132392\" src=\"https:\/\/ccbierzo.com\/wp-content\/uploads\/2024\/03\/debutantes1-1024x768.jpeg\" alt=\"\" class=\"wp-image-132392\" srcset=\"https:\/\/ccbierzo.com\/wp-content\/uploads\/2024\/03\/debutantes1-980x735.jpeg 980w, https:\/\/ccbierzo.com\/wp-content\/uploads\/2024\/03\/debutantes1-480x360.jpeg 480w\" sizes=\"(min-width: 0px) and (max-width: 480px) 480px, (min-width: 481px) and (max-width: 980px) 980px, (min-width: 981px) 1024px, 100vw\" \/><\/figure>\n<\/figure>\n","protected":false},"excerpt":{"rendered":"<p>La primera jornada se celebra este s\u00e1bado, 23 de marzo.<\/p>\n","protected":false},"author":3,"featured_media":132394,"comment_status":"closed","ping_status":"closed","sticky":false,"template":"","format":"standard","meta":{"_et_pb_use_builder":"","_et_pb_old_content":"","_et_gb_content_width":"","footnotes":""},"categories":[599],"tags":[294],"class_list":["post-132396","post","type-post","status-publish","format-standard","has-post-thumbnail","hentry","category-deportes","tag-ponferrada"],"yoast_head":"<!-- This site is optimized with the Yoast SEO plugin v27.3 - https:\/\/yoast.com\/product\/yoast-seo-wordpress\/ -->\n<title>Puente de Domingo Fl\u00f3rez, Toral de los Vados y Toreno acogen la cuarta edici\u00f3n del Torneo de Debutantes - Consejo Comarcal del Bierzo<\/title>\n<meta name=\"robots\" content=\"index, follow, max-snippet:-1, max-image-preview:large, max-video-preview:-1\" \/>\n<link rel=\"canonical\" href=\"https:\/\/ccbierzo.com\/puente-de-domingo-florez-toral-de-los-vados-y-toreno-acogen-la-cuarta-edicion-del-torneo-de-debutantes\/\" \/>\n<meta property=\"og:locale\" content=\"gl_ES\" \/>\n<meta property=\"og:type\" content=\"article\" \/>\n<meta property=\"og:title\" content=\"Puente de Domingo Fl\u00f3rez, Toral de los Vados y Toreno acogen la cuarta edici\u00f3n del Torneo de Debutantes - Consejo Comarcal del Bierzo\" \/>\n<meta property=\"og:description\" content=\"La primera jornada se celebra este s\u00e1bado, 23 de marzo.\" \/>\n<meta property=\"og:url\" content=\"https:\/\/ccbierzo.com\/puente-de-domingo-florez-toral-de-los-vados-y-toreno-acogen-la-cuarta-edicion-del-torneo-de-debutantes\/\" \/>\n<meta property=\"og:site_name\" content=\"Consejo Comarcal del Bierzo\" \/>\n<meta property=\"article:published_time\" content=\"2024-03-20T10:42:00+00:00\" \/>\n<meta property=\"article:modified_time\" content=\"2024-03-20T15:58:24+00:00\" \/>\n<meta property=\"og:image\" content=\"https:\/\/ccbierzo.com\/wp-content\/uploads\/2024\/03\/debutantes2.jpeg\" \/>\n\t<meta property=\"og:image:width\" content=\"2048\" \/>\n\t<meta property=\"og:image:height\" content=\"1536\" \/>\n\t<meta property=\"og:image:type\" content=\"image\/jpeg\" \/>\n<meta name=\"author\" content=\"Marta Vidal\" \/>\n<meta name=\"twitter:card\" content=\"summary_large_image\" \/>\n<meta name=\"twitter:label1\" content=\"Escrito por\" \/>\n\t<meta name=\"twitter:data1\" content=\"Marta Vidal\" \/>\n\t<meta name=\"twitter:label2\" content=\"Tempo de lectura\" \/>\n\t<meta name=\"twitter:data2\" content=\"2 minutos\" \/>\n<script type=\"application\/ld+json\" class=\"yoast-schema-graph\">{\"@context\":\"https:\\\/\\\/schema.org\",\"@graph\":[{\"@type\":\"Article\",\"@id\":\"https:\\\/\\\/ccbierzo.com\\\/puente-de-domingo-florez-toral-de-los-vados-y-toreno-acogen-la-cuarta-edicion-del-torneo-de-debutantes\\\/#article\",\"isPartOf\":{\"@id\":\"https:\\\/\\\/ccbierzo.com\\\/puente-de-domingo-florez-toral-de-los-vados-y-toreno-acogen-la-cuarta-edicion-del-torneo-de-debutantes\\\/\"},\"author\":{\"name\":\"Marta Vidal\",\"@id\":\"https:\\\/\\\/ccbierzo.com\\\/gl\\\/#\\\/schema\\\/person\\\/4e9a8395b397b1d4b8695a5274072278\"},\"headline\":\"Puente de Domingo Fl\u00f3rez, Toral de los Vados y Toreno acogen la cuarta edici\u00f3n del Torneo de Debutantes\",\"datePublished\":\"2024-03-20T10:42:00+00:00\",\"dateModified\":\"2024-03-20T15:58:24+00:00\",\"mainEntityOfPage\":{\"@id\":\"https:\\\/\\\/ccbierzo.com\\\/puente-de-domingo-florez-toral-de-los-vados-y-toreno-acogen-la-cuarta-edicion-del-torneo-de-debutantes\\\/\"},\"wordCount\":272,\"image\":{\"@id\":\"https:\\\/\\\/ccbierzo.com\\\/puente-de-domingo-florez-toral-de-los-vados-y-toreno-acogen-la-cuarta-edicion-del-torneo-de-debutantes\\\/#primaryimage\"},\"thumbnailUrl\":\"https:\\\/\\\/ccbierzo.com\\\/wp-content\\\/uploads\\\/2024\\\/03\\\/debutantes2.jpeg\",\"keywords\":[\"Ponferrada\"],\"articleSection\":[\"Deportes\"],\"inLanguage\":\"gl-ES\"},{\"@type\":\"WebPage\",\"@id\":\"https:\\\/\\\/ccbierzo.com\\\/puente-de-domingo-florez-toral-de-los-vados-y-toreno-acogen-la-cuarta-edicion-del-torneo-de-debutantes\\\/\",\"url\":\"https:\\\/\\\/ccbierzo.com\\\/puente-de-domingo-florez-toral-de-los-vados-y-toreno-acogen-la-cuarta-edicion-del-torneo-de-debutantes\\\/\",\"name\":\"Puente de Domingo Fl\u00f3rez, Toral de los Vados y Toreno acogen la cuarta edici\u00f3n del Torneo de Debutantes - Consejo Comarcal del Bierzo\",\"isPartOf\":{\"@id\":\"https:\\\/\\\/ccbierzo.com\\\/gl\\\/#website\"},\"primaryImageOfPage\":{\"@id\":\"https:\\\/\\\/ccbierzo.com\\\/puente-de-domingo-florez-toral-de-los-vados-y-toreno-acogen-la-cuarta-edicion-del-torneo-de-debutantes\\\/#primaryimage\"},\"image\":{\"@id\":\"https:\\\/\\\/ccbierzo.com\\\/puente-de-domingo-florez-toral-de-los-vados-y-toreno-acogen-la-cuarta-edicion-del-torneo-de-debutantes\\\/#primaryimage\"},\"thumbnailUrl\":\"https:\\\/\\\/ccbierzo.com\\\/wp-content\\\/uploads\\\/2024\\\/03\\\/debutantes2.jpeg\",\"datePublished\":\"2024-03-20T10:42:00+00:00\",\"dateModified\":\"2024-03-20T15:58:24+00:00\",\"author\":{\"@id\":\"https:\\\/\\\/ccbierzo.com\\\/gl\\\/#\\\/schema\\\/person\\\/4e9a8395b397b1d4b8695a5274072278\"},\"breadcrumb\":{\"@id\":\"https:\\\/\\\/ccbierzo.com\\\/puente-de-domingo-florez-toral-de-los-vados-y-toreno-acogen-la-cuarta-edicion-del-torneo-de-debutantes\\\/#breadcrumb\"},\"inLanguage\":\"gl-ES\",\"potentialAction\":[{\"@type\":\"ReadAction\",\"target\":[\"https:\\\/\\\/ccbierzo.com\\\/puente-de-domingo-florez-toral-de-los-vados-y-toreno-acogen-la-cuarta-edicion-del-torneo-de-debutantes\\\/\"]}]},{\"@type\":\"ImageObject\",\"inLanguage\":\"gl-ES\",\"@id\":\"https:\\\/\\\/ccbierzo.com\\\/puente-de-domingo-florez-toral-de-los-vados-y-toreno-acogen-la-cuarta-edicion-del-torneo-de-debutantes\\\/#primaryimage\",\"url\":\"https:\\\/\\\/ccbierzo.com\\\/wp-content\\\/uploads\\\/2024\\\/03\\\/debutantes2.jpeg\",\"contentUrl\":\"https:\\\/\\\/ccbierzo.com\\\/wp-content\\\/uploads\\\/2024\\\/03\\\/debutantes2.jpeg\",\"width\":2048,\"height\":1536},{\"@type\":\"BreadcrumbList\",\"@id\":\"https:\\\/\\\/ccbierzo.com\\\/puente-de-domingo-florez-toral-de-los-vados-y-toreno-acogen-la-cuarta-edicion-del-torneo-de-debutantes\\\/#breadcrumb\",\"itemListElement\":[{\"@type\":\"ListItem\",\"position\":1,\"name\":\"Portada\",\"item\":\"https:\\\/\\\/ccbierzo.com\\\/gl\\\/\"},{\"@type\":\"ListItem\",\"position\":2,\"name\":\"Puente de Domingo Fl\u00f3rez, Toral de los Vados y Toreno acogen la cuarta edici\u00f3n del Torneo de Debutantes\"}]},{\"@type\":\"WebSite\",\"@id\":\"https:\\\/\\\/ccbierzo.com\\\/gl\\\/#website\",\"url\":\"https:\\\/\\\/ccbierzo.com\\\/gl\\\/\",\"name\":\"Consejo Comarcal del Bierzo\",\"description\":\"P\u00e1gina Oficial del Consejo Comarcal del Bierzo\",\"potentialAction\":[{\"@type\":\"SearchAction\",\"target\":{\"@type\":\"EntryPoint\",\"urlTemplate\":\"https:\\\/\\\/ccbierzo.com\\\/gl\\\/?s={search_term_string}\"},\"query-input\":{\"@type\":\"PropertyValueSpecification\",\"valueRequired\":true,\"valueName\":\"search_term_string\"}}],\"inLanguage\":\"gl-ES\"},{\"@type\":\"Person\",\"@id\":\"https:\\\/\\\/ccbierzo.com\\\/gl\\\/#\\\/schema\\\/person\\\/4e9a8395b397b1d4b8695a5274072278\",\"name\":\"Marta Vidal\"}]}<\/script>\n<!-- \/ Yoast SEO plugin. -->","yoast_head_json":{"title":"Puente de Domingo Fl\u00f3rez, Toral de los Vados y Toreno acogen la cuarta edici\u00f3n del Torneo de Debutantes - Consejo Comarcal del Bierzo","robots":{"index":"index","follow":"follow","max-snippet":"max-snippet:-1","max-image-preview":"max-image-preview:large","max-video-preview":"max-video-preview:-1"},"canonical":"https:\/\/ccbierzo.com\/puente-de-domingo-florez-toral-de-los-vados-y-toreno-acogen-la-cuarta-edicion-del-torneo-de-debutantes\/","og_locale":"gl_ES","og_type":"article","og_title":"Puente de Domingo Fl\u00f3rez, Toral de los Vados y Toreno acogen la cuarta edici\u00f3n del Torneo de Debutantes - Consejo Comarcal del Bierzo","og_description":"La primera jornada se celebra este s\u00e1bado, 23 de marzo.","og_url":"https:\/\/ccbierzo.com\/puente-de-domingo-florez-toral-de-los-vados-y-toreno-acogen-la-cuarta-edicion-del-torneo-de-debutantes\/","og_site_name":"Consejo Comarcal del Bierzo","article_published_time":"2024-03-20T10:42:00+00:00","article_modified_time":"2024-03-20T15:58:24+00:00","og_image":[{"width":2048,"height":1536,"url":"https:\/\/ccbierzo.com\/wp-content\/uploads\/2024\/03\/debutantes2.jpeg","type":"image\/jpeg"}],"author":"Marta Vidal","twitter_card":"summary_large_image","twitter_misc":{"Escrito por":"Marta Vidal","Tempo de lectura":"2 minutos"},"schema":{"@context":"https:\/\/schema.org","@graph":[{"@type":"Article","@id":"https:\/\/ccbierzo.com\/puente-de-domingo-florez-toral-de-los-vados-y-toreno-acogen-la-cuarta-edicion-del-torneo-de-debutantes\/#article","isPartOf":{"@id":"https:\/\/ccbierzo.com\/puente-de-domingo-florez-toral-de-los-vados-y-toreno-acogen-la-cuarta-edicion-del-torneo-de-debutantes\/"},"author":{"name":"Marta Vidal","@id":"https:\/\/ccbierzo.com\/gl\/#\/schema\/person\/4e9a8395b397b1d4b8695a5274072278"},"headline":"Puente de Domingo Fl\u00f3rez, Toral de los Vados y Toreno acogen la cuarta edici\u00f3n del Torneo de Debutantes","datePublished":"2024-03-20T10:42:00+00:00","dateModified":"2024-03-20T15:58:24+00:00","mainEntityOfPage":{"@id":"https:\/\/ccbierzo.com\/puente-de-domingo-florez-toral-de-los-vados-y-toreno-acogen-la-cuarta-edicion-del-torneo-de-debutantes\/"},"wordCount":272,"image":{"@id":"https:\/\/ccbierzo.com\/puente-de-domingo-florez-toral-de-los-vados-y-toreno-acogen-la-cuarta-edicion-del-torneo-de-debutantes\/#primaryimage"},"thumbnailUrl":"https:\/\/ccbierzo.com\/wp-content\/uploads\/2024\/03\/debutantes2.jpeg","keywords":["Ponferrada"],"articleSection":["Deportes"],"inLanguage":"gl-ES"},{"@type":"WebPage","@id":"https:\/\/ccbierzo.com\/puente-de-domingo-florez-toral-de-los-vados-y-toreno-acogen-la-cuarta-edicion-del-torneo-de-debutantes\/","url":"https:\/\/ccbierzo.com\/puente-de-domingo-florez-toral-de-los-vados-y-toreno-acogen-la-cuarta-edicion-del-torneo-de-debutantes\/","name":"Puente de Domingo Fl\u00f3rez, Toral de los Vados y Toreno acogen la cuarta edici\u00f3n del Torneo de Debutantes - Consejo Comarcal del Bierzo","isPartOf":{"@id":"https:\/\/ccbierzo.com\/gl\/#website"},"primaryImageOfPage":{"@id":"https:\/\/ccbierzo.com\/puente-de-domingo-florez-toral-de-los-vados-y-toreno-acogen-la-cuarta-edicion-del-torneo-de-debutantes\/#primaryimage"},"image":{"@id":"https:\/\/ccbierzo.com\/puente-de-domingo-florez-toral-de-los-vados-y-toreno-acogen-la-cuarta-edicion-del-torneo-de-debutantes\/#primaryimage"},"thumbnailUrl":"https:\/\/ccbierzo.com\/wp-content\/uploads\/2024\/03\/debutantes2.jpeg","datePublished":"2024-03-20T10:42:00+00:00","dateModified":"2024-03-20T15:58:24+00:00","author":{"@id":"https:\/\/ccbierzo.com\/gl\/#\/schema\/person\/4e9a8395b397b1d4b8695a5274072278"},"breadcrumb":{"@id":"https:\/\/ccbierzo.com\/puente-de-domingo-florez-toral-de-los-vados-y-toreno-acogen-la-cuarta-edicion-del-torneo-de-debutantes\/#breadcrumb"},"inLanguage":"gl-ES","potentialAction":[{"@type":"ReadAction","target":["https:\/\/ccbierzo.com\/puente-de-domingo-florez-toral-de-los-vados-y-toreno-acogen-la-cuarta-edicion-del-torneo-de-debutantes\/"]}]},{"@type":"ImageObject","inLanguage":"gl-ES","@id":"https:\/\/ccbierzo.com\/puente-de-domingo-florez-toral-de-los-vados-y-toreno-acogen-la-cuarta-edicion-del-torneo-de-debutantes\/#primaryimage","url":"https:\/\/ccbierzo.com\/wp-content\/uploads\/2024\/03\/debutantes2.jpeg","contentUrl":"https:\/\/ccbierzo.com\/wp-content\/uploads\/2024\/03\/debutantes2.jpeg","width":2048,"height":1536},{"@type":"BreadcrumbList","@id":"https:\/\/ccbierzo.com\/puente-de-domingo-florez-toral-de-los-vados-y-toreno-acogen-la-cuarta-edicion-del-torneo-de-debutantes\/#breadcrumb","itemListElement":[{"@type":"ListItem","position":1,"name":"Portada","item":"https:\/\/ccbierzo.com\/gl\/"},{"@type":"ListItem","position":2,"name":"Puente de Domingo Fl\u00f3rez, Toral de los Vados y Toreno acogen la cuarta edici\u00f3n del Torneo de Debutantes"}]},{"@type":"WebSite","@id":"https:\/\/ccbierzo.com\/gl\/#website","url":"https:\/\/ccbierzo.com\/gl\/","name":"Consejo Comarcal del Bierzo","description":"P\u00e1gina Oficial del Consejo Comarcal del Bierzo","potentialAction":[{"@type":"SearchAction","target":{"@type":"EntryPoint","urlTemplate":"https:\/\/ccbierzo.com\/gl\/?s={search_term_string}"},"query-input":{"@type":"PropertyValueSpecification","valueRequired":true,"valueName":"search_term_string"}}],"inLanguage":"gl-ES"},{"@type":"Person","@id":"https:\/\/ccbierzo.com\/gl\/#\/schema\/person\/4e9a8395b397b1d4b8695a5274072278","name":"Marta Vidal"}]}},"_links":{"self":[{"href":"https:\/\/ccbierzo.com\/gl\/wp-json\/wp\/v2\/posts\/132396","targetHints":{"allow":["GET"]}}],"collection":[{"href":"https:\/\/ccbierzo.com\/gl\/wp-json\/wp\/v2\/posts"}],"about":[{"href":"https:\/\/ccbierzo.com\/gl\/wp-json\/wp\/v2\/types\/post"}],"author":[{"embeddable":true,"href":"https:\/\/ccbierzo.com\/gl\/wp-json\/wp\/v2\/users\/3"}],"replies":[{"embeddable":true,"href":"https:\/\/ccbierzo.com\/gl\/wp-json\/wp\/v2\/comments?post=132396"}],"version-history":[{"count":0,"href":"https:\/\/ccbierzo.com\/gl\/wp-json\/wp\/v2\/posts\/132396\/revisions"}],"wp:featuredmedia":[{"embeddable":true,"href":"https:\/\/ccbierzo.com\/gl\/wp-json\/wp\/v2\/media\/132394"}],"wp:attachment":[{"href":"https:\/\/ccbierzo.com\/gl\/wp-json\/wp\/v2\/media?parent=132396"}],"wp:term":[{"taxonomy":"category","embeddable":true,"href":"https:\/\/ccbierzo.com\/gl\/wp-json\/wp\/v2\/categories?post=132396"},{"taxonomy":"post_tag","embeddable":true,"href":"https:\/\/ccbierzo.com\/gl\/wp-json\/wp\/v2\/tags?post=132396"}],"curies":[{"name":"wp","href":"https:\/\/api.w.org\/{rel}","templated":true}]}}