{"id":132239,"date":"2024-03-05T13:38:03","date_gmt":"2024-03-05T12:38:03","guid":{"rendered":"https:\/\/ccbierzo.com\/?p=132239"},"modified":"2024-03-05T13:38:05","modified_gmt":"2024-03-05T12:38:05","slug":"el-presidente-del-consejo-y-el-alcalde-de-toral-de-los-vados-se-muestran-partidarios-de-iniciar-la-comarcalizacion-de-servicios","status":"publish","type":"post","link":"https:\/\/ccbierzo.com\/gl\/el-presidente-del-consejo-y-el-alcalde-de-toral-de-los-vados-se-muestran-partidarios-de-iniciar-la-comarcalizacion-de-servicios\/","title":{"rendered":"El presidente del Consejo y el alcalde de Toral de los Vados se muestran partidarios de iniciar la comarcalizaci\u00f3n de servicios"},"content":{"rendered":"\n<p>El presidente del Consejo Comarcal, Olegario Ram\u00f3n, realiz\u00f3 este martes una <strong>visita oficial al Ayuntamiento de Toral de los Vados<\/strong>, donde fue recibido por el alcalde, Pedro Fern\u00e1ndez, la corporaci\u00f3n municipal y los ped\u00e1neos del municipio. Durante la reuni\u00f3n, se abordaron diversos temas de inter\u00e9s, entre ellos, la posible comarcalizaci\u00f3n de servicios.<\/p>\n\n\n\n<p>El alcalde expres\u00f3 su <strong>apoyo a la propuesta de que el Consejo Comarcal asuma competencias<\/strong> como el agua, el alumbrado p\u00fablico o la facturaci\u00f3n de la luz. Pedro Fern\u00e1ndez defiende que esta \u00a0medida permitir\u00eda al Consejo contar con ingresos propios, los cuales podr\u00edan ser destinados a intervenciones sociales, medioambientales o culturales que beneficiar\u00edan a toda la Comarca.<\/p>\n\n\n\n<p>Olegario Ram\u00f3n mostr\u00f3 su acuerdo con esta propuesta, consider\u00e1ndola un <strong>camino razonable que debe iniciarse durante este mandato<\/strong>. Uno de los primeros servicios que el presidente de la Comarca considera que podr\u00eda asumirse es la recogida de residuos.<\/p>\n\n\n\n<p>Otro punto destacado de la reuni\u00f3n fue el <strong>Plan de Peque\u00f1as Obras<\/strong> y la necesidad de agilizar los pagos relacionados con el mismo. Olegario Ram\u00f3n inform\u00f3 que se espera una mejora en este aspecto una vez que el servicio haya retomado la normalidad en cuanto a personal y se adjudiquen menos obras pero de mayor envergadura.<\/p>\n\n\n\n<p>La visita cont\u00f3 con la presencia de la vicepresidenta Lorena Fern\u00e1ndez, el portavoz del PP Jos\u00e9 Manuel Pereira, la portavoz del PSOE, Susana Folla, as\u00ed como las consejeras Henar Garc\u00eda, Carmen Doel y Cristina P\u00e9rez.<\/p>\n\n\n\n<div style=\"height:30px\" aria-hidden=\"true\" class=\"wp-block-spacer\"><\/div>\n\n\n\n<figure class=\"wp-block-gallery has-nested-images columns-default is-cropped wp-block-gallery-1 is-layout-flex wp-block-gallery-is-layout-flex\">\n<figure class=\"wp-block-image size-large\"><img loading=\"lazy\" decoding=\"async\" width=\"1024\" height=\"768\" data-id=\"132240\" src=\"https:\/\/ccbierzo.com\/wp-content\/uploads\/2024\/03\/toraldelosvados1-1024x768.jpg\" alt=\"\" class=\"wp-image-132240\" srcset=\"https:\/\/ccbierzo.com\/wp-content\/uploads\/2024\/03\/toraldelosvados1-980x735.jpg 980w, https:\/\/ccbierzo.com\/wp-content\/uploads\/2024\/03\/toraldelosvados1-480x360.jpg 480w\" sizes=\"(min-width: 0px) and (max-width: 480px) 480px, (min-width: 481px) and (max-width: 980px) 980px, (min-width: 981px) 1024px, 100vw\" \/><\/figure>\n\n\n\n<figure class=\"wp-block-image size-large\"><img loading=\"lazy\" decoding=\"async\" width=\"1024\" height=\"768\" data-id=\"132242\" src=\"https:\/\/ccbierzo.com\/wp-content\/uploads\/2024\/03\/toraldelosvados2-1024x768.jpg\" alt=\"\" class=\"wp-image-132242\" srcset=\"https:\/\/ccbierzo.com\/wp-content\/uploads\/2024\/03\/toraldelosvados2-980x735.jpg 980w, https:\/\/ccbierzo.com\/wp-content\/uploads\/2024\/03\/toraldelosvados2-480x360.jpg 480w\" sizes=\"(min-width: 0px) and (max-width: 480px) 480px, (min-width: 481px) and (max-width: 980px) 980px, (min-width: 981px) 1024px, 100vw\" \/><\/figure>\n\n\n\n<figure class=\"wp-block-image size-large\"><img loading=\"lazy\" decoding=\"async\" width=\"1024\" height=\"768\" data-id=\"132244\" src=\"https:\/\/ccbierzo.com\/wp-content\/uploads\/2024\/03\/toraldelosvados4-1024x768.jpg\" alt=\"\" class=\"wp-image-132244\" srcset=\"https:\/\/ccbierzo.com\/wp-content\/uploads\/2024\/03\/toraldelosvados4-980x735.jpg 980w, https:\/\/ccbierzo.com\/wp-content\/uploads\/2024\/03\/toraldelosvados4-480x360.jpg 480w\" sizes=\"(min-width: 0px) and (max-width: 480px) 480px, (min-width: 481px) and (max-width: 980px) 980px, (min-width: 981px) 1024px, 100vw\" \/><\/figure>\n\n\n\n<figure class=\"wp-block-image size-large\"><img loading=\"lazy\" decoding=\"async\" width=\"1024\" height=\"723\" data-id=\"132246\" src=\"https:\/\/ccbierzo.com\/wp-content\/uploads\/2024\/03\/toraldelosvados5-1024x723.jpg\" alt=\"\" class=\"wp-image-132246\" srcset=\"https:\/\/ccbierzo.com\/wp-content\/uploads\/2024\/03\/toraldelosvados5-980x692.jpg 980w, https:\/\/ccbierzo.com\/wp-content\/uploads\/2024\/03\/toraldelosvados5-480x339.jpg 480w\" sizes=\"(min-width: 0px) and (max-width: 480px) 480px, (min-width: 481px) and (max-width: 980px) 980px, (min-width: 981px) 1024px, 100vw\" \/><\/figure>\n\n\n\n<figure class=\"wp-block-image size-large\"><img loading=\"lazy\" decoding=\"async\" width=\"1024\" height=\"768\" data-id=\"132248\" src=\"https:\/\/ccbierzo.com\/wp-content\/uploads\/2024\/03\/toraldelosvados6-1024x768.jpg\" alt=\"\" class=\"wp-image-132248\" srcset=\"https:\/\/ccbierzo.com\/wp-content\/uploads\/2024\/03\/toraldelosvados6-980x735.jpg 980w, https:\/\/ccbierzo.com\/wp-content\/uploads\/2024\/03\/toraldelosvados6-480x360.jpg 480w\" sizes=\"(min-width: 0px) and (max-width: 480px) 480px, (min-width: 481px) and (max-width: 980px) 980px, (min-width: 981px) 1024px, 100vw\" \/><\/figure>\n\n\n\n<figure class=\"wp-block-image size-large\"><img loading=\"lazy\" decoding=\"async\" width=\"1024\" height=\"768\" data-id=\"132250\" src=\"https:\/\/ccbierzo.com\/wp-content\/uploads\/2024\/03\/toraldelosvaodos3-1024x768.jpg\" alt=\"\" class=\"wp-image-132250\" srcset=\"https:\/\/ccbierzo.com\/wp-content\/uploads\/2024\/03\/toraldelosvaodos3-980x735.jpg 980w, https:\/\/ccbierzo.com\/wp-content\/uploads\/2024\/03\/toraldelosvaodos3-480x360.jpg 480w\" sizes=\"(min-width: 0px) and (max-width: 480px) 480px, (min-width: 481px) and (max-width: 980px) 980px, (min-width: 981px) 1024px, 100vw\" \/><\/figure>\n<\/figure>\n","protected":false},"excerpt":{"rendered":"<p>Olegario Ram\u00f3n considera que es \u201cun camino razonable\u201d que debe iniciarse durante el presente mandato.<\/p>\n","protected":false},"author":3,"featured_media":132244,"comment_status":"closed","ping_status":"closed","sticky":false,"template":"","format":"standard","meta":{"_et_pb_use_builder":"","_et_pb_old_content":"","_et_gb_content_width":"","footnotes":""},"categories":[26],"tags":[233],"class_list":["post-132239","post","type-post","status-publish","format-standard","has-post-thumbnail","hentry","category-administracion","tag-toral-de-los-vados"],"yoast_head":"<!-- This site is optimized with the Yoast SEO plugin v27.3 - https:\/\/yoast.com\/product\/yoast-seo-wordpress\/ -->\n<title>El presidente del Consejo y el alcalde de Toral de los Vados se muestran partidarios de iniciar la comarcalizaci\u00f3n de servicios - Consejo Comarcal del Bierzo<\/title>\n<meta name=\"robots\" content=\"index, follow, max-snippet:-1, max-image-preview:large, max-video-preview:-1\" \/>\n<link rel=\"canonical\" href=\"https:\/\/ccbierzo.com\/el-presidente-del-consejo-y-el-alcalde-de-toral-de-los-vados-se-muestran-partidarios-de-iniciar-la-comarcalizacion-de-servicios\/\" \/>\n<meta property=\"og:locale\" content=\"gl_ES\" \/>\n<meta property=\"og:type\" content=\"article\" \/>\n<meta property=\"og:title\" content=\"El presidente del Consejo y el alcalde de Toral de los Vados se muestran partidarios de iniciar la comarcalizaci\u00f3n de servicios - Consejo Comarcal del Bierzo\" \/>\n<meta property=\"og:description\" content=\"Olegario Ram\u00f3n considera que es \u201cun camino razonable\u201d que debe iniciarse durante el presente mandato.\" \/>\n<meta property=\"og:url\" content=\"https:\/\/ccbierzo.com\/el-presidente-del-consejo-y-el-alcalde-de-toral-de-los-vados-se-muestran-partidarios-de-iniciar-la-comarcalizacion-de-servicios\/\" \/>\n<meta property=\"og:site_name\" content=\"Consejo Comarcal del Bierzo\" \/>\n<meta property=\"article:published_time\" content=\"2024-03-05T12:38:03+00:00\" \/>\n<meta property=\"article:modified_time\" content=\"2024-03-05T12:38:05+00:00\" \/>\n<meta property=\"og:image\" content=\"https:\/\/ccbierzo.com\/wp-content\/uploads\/2024\/03\/toraldelosvados4-scaled.jpg\" \/>\n\t<meta property=\"og:image:width\" content=\"2560\" \/>\n\t<meta property=\"og:image:height\" content=\"1920\" \/>\n\t<meta property=\"og:image:type\" content=\"image\/jpeg\" \/>\n<meta name=\"author\" content=\"Marta Vidal\" \/>\n<meta name=\"twitter:card\" content=\"summary_large_image\" \/>\n<meta name=\"twitter:label1\" content=\"Escrito por\" \/>\n\t<meta name=\"twitter:data1\" content=\"Marta Vidal\" \/>\n\t<meta name=\"twitter:label2\" content=\"Tempo de lectura\" \/>\n\t<meta name=\"twitter:data2\" content=\"3 minutos\" \/>\n<script type=\"application\/ld+json\" class=\"yoast-schema-graph\">{\"@context\":\"https:\\\/\\\/schema.org\",\"@graph\":[{\"@type\":\"Article\",\"@id\":\"https:\\\/\\\/ccbierzo.com\\\/el-presidente-del-consejo-y-el-alcalde-de-toral-de-los-vados-se-muestran-partidarios-de-iniciar-la-comarcalizacion-de-servicios\\\/#article\",\"isPartOf\":{\"@id\":\"https:\\\/\\\/ccbierzo.com\\\/el-presidente-del-consejo-y-el-alcalde-de-toral-de-los-vados-se-muestran-partidarios-de-iniciar-la-comarcalizacion-de-servicios\\\/\"},\"author\":{\"name\":\"Marta Vidal\",\"@id\":\"https:\\\/\\\/ccbierzo.com\\\/gl\\\/#\\\/schema\\\/person\\\/4e9a8395b397b1d4b8695a5274072278\"},\"headline\":\"El presidente del Consejo y el alcalde de Toral de los Vados se muestran partidarios de iniciar la comarcalizaci\u00f3n de servicios\",\"datePublished\":\"2024-03-05T12:38:03+00:00\",\"dateModified\":\"2024-03-05T12:38:05+00:00\",\"mainEntityOfPage\":{\"@id\":\"https:\\\/\\\/ccbierzo.com\\\/el-presidente-del-consejo-y-el-alcalde-de-toral-de-los-vados-se-muestran-partidarios-de-iniciar-la-comarcalizacion-de-servicios\\\/\"},\"wordCount\":282,\"image\":{\"@id\":\"https:\\\/\\\/ccbierzo.com\\\/el-presidente-del-consejo-y-el-alcalde-de-toral-de-los-vados-se-muestran-partidarios-de-iniciar-la-comarcalizacion-de-servicios\\\/#primaryimage\"},\"thumbnailUrl\":\"https:\\\/\\\/ccbierzo.com\\\/wp-content\\\/uploads\\\/2024\\\/03\\\/toraldelosvados4-scaled.jpg\",\"keywords\":[\"Toral de los Vados\"],\"articleSection\":[\"Administraci\u00f3n\"],\"inLanguage\":\"gl-ES\"},{\"@type\":\"WebPage\",\"@id\":\"https:\\\/\\\/ccbierzo.com\\\/el-presidente-del-consejo-y-el-alcalde-de-toral-de-los-vados-se-muestran-partidarios-de-iniciar-la-comarcalizacion-de-servicios\\\/\",\"url\":\"https:\\\/\\\/ccbierzo.com\\\/el-presidente-del-consejo-y-el-alcalde-de-toral-de-los-vados-se-muestran-partidarios-de-iniciar-la-comarcalizacion-de-servicios\\\/\",\"name\":\"El presidente del Consejo y el alcalde de Toral de los Vados se muestran partidarios de iniciar la comarcalizaci\u00f3n de servicios - Consejo Comarcal del Bierzo\",\"isPartOf\":{\"@id\":\"https:\\\/\\\/ccbierzo.com\\\/gl\\\/#website\"},\"primaryImageOfPage\":{\"@id\":\"https:\\\/\\\/ccbierzo.com\\\/el-presidente-del-consejo-y-el-alcalde-de-toral-de-los-vados-se-muestran-partidarios-de-iniciar-la-comarcalizacion-de-servicios\\\/#primaryimage\"},\"image\":{\"@id\":\"https:\\\/\\\/ccbierzo.com\\\/el-presidente-del-consejo-y-el-alcalde-de-toral-de-los-vados-se-muestran-partidarios-de-iniciar-la-comarcalizacion-de-servicios\\\/#primaryimage\"},\"thumbnailUrl\":\"https:\\\/\\\/ccbierzo.com\\\/wp-content\\\/uploads\\\/2024\\\/03\\\/toraldelosvados4-scaled.jpg\",\"datePublished\":\"2024-03-05T12:38:03+00:00\",\"dateModified\":\"2024-03-05T12:38:05+00:00\",\"author\":{\"@id\":\"https:\\\/\\\/ccbierzo.com\\\/gl\\\/#\\\/schema\\\/person\\\/4e9a8395b397b1d4b8695a5274072278\"},\"breadcrumb\":{\"@id\":\"https:\\\/\\\/ccbierzo.com\\\/el-presidente-del-consejo-y-el-alcalde-de-toral-de-los-vados-se-muestran-partidarios-de-iniciar-la-comarcalizacion-de-servicios\\\/#breadcrumb\"},\"inLanguage\":\"gl-ES\",\"potentialAction\":[{\"@type\":\"ReadAction\",\"target\":[\"https:\\\/\\\/ccbierzo.com\\\/el-presidente-del-consejo-y-el-alcalde-de-toral-de-los-vados-se-muestran-partidarios-de-iniciar-la-comarcalizacion-de-servicios\\\/\"]}]},{\"@type\":\"ImageObject\",\"inLanguage\":\"gl-ES\",\"@id\":\"https:\\\/\\\/ccbierzo.com\\\/el-presidente-del-consejo-y-el-alcalde-de-toral-de-los-vados-se-muestran-partidarios-de-iniciar-la-comarcalizacion-de-servicios\\\/#primaryimage\",\"url\":\"https:\\\/\\\/ccbierzo.com\\\/wp-content\\\/uploads\\\/2024\\\/03\\\/toraldelosvados4-scaled.jpg\",\"contentUrl\":\"https:\\\/\\\/ccbierzo.com\\\/wp-content\\\/uploads\\\/2024\\\/03\\\/toraldelosvados4-scaled.jpg\",\"width\":2560,\"height\":1920},{\"@type\":\"BreadcrumbList\",\"@id\":\"https:\\\/\\\/ccbierzo.com\\\/el-presidente-del-consejo-y-el-alcalde-de-toral-de-los-vados-se-muestran-partidarios-de-iniciar-la-comarcalizacion-de-servicios\\\/#breadcrumb\",\"itemListElement\":[{\"@type\":\"ListItem\",\"position\":1,\"name\":\"Portada\",\"item\":\"https:\\\/\\\/ccbierzo.com\\\/gl\\\/\"},{\"@type\":\"ListItem\",\"position\":2,\"name\":\"El presidente del Consejo y el alcalde de Toral de los Vados se muestran partidarios de iniciar la comarcalizaci\u00f3n de servicios\"}]},{\"@type\":\"WebSite\",\"@id\":\"https:\\\/\\\/ccbierzo.com\\\/gl\\\/#website\",\"url\":\"https:\\\/\\\/ccbierzo.com\\\/gl\\\/\",\"name\":\"Consejo Comarcal del Bierzo\",\"description\":\"P\u00e1gina Oficial del Consejo Comarcal del Bierzo\",\"potentialAction\":[{\"@type\":\"SearchAction\",\"target\":{\"@type\":\"EntryPoint\",\"urlTemplate\":\"https:\\\/\\\/ccbierzo.com\\\/gl\\\/?s={search_term_string}\"},\"query-input\":{\"@type\":\"PropertyValueSpecification\",\"valueRequired\":true,\"valueName\":\"search_term_string\"}}],\"inLanguage\":\"gl-ES\"},{\"@type\":\"Person\",\"@id\":\"https:\\\/\\\/ccbierzo.com\\\/gl\\\/#\\\/schema\\\/person\\\/4e9a8395b397b1d4b8695a5274072278\",\"name\":\"Marta Vidal\"}]}<\/script>\n<!-- \/ Yoast SEO plugin. -->","yoast_head_json":{"title":"El presidente del Consejo y el alcalde de Toral de los Vados se muestran partidarios de iniciar la comarcalizaci\u00f3n de servicios - Consejo Comarcal del Bierzo","robots":{"index":"index","follow":"follow","max-snippet":"max-snippet:-1","max-image-preview":"max-image-preview:large","max-video-preview":"max-video-preview:-1"},"canonical":"https:\/\/ccbierzo.com\/el-presidente-del-consejo-y-el-alcalde-de-toral-de-los-vados-se-muestran-partidarios-de-iniciar-la-comarcalizacion-de-servicios\/","og_locale":"gl_ES","og_type":"article","og_title":"El presidente del Consejo y el alcalde de Toral de los Vados se muestran partidarios de iniciar la comarcalizaci\u00f3n de servicios - Consejo Comarcal del Bierzo","og_description":"Olegario Ram\u00f3n considera que es \u201cun camino razonable\u201d que debe iniciarse durante el presente mandato.","og_url":"https:\/\/ccbierzo.com\/el-presidente-del-consejo-y-el-alcalde-de-toral-de-los-vados-se-muestran-partidarios-de-iniciar-la-comarcalizacion-de-servicios\/","og_site_name":"Consejo Comarcal del Bierzo","article_published_time":"2024-03-05T12:38:03+00:00","article_modified_time":"2024-03-05T12:38:05+00:00","og_image":[{"width":2560,"height":1920,"url":"https:\/\/ccbierzo.com\/wp-content\/uploads\/2024\/03\/toraldelosvados4-scaled.jpg","type":"image\/jpeg"}],"author":"Marta Vidal","twitter_card":"summary_large_image","twitter_misc":{"Escrito por":"Marta Vidal","Tempo de lectura":"3 minutos"},"schema":{"@context":"https:\/\/schema.org","@graph":[{"@type":"Article","@id":"https:\/\/ccbierzo.com\/el-presidente-del-consejo-y-el-alcalde-de-toral-de-los-vados-se-muestran-partidarios-de-iniciar-la-comarcalizacion-de-servicios\/#article","isPartOf":{"@id":"https:\/\/ccbierzo.com\/el-presidente-del-consejo-y-el-alcalde-de-toral-de-los-vados-se-muestran-partidarios-de-iniciar-la-comarcalizacion-de-servicios\/"},"author":{"name":"Marta Vidal","@id":"https:\/\/ccbierzo.com\/gl\/#\/schema\/person\/4e9a8395b397b1d4b8695a5274072278"},"headline":"El presidente del Consejo y el alcalde de Toral de los Vados se muestran partidarios de iniciar la comarcalizaci\u00f3n de servicios","datePublished":"2024-03-05T12:38:03+00:00","dateModified":"2024-03-05T12:38:05+00:00","mainEntityOfPage":{"@id":"https:\/\/ccbierzo.com\/el-presidente-del-consejo-y-el-alcalde-de-toral-de-los-vados-se-muestran-partidarios-de-iniciar-la-comarcalizacion-de-servicios\/"},"wordCount":282,"image":{"@id":"https:\/\/ccbierzo.com\/el-presidente-del-consejo-y-el-alcalde-de-toral-de-los-vados-se-muestran-partidarios-de-iniciar-la-comarcalizacion-de-servicios\/#primaryimage"},"thumbnailUrl":"https:\/\/ccbierzo.com\/wp-content\/uploads\/2024\/03\/toraldelosvados4-scaled.jpg","keywords":["Toral de los Vados"],"articleSection":["Administraci\u00f3n"],"inLanguage":"gl-ES"},{"@type":"WebPage","@id":"https:\/\/ccbierzo.com\/el-presidente-del-consejo-y-el-alcalde-de-toral-de-los-vados-se-muestran-partidarios-de-iniciar-la-comarcalizacion-de-servicios\/","url":"https:\/\/ccbierzo.com\/el-presidente-del-consejo-y-el-alcalde-de-toral-de-los-vados-se-muestran-partidarios-de-iniciar-la-comarcalizacion-de-servicios\/","name":"El presidente del Consejo y el alcalde de Toral de los Vados se muestran partidarios de iniciar la comarcalizaci\u00f3n de servicios - Consejo Comarcal del Bierzo","isPartOf":{"@id":"https:\/\/ccbierzo.com\/gl\/#website"},"primaryImageOfPage":{"@id":"https:\/\/ccbierzo.com\/el-presidente-del-consejo-y-el-alcalde-de-toral-de-los-vados-se-muestran-partidarios-de-iniciar-la-comarcalizacion-de-servicios\/#primaryimage"},"image":{"@id":"https:\/\/ccbierzo.com\/el-presidente-del-consejo-y-el-alcalde-de-toral-de-los-vados-se-muestran-partidarios-de-iniciar-la-comarcalizacion-de-servicios\/#primaryimage"},"thumbnailUrl":"https:\/\/ccbierzo.com\/wp-content\/uploads\/2024\/03\/toraldelosvados4-scaled.jpg","datePublished":"2024-03-05T12:38:03+00:00","dateModified":"2024-03-05T12:38:05+00:00","author":{"@id":"https:\/\/ccbierzo.com\/gl\/#\/schema\/person\/4e9a8395b397b1d4b8695a5274072278"},"breadcrumb":{"@id":"https:\/\/ccbierzo.com\/el-presidente-del-consejo-y-el-alcalde-de-toral-de-los-vados-se-muestran-partidarios-de-iniciar-la-comarcalizacion-de-servicios\/#breadcrumb"},"inLanguage":"gl-ES","potentialAction":[{"@type":"ReadAction","target":["https:\/\/ccbierzo.com\/el-presidente-del-consejo-y-el-alcalde-de-toral-de-los-vados-se-muestran-partidarios-de-iniciar-la-comarcalizacion-de-servicios\/"]}]},{"@type":"ImageObject","inLanguage":"gl-ES","@id":"https:\/\/ccbierzo.com\/el-presidente-del-consejo-y-el-alcalde-de-toral-de-los-vados-se-muestran-partidarios-de-iniciar-la-comarcalizacion-de-servicios\/#primaryimage","url":"https:\/\/ccbierzo.com\/wp-content\/uploads\/2024\/03\/toraldelosvados4-scaled.jpg","contentUrl":"https:\/\/ccbierzo.com\/wp-content\/uploads\/2024\/03\/toraldelosvados4-scaled.jpg","width":2560,"height":1920},{"@type":"BreadcrumbList","@id":"https:\/\/ccbierzo.com\/el-presidente-del-consejo-y-el-alcalde-de-toral-de-los-vados-se-muestran-partidarios-de-iniciar-la-comarcalizacion-de-servicios\/#breadcrumb","itemListElement":[{"@type":"ListItem","position":1,"name":"Portada","item":"https:\/\/ccbierzo.com\/gl\/"},{"@type":"ListItem","position":2,"name":"El presidente del Consejo y el alcalde de Toral de los Vados se muestran partidarios de iniciar la comarcalizaci\u00f3n de servicios"}]},{"@type":"WebSite","@id":"https:\/\/ccbierzo.com\/gl\/#website","url":"https:\/\/ccbierzo.com\/gl\/","name":"Consejo Comarcal del Bierzo","description":"P\u00e1gina Oficial del Consejo Comarcal del Bierzo","potentialAction":[{"@type":"SearchAction","target":{"@type":"EntryPoint","urlTemplate":"https:\/\/ccbierzo.com\/gl\/?s={search_term_string}"},"query-input":{"@type":"PropertyValueSpecification","valueRequired":true,"valueName":"search_term_string"}}],"inLanguage":"gl-ES"},{"@type":"Person","@id":"https:\/\/ccbierzo.com\/gl\/#\/schema\/person\/4e9a8395b397b1d4b8695a5274072278","name":"Marta Vidal"}]}},"_links":{"self":[{"href":"https:\/\/ccbierzo.com\/gl\/wp-json\/wp\/v2\/posts\/132239","targetHints":{"allow":["GET"]}}],"collection":[{"href":"https:\/\/ccbierzo.com\/gl\/wp-json\/wp\/v2\/posts"}],"about":[{"href":"https:\/\/ccbierzo.com\/gl\/wp-json\/wp\/v2\/types\/post"}],"author":[{"embeddable":true,"href":"https:\/\/ccbierzo.com\/gl\/wp-json\/wp\/v2\/users\/3"}],"replies":[{"embeddable":true,"href":"https:\/\/ccbierzo.com\/gl\/wp-json\/wp\/v2\/comments?post=132239"}],"version-history":[{"count":0,"href":"https:\/\/ccbierzo.com\/gl\/wp-json\/wp\/v2\/posts\/132239\/revisions"}],"wp:featuredmedia":[{"embeddable":true,"href":"https:\/\/ccbierzo.com\/gl\/wp-json\/wp\/v2\/media\/132244"}],"wp:attachment":[{"href":"https:\/\/ccbierzo.com\/gl\/wp-json\/wp\/v2\/media?parent=132239"}],"wp:term":[{"taxonomy":"category","embeddable":true,"href":"https:\/\/ccbierzo.com\/gl\/wp-json\/wp\/v2\/categories?post=132239"},{"taxonomy":"post_tag","embeddable":true,"href":"https:\/\/ccbierzo.com\/gl\/wp-json\/wp\/v2\/tags?post=132239"}],"curies":[{"name":"wp","href":"https:\/\/api.w.org\/{rel}","templated":true}]}}