{"id":132136,"date":"2024-02-16T11:43:02","date_gmt":"2024-02-16T10:43:02","guid":{"rendered":"https:\/\/ccbierzo.com\/?p=132136"},"modified":"2024-02-16T11:43:05","modified_gmt":"2024-02-16T10:43:05","slug":"el-presidente-visita-este-domingo-el-consell-comarcal-del-valles-occidental","status":"publish","type":"post","link":"https:\/\/ccbierzo.com\/gl\/el-presidente-visita-este-domingo-el-consell-comarcal-del-valles-occidental\/","title":{"rendered":"El presidente visita este domingo el Consell Comarcal del Vall\u00e8s Occidental \u00a0"},"content":{"rendered":"\n<p>El presidente del Consejo Comarcal del Bierzo, Olegario Ram\u00f3n, viaja este fin de semana a Barcelona, para asistir a varios compromisos. El primero ser\u00e1 el<strong> XX Festival del Botillo, organizado por ASOBECAT<\/strong>, donde se rendir\u00e1 homenaje al municipio de Corull\u00f3n, se nombrar\u00e1 berciano ilustre a Javier \u00c1lvarez y se entregar\u00e1 el Premio Literario Berciano 2024 a Juan Pablo G\u00e1ndara. El acto tendr\u00e1 lugar el domingo al mediod\u00eda en la localidad de Sant Boi de Llobregat.<\/p>\n\n\n\n<p>Posteriormente, el presidente berciano se trasladar\u00e1 a Terrassa para visitar el <strong><a href=\"https:\/\/www.consellvallesoccidental.cat\/\">Consell Comarcal del Vall\u00e8s Occidental<\/a><\/strong>. All\u00ed ser\u00e1 recibido por su hom\u00f3logo, Ignasi Gim\u00e9nez Renom, y por la \u00a0gerente de la entidad, N\u00faria Carr\u00e9s Bordes. El prop\u00f3sito de esta visita es conocer el funcionamiento y competencias del Consell Comarcal, as\u00ed como fortalecer la colaboraci\u00f3n entre ambas instituciones.<\/p>\n\n\n\n<p>El Consell Comarcal del Vall\u00e8s Occidental, creado en 1988 bajo la Ley 6\/1987 sobre la Organizaci\u00f3n comarcal de Catalu\u00f1a, <strong>aglutina a los 23 municipios<\/strong> de la comarca. El Consell tiene su sede en la antigua Mancomunidad de Sabadell y Terrassa y gestiona competencias en turismo, gesti\u00f3n de residuos o promoci\u00f3n econ\u00f3mica, que han sido cedidas por las administraciones superiores y por los propios municipios.<\/p>\n\n\n\n<p>En Catalu\u00f1a, los consejos comarcales o consells comarcals en catal\u00e1n, fueron creados por el gobierno de la Generalidad presidido por Jordi Pujol mediante la aprobaci\u00f3n de la Ley 6\/1987 en el Parlamento de Catalu\u00f1a. Actualmente existen <strong>41 consejos comarcales en Catalu\u00f1a.<\/strong> Tambi\u00e9n Arag\u00f3n tiene una distribuci\u00f3n comarcal del territorio; mientras que, en Castilla y Le\u00f3n, El Bierzo es la \u00fanica comarca reconocida legalmente.<\/p>\n\n\n\n<div style=\"height:30px\" aria-hidden=\"true\" class=\"wp-block-spacer\"><\/div>\n\n\n\n<figure class=\"wp-block-gallery has-nested-images columns-default is-cropped wp-block-gallery-1 is-layout-flex wp-block-gallery-is-layout-flex\">\n<figure class=\"wp-block-image size-large\"><img loading=\"lazy\" decoding=\"async\" width=\"1024\" height=\"560\" data-id=\"132137\" src=\"https:\/\/ccbierzo.com\/wp-content\/uploads\/2024\/02\/foto-facana-porta-consell-comarcal-1024x560-1.jpeg\" alt=\"\" class=\"wp-image-132137\" srcset=\"https:\/\/ccbierzo.com\/wp-content\/uploads\/2024\/02\/foto-facana-porta-consell-comarcal-1024x560-1.jpeg 1024w, https:\/\/ccbierzo.com\/wp-content\/uploads\/2024\/02\/foto-facana-porta-consell-comarcal-1024x560-1-980x536.jpeg 980w, https:\/\/ccbierzo.com\/wp-content\/uploads\/2024\/02\/foto-facana-porta-consell-comarcal-1024x560-1-480x263.jpeg 480w\" sizes=\"(min-width: 0px) and (max-width: 480px) 480px, (min-width: 481px) and (max-width: 980px) 980px, (min-width: 981px) 1024px, 100vw\" \/><figcaption class=\"wp-element-caption\">Sede del Consell Comarcal del Vall\u00e8s Occidental.<\/figcaption><\/figure>\n\n\n\n<figure class=\"wp-block-image size-large\"><img loading=\"lazy\" decoding=\"async\" width=\"952\" height=\"595\" data-id=\"132139\" src=\"https:\/\/ccbierzo.com\/wp-content\/uploads\/2024\/02\/Ignasi-Gimenez-Renom-1.jpeg\" alt=\"\" class=\"wp-image-132139\" srcset=\"https:\/\/ccbierzo.com\/wp-content\/uploads\/2024\/02\/Ignasi-Gimenez-Renom-1.jpeg 952w, https:\/\/ccbierzo.com\/wp-content\/uploads\/2024\/02\/Ignasi-Gimenez-Renom-1-480x300.jpeg 480w\" sizes=\"(min-width: 0px) and (max-width: 480px) 480px, (min-width: 481px) 952px, 100vw\" \/><figcaption class=\"wp-element-caption\">Ignasi Gim\u00e9nez Renom. Presidente del Consell Comarcal del Vall\u00e8s Occidental. <\/figcaption><\/figure>\n<\/figure>\n","protected":false},"excerpt":{"rendered":"<p>Previamente, Olegario Ram\u00f3n asistir\u00e1 al XX Festival del Botillo de ASOBECAT (Asociaci\u00f3n de Bercianos en Catalu\u00f1a). <\/p>\n","protected":false},"author":3,"featured_media":132137,"comment_status":"closed","ping_status":"closed","sticky":false,"template":"","format":"standard","meta":{"_et_pb_use_builder":"","_et_pb_old_content":"","_et_gb_content_width":"","footnotes":""},"categories":[26],"tags":[590],"class_list":["post-132136","post","type-post","status-publish","format-standard","has-post-thumbnail","hentry","category-administracion","tag-barcelona"],"yoast_head":"<!-- This site is optimized with the Yoast SEO plugin v27.3 - https:\/\/yoast.com\/product\/yoast-seo-wordpress\/ -->\n<title>El presidente visita este domingo el Consell Comarcal del Vall\u00e8s Occidental \u00a0 - Consejo Comarcal del Bierzo<\/title>\n<meta name=\"robots\" content=\"index, follow, max-snippet:-1, max-image-preview:large, max-video-preview:-1\" \/>\n<link rel=\"canonical\" href=\"https:\/\/ccbierzo.com\/el-presidente-visita-este-domingo-el-consell-comarcal-del-valles-occidental\/\" \/>\n<meta property=\"og:locale\" content=\"gl_ES\" \/>\n<meta property=\"og:type\" content=\"article\" \/>\n<meta property=\"og:title\" content=\"El presidente visita este domingo el Consell Comarcal del Vall\u00e8s Occidental \u00a0 - Consejo Comarcal del Bierzo\" \/>\n<meta property=\"og:description\" content=\"Previamente, Olegario Ram\u00f3n asistir\u00e1 al XX Festival del Botillo de ASOBECAT (Asociaci\u00f3n de Bercianos en Catalu\u00f1a).\" \/>\n<meta property=\"og:url\" content=\"https:\/\/ccbierzo.com\/el-presidente-visita-este-domingo-el-consell-comarcal-del-valles-occidental\/\" \/>\n<meta property=\"og:site_name\" content=\"Consejo Comarcal del Bierzo\" \/>\n<meta property=\"article:published_time\" content=\"2024-02-16T10:43:02+00:00\" \/>\n<meta property=\"article:modified_time\" content=\"2024-02-16T10:43:05+00:00\" \/>\n<meta property=\"og:image\" content=\"https:\/\/ccbierzo.com\/wp-content\/uploads\/2024\/02\/foto-facana-porta-consell-comarcal-1024x560-1.jpeg\" \/>\n\t<meta property=\"og:image:width\" content=\"1024\" \/>\n\t<meta property=\"og:image:height\" content=\"560\" \/>\n\t<meta property=\"og:image:type\" content=\"image\/jpeg\" \/>\n<meta name=\"author\" content=\"Marta Vidal\" \/>\n<meta name=\"twitter:card\" content=\"summary_large_image\" \/>\n<meta name=\"twitter:label1\" content=\"Escrito por\" \/>\n\t<meta name=\"twitter:data1\" content=\"Marta Vidal\" \/>\n\t<meta name=\"twitter:label2\" content=\"Tempo de lectura\" \/>\n\t<meta name=\"twitter:data2\" content=\"2 minutos\" \/>\n<script type=\"application\/ld+json\" class=\"yoast-schema-graph\">{\"@context\":\"https:\\\/\\\/schema.org\",\"@graph\":[{\"@type\":\"Article\",\"@id\":\"https:\\\/\\\/ccbierzo.com\\\/el-presidente-visita-este-domingo-el-consell-comarcal-del-valles-occidental\\\/#article\",\"isPartOf\":{\"@id\":\"https:\\\/\\\/ccbierzo.com\\\/el-presidente-visita-este-domingo-el-consell-comarcal-del-valles-occidental\\\/\"},\"author\":{\"name\":\"Marta Vidal\",\"@id\":\"https:\\\/\\\/ccbierzo.com\\\/gl\\\/#\\\/schema\\\/person\\\/4e9a8395b397b1d4b8695a5274072278\"},\"headline\":\"El presidente visita este domingo el Consell Comarcal del Vall\u00e8s Occidental \u00a0\",\"datePublished\":\"2024-02-16T10:43:02+00:00\",\"dateModified\":\"2024-02-16T10:43:05+00:00\",\"mainEntityOfPage\":{\"@id\":\"https:\\\/\\\/ccbierzo.com\\\/el-presidente-visita-este-domingo-el-consell-comarcal-del-valles-occidental\\\/\"},\"wordCount\":311,\"image\":{\"@id\":\"https:\\\/\\\/ccbierzo.com\\\/el-presidente-visita-este-domingo-el-consell-comarcal-del-valles-occidental\\\/#primaryimage\"},\"thumbnailUrl\":\"https:\\\/\\\/ccbierzo.com\\\/wp-content\\\/uploads\\\/2024\\\/02\\\/foto-facana-porta-consell-comarcal-1024x560-1.jpeg\",\"keywords\":[\"Barcelona\"],\"articleSection\":[\"Administraci\u00f3n\"],\"inLanguage\":\"gl-ES\"},{\"@type\":\"WebPage\",\"@id\":\"https:\\\/\\\/ccbierzo.com\\\/el-presidente-visita-este-domingo-el-consell-comarcal-del-valles-occidental\\\/\",\"url\":\"https:\\\/\\\/ccbierzo.com\\\/el-presidente-visita-este-domingo-el-consell-comarcal-del-valles-occidental\\\/\",\"name\":\"El presidente visita este domingo el Consell Comarcal del Vall\u00e8s Occidental \u00a0 - Consejo Comarcal del Bierzo\",\"isPartOf\":{\"@id\":\"https:\\\/\\\/ccbierzo.com\\\/gl\\\/#website\"},\"primaryImageOfPage\":{\"@id\":\"https:\\\/\\\/ccbierzo.com\\\/el-presidente-visita-este-domingo-el-consell-comarcal-del-valles-occidental\\\/#primaryimage\"},\"image\":{\"@id\":\"https:\\\/\\\/ccbierzo.com\\\/el-presidente-visita-este-domingo-el-consell-comarcal-del-valles-occidental\\\/#primaryimage\"},\"thumbnailUrl\":\"https:\\\/\\\/ccbierzo.com\\\/wp-content\\\/uploads\\\/2024\\\/02\\\/foto-facana-porta-consell-comarcal-1024x560-1.jpeg\",\"datePublished\":\"2024-02-16T10:43:02+00:00\",\"dateModified\":\"2024-02-16T10:43:05+00:00\",\"author\":{\"@id\":\"https:\\\/\\\/ccbierzo.com\\\/gl\\\/#\\\/schema\\\/person\\\/4e9a8395b397b1d4b8695a5274072278\"},\"breadcrumb\":{\"@id\":\"https:\\\/\\\/ccbierzo.com\\\/el-presidente-visita-este-domingo-el-consell-comarcal-del-valles-occidental\\\/#breadcrumb\"},\"inLanguage\":\"gl-ES\",\"potentialAction\":[{\"@type\":\"ReadAction\",\"target\":[\"https:\\\/\\\/ccbierzo.com\\\/el-presidente-visita-este-domingo-el-consell-comarcal-del-valles-occidental\\\/\"]}]},{\"@type\":\"ImageObject\",\"inLanguage\":\"gl-ES\",\"@id\":\"https:\\\/\\\/ccbierzo.com\\\/el-presidente-visita-este-domingo-el-consell-comarcal-del-valles-occidental\\\/#primaryimage\",\"url\":\"https:\\\/\\\/ccbierzo.com\\\/wp-content\\\/uploads\\\/2024\\\/02\\\/foto-facana-porta-consell-comarcal-1024x560-1.jpeg\",\"contentUrl\":\"https:\\\/\\\/ccbierzo.com\\\/wp-content\\\/uploads\\\/2024\\\/02\\\/foto-facana-porta-consell-comarcal-1024x560-1.jpeg\",\"width\":1024,\"height\":560,\"caption\":\"Sede del Consell Comarcal del Vall\u00e8s Occidental.\"},{\"@type\":\"BreadcrumbList\",\"@id\":\"https:\\\/\\\/ccbierzo.com\\\/el-presidente-visita-este-domingo-el-consell-comarcal-del-valles-occidental\\\/#breadcrumb\",\"itemListElement\":[{\"@type\":\"ListItem\",\"position\":1,\"name\":\"Portada\",\"item\":\"https:\\\/\\\/ccbierzo.com\\\/gl\\\/\"},{\"@type\":\"ListItem\",\"position\":2,\"name\":\"El presidente visita este domingo el Consell Comarcal del Vall\u00e8s Occidental \u00a0\"}]},{\"@type\":\"WebSite\",\"@id\":\"https:\\\/\\\/ccbierzo.com\\\/gl\\\/#website\",\"url\":\"https:\\\/\\\/ccbierzo.com\\\/gl\\\/\",\"name\":\"Consejo Comarcal del Bierzo\",\"description\":\"P\u00e1gina Oficial del Consejo Comarcal del Bierzo\",\"potentialAction\":[{\"@type\":\"SearchAction\",\"target\":{\"@type\":\"EntryPoint\",\"urlTemplate\":\"https:\\\/\\\/ccbierzo.com\\\/gl\\\/?s={search_term_string}\"},\"query-input\":{\"@type\":\"PropertyValueSpecification\",\"valueRequired\":true,\"valueName\":\"search_term_string\"}}],\"inLanguage\":\"gl-ES\"},{\"@type\":\"Person\",\"@id\":\"https:\\\/\\\/ccbierzo.com\\\/gl\\\/#\\\/schema\\\/person\\\/4e9a8395b397b1d4b8695a5274072278\",\"name\":\"Marta Vidal\"}]}<\/script>\n<!-- \/ Yoast SEO plugin. -->","yoast_head_json":{"title":"El presidente visita este domingo el Consell Comarcal del Vall\u00e8s Occidental \u00a0 - Consejo Comarcal del Bierzo","robots":{"index":"index","follow":"follow","max-snippet":"max-snippet:-1","max-image-preview":"max-image-preview:large","max-video-preview":"max-video-preview:-1"},"canonical":"https:\/\/ccbierzo.com\/el-presidente-visita-este-domingo-el-consell-comarcal-del-valles-occidental\/","og_locale":"gl_ES","og_type":"article","og_title":"El presidente visita este domingo el Consell Comarcal del Vall\u00e8s Occidental \u00a0 - Consejo Comarcal del Bierzo","og_description":"Previamente, Olegario Ram\u00f3n asistir\u00e1 al XX Festival del Botillo de ASOBECAT (Asociaci\u00f3n de Bercianos en Catalu\u00f1a).","og_url":"https:\/\/ccbierzo.com\/el-presidente-visita-este-domingo-el-consell-comarcal-del-valles-occidental\/","og_site_name":"Consejo Comarcal del Bierzo","article_published_time":"2024-02-16T10:43:02+00:00","article_modified_time":"2024-02-16T10:43:05+00:00","og_image":[{"width":1024,"height":560,"url":"https:\/\/ccbierzo.com\/wp-content\/uploads\/2024\/02\/foto-facana-porta-consell-comarcal-1024x560-1.jpeg","type":"image\/jpeg"}],"author":"Marta Vidal","twitter_card":"summary_large_image","twitter_misc":{"Escrito por":"Marta Vidal","Tempo de lectura":"2 minutos"},"schema":{"@context":"https:\/\/schema.org","@graph":[{"@type":"Article","@id":"https:\/\/ccbierzo.com\/el-presidente-visita-este-domingo-el-consell-comarcal-del-valles-occidental\/#article","isPartOf":{"@id":"https:\/\/ccbierzo.com\/el-presidente-visita-este-domingo-el-consell-comarcal-del-valles-occidental\/"},"author":{"name":"Marta Vidal","@id":"https:\/\/ccbierzo.com\/gl\/#\/schema\/person\/4e9a8395b397b1d4b8695a5274072278"},"headline":"El presidente visita este domingo el Consell Comarcal del Vall\u00e8s Occidental \u00a0","datePublished":"2024-02-16T10:43:02+00:00","dateModified":"2024-02-16T10:43:05+00:00","mainEntityOfPage":{"@id":"https:\/\/ccbierzo.com\/el-presidente-visita-este-domingo-el-consell-comarcal-del-valles-occidental\/"},"wordCount":311,"image":{"@id":"https:\/\/ccbierzo.com\/el-presidente-visita-este-domingo-el-consell-comarcal-del-valles-occidental\/#primaryimage"},"thumbnailUrl":"https:\/\/ccbierzo.com\/wp-content\/uploads\/2024\/02\/foto-facana-porta-consell-comarcal-1024x560-1.jpeg","keywords":["Barcelona"],"articleSection":["Administraci\u00f3n"],"inLanguage":"gl-ES"},{"@type":"WebPage","@id":"https:\/\/ccbierzo.com\/el-presidente-visita-este-domingo-el-consell-comarcal-del-valles-occidental\/","url":"https:\/\/ccbierzo.com\/el-presidente-visita-este-domingo-el-consell-comarcal-del-valles-occidental\/","name":"El presidente visita este domingo el Consell Comarcal del Vall\u00e8s Occidental \u00a0 - Consejo Comarcal del Bierzo","isPartOf":{"@id":"https:\/\/ccbierzo.com\/gl\/#website"},"primaryImageOfPage":{"@id":"https:\/\/ccbierzo.com\/el-presidente-visita-este-domingo-el-consell-comarcal-del-valles-occidental\/#primaryimage"},"image":{"@id":"https:\/\/ccbierzo.com\/el-presidente-visita-este-domingo-el-consell-comarcal-del-valles-occidental\/#primaryimage"},"thumbnailUrl":"https:\/\/ccbierzo.com\/wp-content\/uploads\/2024\/02\/foto-facana-porta-consell-comarcal-1024x560-1.jpeg","datePublished":"2024-02-16T10:43:02+00:00","dateModified":"2024-02-16T10:43:05+00:00","author":{"@id":"https:\/\/ccbierzo.com\/gl\/#\/schema\/person\/4e9a8395b397b1d4b8695a5274072278"},"breadcrumb":{"@id":"https:\/\/ccbierzo.com\/el-presidente-visita-este-domingo-el-consell-comarcal-del-valles-occidental\/#breadcrumb"},"inLanguage":"gl-ES","potentialAction":[{"@type":"ReadAction","target":["https:\/\/ccbierzo.com\/el-presidente-visita-este-domingo-el-consell-comarcal-del-valles-occidental\/"]}]},{"@type":"ImageObject","inLanguage":"gl-ES","@id":"https:\/\/ccbierzo.com\/el-presidente-visita-este-domingo-el-consell-comarcal-del-valles-occidental\/#primaryimage","url":"https:\/\/ccbierzo.com\/wp-content\/uploads\/2024\/02\/foto-facana-porta-consell-comarcal-1024x560-1.jpeg","contentUrl":"https:\/\/ccbierzo.com\/wp-content\/uploads\/2024\/02\/foto-facana-porta-consell-comarcal-1024x560-1.jpeg","width":1024,"height":560,"caption":"Sede del Consell Comarcal del Vall\u00e8s Occidental."},{"@type":"BreadcrumbList","@id":"https:\/\/ccbierzo.com\/el-presidente-visita-este-domingo-el-consell-comarcal-del-valles-occidental\/#breadcrumb","itemListElement":[{"@type":"ListItem","position":1,"name":"Portada","item":"https:\/\/ccbierzo.com\/gl\/"},{"@type":"ListItem","position":2,"name":"El presidente visita este domingo el Consell Comarcal del Vall\u00e8s Occidental \u00a0"}]},{"@type":"WebSite","@id":"https:\/\/ccbierzo.com\/gl\/#website","url":"https:\/\/ccbierzo.com\/gl\/","name":"Consejo Comarcal del Bierzo","description":"P\u00e1gina Oficial del Consejo Comarcal del Bierzo","potentialAction":[{"@type":"SearchAction","target":{"@type":"EntryPoint","urlTemplate":"https:\/\/ccbierzo.com\/gl\/?s={search_term_string}"},"query-input":{"@type":"PropertyValueSpecification","valueRequired":true,"valueName":"search_term_string"}}],"inLanguage":"gl-ES"},{"@type":"Person","@id":"https:\/\/ccbierzo.com\/gl\/#\/schema\/person\/4e9a8395b397b1d4b8695a5274072278","name":"Marta Vidal"}]}},"_links":{"self":[{"href":"https:\/\/ccbierzo.com\/gl\/wp-json\/wp\/v2\/posts\/132136","targetHints":{"allow":["GET"]}}],"collection":[{"href":"https:\/\/ccbierzo.com\/gl\/wp-json\/wp\/v2\/posts"}],"about":[{"href":"https:\/\/ccbierzo.com\/gl\/wp-json\/wp\/v2\/types\/post"}],"author":[{"embeddable":true,"href":"https:\/\/ccbierzo.com\/gl\/wp-json\/wp\/v2\/users\/3"}],"replies":[{"embeddable":true,"href":"https:\/\/ccbierzo.com\/gl\/wp-json\/wp\/v2\/comments?post=132136"}],"version-history":[{"count":0,"href":"https:\/\/ccbierzo.com\/gl\/wp-json\/wp\/v2\/posts\/132136\/revisions"}],"wp:featuredmedia":[{"embeddable":true,"href":"https:\/\/ccbierzo.com\/gl\/wp-json\/wp\/v2\/media\/132137"}],"wp:attachment":[{"href":"https:\/\/ccbierzo.com\/gl\/wp-json\/wp\/v2\/media?parent=132136"}],"wp:term":[{"taxonomy":"category","embeddable":true,"href":"https:\/\/ccbierzo.com\/gl\/wp-json\/wp\/v2\/categories?post=132136"},{"taxonomy":"post_tag","embeddable":true,"href":"https:\/\/ccbierzo.com\/gl\/wp-json\/wp\/v2\/tags?post=132136"}],"curies":[{"name":"wp","href":"https:\/\/api.w.org\/{rel}","templated":true}]}}