{"id":131865,"date":"2023-11-21T14:25:27","date_gmt":"2023-11-21T13:25:27","guid":{"rendered":"https:\/\/ccbierzo.com\/?p=131865"},"modified":"2023-11-21T14:25:29","modified_gmt":"2023-11-21T13:25:29","slug":"abierto-el-plazo-de-inscripcion-para-la-ruta-por-la-calidad-dedicada-al-botillo","status":"publish","type":"post","link":"https:\/\/ccbierzo.com\/gl\/abierto-el-plazo-de-inscripcion-para-la-ruta-por-la-calidad-dedicada-al-botillo\/","title":{"rendered":"Abierto el plazo de inscripci\u00f3n para la Ruta por la Calidad dedicada al Botillo"},"content":{"rendered":"\n<p>El <a href=\"https:\/\/www.bancodetierrasdelbierzo.es\/\">Banco de Tierras del Consejo Comarcal <\/a>celebrar\u00e1 el domingo 3 de diciembre la <strong>Ruta por la Calidad del Botillo<\/strong>. La actividad comenzar\u00e1 a las 10:00 horas en la iglesia de San Clemente de Valdueza, en el municipio de Ponferrada, para completar un itinerario circular por la Tebaida Berciana. En esta ocasi\u00f3n, se contar\u00e1 con la participaci\u00f3n del maestro y divulgador berciano Manu Velasco.<\/p>\n\n\n\n<p>Uno de los atractivos m\u00e1s interesantes de esta ruta de 10 kil\u00f3metros es la parada que se realizar\u00e1 en el <strong>Monasterio de San Pedro de Montes<\/strong>. En este lugar, un t\u00e9cnico de la Indicaci\u00f3n Protegida del Botillo explicar\u00e1 los or\u00edgenes de la fabricaci\u00f3n de este embutido que se atribuye a los monjes. El itinerario tambi\u00e9n permitir\u00e1 contemplar la Ermita de Santa Cruz, as\u00ed como los magn\u00edficos paisajes del Valle del Oza.<\/p>\n\n\n\n<p>Por otro lado, a\u00fan est\u00e1 abierto el plazo de inscripci\u00f3n para la <strong>Ruta por la Calidad dedicada al casta\u00f1o<\/strong>, que contar\u00e1 con la participaci\u00f3n del periodista y escritor Carlos Fildalgo. La actividad se celebra este domingo, 26 de noviembre, con inicio en la plaza del pueblo de Burbia, en el municipio de Vega de Espinareda. <\/p>\n\n\n\n<p>La actividad es <strong>gratuita <\/strong>y hay <strong>50 plazas disponibles<\/strong>. Las personas interesadas en participar en la actividad deben inscribirse. Pueden hacerlo en las oficinas del Banco de Tierras, en Bierzo Natura, escribiendo un correo a bancodetierras@ccbierzo.com o llamando al 987 42 47 22.<\/p>\n\n\n\n<div style=\"height:30px\" aria-hidden=\"true\" class=\"wp-block-spacer\"><\/div>\n\n\n\n<figure class=\"wp-block-image aligncenter size-large is-resized\"><img loading=\"lazy\" decoding=\"async\" src=\"https:\/\/ccbierzo.com\/wp-content\/uploads\/2023\/11\/CARTEL.RUTAS_.BOTILLO-low-1-731x1024.jpg\" alt=\"\" class=\"wp-image-131866\" width=\"548\" height=\"768\"\/><\/figure>\n","protected":false},"excerpt":{"rendered":"<p>El Banco de Tierras del Consejo Comarcal celebrar\u00e1 el domingo 3 de diciembre la ruta, que transcurrir\u00e1 por la Tebaida Berciana.<\/p>\n","protected":false},"author":3,"featured_media":130104,"comment_status":"closed","ping_status":"open","sticky":false,"template":"","format":"standard","meta":{"_et_pb_use_builder":"","_et_pb_old_content":"","_et_gb_content_width":"","footnotes":""},"categories":[396],"tags":[294],"class_list":["post-131865","post","type-post","status-publish","format-standard","has-post-thumbnail","hentry","category-banco-de-tierras","tag-ponferrada"],"yoast_head":"<!-- This site is optimized with the Yoast SEO plugin v27.3 - https:\/\/yoast.com\/product\/yoast-seo-wordpress\/ -->\n<title>Abierto el plazo de inscripci\u00f3n para la Ruta por la Calidad dedicada al Botillo - Consejo Comarcal del Bierzo<\/title>\n<meta name=\"robots\" content=\"index, follow, max-snippet:-1, max-image-preview:large, max-video-preview:-1\" \/>\n<link rel=\"canonical\" href=\"https:\/\/ccbierzo.com\/abierto-el-plazo-de-inscripcion-para-la-ruta-por-la-calidad-dedicada-al-botillo\/\" \/>\n<meta property=\"og:locale\" content=\"gl_ES\" \/>\n<meta property=\"og:type\" content=\"article\" \/>\n<meta property=\"og:title\" content=\"Abierto el plazo de inscripci\u00f3n para la Ruta por la Calidad dedicada al Botillo - Consejo Comarcal del Bierzo\" \/>\n<meta property=\"og:description\" content=\"El Banco de Tierras del Consejo Comarcal celebrar\u00e1 el domingo 3 de diciembre la ruta, que transcurrir\u00e1 por la Tebaida Berciana.\" \/>\n<meta property=\"og:url\" content=\"https:\/\/ccbierzo.com\/abierto-el-plazo-de-inscripcion-para-la-ruta-por-la-calidad-dedicada-al-botillo\/\" \/>\n<meta property=\"og:site_name\" content=\"Consejo Comarcal del Bierzo\" \/>\n<meta property=\"article:published_time\" content=\"2023-11-21T13:25:27+00:00\" \/>\n<meta property=\"article:modified_time\" content=\"2023-11-21T13:25:29+00:00\" \/>\n<meta property=\"og:image\" content=\"https:\/\/ccbierzo.com\/wp-content\/uploads\/2022\/03\/RUTA10.jpg\" \/>\n\t<meta property=\"og:image:width\" content=\"1500\" \/>\n\t<meta property=\"og:image:height\" content=\"1000\" \/>\n\t<meta property=\"og:image:type\" content=\"image\/jpeg\" \/>\n<meta name=\"author\" content=\"Marta Vidal\" \/>\n<meta name=\"twitter:card\" content=\"summary_large_image\" \/>\n<meta name=\"twitter:label1\" content=\"Escrito por\" \/>\n\t<meta name=\"twitter:data1\" content=\"Marta Vidal\" \/>\n\t<meta name=\"twitter:label2\" content=\"Tempo de lectura\" \/>\n\t<meta name=\"twitter:data2\" content=\"2 minutos\" \/>\n<script type=\"application\/ld+json\" class=\"yoast-schema-graph\">{\"@context\":\"https:\\\/\\\/schema.org\",\"@graph\":[{\"@type\":\"Article\",\"@id\":\"https:\\\/\\\/ccbierzo.com\\\/abierto-el-plazo-de-inscripcion-para-la-ruta-por-la-calidad-dedicada-al-botillo\\\/#article\",\"isPartOf\":{\"@id\":\"https:\\\/\\\/ccbierzo.com\\\/abierto-el-plazo-de-inscripcion-para-la-ruta-por-la-calidad-dedicada-al-botillo\\\/\"},\"author\":{\"name\":\"Marta Vidal\",\"@id\":\"https:\\\/\\\/ccbierzo.com\\\/gl\\\/#\\\/schema\\\/person\\\/4e9a8395b397b1d4b8695a5274072278\"},\"headline\":\"Abierto el plazo de inscripci\u00f3n para la Ruta por la Calidad dedicada al Botillo\",\"datePublished\":\"2023-11-21T13:25:27+00:00\",\"dateModified\":\"2023-11-21T13:25:29+00:00\",\"mainEntityOfPage\":{\"@id\":\"https:\\\/\\\/ccbierzo.com\\\/abierto-el-plazo-de-inscripcion-para-la-ruta-por-la-calidad-dedicada-al-botillo\\\/\"},\"wordCount\":255,\"image\":{\"@id\":\"https:\\\/\\\/ccbierzo.com\\\/abierto-el-plazo-de-inscripcion-para-la-ruta-por-la-calidad-dedicada-al-botillo\\\/#primaryimage\"},\"thumbnailUrl\":\"https:\\\/\\\/ccbierzo.com\\\/wp-content\\\/uploads\\\/2022\\\/03\\\/RUTA10.jpg\",\"keywords\":[\"Ponferrada\"],\"articleSection\":[\"Banco de Tierras\"],\"inLanguage\":\"gl-ES\"},{\"@type\":\"WebPage\",\"@id\":\"https:\\\/\\\/ccbierzo.com\\\/abierto-el-plazo-de-inscripcion-para-la-ruta-por-la-calidad-dedicada-al-botillo\\\/\",\"url\":\"https:\\\/\\\/ccbierzo.com\\\/abierto-el-plazo-de-inscripcion-para-la-ruta-por-la-calidad-dedicada-al-botillo\\\/\",\"name\":\"Abierto el plazo de inscripci\u00f3n para la Ruta por la Calidad dedicada al Botillo - Consejo Comarcal del Bierzo\",\"isPartOf\":{\"@id\":\"https:\\\/\\\/ccbierzo.com\\\/gl\\\/#website\"},\"primaryImageOfPage\":{\"@id\":\"https:\\\/\\\/ccbierzo.com\\\/abierto-el-plazo-de-inscripcion-para-la-ruta-por-la-calidad-dedicada-al-botillo\\\/#primaryimage\"},\"image\":{\"@id\":\"https:\\\/\\\/ccbierzo.com\\\/abierto-el-plazo-de-inscripcion-para-la-ruta-por-la-calidad-dedicada-al-botillo\\\/#primaryimage\"},\"thumbnailUrl\":\"https:\\\/\\\/ccbierzo.com\\\/wp-content\\\/uploads\\\/2022\\\/03\\\/RUTA10.jpg\",\"datePublished\":\"2023-11-21T13:25:27+00:00\",\"dateModified\":\"2023-11-21T13:25:29+00:00\",\"author\":{\"@id\":\"https:\\\/\\\/ccbierzo.com\\\/gl\\\/#\\\/schema\\\/person\\\/4e9a8395b397b1d4b8695a5274072278\"},\"breadcrumb\":{\"@id\":\"https:\\\/\\\/ccbierzo.com\\\/abierto-el-plazo-de-inscripcion-para-la-ruta-por-la-calidad-dedicada-al-botillo\\\/#breadcrumb\"},\"inLanguage\":\"gl-ES\",\"potentialAction\":[{\"@type\":\"ReadAction\",\"target\":[\"https:\\\/\\\/ccbierzo.com\\\/abierto-el-plazo-de-inscripcion-para-la-ruta-por-la-calidad-dedicada-al-botillo\\\/\"]}]},{\"@type\":\"ImageObject\",\"inLanguage\":\"gl-ES\",\"@id\":\"https:\\\/\\\/ccbierzo.com\\\/abierto-el-plazo-de-inscripcion-para-la-ruta-por-la-calidad-dedicada-al-botillo\\\/#primaryimage\",\"url\":\"https:\\\/\\\/ccbierzo.com\\\/wp-content\\\/uploads\\\/2022\\\/03\\\/RUTA10.jpg\",\"contentUrl\":\"https:\\\/\\\/ccbierzo.com\\\/wp-content\\\/uploads\\\/2022\\\/03\\\/RUTA10.jpg\",\"width\":1500,\"height\":1000},{\"@type\":\"BreadcrumbList\",\"@id\":\"https:\\\/\\\/ccbierzo.com\\\/abierto-el-plazo-de-inscripcion-para-la-ruta-por-la-calidad-dedicada-al-botillo\\\/#breadcrumb\",\"itemListElement\":[{\"@type\":\"ListItem\",\"position\":1,\"name\":\"Portada\",\"item\":\"https:\\\/\\\/ccbierzo.com\\\/gl\\\/\"},{\"@type\":\"ListItem\",\"position\":2,\"name\":\"Abierto el plazo de inscripci\u00f3n para la Ruta por la Calidad dedicada al Botillo\"}]},{\"@type\":\"WebSite\",\"@id\":\"https:\\\/\\\/ccbierzo.com\\\/gl\\\/#website\",\"url\":\"https:\\\/\\\/ccbierzo.com\\\/gl\\\/\",\"name\":\"Consejo Comarcal del Bierzo\",\"description\":\"P\u00e1gina Oficial del Consejo Comarcal del Bierzo\",\"potentialAction\":[{\"@type\":\"SearchAction\",\"target\":{\"@type\":\"EntryPoint\",\"urlTemplate\":\"https:\\\/\\\/ccbierzo.com\\\/gl\\\/?s={search_term_string}\"},\"query-input\":{\"@type\":\"PropertyValueSpecification\",\"valueRequired\":true,\"valueName\":\"search_term_string\"}}],\"inLanguage\":\"gl-ES\"},{\"@type\":\"Person\",\"@id\":\"https:\\\/\\\/ccbierzo.com\\\/gl\\\/#\\\/schema\\\/person\\\/4e9a8395b397b1d4b8695a5274072278\",\"name\":\"Marta Vidal\"}]}<\/script>\n<!-- \/ Yoast SEO plugin. -->","yoast_head_json":{"title":"Abierto el plazo de inscripci\u00f3n para la Ruta por la Calidad dedicada al Botillo - Consejo Comarcal del Bierzo","robots":{"index":"index","follow":"follow","max-snippet":"max-snippet:-1","max-image-preview":"max-image-preview:large","max-video-preview":"max-video-preview:-1"},"canonical":"https:\/\/ccbierzo.com\/abierto-el-plazo-de-inscripcion-para-la-ruta-por-la-calidad-dedicada-al-botillo\/","og_locale":"gl_ES","og_type":"article","og_title":"Abierto el plazo de inscripci\u00f3n para la Ruta por la Calidad dedicada al Botillo - Consejo Comarcal del Bierzo","og_description":"El Banco de Tierras del Consejo Comarcal celebrar\u00e1 el domingo 3 de diciembre la ruta, que transcurrir\u00e1 por la Tebaida Berciana.","og_url":"https:\/\/ccbierzo.com\/abierto-el-plazo-de-inscripcion-para-la-ruta-por-la-calidad-dedicada-al-botillo\/","og_site_name":"Consejo Comarcal del Bierzo","article_published_time":"2023-11-21T13:25:27+00:00","article_modified_time":"2023-11-21T13:25:29+00:00","og_image":[{"width":1500,"height":1000,"url":"https:\/\/ccbierzo.com\/wp-content\/uploads\/2022\/03\/RUTA10.jpg","type":"image\/jpeg"}],"author":"Marta Vidal","twitter_card":"summary_large_image","twitter_misc":{"Escrito por":"Marta Vidal","Tempo de lectura":"2 minutos"},"schema":{"@context":"https:\/\/schema.org","@graph":[{"@type":"Article","@id":"https:\/\/ccbierzo.com\/abierto-el-plazo-de-inscripcion-para-la-ruta-por-la-calidad-dedicada-al-botillo\/#article","isPartOf":{"@id":"https:\/\/ccbierzo.com\/abierto-el-plazo-de-inscripcion-para-la-ruta-por-la-calidad-dedicada-al-botillo\/"},"author":{"name":"Marta Vidal","@id":"https:\/\/ccbierzo.com\/gl\/#\/schema\/person\/4e9a8395b397b1d4b8695a5274072278"},"headline":"Abierto el plazo de inscripci\u00f3n para la Ruta por la Calidad dedicada al Botillo","datePublished":"2023-11-21T13:25:27+00:00","dateModified":"2023-11-21T13:25:29+00:00","mainEntityOfPage":{"@id":"https:\/\/ccbierzo.com\/abierto-el-plazo-de-inscripcion-para-la-ruta-por-la-calidad-dedicada-al-botillo\/"},"wordCount":255,"image":{"@id":"https:\/\/ccbierzo.com\/abierto-el-plazo-de-inscripcion-para-la-ruta-por-la-calidad-dedicada-al-botillo\/#primaryimage"},"thumbnailUrl":"https:\/\/ccbierzo.com\/wp-content\/uploads\/2022\/03\/RUTA10.jpg","keywords":["Ponferrada"],"articleSection":["Banco de Tierras"],"inLanguage":"gl-ES"},{"@type":"WebPage","@id":"https:\/\/ccbierzo.com\/abierto-el-plazo-de-inscripcion-para-la-ruta-por-la-calidad-dedicada-al-botillo\/","url":"https:\/\/ccbierzo.com\/abierto-el-plazo-de-inscripcion-para-la-ruta-por-la-calidad-dedicada-al-botillo\/","name":"Abierto el plazo de inscripci\u00f3n para la Ruta por la Calidad dedicada al Botillo - Consejo Comarcal del Bierzo","isPartOf":{"@id":"https:\/\/ccbierzo.com\/gl\/#website"},"primaryImageOfPage":{"@id":"https:\/\/ccbierzo.com\/abierto-el-plazo-de-inscripcion-para-la-ruta-por-la-calidad-dedicada-al-botillo\/#primaryimage"},"image":{"@id":"https:\/\/ccbierzo.com\/abierto-el-plazo-de-inscripcion-para-la-ruta-por-la-calidad-dedicada-al-botillo\/#primaryimage"},"thumbnailUrl":"https:\/\/ccbierzo.com\/wp-content\/uploads\/2022\/03\/RUTA10.jpg","datePublished":"2023-11-21T13:25:27+00:00","dateModified":"2023-11-21T13:25:29+00:00","author":{"@id":"https:\/\/ccbierzo.com\/gl\/#\/schema\/person\/4e9a8395b397b1d4b8695a5274072278"},"breadcrumb":{"@id":"https:\/\/ccbierzo.com\/abierto-el-plazo-de-inscripcion-para-la-ruta-por-la-calidad-dedicada-al-botillo\/#breadcrumb"},"inLanguage":"gl-ES","potentialAction":[{"@type":"ReadAction","target":["https:\/\/ccbierzo.com\/abierto-el-plazo-de-inscripcion-para-la-ruta-por-la-calidad-dedicada-al-botillo\/"]}]},{"@type":"ImageObject","inLanguage":"gl-ES","@id":"https:\/\/ccbierzo.com\/abierto-el-plazo-de-inscripcion-para-la-ruta-por-la-calidad-dedicada-al-botillo\/#primaryimage","url":"https:\/\/ccbierzo.com\/wp-content\/uploads\/2022\/03\/RUTA10.jpg","contentUrl":"https:\/\/ccbierzo.com\/wp-content\/uploads\/2022\/03\/RUTA10.jpg","width":1500,"height":1000},{"@type":"BreadcrumbList","@id":"https:\/\/ccbierzo.com\/abierto-el-plazo-de-inscripcion-para-la-ruta-por-la-calidad-dedicada-al-botillo\/#breadcrumb","itemListElement":[{"@type":"ListItem","position":1,"name":"Portada","item":"https:\/\/ccbierzo.com\/gl\/"},{"@type":"ListItem","position":2,"name":"Abierto el plazo de inscripci\u00f3n para la Ruta por la Calidad dedicada al Botillo"}]},{"@type":"WebSite","@id":"https:\/\/ccbierzo.com\/gl\/#website","url":"https:\/\/ccbierzo.com\/gl\/","name":"Consejo Comarcal del Bierzo","description":"P\u00e1gina Oficial del Consejo Comarcal del Bierzo","potentialAction":[{"@type":"SearchAction","target":{"@type":"EntryPoint","urlTemplate":"https:\/\/ccbierzo.com\/gl\/?s={search_term_string}"},"query-input":{"@type":"PropertyValueSpecification","valueRequired":true,"valueName":"search_term_string"}}],"inLanguage":"gl-ES"},{"@type":"Person","@id":"https:\/\/ccbierzo.com\/gl\/#\/schema\/person\/4e9a8395b397b1d4b8695a5274072278","name":"Marta Vidal"}]}},"_links":{"self":[{"href":"https:\/\/ccbierzo.com\/gl\/wp-json\/wp\/v2\/posts\/131865","targetHints":{"allow":["GET"]}}],"collection":[{"href":"https:\/\/ccbierzo.com\/gl\/wp-json\/wp\/v2\/posts"}],"about":[{"href":"https:\/\/ccbierzo.com\/gl\/wp-json\/wp\/v2\/types\/post"}],"author":[{"embeddable":true,"href":"https:\/\/ccbierzo.com\/gl\/wp-json\/wp\/v2\/users\/3"}],"replies":[{"embeddable":true,"href":"https:\/\/ccbierzo.com\/gl\/wp-json\/wp\/v2\/comments?post=131865"}],"version-history":[{"count":0,"href":"https:\/\/ccbierzo.com\/gl\/wp-json\/wp\/v2\/posts\/131865\/revisions"}],"wp:featuredmedia":[{"embeddable":true,"href":"https:\/\/ccbierzo.com\/gl\/wp-json\/wp\/v2\/media\/130104"}],"wp:attachment":[{"href":"https:\/\/ccbierzo.com\/gl\/wp-json\/wp\/v2\/media?parent=131865"}],"wp:term":[{"taxonomy":"category","embeddable":true,"href":"https:\/\/ccbierzo.com\/gl\/wp-json\/wp\/v2\/categories?post=131865"},{"taxonomy":"post_tag","embeddable":true,"href":"https:\/\/ccbierzo.com\/gl\/wp-json\/wp\/v2\/tags?post=131865"}],"curies":[{"name":"wp","href":"https:\/\/api.w.org\/{rel}","templated":true}]}}