{"id":131225,"date":"2023-07-27T14:17:49","date_gmt":"2023-07-27T12:17:49","guid":{"rendered":"https:\/\/ccbierzo.com\/?p=131225"},"modified":"2023-07-27T16:36:21","modified_gmt":"2023-07-27T14:36:21","slug":"el-pleno-aprueba-la-organizacion-retribuciones-y-representantes-en-organos-colegiados","status":"publish","type":"post","link":"https:\/\/ccbierzo.com\/gl\/el-pleno-aprueba-la-organizacion-retribuciones-y-representantes-en-organos-colegiados\/","title":{"rendered":"El Pleno aprueba la organizaci\u00f3n, retribuciones y representantes en \u00f3rganos colegiados"},"content":{"rendered":"\n<p><strong>Lorena Fern\u00e1ndez, concejala del Ayuntamiento de Toreno, ocupar\u00e1 la vicepresidencia del Consejo Comarcal. El Pleno tambi\u00e9n design\u00f3 a los portavoces de los grupos pol\u00edticos: Susana Folla, del PSOE; Jos\u00e9 Manuel Pereira, del PP, e Iv\u00e1n Alonso, de CB.<\/strong><\/p>\n\n\n\n<p>La sede de la instituci\u00f3n acogi\u00f3 este jueves el pleno de organizaci\u00f3n, en el que se han aprobado el f<strong>uncionamiento y retribuciones<\/strong>, conforme a lo establecido en el <strong><a href=\"https:\/\/ccbierzo.com\/wp-content\/uploads\/2020\/09\/REGLAMENTO-ORG%C3%81NICO-COMARCAL.pdf\" target=\"_blank\" rel=\"noreferrer noopener\">Reglamento Org\u00e1nico del Consejo Comarcal<\/a><\/strong>, aprobado en el anterior mandato. Todos los portavoces pol\u00edticos han celebrado la existencia de esta norma, en la que se establecen de forma clara los \u00f3rganos de la instituci\u00f3n y sus atribuciones. <\/p>\n\n\n\n<p>Adem\u00e1s de los cargos de vicepresidenta y portavoces, el Pleno dio el visto bueno a la creaci\u00f3n y r\u00e9gimen de funcionamiento de la <strong>Junta de Coordinaci\u00f3n, Junta de Gobierno, Junta de Portavoces y comisiones informativas permanentes<\/strong>: Asuntos Generales, Derechos Sociales y Cuentas. Otro de los acuerdos fue la celebraci\u00f3n las sesiones ordinarias del Pleno cada dos meses. <\/p>\n\n\n\n<p>Tambi\u00e9n se aprobaron las <strong>indemnizaciones por asistencia<\/strong>. Los consejeros y consejeras percibir\u00e1n 120 euros por pleno; 150 euros por Juntas de Gobierno, Coordinaci\u00f3n y Portavoces; y 60 euros por comisiones informativas y Patronato de Turismo. La retribuci\u00f3n del presidente, con una dedicaci\u00f3n exclusiva ser\u00e1 de 2.904,15 euros brutos en 14 pagas y la de los portavoces de los grupos mayor\u00edtarios, con dedicaci\u00f3n parcial, de 2.102,93 euros. Tamto el presidente como los portavoces no tendr\u00e1n derecho a indemnizaciones por asistencia a los \u00f3rganos.<\/p>\n\n\n\n<p>La sesi\u00f3n de car\u00e1cter extraordinario tambi\u00e9n aprob\u00f3 el decreto del presidente por el que se establecen las siguientes <strong>delegaciones<\/strong> y representantes en <strong>\u00f3rganos colegiados<\/strong>:<\/p>\n\n\n\n<ul class=\"wp-block-list\">\n<li><strong>Asuntos Generales y Hacienda:<\/strong> Mar\u00eda Isabel Fern\u00e1ndez Rodr\u00edguez.<\/li>\n\n\n\n<li><strong>Bienestar Social e Igualdad:<\/strong> Carmen Doel Mato.<\/li>\n\n\n\n<li><strong>Cuentas:<\/strong> Antonio Cuellas Garc\u00eda<\/li>\n\n\n\n<li><strong>Cultura y Patrimonio: <\/strong>Gabriel Folgado \u00c1lvarez.<\/li>\n\n\n\n<li><strong>Deportes y Tradiciones Populares: <\/strong>Lorena Fern\u00e1ndez Ba\u00f1ado.<\/li>\n\n\n\n<li><strong>Desarrollo Rural:<\/strong> Alfonso Fern\u00e1ndez Pacios.<\/li>\n\n\n\n<li><strong>Energ\u00eda y Nuevas Tecnolog\u00edas:<\/strong> Henar Mar\u00eda Garc\u00eda Ram\u00f3n.<\/li>\n\n\n\n<li><strong>Fomento: <\/strong>Pedro Fern\u00e1ndez Robles.<\/li>\n\n\n\n<li><strong>Formaci\u00f3n y Empleo:<\/strong> Laura Fern\u00e1ndez P\u00e9rez.<\/li>\n\n\n\n<li><strong>Medio Ambiente:<\/strong> Ricardo Fern\u00e1ndez Garc\u00eda.<\/li>\n\n\n\n<li><strong>Protecci\u00f3n Civil y Parque M\u00f3vil:<\/strong> Andr\u00e9s Arias Nogaledo.<\/li>\n\n\n\n<li><strong>Turismo:<\/strong> Mar\u00eda Cristina P\u00e9rez San Miguel.<\/li>\n\n\n\n<li><strong>Relaciones con Instituciones: <\/strong>Susana Folla Abad<\/li>\n<\/ul>\n\n\n\n<ul class=\"wp-block-list\">\n<li><strong>ASOCIACI\u00d3N PARA EL DESARROLLO DE LA COMARCA BERCIANA (ASODEBI):<\/strong>\u00a0Pedro Fern\u00e1ndez Robles (titular),<br>\u00a0Susana Folla Abad (suplente).<\/li>\n\n\n\n<li><strong>ASOCIACI\u00d3N PARA EL DESARROLLO DEL ENOTURISMO EN EL BIERZO:\u00a0<\/strong>Susana Folla Abad (titular), Mar\u00eda Cristina P\u00e9rez San Miguel<br>(suplente).<\/li>\n\n\n\n<li><strong>COMIT\u00c9 COMARCAL DE CRUZ ROJA ESPA\u00d1OLA:<\/strong> Lorena Fern\u00e1ndez Ba\u00f1ado (titular), M\u00aa del Carmen Doel Mato<br>(suplente).<\/li>\n\n\n\n<li><strong>CONSEJO DE TURISMO DE CASTILLA Y LE\u00d3N: <\/strong>Henar Mar\u00eda Garc\u00eda Ram\u00f3n (titular), Alfonso Fern\u00e1ndez Pacios<br>(suplente).<\/li>\n\n\n\n<li><strong>CONSEJO ESCOLAR LOCAL DEL AYUNTAMIENTO DE BEMBIBRE: <\/strong>Andr\u00e9s arias Nogaledo (titular), Gabriel Folgado \u00c1lvarez (suplente).<\/li>\n\n\n\n<li><strong>CONSEJO PROVINCIAL DE LA MUJER:<\/strong> M\u00aa del Carmen Doel Mato (titular), Susana Folla Abad (suplente).<\/li>\n\n\n\n<li><strong>CONSORCIO DEL CENTRO ASOCIADO DE LA UNIVERSIDAD NACIONAL DE EDUCACI\u00d3N A DISTANCIA DE PONFERRADA (UNED):<\/strong> Mar\u00eda Isabel Fern\u00e1ndez Rodr\u00edguez (titular), Olegario Ram\u00f3n Fern\u00e1ndez (suplente).<\/li>\n\n\n\n<li><strong>CONSORCIO PROVINCIAL PARA LA GESTI\u00d3N DE RESIDUOS S\u00d3LIDOS URBANOS (GERSUL):<\/strong> Olegario Ram\u00f3n Fern\u00e1ndez (titular), Ricardo Fern\u00e1ndez Garc\u00eda (suplente).<\/li>\n\n\n\n<li><strong>CONSORCIO DE LA RESERVA DE LA BIOSFERA DE LOS ANCARES LEONESES: <\/strong>Ricardo Fern\u00e1ndez Garc\u00eda (titular), Pedro Fern\u00e1ndez Robles (suplente).<\/li>\n\n\n\n<li><strong>CONSORCIO DEL TREN TUR\u00cdSTICO PONFEBLINO:<\/strong> Antonio Cuellas Garc\u00eda (titular), Lorena Fern\u00e1ndez Ba\u00f1ado (suplente).<\/li>\n\n\n\n<li><strong>CONVENIO DE COLABORACI\u00d3N ENTRE EL OBISPADO DE ASTORGA Y LA DIPUTACI\u00d3N PROVINCIAL DE LE\u00d3N PARA LA UTILIZACI\u00d3N DE LAS<br>INTALACIONES Y DEPENDENCIAS DEL MONASTERIO DE CARRACEDO:<\/strong> Laura Fern\u00e1ndez P\u00e9rez (titular), Alfonso Fern\u00e1ndez Pacios (suplente).<\/li>\n\n\n\n<li><strong>FUNDACI\u00d3N LAS M\u00c9DULAS: <\/strong>Olegario Ram\u00f3n Fern\u00e1ndez (titular), Mar\u00eda Cristina P\u00e9rez San Miguel (suplente).<\/li>\n\n\n\n<li><strong>JUNTA RECTORA Y ASESORA DEL MONUMENTO NATURAL Y DEL ESPACIO CULTURAL DE LAS M\u00c9DULAS:<\/strong> Mar\u00eda Cristina P\u00e9rez San Miguel (titular), Olegario Ram\u00f3n Fern\u00e1ndez (suplente).<\/li>\n\n\n\n<li><strong>PATRONATO DEL MUSEO ALTO BIERZO DE BEMBIBRE:<\/strong> Gabriel Folgado \u00c1lvarez (titular), D. Andr\u00e9s Arias Nogaledo (suplente).<\/li>\n<\/ul>\n\n\n\n<div style=\"height:30px\" aria-hidden=\"true\" class=\"wp-block-spacer\"><\/div>\n\n\n\n<figure class=\"wp-block-gallery has-nested-images columns-default is-cropped wp-block-gallery-1 is-layout-flex wp-block-gallery-is-layout-flex\">\n<figure class=\"wp-block-image size-large\"><img loading=\"lazy\" decoding=\"async\" width=\"1024\" height=\"684\" data-id=\"131226\" src=\"https:\/\/ccbierzo.com\/wp-content\/uploads\/2023\/07\/pleno-organizacion-1-e1690460211755-1024x684.jpeg\" alt=\"\" class=\"wp-image-131226\" srcset=\"https:\/\/ccbierzo.com\/wp-content\/uploads\/2023\/07\/pleno-organizacion-1-e1690460211755-980x551.jpeg 980w, https:\/\/ccbierzo.com\/wp-content\/uploads\/2023\/07\/pleno-organizacion-1-e1690460211755-480x270.jpeg 480w\" sizes=\"(min-width: 0px) and (max-width: 480px) 480px, (min-width: 481px) and (max-width: 980px) 980px, (min-width: 981px) 1024px, 100vw\" \/><\/figure>\n\n\n\n<figure class=\"wp-block-image size-large\"><img loading=\"lazy\" decoding=\"async\" width=\"1024\" height=\"768\" data-id=\"131243\" src=\"https:\/\/ccbierzo.com\/wp-content\/uploads\/2023\/07\/pleno-organizacion8-1024x768.jpeg\" alt=\"\" class=\"wp-image-131243\" srcset=\"https:\/\/ccbierzo.com\/wp-content\/uploads\/2023\/07\/pleno-organizacion8-980x735.jpeg 980w, https:\/\/ccbierzo.com\/wp-content\/uploads\/2023\/07\/pleno-organizacion8-480x360.jpeg 480w\" sizes=\"(min-width: 0px) and (max-width: 480px) 480px, (min-width: 481px) and (max-width: 980px) 980px, (min-width: 981px) 1024px, 100vw\" \/><\/figure>\n\n\n\n<figure class=\"wp-block-image size-large\"><img loading=\"lazy\" decoding=\"async\" width=\"1024\" height=\"768\" data-id=\"131233\" src=\"https:\/\/ccbierzo.com\/wp-content\/uploads\/2023\/07\/pleno-organizacion3-1024x768.jpeg\" alt=\"\" class=\"wp-image-131233\" srcset=\"https:\/\/ccbierzo.com\/wp-content\/uploads\/2023\/07\/pleno-organizacion3-980x735.jpeg 980w, https:\/\/ccbierzo.com\/wp-content\/uploads\/2023\/07\/pleno-organizacion3-480x360.jpeg 480w\" sizes=\"(min-width: 0px) and (max-width: 480px) 480px, (min-width: 481px) and (max-width: 980px) 980px, (min-width: 981px) 1024px, 100vw\" \/><\/figure>\n\n\n\n<figure class=\"wp-block-image size-large\"><img loading=\"lazy\" decoding=\"async\" width=\"1024\" height=\"768\" data-id=\"131235\" src=\"https:\/\/ccbierzo.com\/wp-content\/uploads\/2023\/07\/pleno-organizacion4-1024x768.jpeg\" alt=\"\" class=\"wp-image-131235\" srcset=\"https:\/\/ccbierzo.com\/wp-content\/uploads\/2023\/07\/pleno-organizacion4-980x735.jpeg 980w, https:\/\/ccbierzo.com\/wp-content\/uploads\/2023\/07\/pleno-organizacion4-480x360.jpeg 480w\" sizes=\"(min-width: 0px) and (max-width: 480px) 480px, (min-width: 481px) and (max-width: 980px) 980px, (min-width: 981px) 1024px, 100vw\" \/><\/figure>\n\n\n\n<figure class=\"wp-block-image size-large\"><img loading=\"lazy\" decoding=\"async\" width=\"1024\" height=\"768\" data-id=\"131239\" src=\"https:\/\/ccbierzo.com\/wp-content\/uploads\/2023\/07\/pleno-organizacion6-1024x768.jpeg\" alt=\"\" class=\"wp-image-131239\" srcset=\"https:\/\/ccbierzo.com\/wp-content\/uploads\/2023\/07\/pleno-organizacion6-980x735.jpeg 980w, https:\/\/ccbierzo.com\/wp-content\/uploads\/2023\/07\/pleno-organizacion6-480x360.jpeg 480w\" sizes=\"(min-width: 0px) and (max-width: 480px) 480px, (min-width: 481px) and (max-width: 980px) 980px, (min-width: 981px) 1024px, 100vw\" \/><\/figure>\n\n\n\n<figure class=\"wp-block-image size-large\"><img loading=\"lazy\" decoding=\"async\" width=\"1024\" height=\"768\" data-id=\"131241\" src=\"https:\/\/ccbierzo.com\/wp-content\/uploads\/2023\/07\/pleno-organizacion9-1024x768.jpeg\" alt=\"\" class=\"wp-image-131241\" srcset=\"https:\/\/ccbierzo.com\/wp-content\/uploads\/2023\/07\/pleno-organizacion9-980x735.jpeg 980w, https:\/\/ccbierzo.com\/wp-content\/uploads\/2023\/07\/pleno-organizacion9-480x360.jpeg 480w\" sizes=\"(min-width: 0px) and (max-width: 480px) 480px, (min-width: 481px) and (max-width: 980px) 980px, (min-width: 981px) 1024px, 100vw\" \/><\/figure>\n\n\n\n<figure class=\"wp-block-image size-large\"><img loading=\"lazy\" decoding=\"async\" width=\"1024\" height=\"768\" data-id=\"131231\" src=\"https:\/\/ccbierzo.com\/wp-content\/uploads\/2023\/07\/pleno-organizacion2-1024x768.jpeg\" alt=\"\" class=\"wp-image-131231\" srcset=\"https:\/\/ccbierzo.com\/wp-content\/uploads\/2023\/07\/pleno-organizacion2-980x735.jpeg 980w, https:\/\/ccbierzo.com\/wp-content\/uploads\/2023\/07\/pleno-organizacion2-480x360.jpeg 480w\" sizes=\"(min-width: 0px) and (max-width: 480px) 480px, (min-width: 481px) and (max-width: 980px) 980px, (min-width: 981px) 1024px, 100vw\" \/><\/figure>\n<\/figure>\n\n\n\n<div style=\"height:30px\" aria-hidden=\"true\" class=\"wp-block-spacer\"><\/div>\n","protected":false},"excerpt":{"rendered":"<p>Lorena Fern\u00e1ndez, concejala del Ayuntamiento de Toreno, ocupar\u00e1 la vicepresidencia del Consejo Comarcal. El Pleno tambi\u00e9n design\u00f3 a los portavoces de los grupos pol\u00edticos: Susana Folla, del PSOE; Jos\u00e9 Manuel Pereira, del PP, e Iv\u00e1n Alonso, de CB.<\/p>\n","protected":false},"author":3,"featured_media":131226,"comment_status":"closed","ping_status":"open","sticky":false,"template":"","format":"standard","meta":{"_et_pb_use_builder":"","_et_pb_old_content":"","_et_gb_content_width":"","footnotes":""},"categories":[26],"tags":[103],"class_list":["post-131225","post","type-post","status-publish","format-standard","has-post-thumbnail","hentry","category-administracion","tag-pleno"],"yoast_head":"<!-- This site is optimized with the Yoast SEO plugin v27.3 - https:\/\/yoast.com\/product\/yoast-seo-wordpress\/ -->\n<title>El Pleno aprueba la organizaci\u00f3n, retribuciones y representantes en \u00f3rganos colegiados - Consejo Comarcal del Bierzo<\/title>\n<meta name=\"robots\" content=\"index, follow, max-snippet:-1, max-image-preview:large, max-video-preview:-1\" \/>\n<link rel=\"canonical\" href=\"https:\/\/ccbierzo.com\/el-pleno-aprueba-la-organizacion-retribuciones-y-representantes-en-organos-colegiados\/\" \/>\n<meta property=\"og:locale\" content=\"gl_ES\" \/>\n<meta property=\"og:type\" content=\"article\" \/>\n<meta property=\"og:title\" content=\"El Pleno aprueba la organizaci\u00f3n, retribuciones y representantes en \u00f3rganos colegiados - Consejo Comarcal del Bierzo\" \/>\n<meta property=\"og:description\" content=\"Lorena Fern\u00e1ndez, concejala del Ayuntamiento de Toreno, ocupar\u00e1 la vicepresidencia del Consejo Comarcal. El Pleno tambi\u00e9n design\u00f3 a los portavoces de los grupos pol\u00edticos: Susana Folla, del PSOE; Jos\u00e9 Manuel Pereira, del PP, e Iv\u00e1n Alonso, de CB.\" \/>\n<meta property=\"og:url\" content=\"https:\/\/ccbierzo.com\/el-pleno-aprueba-la-organizacion-retribuciones-y-representantes-en-organos-colegiados\/\" \/>\n<meta property=\"og:site_name\" content=\"Consejo Comarcal del Bierzo\" \/>\n<meta property=\"article:published_time\" content=\"2023-07-27T12:17:49+00:00\" \/>\n<meta property=\"article:modified_time\" content=\"2023-07-27T14:36:21+00:00\" \/>\n<meta property=\"og:image\" content=\"https:\/\/ccbierzo.com\/wp-content\/uploads\/2023\/07\/pleno-organizacion-1-e1690460211755.jpeg\" \/>\n\t<meta property=\"og:image:width\" content=\"2048\" \/>\n\t<meta property=\"og:image:height\" content=\"1367\" \/>\n\t<meta property=\"og:image:type\" content=\"image\/jpeg\" \/>\n<meta name=\"author\" content=\"Marta Vidal\" \/>\n<meta name=\"twitter:card\" content=\"summary_large_image\" \/>\n<meta name=\"twitter:label1\" content=\"Escrito por\" \/>\n\t<meta name=\"twitter:data1\" content=\"Marta Vidal\" \/>\n\t<meta name=\"twitter:label2\" content=\"Tempo de lectura\" \/>\n\t<meta name=\"twitter:data2\" content=\"5 minutos\" \/>\n<script type=\"application\/ld+json\" class=\"yoast-schema-graph\">{\"@context\":\"https:\\\/\\\/schema.org\",\"@graph\":[{\"@type\":\"Article\",\"@id\":\"https:\\\/\\\/ccbierzo.com\\\/el-pleno-aprueba-la-organizacion-retribuciones-y-representantes-en-organos-colegiados\\\/#article\",\"isPartOf\":{\"@id\":\"https:\\\/\\\/ccbierzo.com\\\/el-pleno-aprueba-la-organizacion-retribuciones-y-representantes-en-organos-colegiados\\\/\"},\"author\":{\"name\":\"Marta Vidal\",\"@id\":\"https:\\\/\\\/ccbierzo.com\\\/gl\\\/#\\\/schema\\\/person\\\/4e9a8395b397b1d4b8695a5274072278\"},\"headline\":\"El Pleno aprueba la organizaci\u00f3n, retribuciones y representantes en \u00f3rganos colegiados\",\"datePublished\":\"2023-07-27T12:17:49+00:00\",\"dateModified\":\"2023-07-27T14:36:21+00:00\",\"mainEntityOfPage\":{\"@id\":\"https:\\\/\\\/ccbierzo.com\\\/el-pleno-aprueba-la-organizacion-retribuciones-y-representantes-en-organos-colegiados\\\/\"},\"wordCount\":710,\"image\":{\"@id\":\"https:\\\/\\\/ccbierzo.com\\\/el-pleno-aprueba-la-organizacion-retribuciones-y-representantes-en-organos-colegiados\\\/#primaryimage\"},\"thumbnailUrl\":\"https:\\\/\\\/ccbierzo.com\\\/wp-content\\\/uploads\\\/2023\\\/07\\\/pleno-organizacion-1-e1690460211755.jpeg\",\"keywords\":[\"Pleno\"],\"articleSection\":[\"Administraci\u00f3n\"],\"inLanguage\":\"gl-ES\"},{\"@type\":\"WebPage\",\"@id\":\"https:\\\/\\\/ccbierzo.com\\\/el-pleno-aprueba-la-organizacion-retribuciones-y-representantes-en-organos-colegiados\\\/\",\"url\":\"https:\\\/\\\/ccbierzo.com\\\/el-pleno-aprueba-la-organizacion-retribuciones-y-representantes-en-organos-colegiados\\\/\",\"name\":\"El Pleno aprueba la organizaci\u00f3n, retribuciones y representantes en \u00f3rganos colegiados - Consejo Comarcal del Bierzo\",\"isPartOf\":{\"@id\":\"https:\\\/\\\/ccbierzo.com\\\/gl\\\/#website\"},\"primaryImageOfPage\":{\"@id\":\"https:\\\/\\\/ccbierzo.com\\\/el-pleno-aprueba-la-organizacion-retribuciones-y-representantes-en-organos-colegiados\\\/#primaryimage\"},\"image\":{\"@id\":\"https:\\\/\\\/ccbierzo.com\\\/el-pleno-aprueba-la-organizacion-retribuciones-y-representantes-en-organos-colegiados\\\/#primaryimage\"},\"thumbnailUrl\":\"https:\\\/\\\/ccbierzo.com\\\/wp-content\\\/uploads\\\/2023\\\/07\\\/pleno-organizacion-1-e1690460211755.jpeg\",\"datePublished\":\"2023-07-27T12:17:49+00:00\",\"dateModified\":\"2023-07-27T14:36:21+00:00\",\"author\":{\"@id\":\"https:\\\/\\\/ccbierzo.com\\\/gl\\\/#\\\/schema\\\/person\\\/4e9a8395b397b1d4b8695a5274072278\"},\"breadcrumb\":{\"@id\":\"https:\\\/\\\/ccbierzo.com\\\/el-pleno-aprueba-la-organizacion-retribuciones-y-representantes-en-organos-colegiados\\\/#breadcrumb\"},\"inLanguage\":\"gl-ES\",\"potentialAction\":[{\"@type\":\"ReadAction\",\"target\":[\"https:\\\/\\\/ccbierzo.com\\\/el-pleno-aprueba-la-organizacion-retribuciones-y-representantes-en-organos-colegiados\\\/\"]}]},{\"@type\":\"ImageObject\",\"inLanguage\":\"gl-ES\",\"@id\":\"https:\\\/\\\/ccbierzo.com\\\/el-pleno-aprueba-la-organizacion-retribuciones-y-representantes-en-organos-colegiados\\\/#primaryimage\",\"url\":\"https:\\\/\\\/ccbierzo.com\\\/wp-content\\\/uploads\\\/2023\\\/07\\\/pleno-organizacion-1-e1690460211755.jpeg\",\"contentUrl\":\"https:\\\/\\\/ccbierzo.com\\\/wp-content\\\/uploads\\\/2023\\\/07\\\/pleno-organizacion-1-e1690460211755.jpeg\",\"width\":2048,\"height\":1367},{\"@type\":\"BreadcrumbList\",\"@id\":\"https:\\\/\\\/ccbierzo.com\\\/el-pleno-aprueba-la-organizacion-retribuciones-y-representantes-en-organos-colegiados\\\/#breadcrumb\",\"itemListElement\":[{\"@type\":\"ListItem\",\"position\":1,\"name\":\"Portada\",\"item\":\"https:\\\/\\\/ccbierzo.com\\\/gl\\\/\"},{\"@type\":\"ListItem\",\"position\":2,\"name\":\"El Pleno aprueba la organizaci\u00f3n, retribuciones y representantes en \u00f3rganos colegiados\"}]},{\"@type\":\"WebSite\",\"@id\":\"https:\\\/\\\/ccbierzo.com\\\/gl\\\/#website\",\"url\":\"https:\\\/\\\/ccbierzo.com\\\/gl\\\/\",\"name\":\"Consejo Comarcal del Bierzo\",\"description\":\"P\u00e1gina Oficial del Consejo Comarcal del Bierzo\",\"potentialAction\":[{\"@type\":\"SearchAction\",\"target\":{\"@type\":\"EntryPoint\",\"urlTemplate\":\"https:\\\/\\\/ccbierzo.com\\\/gl\\\/?s={search_term_string}\"},\"query-input\":{\"@type\":\"PropertyValueSpecification\",\"valueRequired\":true,\"valueName\":\"search_term_string\"}}],\"inLanguage\":\"gl-ES\"},{\"@type\":\"Person\",\"@id\":\"https:\\\/\\\/ccbierzo.com\\\/gl\\\/#\\\/schema\\\/person\\\/4e9a8395b397b1d4b8695a5274072278\",\"name\":\"Marta Vidal\"}]}<\/script>\n<!-- \/ Yoast SEO plugin. -->","yoast_head_json":{"title":"El Pleno aprueba la organizaci\u00f3n, retribuciones y representantes en \u00f3rganos colegiados - Consejo Comarcal del Bierzo","robots":{"index":"index","follow":"follow","max-snippet":"max-snippet:-1","max-image-preview":"max-image-preview:large","max-video-preview":"max-video-preview:-1"},"canonical":"https:\/\/ccbierzo.com\/el-pleno-aprueba-la-organizacion-retribuciones-y-representantes-en-organos-colegiados\/","og_locale":"gl_ES","og_type":"article","og_title":"El Pleno aprueba la organizaci\u00f3n, retribuciones y representantes en \u00f3rganos colegiados - Consejo Comarcal del Bierzo","og_description":"Lorena Fern\u00e1ndez, concejala del Ayuntamiento de Toreno, ocupar\u00e1 la vicepresidencia del Consejo Comarcal. El Pleno tambi\u00e9n design\u00f3 a los portavoces de los grupos pol\u00edticos: Susana Folla, del PSOE; Jos\u00e9 Manuel Pereira, del PP, e Iv\u00e1n Alonso, de CB.","og_url":"https:\/\/ccbierzo.com\/el-pleno-aprueba-la-organizacion-retribuciones-y-representantes-en-organos-colegiados\/","og_site_name":"Consejo Comarcal del Bierzo","article_published_time":"2023-07-27T12:17:49+00:00","article_modified_time":"2023-07-27T14:36:21+00:00","og_image":[{"width":2048,"height":1367,"url":"https:\/\/ccbierzo.com\/wp-content\/uploads\/2023\/07\/pleno-organizacion-1-e1690460211755.jpeg","type":"image\/jpeg"}],"author":"Marta Vidal","twitter_card":"summary_large_image","twitter_misc":{"Escrito por":"Marta Vidal","Tempo de lectura":"5 minutos"},"schema":{"@context":"https:\/\/schema.org","@graph":[{"@type":"Article","@id":"https:\/\/ccbierzo.com\/el-pleno-aprueba-la-organizacion-retribuciones-y-representantes-en-organos-colegiados\/#article","isPartOf":{"@id":"https:\/\/ccbierzo.com\/el-pleno-aprueba-la-organizacion-retribuciones-y-representantes-en-organos-colegiados\/"},"author":{"name":"Marta Vidal","@id":"https:\/\/ccbierzo.com\/gl\/#\/schema\/person\/4e9a8395b397b1d4b8695a5274072278"},"headline":"El Pleno aprueba la organizaci\u00f3n, retribuciones y representantes en \u00f3rganos colegiados","datePublished":"2023-07-27T12:17:49+00:00","dateModified":"2023-07-27T14:36:21+00:00","mainEntityOfPage":{"@id":"https:\/\/ccbierzo.com\/el-pleno-aprueba-la-organizacion-retribuciones-y-representantes-en-organos-colegiados\/"},"wordCount":710,"image":{"@id":"https:\/\/ccbierzo.com\/el-pleno-aprueba-la-organizacion-retribuciones-y-representantes-en-organos-colegiados\/#primaryimage"},"thumbnailUrl":"https:\/\/ccbierzo.com\/wp-content\/uploads\/2023\/07\/pleno-organizacion-1-e1690460211755.jpeg","keywords":["Pleno"],"articleSection":["Administraci\u00f3n"],"inLanguage":"gl-ES"},{"@type":"WebPage","@id":"https:\/\/ccbierzo.com\/el-pleno-aprueba-la-organizacion-retribuciones-y-representantes-en-organos-colegiados\/","url":"https:\/\/ccbierzo.com\/el-pleno-aprueba-la-organizacion-retribuciones-y-representantes-en-organos-colegiados\/","name":"El Pleno aprueba la organizaci\u00f3n, retribuciones y representantes en \u00f3rganos colegiados - Consejo Comarcal del Bierzo","isPartOf":{"@id":"https:\/\/ccbierzo.com\/gl\/#website"},"primaryImageOfPage":{"@id":"https:\/\/ccbierzo.com\/el-pleno-aprueba-la-organizacion-retribuciones-y-representantes-en-organos-colegiados\/#primaryimage"},"image":{"@id":"https:\/\/ccbierzo.com\/el-pleno-aprueba-la-organizacion-retribuciones-y-representantes-en-organos-colegiados\/#primaryimage"},"thumbnailUrl":"https:\/\/ccbierzo.com\/wp-content\/uploads\/2023\/07\/pleno-organizacion-1-e1690460211755.jpeg","datePublished":"2023-07-27T12:17:49+00:00","dateModified":"2023-07-27T14:36:21+00:00","author":{"@id":"https:\/\/ccbierzo.com\/gl\/#\/schema\/person\/4e9a8395b397b1d4b8695a5274072278"},"breadcrumb":{"@id":"https:\/\/ccbierzo.com\/el-pleno-aprueba-la-organizacion-retribuciones-y-representantes-en-organos-colegiados\/#breadcrumb"},"inLanguage":"gl-ES","potentialAction":[{"@type":"ReadAction","target":["https:\/\/ccbierzo.com\/el-pleno-aprueba-la-organizacion-retribuciones-y-representantes-en-organos-colegiados\/"]}]},{"@type":"ImageObject","inLanguage":"gl-ES","@id":"https:\/\/ccbierzo.com\/el-pleno-aprueba-la-organizacion-retribuciones-y-representantes-en-organos-colegiados\/#primaryimage","url":"https:\/\/ccbierzo.com\/wp-content\/uploads\/2023\/07\/pleno-organizacion-1-e1690460211755.jpeg","contentUrl":"https:\/\/ccbierzo.com\/wp-content\/uploads\/2023\/07\/pleno-organizacion-1-e1690460211755.jpeg","width":2048,"height":1367},{"@type":"BreadcrumbList","@id":"https:\/\/ccbierzo.com\/el-pleno-aprueba-la-organizacion-retribuciones-y-representantes-en-organos-colegiados\/#breadcrumb","itemListElement":[{"@type":"ListItem","position":1,"name":"Portada","item":"https:\/\/ccbierzo.com\/gl\/"},{"@type":"ListItem","position":2,"name":"El Pleno aprueba la organizaci\u00f3n, retribuciones y representantes en \u00f3rganos colegiados"}]},{"@type":"WebSite","@id":"https:\/\/ccbierzo.com\/gl\/#website","url":"https:\/\/ccbierzo.com\/gl\/","name":"Consejo Comarcal del Bierzo","description":"P\u00e1gina Oficial del Consejo Comarcal del Bierzo","potentialAction":[{"@type":"SearchAction","target":{"@type":"EntryPoint","urlTemplate":"https:\/\/ccbierzo.com\/gl\/?s={search_term_string}"},"query-input":{"@type":"PropertyValueSpecification","valueRequired":true,"valueName":"search_term_string"}}],"inLanguage":"gl-ES"},{"@type":"Person","@id":"https:\/\/ccbierzo.com\/gl\/#\/schema\/person\/4e9a8395b397b1d4b8695a5274072278","name":"Marta Vidal"}]}},"_links":{"self":[{"href":"https:\/\/ccbierzo.com\/gl\/wp-json\/wp\/v2\/posts\/131225","targetHints":{"allow":["GET"]}}],"collection":[{"href":"https:\/\/ccbierzo.com\/gl\/wp-json\/wp\/v2\/posts"}],"about":[{"href":"https:\/\/ccbierzo.com\/gl\/wp-json\/wp\/v2\/types\/post"}],"author":[{"embeddable":true,"href":"https:\/\/ccbierzo.com\/gl\/wp-json\/wp\/v2\/users\/3"}],"replies":[{"embeddable":true,"href":"https:\/\/ccbierzo.com\/gl\/wp-json\/wp\/v2\/comments?post=131225"}],"version-history":[{"count":0,"href":"https:\/\/ccbierzo.com\/gl\/wp-json\/wp\/v2\/posts\/131225\/revisions"}],"wp:featuredmedia":[{"embeddable":true,"href":"https:\/\/ccbierzo.com\/gl\/wp-json\/wp\/v2\/media\/131226"}],"wp:attachment":[{"href":"https:\/\/ccbierzo.com\/gl\/wp-json\/wp\/v2\/media?parent=131225"}],"wp:term":[{"taxonomy":"category","embeddable":true,"href":"https:\/\/ccbierzo.com\/gl\/wp-json\/wp\/v2\/categories?post=131225"},{"taxonomy":"post_tag","embeddable":true,"href":"https:\/\/ccbierzo.com\/gl\/wp-json\/wp\/v2\/tags?post=131225"}],"curies":[{"name":"wp","href":"https:\/\/api.w.org\/{rel}","templated":true}]}}