{"id":131009,"date":"2023-03-30T13:30:25","date_gmt":"2023-03-30T11:30:25","guid":{"rendered":"https:\/\/ccbierzo.com\/?p=131009"},"modified":"2023-03-30T13:48:02","modified_gmt":"2023-03-30T11:48:02","slug":"la-vicepresidenta-del-gobierno-teresa-ribera-se-reune-con-el-consorcio-del-tren-turistico-ponfeblino","status":"publish","type":"post","link":"https:\/\/ccbierzo.com\/gl\/la-vicepresidenta-del-gobierno-teresa-ribera-se-reune-con-el-consorcio-del-tren-turistico-ponfeblino\/","title":{"rendered":"La vicepresidenta del Gobierno Teresa Ribera se re\u00fane con el Consorcio del Tren Tur\u00edstico Ponfeblino"},"content":{"rendered":"\n<p>La vicepresidenta tercera del Gobierno y ministra de Transici\u00f3n Justa y Reto Demogr\u00e1fico, Teresa Ribera, estuvo este mi\u00e9rcoles en El Bierzo para inaugurar <a href=\"https:\/\/latermicacultural.es\/\">La T\u00e9rmica Cultural<\/a> y aprovech\u00f3 su visita para reunirse con los representantes municipales y comarcales que forman parta del <strong>Consorcio del Ponfeblino<\/strong>. El proyecto de recuperaci\u00f3n del antiguo tren minero entre Ponferrada y Villablino como recurso tur\u00edstico recibir\u00e1 4 millones de euros procedentes de las ayudas convocadas por el <a href=\"https:\/\/www.transicionjusta.gob.es\/\">Instituto de la Transici\u00f3n Justa<\/a>, siendo uno de los planes mejor valorados en Espa\u00f1a en la concesi\u00f3n de estas subvenciones. <\/p>\n\n\n\n<p>La presidenta del Consorcio del Tren Tur\u00edstico Ponfeblino y consejera comarcal de Turismo, Alicia Garc\u00eda Tej\u00f3n, recibi\u00f3 a la ministra en <a href=\"http:\/\/www.lafabricadeluz.org\/es\/\">La F\u00e1brica de Luz<\/a> y le mostr\u00f3 la locomotora 8, conocida como la Ponferrada, que se expone en el museo. A continuaci\u00f3n, se unieron <strong>los alcaldes y los presidentes del Consejo Comarcal y de la Diputaci\u00f3n de Le\u00f3n<\/strong>, Gerardo \u00c1lvarez Courel y Eduardo Mor\u00e1n, para participar en la reuni\u00f3n. Teresa Ribera tom\u00f3 nota de las peticiones realizadas por los representantes institucionales.<\/p>\n\n\n\n<div style=\"height:30px\" aria-hidden=\"true\" class=\"wp-block-spacer\"><\/div>\n\n\n\n<figure class=\"wp-block-gallery has-nested-images columns-default is-cropped wp-block-gallery-1 is-layout-flex wp-block-gallery-is-layout-flex\">\n<figure class=\"wp-block-image size-large\"><img loading=\"lazy\" decoding=\"async\" width=\"1024\" height=\"672\" data-id=\"131016\" src=\"https:\/\/ccbierzo.com\/wp-content\/uploads\/2023\/03\/ministraponfeblino6-1024x672.jpeg\" alt=\"\" class=\"wp-image-131016\" srcset=\"https:\/\/ccbierzo.com\/wp-content\/uploads\/2023\/03\/ministraponfeblino6-980x643.jpeg 980w, https:\/\/ccbierzo.com\/wp-content\/uploads\/2023\/03\/ministraponfeblino6-480x315.jpeg 480w\" sizes=\"(min-width: 0px) and (max-width: 480px) 480px, (min-width: 481px) and (max-width: 980px) 980px, (min-width: 981px) 1024px, 100vw\" \/><\/figure>\n\n\n\n<figure class=\"wp-block-image size-large\"><img loading=\"lazy\" decoding=\"async\" width=\"1024\" height=\"747\" data-id=\"131012\" src=\"https:\/\/ccbierzo.com\/wp-content\/uploads\/2023\/03\/ministraponfeblino3-1024x747.jpeg\" alt=\"\" class=\"wp-image-131012\" srcset=\"https:\/\/ccbierzo.com\/wp-content\/uploads\/2023\/03\/ministraponfeblino3-1024x747.jpeg 1024w, https:\/\/ccbierzo.com\/wp-content\/uploads\/2023\/03\/ministraponfeblino3-980x715.jpeg 980w, https:\/\/ccbierzo.com\/wp-content\/uploads\/2023\/03\/ministraponfeblino3-480x350.jpeg 480w\" sizes=\"(min-width: 0px) and (max-width: 480px) 480px, (min-width: 481px) and (max-width: 980px) 980px, (min-width: 981px) 1024px, 100vw\" \/><\/figure>\n\n\n\n<figure class=\"wp-block-image size-large\"><img loading=\"lazy\" decoding=\"async\" width=\"1024\" height=\"658\" data-id=\"131014\" src=\"https:\/\/ccbierzo.com\/wp-content\/uploads\/2023\/03\/ministraponfeblino5-1024x658.jpeg\" alt=\"\" class=\"wp-image-131014\" srcset=\"https:\/\/ccbierzo.com\/wp-content\/uploads\/2023\/03\/ministraponfeblino5-980x630.jpeg 980w, https:\/\/ccbierzo.com\/wp-content\/uploads\/2023\/03\/ministraponfeblino5-480x309.jpeg 480w\" sizes=\"(min-width: 0px) and (max-width: 480px) 480px, (min-width: 481px) and (max-width: 980px) 980px, (min-width: 981px) 1024px, 100vw\" \/><\/figure>\n\n\n\n<figure class=\"wp-block-image size-large\"><img loading=\"lazy\" decoding=\"async\" width=\"1024\" height=\"683\" data-id=\"131010\" src=\"https:\/\/ccbierzo.com\/wp-content\/uploads\/2023\/03\/ministraponfeblino1-1024x683.jpeg\" alt=\"\" class=\"wp-image-131010\" srcset=\"https:\/\/ccbierzo.com\/wp-content\/uploads\/2023\/03\/ministraponfeblino1-980x653.jpeg 980w, https:\/\/ccbierzo.com\/wp-content\/uploads\/2023\/03\/ministraponfeblino1-480x320.jpeg 480w\" sizes=\"(min-width: 0px) and (max-width: 480px) 480px, (min-width: 481px) and (max-width: 980px) 980px, (min-width: 981px) 1024px, 100vw\" \/><\/figure>\n<\/figure>\n","protected":false},"excerpt":{"rendered":"<p>El proyecto recibir\u00e1 una subvenci\u00f3n de 4 millones de euros procedentes del Instituto para la Transici\u00f3n Justa. <\/p>\n","protected":false},"author":3,"featured_media":131016,"comment_status":"closed","ping_status":"open","sticky":false,"template":"","format":"standard","meta":{"_et_pb_use_builder":"","_et_pb_old_content":"","_et_gb_content_width":"","footnotes":""},"categories":[26],"tags":[151],"class_list":["post-131009","post","type-post","status-publish","format-standard","has-post-thumbnail","hentry","category-administracion","tag-ponfeblino"],"yoast_head":"<!-- This site is optimized with the Yoast SEO plugin v27.3 - https:\/\/yoast.com\/product\/yoast-seo-wordpress\/ -->\n<title>La vicepresidenta del Gobierno Teresa Ribera se re\u00fane con el Consorcio del Tren Tur\u00edstico Ponfeblino - Consejo Comarcal del Bierzo<\/title>\n<meta name=\"robots\" content=\"index, follow, max-snippet:-1, max-image-preview:large, max-video-preview:-1\" \/>\n<link rel=\"canonical\" href=\"https:\/\/ccbierzo.com\/la-vicepresidenta-del-gobierno-teresa-ribera-se-reune-con-el-consorcio-del-tren-turistico-ponfeblino\/\" \/>\n<meta property=\"og:locale\" content=\"gl_ES\" \/>\n<meta property=\"og:type\" content=\"article\" \/>\n<meta property=\"og:title\" content=\"La vicepresidenta del Gobierno Teresa Ribera se re\u00fane con el Consorcio del Tren Tur\u00edstico Ponfeblino - Consejo Comarcal del Bierzo\" \/>\n<meta property=\"og:description\" content=\"El proyecto recibir\u00e1 una subvenci\u00f3n de 4 millones de euros procedentes del Instituto para la Transici\u00f3n Justa.\" \/>\n<meta property=\"og:url\" content=\"https:\/\/ccbierzo.com\/la-vicepresidenta-del-gobierno-teresa-ribera-se-reune-con-el-consorcio-del-tren-turistico-ponfeblino\/\" \/>\n<meta property=\"og:site_name\" content=\"Consejo Comarcal del Bierzo\" \/>\n<meta property=\"article:published_time\" content=\"2023-03-30T11:30:25+00:00\" \/>\n<meta property=\"article:modified_time\" content=\"2023-03-30T11:48:02+00:00\" \/>\n<meta property=\"og:image\" content=\"https:\/\/ccbierzo.com\/wp-content\/uploads\/2023\/03\/ministraponfeblino6.jpeg\" \/>\n\t<meta property=\"og:image:width\" content=\"1517\" \/>\n\t<meta property=\"og:image:height\" content=\"996\" \/>\n\t<meta property=\"og:image:type\" content=\"image\/jpeg\" \/>\n<meta name=\"author\" content=\"Marta Vidal\" \/>\n<meta name=\"twitter:card\" content=\"summary_large_image\" \/>\n<meta name=\"twitter:label1\" content=\"Escrito por\" \/>\n\t<meta name=\"twitter:data1\" content=\"Marta Vidal\" \/>\n\t<meta name=\"twitter:label2\" content=\"Tempo de lectura\" \/>\n\t<meta name=\"twitter:data2\" content=\"2 minutos\" \/>\n<script type=\"application\/ld+json\" class=\"yoast-schema-graph\">{\"@context\":\"https:\\\/\\\/schema.org\",\"@graph\":[{\"@type\":\"Article\",\"@id\":\"https:\\\/\\\/ccbierzo.com\\\/la-vicepresidenta-del-gobierno-teresa-ribera-se-reune-con-el-consorcio-del-tren-turistico-ponfeblino\\\/#article\",\"isPartOf\":{\"@id\":\"https:\\\/\\\/ccbierzo.com\\\/la-vicepresidenta-del-gobierno-teresa-ribera-se-reune-con-el-consorcio-del-tren-turistico-ponfeblino\\\/\"},\"author\":{\"name\":\"Marta Vidal\",\"@id\":\"https:\\\/\\\/ccbierzo.com\\\/gl\\\/#\\\/schema\\\/person\\\/4e9a8395b397b1d4b8695a5274072278\"},\"headline\":\"La vicepresidenta del Gobierno Teresa Ribera se re\u00fane con el Consorcio del Tren Tur\u00edstico Ponfeblino\",\"datePublished\":\"2023-03-30T11:30:25+00:00\",\"dateModified\":\"2023-03-30T11:48:02+00:00\",\"mainEntityOfPage\":{\"@id\":\"https:\\\/\\\/ccbierzo.com\\\/la-vicepresidenta-del-gobierno-teresa-ribera-se-reune-con-el-consorcio-del-tren-turistico-ponfeblino\\\/\"},\"wordCount\":207,\"image\":{\"@id\":\"https:\\\/\\\/ccbierzo.com\\\/la-vicepresidenta-del-gobierno-teresa-ribera-se-reune-con-el-consorcio-del-tren-turistico-ponfeblino\\\/#primaryimage\"},\"thumbnailUrl\":\"https:\\\/\\\/ccbierzo.com\\\/wp-content\\\/uploads\\\/2023\\\/03\\\/ministraponfeblino6.jpeg\",\"keywords\":[\"Ponfeblino\"],\"articleSection\":[\"Administraci\u00f3n\"],\"inLanguage\":\"gl-ES\"},{\"@type\":\"WebPage\",\"@id\":\"https:\\\/\\\/ccbierzo.com\\\/la-vicepresidenta-del-gobierno-teresa-ribera-se-reune-con-el-consorcio-del-tren-turistico-ponfeblino\\\/\",\"url\":\"https:\\\/\\\/ccbierzo.com\\\/la-vicepresidenta-del-gobierno-teresa-ribera-se-reune-con-el-consorcio-del-tren-turistico-ponfeblino\\\/\",\"name\":\"La vicepresidenta del Gobierno Teresa Ribera se re\u00fane con el Consorcio del Tren Tur\u00edstico Ponfeblino - Consejo Comarcal del Bierzo\",\"isPartOf\":{\"@id\":\"https:\\\/\\\/ccbierzo.com\\\/gl\\\/#website\"},\"primaryImageOfPage\":{\"@id\":\"https:\\\/\\\/ccbierzo.com\\\/la-vicepresidenta-del-gobierno-teresa-ribera-se-reune-con-el-consorcio-del-tren-turistico-ponfeblino\\\/#primaryimage\"},\"image\":{\"@id\":\"https:\\\/\\\/ccbierzo.com\\\/la-vicepresidenta-del-gobierno-teresa-ribera-se-reune-con-el-consorcio-del-tren-turistico-ponfeblino\\\/#primaryimage\"},\"thumbnailUrl\":\"https:\\\/\\\/ccbierzo.com\\\/wp-content\\\/uploads\\\/2023\\\/03\\\/ministraponfeblino6.jpeg\",\"datePublished\":\"2023-03-30T11:30:25+00:00\",\"dateModified\":\"2023-03-30T11:48:02+00:00\",\"author\":{\"@id\":\"https:\\\/\\\/ccbierzo.com\\\/gl\\\/#\\\/schema\\\/person\\\/4e9a8395b397b1d4b8695a5274072278\"},\"breadcrumb\":{\"@id\":\"https:\\\/\\\/ccbierzo.com\\\/la-vicepresidenta-del-gobierno-teresa-ribera-se-reune-con-el-consorcio-del-tren-turistico-ponfeblino\\\/#breadcrumb\"},\"inLanguage\":\"gl-ES\",\"potentialAction\":[{\"@type\":\"ReadAction\",\"target\":[\"https:\\\/\\\/ccbierzo.com\\\/la-vicepresidenta-del-gobierno-teresa-ribera-se-reune-con-el-consorcio-del-tren-turistico-ponfeblino\\\/\"]}]},{\"@type\":\"ImageObject\",\"inLanguage\":\"gl-ES\",\"@id\":\"https:\\\/\\\/ccbierzo.com\\\/la-vicepresidenta-del-gobierno-teresa-ribera-se-reune-con-el-consorcio-del-tren-turistico-ponfeblino\\\/#primaryimage\",\"url\":\"https:\\\/\\\/ccbierzo.com\\\/wp-content\\\/uploads\\\/2023\\\/03\\\/ministraponfeblino6.jpeg\",\"contentUrl\":\"https:\\\/\\\/ccbierzo.com\\\/wp-content\\\/uploads\\\/2023\\\/03\\\/ministraponfeblino6.jpeg\",\"width\":1517,\"height\":996},{\"@type\":\"BreadcrumbList\",\"@id\":\"https:\\\/\\\/ccbierzo.com\\\/la-vicepresidenta-del-gobierno-teresa-ribera-se-reune-con-el-consorcio-del-tren-turistico-ponfeblino\\\/#breadcrumb\",\"itemListElement\":[{\"@type\":\"ListItem\",\"position\":1,\"name\":\"Portada\",\"item\":\"https:\\\/\\\/ccbierzo.com\\\/gl\\\/\"},{\"@type\":\"ListItem\",\"position\":2,\"name\":\"La vicepresidenta del Gobierno Teresa Ribera se re\u00fane con el Consorcio del Tren Tur\u00edstico Ponfeblino\"}]},{\"@type\":\"WebSite\",\"@id\":\"https:\\\/\\\/ccbierzo.com\\\/gl\\\/#website\",\"url\":\"https:\\\/\\\/ccbierzo.com\\\/gl\\\/\",\"name\":\"Consejo Comarcal del Bierzo\",\"description\":\"P\u00e1gina Oficial del Consejo Comarcal del Bierzo\",\"potentialAction\":[{\"@type\":\"SearchAction\",\"target\":{\"@type\":\"EntryPoint\",\"urlTemplate\":\"https:\\\/\\\/ccbierzo.com\\\/gl\\\/?s={search_term_string}\"},\"query-input\":{\"@type\":\"PropertyValueSpecification\",\"valueRequired\":true,\"valueName\":\"search_term_string\"}}],\"inLanguage\":\"gl-ES\"},{\"@type\":\"Person\",\"@id\":\"https:\\\/\\\/ccbierzo.com\\\/gl\\\/#\\\/schema\\\/person\\\/4e9a8395b397b1d4b8695a5274072278\",\"name\":\"Marta Vidal\"}]}<\/script>\n<!-- \/ Yoast SEO plugin. -->","yoast_head_json":{"title":"La vicepresidenta del Gobierno Teresa Ribera se re\u00fane con el Consorcio del Tren Tur\u00edstico Ponfeblino - Consejo Comarcal del Bierzo","robots":{"index":"index","follow":"follow","max-snippet":"max-snippet:-1","max-image-preview":"max-image-preview:large","max-video-preview":"max-video-preview:-1"},"canonical":"https:\/\/ccbierzo.com\/la-vicepresidenta-del-gobierno-teresa-ribera-se-reune-con-el-consorcio-del-tren-turistico-ponfeblino\/","og_locale":"gl_ES","og_type":"article","og_title":"La vicepresidenta del Gobierno Teresa Ribera se re\u00fane con el Consorcio del Tren Tur\u00edstico Ponfeblino - Consejo Comarcal del Bierzo","og_description":"El proyecto recibir\u00e1 una subvenci\u00f3n de 4 millones de euros procedentes del Instituto para la Transici\u00f3n Justa.","og_url":"https:\/\/ccbierzo.com\/la-vicepresidenta-del-gobierno-teresa-ribera-se-reune-con-el-consorcio-del-tren-turistico-ponfeblino\/","og_site_name":"Consejo Comarcal del Bierzo","article_published_time":"2023-03-30T11:30:25+00:00","article_modified_time":"2023-03-30T11:48:02+00:00","og_image":[{"width":1517,"height":996,"url":"https:\/\/ccbierzo.com\/wp-content\/uploads\/2023\/03\/ministraponfeblino6.jpeg","type":"image\/jpeg"}],"author":"Marta Vidal","twitter_card":"summary_large_image","twitter_misc":{"Escrito por":"Marta Vidal","Tempo de lectura":"2 minutos"},"schema":{"@context":"https:\/\/schema.org","@graph":[{"@type":"Article","@id":"https:\/\/ccbierzo.com\/la-vicepresidenta-del-gobierno-teresa-ribera-se-reune-con-el-consorcio-del-tren-turistico-ponfeblino\/#article","isPartOf":{"@id":"https:\/\/ccbierzo.com\/la-vicepresidenta-del-gobierno-teresa-ribera-se-reune-con-el-consorcio-del-tren-turistico-ponfeblino\/"},"author":{"name":"Marta Vidal","@id":"https:\/\/ccbierzo.com\/gl\/#\/schema\/person\/4e9a8395b397b1d4b8695a5274072278"},"headline":"La vicepresidenta del Gobierno Teresa Ribera se re\u00fane con el Consorcio del Tren Tur\u00edstico Ponfeblino","datePublished":"2023-03-30T11:30:25+00:00","dateModified":"2023-03-30T11:48:02+00:00","mainEntityOfPage":{"@id":"https:\/\/ccbierzo.com\/la-vicepresidenta-del-gobierno-teresa-ribera-se-reune-con-el-consorcio-del-tren-turistico-ponfeblino\/"},"wordCount":207,"image":{"@id":"https:\/\/ccbierzo.com\/la-vicepresidenta-del-gobierno-teresa-ribera-se-reune-con-el-consorcio-del-tren-turistico-ponfeblino\/#primaryimage"},"thumbnailUrl":"https:\/\/ccbierzo.com\/wp-content\/uploads\/2023\/03\/ministraponfeblino6.jpeg","keywords":["Ponfeblino"],"articleSection":["Administraci\u00f3n"],"inLanguage":"gl-ES"},{"@type":"WebPage","@id":"https:\/\/ccbierzo.com\/la-vicepresidenta-del-gobierno-teresa-ribera-se-reune-con-el-consorcio-del-tren-turistico-ponfeblino\/","url":"https:\/\/ccbierzo.com\/la-vicepresidenta-del-gobierno-teresa-ribera-se-reune-con-el-consorcio-del-tren-turistico-ponfeblino\/","name":"La vicepresidenta del Gobierno Teresa Ribera se re\u00fane con el Consorcio del Tren Tur\u00edstico Ponfeblino - Consejo Comarcal del Bierzo","isPartOf":{"@id":"https:\/\/ccbierzo.com\/gl\/#website"},"primaryImageOfPage":{"@id":"https:\/\/ccbierzo.com\/la-vicepresidenta-del-gobierno-teresa-ribera-se-reune-con-el-consorcio-del-tren-turistico-ponfeblino\/#primaryimage"},"image":{"@id":"https:\/\/ccbierzo.com\/la-vicepresidenta-del-gobierno-teresa-ribera-se-reune-con-el-consorcio-del-tren-turistico-ponfeblino\/#primaryimage"},"thumbnailUrl":"https:\/\/ccbierzo.com\/wp-content\/uploads\/2023\/03\/ministraponfeblino6.jpeg","datePublished":"2023-03-30T11:30:25+00:00","dateModified":"2023-03-30T11:48:02+00:00","author":{"@id":"https:\/\/ccbierzo.com\/gl\/#\/schema\/person\/4e9a8395b397b1d4b8695a5274072278"},"breadcrumb":{"@id":"https:\/\/ccbierzo.com\/la-vicepresidenta-del-gobierno-teresa-ribera-se-reune-con-el-consorcio-del-tren-turistico-ponfeblino\/#breadcrumb"},"inLanguage":"gl-ES","potentialAction":[{"@type":"ReadAction","target":["https:\/\/ccbierzo.com\/la-vicepresidenta-del-gobierno-teresa-ribera-se-reune-con-el-consorcio-del-tren-turistico-ponfeblino\/"]}]},{"@type":"ImageObject","inLanguage":"gl-ES","@id":"https:\/\/ccbierzo.com\/la-vicepresidenta-del-gobierno-teresa-ribera-se-reune-con-el-consorcio-del-tren-turistico-ponfeblino\/#primaryimage","url":"https:\/\/ccbierzo.com\/wp-content\/uploads\/2023\/03\/ministraponfeblino6.jpeg","contentUrl":"https:\/\/ccbierzo.com\/wp-content\/uploads\/2023\/03\/ministraponfeblino6.jpeg","width":1517,"height":996},{"@type":"BreadcrumbList","@id":"https:\/\/ccbierzo.com\/la-vicepresidenta-del-gobierno-teresa-ribera-se-reune-con-el-consorcio-del-tren-turistico-ponfeblino\/#breadcrumb","itemListElement":[{"@type":"ListItem","position":1,"name":"Portada","item":"https:\/\/ccbierzo.com\/gl\/"},{"@type":"ListItem","position":2,"name":"La vicepresidenta del Gobierno Teresa Ribera se re\u00fane con el Consorcio del Tren Tur\u00edstico Ponfeblino"}]},{"@type":"WebSite","@id":"https:\/\/ccbierzo.com\/gl\/#website","url":"https:\/\/ccbierzo.com\/gl\/","name":"Consejo Comarcal del Bierzo","description":"P\u00e1gina Oficial del Consejo Comarcal del Bierzo","potentialAction":[{"@type":"SearchAction","target":{"@type":"EntryPoint","urlTemplate":"https:\/\/ccbierzo.com\/gl\/?s={search_term_string}"},"query-input":{"@type":"PropertyValueSpecification","valueRequired":true,"valueName":"search_term_string"}}],"inLanguage":"gl-ES"},{"@type":"Person","@id":"https:\/\/ccbierzo.com\/gl\/#\/schema\/person\/4e9a8395b397b1d4b8695a5274072278","name":"Marta Vidal"}]}},"_links":{"self":[{"href":"https:\/\/ccbierzo.com\/gl\/wp-json\/wp\/v2\/posts\/131009","targetHints":{"allow":["GET"]}}],"collection":[{"href":"https:\/\/ccbierzo.com\/gl\/wp-json\/wp\/v2\/posts"}],"about":[{"href":"https:\/\/ccbierzo.com\/gl\/wp-json\/wp\/v2\/types\/post"}],"author":[{"embeddable":true,"href":"https:\/\/ccbierzo.com\/gl\/wp-json\/wp\/v2\/users\/3"}],"replies":[{"embeddable":true,"href":"https:\/\/ccbierzo.com\/gl\/wp-json\/wp\/v2\/comments?post=131009"}],"version-history":[{"count":0,"href":"https:\/\/ccbierzo.com\/gl\/wp-json\/wp\/v2\/posts\/131009\/revisions"}],"wp:featuredmedia":[{"embeddable":true,"href":"https:\/\/ccbierzo.com\/gl\/wp-json\/wp\/v2\/media\/131016"}],"wp:attachment":[{"href":"https:\/\/ccbierzo.com\/gl\/wp-json\/wp\/v2\/media?parent=131009"}],"wp:term":[{"taxonomy":"category","embeddable":true,"href":"https:\/\/ccbierzo.com\/gl\/wp-json\/wp\/v2\/categories?post=131009"},{"taxonomy":"post_tag","embeddable":true,"href":"https:\/\/ccbierzo.com\/gl\/wp-json\/wp\/v2\/tags?post=131009"}],"curies":[{"name":"wp","href":"https:\/\/api.w.org\/{rel}","templated":true}]}}