{"id":130979,"date":"2023-03-24T13:22:28","date_gmt":"2023-03-24T12:22:28","guid":{"rendered":"https:\/\/ccbierzo.com\/?p=130979"},"modified":"2023-03-24T13:22:32","modified_gmt":"2023-03-24T12:22:32","slug":"el-banco-de-tierras-y-alimentos-de-calidad-del-bierzo-inician-la-septima-campana-para-fomentar-la-horticultura","status":"publish","type":"post","link":"https:\/\/ccbierzo.com\/gl\/el-banco-de-tierras-y-alimentos-de-calidad-del-bierzo-inician-la-septima-campana-para-fomentar-la-horticultura\/","title":{"rendered":"El Banco de Tierras y Alimentos de Calidad del Bierzo inician la s\u00e9ptima campa\u00f1a para fomentar la horticultura"},"content":{"rendered":"\n<p>El presidente del Consejo Comarcal, Gerardo \u00c1lvarez Courel, la gerente del <a href=\"https:\/\/www.bancodetierrasdelbierzo.es\/\" target=\"_blank\" rel=\"noreferrer noopener\">Banco de Tierras<\/a>, Beatriz Anievas, y el director t\u00e9cnico de <a href=\"https:\/\/alimentosdecalidadbierzo.es\/\" target=\"_blank\" rel=\"noreferrer noopener\">Alimentos de Calidad del Bierzo<\/a>, Pablo Linares, presentaron este viernes la campa\u00f1a para <strong>fomentar el cultivo profesional del pimiento y otras hortalizas<\/strong>. Se trata de la s\u00e9ptima edici\u00f3n e incorpora algunas novedades como, por ejemplo, la impartici\u00f3n de un<strong> curso pr\u00e1ctico<\/strong> en las fincas de los propios agricultores y agricultoras. Otro a\u00f1os la formaci\u00f3n se hab\u00eda desarrollado en una parcela ubicada en Villaverde de la Abad\u00eda (Carracedelo).<\/p>\n\n\n\n<p>Adem\u00e1s de esta novedad, el Consejo Comarcal ofrece otros <strong>servicios gratuitos<\/strong> para animar a personas emprendedoras a sumarse a la actividad agr\u00edcola. Entre ellas, el asesoramiento t\u00e9cnico, jur\u00eddico y formativo; el pr\u00e9stamo de maquinar\u00eda agr\u00edcola y el an\u00e1lisis del suelo. Otra de las actuaciones, confirmadas por el presidente del Consejo Comarcal, es la limpieza de 12 hect\u00e1reas de terreno destinado a la horticultura. <\/p>\n\n\n\n<p>Seg\u00fan explic\u00f3 la gerente del Banco de Tierras, actualmente el 30% de las fincas gestionadas se dedican al cultivo de hortalizas y el principal objetivo de la campa\u00f1a es incrementar el n\u00famero de hect\u00e1reas e incorporar a nuevos emprendedores. Por este motivo, otra de las actuaciones contempladas en la campa\u00f1a es el <strong>programa de tutorizaci\u00f3n y acompa\u00f1amiento, <\/strong>que realizar\u00e1n los socios de <strong>Huertas del Sil<\/strong>.<\/p>\n\n\n\n<p>El presidente del Consejo, Gerardo \u00c1lvarez Courel, finaliz\u00f3 su intervenci\u00f3n animando a las personas propietarias de fincas en desuso y quienes quieran iniciar una actividad agr\u00edcola a que acudan al Banco de Tierras.<\/p>\n\n\n\n<div style=\"height:30px\" aria-hidden=\"true\" class=\"wp-block-spacer\"><\/div>\n\n\n\n<figure class=\"wp-block-gallery has-nested-images columns-default is-cropped wp-block-gallery-1 is-layout-flex wp-block-gallery-is-layout-flex\">\n<figure class=\"wp-block-image size-large\"><img loading=\"lazy\" decoding=\"async\" width=\"1024\" height=\"683\" data-id=\"130980\" src=\"https:\/\/ccbierzo.com\/wp-content\/uploads\/2023\/03\/rp-horticola1-1024x683.jpg\" alt=\"\" class=\"wp-image-130980\" srcset=\"https:\/\/ccbierzo.com\/wp-content\/uploads\/2023\/03\/rp-horticola1-980x653.jpg 980w, https:\/\/ccbierzo.com\/wp-content\/uploads\/2023\/03\/rp-horticola1-480x320.jpg 480w\" sizes=\"(min-width: 0px) and (max-width: 480px) 480px, (min-width: 481px) and (max-width: 980px) 980px, (min-width: 981px) 1024px, 100vw\" \/><\/figure>\n\n\n\n<figure class=\"wp-block-image size-large\"><img loading=\"lazy\" decoding=\"async\" width=\"1024\" height=\"683\" data-id=\"130982\" src=\"https:\/\/ccbierzo.com\/wp-content\/uploads\/2023\/03\/rp-horticola2-1024x683.jpg\" alt=\"\" class=\"wp-image-130982\" srcset=\"https:\/\/ccbierzo.com\/wp-content\/uploads\/2023\/03\/rp-horticola2-980x653.jpg 980w, https:\/\/ccbierzo.com\/wp-content\/uploads\/2023\/03\/rp-horticola2-480x320.jpg 480w\" sizes=\"(min-width: 0px) and (max-width: 480px) 480px, (min-width: 481px) and (max-width: 980px) 980px, (min-width: 981px) 1024px, 100vw\" \/><\/figure>\n\n\n\n<figure class=\"wp-block-image size-large\"><img loading=\"lazy\" decoding=\"async\" width=\"1024\" height=\"683\" data-id=\"130984\" src=\"https:\/\/ccbierzo.com\/wp-content\/uploads\/2023\/03\/rp-horticola3-1024x683.jpg\" alt=\"\" class=\"wp-image-130984\" srcset=\"https:\/\/ccbierzo.com\/wp-content\/uploads\/2023\/03\/rp-horticola3-980x653.jpg 980w, https:\/\/ccbierzo.com\/wp-content\/uploads\/2023\/03\/rp-horticola3-480x320.jpg 480w\" sizes=\"(min-width: 0px) and (max-width: 480px) 480px, (min-width: 481px) and (max-width: 980px) 980px, (min-width: 981px) 1024px, 100vw\" \/><\/figure>\n<\/figure>\n\n\n\n<div style=\"height:30px\" aria-hidden=\"true\" class=\"wp-block-spacer\"><\/div>\n\n\n\n<figure class=\"wp-block-image aligncenter size-large is-resized\"><img loading=\"lazy\" decoding=\"async\" src=\"https:\/\/ccbierzo.com\/wp-content\/uploads\/2023\/03\/anuncio-horticola-prensa2023-web-736x1024.jpg\" alt=\"\" class=\"wp-image-130986\" width=\"552\" height=\"768\"\/><figcaption class=\"wp-element-caption\">Cartel de la campa\u00f1a &#8216;Da valor a tu tierra&#8230;da vida a tu gente&#8217;.<\/figcaption><\/figure>\n","protected":false},"excerpt":{"rendered":"<p>El presidente del Consejo Comarcal inform\u00f3 este viernes de las principales novedades. Una de ellas ser\u00e1 un curso que se desarrollar\u00e1 en las fincas del alumnado. <\/p>\n","protected":false},"author":3,"featured_media":130980,"comment_status":"closed","ping_status":"open","sticky":false,"template":"","format":"standard","meta":{"_et_pb_use_builder":"","_et_pb_old_content":"","_et_gb_content_width":"","footnotes":""},"categories":[396],"tags":[573,62],"class_list":["post-130979","post","type-post","status-publish","format-standard","has-post-thumbnail","hentry","category-banco-de-tierras","tag-alimentos-de-calidad-del-bierzo","tag-banco-de-tierras-de-el-bierzo"],"yoast_head":"<!-- This site is optimized with the Yoast SEO plugin v27.3 - https:\/\/yoast.com\/product\/yoast-seo-wordpress\/ -->\n<title>El Banco de Tierras y Alimentos de Calidad del Bierzo inician la s\u00e9ptima campa\u00f1a para fomentar la horticultura - Consejo Comarcal del Bierzo<\/title>\n<meta name=\"robots\" content=\"index, follow, max-snippet:-1, max-image-preview:large, max-video-preview:-1\" \/>\n<link rel=\"canonical\" href=\"https:\/\/ccbierzo.com\/el-banco-de-tierras-y-alimentos-de-calidad-del-bierzo-inician-la-septima-campana-para-fomentar-la-horticultura\/\" \/>\n<meta property=\"og:locale\" content=\"gl_ES\" \/>\n<meta property=\"og:type\" content=\"article\" \/>\n<meta property=\"og:title\" content=\"El Banco de Tierras y Alimentos de Calidad del Bierzo inician la s\u00e9ptima campa\u00f1a para fomentar la horticultura - Consejo Comarcal del Bierzo\" \/>\n<meta property=\"og:description\" content=\"El presidente del Consejo Comarcal inform\u00f3 este viernes de las principales novedades. Una de ellas ser\u00e1 un curso que se desarrollar\u00e1 en las fincas del alumnado.\" \/>\n<meta property=\"og:url\" content=\"https:\/\/ccbierzo.com\/el-banco-de-tierras-y-alimentos-de-calidad-del-bierzo-inician-la-septima-campana-para-fomentar-la-horticultura\/\" \/>\n<meta property=\"og:site_name\" content=\"Consejo Comarcal del Bierzo\" \/>\n<meta property=\"article:published_time\" content=\"2023-03-24T12:22:28+00:00\" \/>\n<meta property=\"article:modified_time\" content=\"2023-03-24T12:22:32+00:00\" \/>\n<meta property=\"og:image\" content=\"https:\/\/ccbierzo.com\/wp-content\/uploads\/2023\/03\/rp-horticola1.jpg\" \/>\n\t<meta property=\"og:image:width\" content=\"1500\" \/>\n\t<meta property=\"og:image:height\" content=\"1000\" \/>\n\t<meta property=\"og:image:type\" content=\"image\/jpeg\" \/>\n<meta name=\"author\" content=\"Marta Vidal\" \/>\n<meta name=\"twitter:card\" content=\"summary_large_image\" \/>\n<meta name=\"twitter:label1\" content=\"Escrito por\" \/>\n\t<meta name=\"twitter:data1\" content=\"Marta Vidal\" \/>\n\t<meta name=\"twitter:label2\" content=\"Tempo de lectura\" \/>\n\t<meta name=\"twitter:data2\" content=\"3 minutos\" \/>\n<script type=\"application\/ld+json\" class=\"yoast-schema-graph\">{\"@context\":\"https:\\\/\\\/schema.org\",\"@graph\":[{\"@type\":\"Article\",\"@id\":\"https:\\\/\\\/ccbierzo.com\\\/el-banco-de-tierras-y-alimentos-de-calidad-del-bierzo-inician-la-septima-campana-para-fomentar-la-horticultura\\\/#article\",\"isPartOf\":{\"@id\":\"https:\\\/\\\/ccbierzo.com\\\/el-banco-de-tierras-y-alimentos-de-calidad-del-bierzo-inician-la-septima-campana-para-fomentar-la-horticultura\\\/\"},\"author\":{\"name\":\"Marta Vidal\",\"@id\":\"https:\\\/\\\/ccbierzo.com\\\/gl\\\/#\\\/schema\\\/person\\\/4e9a8395b397b1d4b8695a5274072278\"},\"headline\":\"El Banco de Tierras y Alimentos de Calidad del Bierzo inician la s\u00e9ptima campa\u00f1a para fomentar la horticultura\",\"datePublished\":\"2023-03-24T12:22:28+00:00\",\"dateModified\":\"2023-03-24T12:22:32+00:00\",\"mainEntityOfPage\":{\"@id\":\"https:\\\/\\\/ccbierzo.com\\\/el-banco-de-tierras-y-alimentos-de-calidad-del-bierzo-inician-la-septima-campana-para-fomentar-la-horticultura\\\/\"},\"wordCount\":311,\"image\":{\"@id\":\"https:\\\/\\\/ccbierzo.com\\\/el-banco-de-tierras-y-alimentos-de-calidad-del-bierzo-inician-la-septima-campana-para-fomentar-la-horticultura\\\/#primaryimage\"},\"thumbnailUrl\":\"https:\\\/\\\/ccbierzo.com\\\/wp-content\\\/uploads\\\/2023\\\/03\\\/rp-horticola1.jpg\",\"keywords\":[\"Alimentos de Calidad del Bierzo\",\"Banco de Tierras de El Bierzo\"],\"articleSection\":[\"Banco de Tierras\"],\"inLanguage\":\"gl-ES\"},{\"@type\":\"WebPage\",\"@id\":\"https:\\\/\\\/ccbierzo.com\\\/el-banco-de-tierras-y-alimentos-de-calidad-del-bierzo-inician-la-septima-campana-para-fomentar-la-horticultura\\\/\",\"url\":\"https:\\\/\\\/ccbierzo.com\\\/el-banco-de-tierras-y-alimentos-de-calidad-del-bierzo-inician-la-septima-campana-para-fomentar-la-horticultura\\\/\",\"name\":\"El Banco de Tierras y Alimentos de Calidad del Bierzo inician la s\u00e9ptima campa\u00f1a para fomentar la horticultura - Consejo Comarcal del Bierzo\",\"isPartOf\":{\"@id\":\"https:\\\/\\\/ccbierzo.com\\\/gl\\\/#website\"},\"primaryImageOfPage\":{\"@id\":\"https:\\\/\\\/ccbierzo.com\\\/el-banco-de-tierras-y-alimentos-de-calidad-del-bierzo-inician-la-septima-campana-para-fomentar-la-horticultura\\\/#primaryimage\"},\"image\":{\"@id\":\"https:\\\/\\\/ccbierzo.com\\\/el-banco-de-tierras-y-alimentos-de-calidad-del-bierzo-inician-la-septima-campana-para-fomentar-la-horticultura\\\/#primaryimage\"},\"thumbnailUrl\":\"https:\\\/\\\/ccbierzo.com\\\/wp-content\\\/uploads\\\/2023\\\/03\\\/rp-horticola1.jpg\",\"datePublished\":\"2023-03-24T12:22:28+00:00\",\"dateModified\":\"2023-03-24T12:22:32+00:00\",\"author\":{\"@id\":\"https:\\\/\\\/ccbierzo.com\\\/gl\\\/#\\\/schema\\\/person\\\/4e9a8395b397b1d4b8695a5274072278\"},\"breadcrumb\":{\"@id\":\"https:\\\/\\\/ccbierzo.com\\\/el-banco-de-tierras-y-alimentos-de-calidad-del-bierzo-inician-la-septima-campana-para-fomentar-la-horticultura\\\/#breadcrumb\"},\"inLanguage\":\"gl-ES\",\"potentialAction\":[{\"@type\":\"ReadAction\",\"target\":[\"https:\\\/\\\/ccbierzo.com\\\/el-banco-de-tierras-y-alimentos-de-calidad-del-bierzo-inician-la-septima-campana-para-fomentar-la-horticultura\\\/\"]}]},{\"@type\":\"ImageObject\",\"inLanguage\":\"gl-ES\",\"@id\":\"https:\\\/\\\/ccbierzo.com\\\/el-banco-de-tierras-y-alimentos-de-calidad-del-bierzo-inician-la-septima-campana-para-fomentar-la-horticultura\\\/#primaryimage\",\"url\":\"https:\\\/\\\/ccbierzo.com\\\/wp-content\\\/uploads\\\/2023\\\/03\\\/rp-horticola1.jpg\",\"contentUrl\":\"https:\\\/\\\/ccbierzo.com\\\/wp-content\\\/uploads\\\/2023\\\/03\\\/rp-horticola1.jpg\",\"width\":1500,\"height\":1000},{\"@type\":\"BreadcrumbList\",\"@id\":\"https:\\\/\\\/ccbierzo.com\\\/el-banco-de-tierras-y-alimentos-de-calidad-del-bierzo-inician-la-septima-campana-para-fomentar-la-horticultura\\\/#breadcrumb\",\"itemListElement\":[{\"@type\":\"ListItem\",\"position\":1,\"name\":\"Portada\",\"item\":\"https:\\\/\\\/ccbierzo.com\\\/gl\\\/\"},{\"@type\":\"ListItem\",\"position\":2,\"name\":\"El Banco de Tierras y Alimentos de Calidad del Bierzo inician la s\u00e9ptima campa\u00f1a para fomentar la horticultura\"}]},{\"@type\":\"WebSite\",\"@id\":\"https:\\\/\\\/ccbierzo.com\\\/gl\\\/#website\",\"url\":\"https:\\\/\\\/ccbierzo.com\\\/gl\\\/\",\"name\":\"Consejo Comarcal del Bierzo\",\"description\":\"P\u00e1gina Oficial del Consejo Comarcal del Bierzo\",\"potentialAction\":[{\"@type\":\"SearchAction\",\"target\":{\"@type\":\"EntryPoint\",\"urlTemplate\":\"https:\\\/\\\/ccbierzo.com\\\/gl\\\/?s={search_term_string}\"},\"query-input\":{\"@type\":\"PropertyValueSpecification\",\"valueRequired\":true,\"valueName\":\"search_term_string\"}}],\"inLanguage\":\"gl-ES\"},{\"@type\":\"Person\",\"@id\":\"https:\\\/\\\/ccbierzo.com\\\/gl\\\/#\\\/schema\\\/person\\\/4e9a8395b397b1d4b8695a5274072278\",\"name\":\"Marta Vidal\"}]}<\/script>\n<!-- \/ Yoast SEO plugin. -->","yoast_head_json":{"title":"El Banco de Tierras y Alimentos de Calidad del Bierzo inician la s\u00e9ptima campa\u00f1a para fomentar la horticultura - Consejo Comarcal del Bierzo","robots":{"index":"index","follow":"follow","max-snippet":"max-snippet:-1","max-image-preview":"max-image-preview:large","max-video-preview":"max-video-preview:-1"},"canonical":"https:\/\/ccbierzo.com\/el-banco-de-tierras-y-alimentos-de-calidad-del-bierzo-inician-la-septima-campana-para-fomentar-la-horticultura\/","og_locale":"gl_ES","og_type":"article","og_title":"El Banco de Tierras y Alimentos de Calidad del Bierzo inician la s\u00e9ptima campa\u00f1a para fomentar la horticultura - Consejo Comarcal del Bierzo","og_description":"El presidente del Consejo Comarcal inform\u00f3 este viernes de las principales novedades. Una de ellas ser\u00e1 un curso que se desarrollar\u00e1 en las fincas del alumnado.","og_url":"https:\/\/ccbierzo.com\/el-banco-de-tierras-y-alimentos-de-calidad-del-bierzo-inician-la-septima-campana-para-fomentar-la-horticultura\/","og_site_name":"Consejo Comarcal del Bierzo","article_published_time":"2023-03-24T12:22:28+00:00","article_modified_time":"2023-03-24T12:22:32+00:00","og_image":[{"width":1500,"height":1000,"url":"https:\/\/ccbierzo.com\/wp-content\/uploads\/2023\/03\/rp-horticola1.jpg","type":"image\/jpeg"}],"author":"Marta Vidal","twitter_card":"summary_large_image","twitter_misc":{"Escrito por":"Marta Vidal","Tempo de lectura":"3 minutos"},"schema":{"@context":"https:\/\/schema.org","@graph":[{"@type":"Article","@id":"https:\/\/ccbierzo.com\/el-banco-de-tierras-y-alimentos-de-calidad-del-bierzo-inician-la-septima-campana-para-fomentar-la-horticultura\/#article","isPartOf":{"@id":"https:\/\/ccbierzo.com\/el-banco-de-tierras-y-alimentos-de-calidad-del-bierzo-inician-la-septima-campana-para-fomentar-la-horticultura\/"},"author":{"name":"Marta Vidal","@id":"https:\/\/ccbierzo.com\/gl\/#\/schema\/person\/4e9a8395b397b1d4b8695a5274072278"},"headline":"El Banco de Tierras y Alimentos de Calidad del Bierzo inician la s\u00e9ptima campa\u00f1a para fomentar la horticultura","datePublished":"2023-03-24T12:22:28+00:00","dateModified":"2023-03-24T12:22:32+00:00","mainEntityOfPage":{"@id":"https:\/\/ccbierzo.com\/el-banco-de-tierras-y-alimentos-de-calidad-del-bierzo-inician-la-septima-campana-para-fomentar-la-horticultura\/"},"wordCount":311,"image":{"@id":"https:\/\/ccbierzo.com\/el-banco-de-tierras-y-alimentos-de-calidad-del-bierzo-inician-la-septima-campana-para-fomentar-la-horticultura\/#primaryimage"},"thumbnailUrl":"https:\/\/ccbierzo.com\/wp-content\/uploads\/2023\/03\/rp-horticola1.jpg","keywords":["Alimentos de Calidad del Bierzo","Banco de Tierras de El Bierzo"],"articleSection":["Banco de Tierras"],"inLanguage":"gl-ES"},{"@type":"WebPage","@id":"https:\/\/ccbierzo.com\/el-banco-de-tierras-y-alimentos-de-calidad-del-bierzo-inician-la-septima-campana-para-fomentar-la-horticultura\/","url":"https:\/\/ccbierzo.com\/el-banco-de-tierras-y-alimentos-de-calidad-del-bierzo-inician-la-septima-campana-para-fomentar-la-horticultura\/","name":"El Banco de Tierras y Alimentos de Calidad del Bierzo inician la s\u00e9ptima campa\u00f1a para fomentar la horticultura - Consejo Comarcal del Bierzo","isPartOf":{"@id":"https:\/\/ccbierzo.com\/gl\/#website"},"primaryImageOfPage":{"@id":"https:\/\/ccbierzo.com\/el-banco-de-tierras-y-alimentos-de-calidad-del-bierzo-inician-la-septima-campana-para-fomentar-la-horticultura\/#primaryimage"},"image":{"@id":"https:\/\/ccbierzo.com\/el-banco-de-tierras-y-alimentos-de-calidad-del-bierzo-inician-la-septima-campana-para-fomentar-la-horticultura\/#primaryimage"},"thumbnailUrl":"https:\/\/ccbierzo.com\/wp-content\/uploads\/2023\/03\/rp-horticola1.jpg","datePublished":"2023-03-24T12:22:28+00:00","dateModified":"2023-03-24T12:22:32+00:00","author":{"@id":"https:\/\/ccbierzo.com\/gl\/#\/schema\/person\/4e9a8395b397b1d4b8695a5274072278"},"breadcrumb":{"@id":"https:\/\/ccbierzo.com\/el-banco-de-tierras-y-alimentos-de-calidad-del-bierzo-inician-la-septima-campana-para-fomentar-la-horticultura\/#breadcrumb"},"inLanguage":"gl-ES","potentialAction":[{"@type":"ReadAction","target":["https:\/\/ccbierzo.com\/el-banco-de-tierras-y-alimentos-de-calidad-del-bierzo-inician-la-septima-campana-para-fomentar-la-horticultura\/"]}]},{"@type":"ImageObject","inLanguage":"gl-ES","@id":"https:\/\/ccbierzo.com\/el-banco-de-tierras-y-alimentos-de-calidad-del-bierzo-inician-la-septima-campana-para-fomentar-la-horticultura\/#primaryimage","url":"https:\/\/ccbierzo.com\/wp-content\/uploads\/2023\/03\/rp-horticola1.jpg","contentUrl":"https:\/\/ccbierzo.com\/wp-content\/uploads\/2023\/03\/rp-horticola1.jpg","width":1500,"height":1000},{"@type":"BreadcrumbList","@id":"https:\/\/ccbierzo.com\/el-banco-de-tierras-y-alimentos-de-calidad-del-bierzo-inician-la-septima-campana-para-fomentar-la-horticultura\/#breadcrumb","itemListElement":[{"@type":"ListItem","position":1,"name":"Portada","item":"https:\/\/ccbierzo.com\/gl\/"},{"@type":"ListItem","position":2,"name":"El Banco de Tierras y Alimentos de Calidad del Bierzo inician la s\u00e9ptima campa\u00f1a para fomentar la horticultura"}]},{"@type":"WebSite","@id":"https:\/\/ccbierzo.com\/gl\/#website","url":"https:\/\/ccbierzo.com\/gl\/","name":"Consejo Comarcal del Bierzo","description":"P\u00e1gina Oficial del Consejo Comarcal del Bierzo","potentialAction":[{"@type":"SearchAction","target":{"@type":"EntryPoint","urlTemplate":"https:\/\/ccbierzo.com\/gl\/?s={search_term_string}"},"query-input":{"@type":"PropertyValueSpecification","valueRequired":true,"valueName":"search_term_string"}}],"inLanguage":"gl-ES"},{"@type":"Person","@id":"https:\/\/ccbierzo.com\/gl\/#\/schema\/person\/4e9a8395b397b1d4b8695a5274072278","name":"Marta Vidal"}]}},"_links":{"self":[{"href":"https:\/\/ccbierzo.com\/gl\/wp-json\/wp\/v2\/posts\/130979","targetHints":{"allow":["GET"]}}],"collection":[{"href":"https:\/\/ccbierzo.com\/gl\/wp-json\/wp\/v2\/posts"}],"about":[{"href":"https:\/\/ccbierzo.com\/gl\/wp-json\/wp\/v2\/types\/post"}],"author":[{"embeddable":true,"href":"https:\/\/ccbierzo.com\/gl\/wp-json\/wp\/v2\/users\/3"}],"replies":[{"embeddable":true,"href":"https:\/\/ccbierzo.com\/gl\/wp-json\/wp\/v2\/comments?post=130979"}],"version-history":[{"count":0,"href":"https:\/\/ccbierzo.com\/gl\/wp-json\/wp\/v2\/posts\/130979\/revisions"}],"wp:featuredmedia":[{"embeddable":true,"href":"https:\/\/ccbierzo.com\/gl\/wp-json\/wp\/v2\/media\/130980"}],"wp:attachment":[{"href":"https:\/\/ccbierzo.com\/gl\/wp-json\/wp\/v2\/media?parent=130979"}],"wp:term":[{"taxonomy":"category","embeddable":true,"href":"https:\/\/ccbierzo.com\/gl\/wp-json\/wp\/v2\/categories?post=130979"},{"taxonomy":"post_tag","embeddable":true,"href":"https:\/\/ccbierzo.com\/gl\/wp-json\/wp\/v2\/tags?post=130979"}],"curies":[{"name":"wp","href":"https:\/\/api.w.org\/{rel}","templated":true}]}}