{"id":130953,"date":"2023-03-17T14:47:02","date_gmt":"2023-03-17T13:47:02","guid":{"rendered":"https:\/\/ccbierzo.com\/?p=130953"},"modified":"2023-03-17T14:57:04","modified_gmt":"2023-03-17T13:57:04","slug":"el-consejo-estrena-nuevas-oficinas-a-pie-de-calle-y-elimina-el-problema-de-la-accesibilidad","status":"publish","type":"post","link":"https:\/\/ccbierzo.com\/gl\/el-consejo-estrena-nuevas-oficinas-a-pie-de-calle-y-elimina-el-problema-de-la-accesibilidad\/","title":{"rendered":"El Consejo estrena nuevas oficinas a pie de calle y elimina el problema de la accesibilidad"},"content":{"rendered":"\n<p>La Administraci\u00f3n comarcal ha inaugurado este viernes oficialmente las <strong>nuevas instalaciones situadas en el bajo del Edificio Minero<\/strong>, que anteriormente ocupaba una sucursal bancaria. Los servicios de Registro, Banco de Tierras, Empleo, Emprendimiento y Punto de Informaci\u00f3n Catastral ya se prestan desde hace una semana en estas oficinas. <\/p>\n\n\n\n<p>El presidente del Consejo Comarcal mostr\u00f3 las oficinas a miembros de la corporaci\u00f3n y a la concejala de Hacienda, Mabel Fern\u00e1ndez, que tambi\u00e9n acudi\u00f3 al acto. Para Gerardo \u00c1lvarez Courel, se produce una <strong>mejora sustancial en la atenci\u00f3n al p\u00fablico<\/strong> al eliminar los problemas de accesibilidad y se aumenta la visibilidad de la instituci\u00f3n y del trabajo que se desarrolla.<\/p>\n\n\n\n<p>Estas nuevas instalaciones permitir\u00e1n que parte de la tercera planta, donde se prestaban antes los servicios, se destine a las<strong> reuniones del Pleno<\/strong>. El presidente adelant\u00f3 que la pr\u00f3xima sesi\u00f3n del 28 de marzo ya se podr\u00e1 celebrar en la sede del Consejo.<\/p>\n\n\n\n<div style=\"height:30px\" aria-hidden=\"true\" class=\"wp-block-spacer\"><\/div>\n\n\n\n<div style=\"height:30px\" aria-hidden=\"true\" class=\"wp-block-spacer\"><\/div>\n\n\n\n<figure class=\"wp-block-gallery has-nested-images columns-default is-cropped wp-block-gallery-1 is-layout-flex wp-block-gallery-is-layout-flex\">\n<figure class=\"wp-block-image size-large\"><img loading=\"lazy\" decoding=\"async\" width=\"1024\" height=\"683\" data-id=\"130954\" src=\"https:\/\/ccbierzo.com\/wp-content\/uploads\/2023\/03\/oficinas1-1024x683.jpg\" alt=\"\" class=\"wp-image-130954\" srcset=\"https:\/\/ccbierzo.com\/wp-content\/uploads\/2023\/03\/oficinas1-980x653.jpg 980w, https:\/\/ccbierzo.com\/wp-content\/uploads\/2023\/03\/oficinas1-480x320.jpg 480w\" sizes=\"(min-width: 0px) and (max-width: 480px) 480px, (min-width: 481px) and (max-width: 980px) 980px, (min-width: 981px) 1024px, 100vw\" \/><\/figure>\n\n\n\n<figure class=\"wp-block-image size-large\"><img loading=\"lazy\" decoding=\"async\" width=\"1024\" height=\"683\" data-id=\"130956\" src=\"https:\/\/ccbierzo.com\/wp-content\/uploads\/2023\/03\/oficinas2-1024x683.jpg\" alt=\"\" class=\"wp-image-130956\" srcset=\"https:\/\/ccbierzo.com\/wp-content\/uploads\/2023\/03\/oficinas2-980x653.jpg 980w, https:\/\/ccbierzo.com\/wp-content\/uploads\/2023\/03\/oficinas2-480x320.jpg 480w\" sizes=\"(min-width: 0px) and (max-width: 480px) 480px, (min-width: 481px) and (max-width: 980px) 980px, (min-width: 981px) 1024px, 100vw\" \/><\/figure>\n\n\n\n<figure class=\"wp-block-image size-large\"><img loading=\"lazy\" decoding=\"async\" width=\"1024\" height=\"683\" data-id=\"130958\" src=\"https:\/\/ccbierzo.com\/wp-content\/uploads\/2023\/03\/oficinas3-1024x683.jpg\" alt=\"\" class=\"wp-image-130958\" srcset=\"https:\/\/ccbierzo.com\/wp-content\/uploads\/2023\/03\/oficinas3-980x653.jpg 980w, https:\/\/ccbierzo.com\/wp-content\/uploads\/2023\/03\/oficinas3-480x320.jpg 480w\" sizes=\"(min-width: 0px) and (max-width: 480px) 480px, (min-width: 481px) and (max-width: 980px) 980px, (min-width: 981px) 1024px, 100vw\" \/><\/figure>\n\n\n\n<figure class=\"wp-block-image size-large\"><img loading=\"lazy\" decoding=\"async\" width=\"1024\" height=\"683\" data-id=\"130960\" src=\"https:\/\/ccbierzo.com\/wp-content\/uploads\/2023\/03\/oficinas4-1024x683.jpg\" alt=\"\" class=\"wp-image-130960\" srcset=\"https:\/\/ccbierzo.com\/wp-content\/uploads\/2023\/03\/oficinas4-980x653.jpg 980w, https:\/\/ccbierzo.com\/wp-content\/uploads\/2023\/03\/oficinas4-480x320.jpg 480w\" sizes=\"(min-width: 0px) and (max-width: 480px) 480px, (min-width: 481px) and (max-width: 980px) 980px, (min-width: 981px) 1024px, 100vw\" \/><\/figure>\n\n\n\n<figure class=\"wp-block-image size-large\"><img loading=\"lazy\" decoding=\"async\" width=\"1024\" height=\"683\" data-id=\"130962\" src=\"https:\/\/ccbierzo.com\/wp-content\/uploads\/2023\/03\/oficinas5-1024x683.jpg\" alt=\"\" class=\"wp-image-130962\" srcset=\"https:\/\/ccbierzo.com\/wp-content\/uploads\/2023\/03\/oficinas5-980x653.jpg 980w, https:\/\/ccbierzo.com\/wp-content\/uploads\/2023\/03\/oficinas5-480x320.jpg 480w\" sizes=\"(min-width: 0px) and (max-width: 480px) 480px, (min-width: 481px) and (max-width: 980px) 980px, (min-width: 981px) 1024px, 100vw\" \/><\/figure>\n<\/figure>\n","protected":false},"excerpt":{"rendered":"<p>El presidente destaca tambi\u00e9n que las instalaciones aumentar\u00e1n la visibilidad de la Administraci\u00f3n y el trabajo que se realiza. <\/p>\n","protected":false},"author":3,"featured_media":130960,"comment_status":"closed","ping_status":"open","sticky":false,"template":"","format":"standard","meta":{"_et_pb_use_builder":"","_et_pb_old_content":"","_et_gb_content_width":"","footnotes":""},"categories":[26],"tags":[],"class_list":["post-130953","post","type-post","status-publish","format-standard","has-post-thumbnail","hentry","category-administracion"],"yoast_head":"<!-- This site is optimized with the Yoast SEO plugin v27.3 - https:\/\/yoast.com\/product\/yoast-seo-wordpress\/ -->\n<title>El Consejo estrena nuevas oficinas a pie de calle y elimina el problema de la accesibilidad - Consejo Comarcal del Bierzo<\/title>\n<meta name=\"robots\" content=\"index, follow, max-snippet:-1, max-image-preview:large, max-video-preview:-1\" \/>\n<link rel=\"canonical\" href=\"https:\/\/ccbierzo.com\/el-consejo-estrena-nuevas-oficinas-a-pie-de-calle-y-elimina-el-problema-de-la-accesibilidad\/\" \/>\n<meta property=\"og:locale\" content=\"gl_ES\" \/>\n<meta property=\"og:type\" content=\"article\" \/>\n<meta property=\"og:title\" content=\"El Consejo estrena nuevas oficinas a pie de calle y elimina el problema de la accesibilidad - Consejo Comarcal del Bierzo\" \/>\n<meta property=\"og:description\" content=\"El presidente destaca tambi\u00e9n que las instalaciones aumentar\u00e1n la visibilidad de la Administraci\u00f3n y el trabajo que se realiza.\" \/>\n<meta property=\"og:url\" content=\"https:\/\/ccbierzo.com\/el-consejo-estrena-nuevas-oficinas-a-pie-de-calle-y-elimina-el-problema-de-la-accesibilidad\/\" \/>\n<meta property=\"og:site_name\" content=\"Consejo Comarcal del Bierzo\" \/>\n<meta property=\"article:published_time\" content=\"2023-03-17T13:47:02+00:00\" \/>\n<meta property=\"article:modified_time\" content=\"2023-03-17T13:57:04+00:00\" \/>\n<meta property=\"og:image\" content=\"https:\/\/ccbierzo.com\/wp-content\/uploads\/2023\/03\/oficinas4.jpg\" \/>\n\t<meta property=\"og:image:width\" content=\"1500\" \/>\n\t<meta property=\"og:image:height\" content=\"1000\" \/>\n\t<meta property=\"og:image:type\" content=\"image\/jpeg\" \/>\n<meta name=\"author\" content=\"Marta Vidal\" \/>\n<meta name=\"twitter:card\" content=\"summary_large_image\" \/>\n<meta name=\"twitter:label1\" content=\"Escrito por\" \/>\n\t<meta name=\"twitter:data1\" content=\"Marta Vidal\" \/>\n\t<meta name=\"twitter:label2\" content=\"Tempo de lectura\" \/>\n\t<meta name=\"twitter:data2\" content=\"2 minutos\" \/>\n<script type=\"application\/ld+json\" class=\"yoast-schema-graph\">{\"@context\":\"https:\\\/\\\/schema.org\",\"@graph\":[{\"@type\":\"Article\",\"@id\":\"https:\\\/\\\/ccbierzo.com\\\/el-consejo-estrena-nuevas-oficinas-a-pie-de-calle-y-elimina-el-problema-de-la-accesibilidad\\\/#article\",\"isPartOf\":{\"@id\":\"https:\\\/\\\/ccbierzo.com\\\/el-consejo-estrena-nuevas-oficinas-a-pie-de-calle-y-elimina-el-problema-de-la-accesibilidad\\\/\"},\"author\":{\"name\":\"Marta Vidal\",\"@id\":\"https:\\\/\\\/ccbierzo.com\\\/gl\\\/#\\\/schema\\\/person\\\/4e9a8395b397b1d4b8695a5274072278\"},\"headline\":\"El Consejo estrena nuevas oficinas a pie de calle y elimina el problema de la accesibilidad\",\"datePublished\":\"2023-03-17T13:47:02+00:00\",\"dateModified\":\"2023-03-17T13:57:04+00:00\",\"mainEntityOfPage\":{\"@id\":\"https:\\\/\\\/ccbierzo.com\\\/el-consejo-estrena-nuevas-oficinas-a-pie-de-calle-y-elimina-el-problema-de-la-accesibilidad\\\/\"},\"wordCount\":177,\"image\":{\"@id\":\"https:\\\/\\\/ccbierzo.com\\\/el-consejo-estrena-nuevas-oficinas-a-pie-de-calle-y-elimina-el-problema-de-la-accesibilidad\\\/#primaryimage\"},\"thumbnailUrl\":\"https:\\\/\\\/ccbierzo.com\\\/wp-content\\\/uploads\\\/2023\\\/03\\\/oficinas4.jpg\",\"articleSection\":[\"Administraci\u00f3n\"],\"inLanguage\":\"gl-ES\"},{\"@type\":\"WebPage\",\"@id\":\"https:\\\/\\\/ccbierzo.com\\\/el-consejo-estrena-nuevas-oficinas-a-pie-de-calle-y-elimina-el-problema-de-la-accesibilidad\\\/\",\"url\":\"https:\\\/\\\/ccbierzo.com\\\/el-consejo-estrena-nuevas-oficinas-a-pie-de-calle-y-elimina-el-problema-de-la-accesibilidad\\\/\",\"name\":\"El Consejo estrena nuevas oficinas a pie de calle y elimina el problema de la accesibilidad - Consejo Comarcal del Bierzo\",\"isPartOf\":{\"@id\":\"https:\\\/\\\/ccbierzo.com\\\/gl\\\/#website\"},\"primaryImageOfPage\":{\"@id\":\"https:\\\/\\\/ccbierzo.com\\\/el-consejo-estrena-nuevas-oficinas-a-pie-de-calle-y-elimina-el-problema-de-la-accesibilidad\\\/#primaryimage\"},\"image\":{\"@id\":\"https:\\\/\\\/ccbierzo.com\\\/el-consejo-estrena-nuevas-oficinas-a-pie-de-calle-y-elimina-el-problema-de-la-accesibilidad\\\/#primaryimage\"},\"thumbnailUrl\":\"https:\\\/\\\/ccbierzo.com\\\/wp-content\\\/uploads\\\/2023\\\/03\\\/oficinas4.jpg\",\"datePublished\":\"2023-03-17T13:47:02+00:00\",\"dateModified\":\"2023-03-17T13:57:04+00:00\",\"author\":{\"@id\":\"https:\\\/\\\/ccbierzo.com\\\/gl\\\/#\\\/schema\\\/person\\\/4e9a8395b397b1d4b8695a5274072278\"},\"breadcrumb\":{\"@id\":\"https:\\\/\\\/ccbierzo.com\\\/el-consejo-estrena-nuevas-oficinas-a-pie-de-calle-y-elimina-el-problema-de-la-accesibilidad\\\/#breadcrumb\"},\"inLanguage\":\"gl-ES\",\"potentialAction\":[{\"@type\":\"ReadAction\",\"target\":[\"https:\\\/\\\/ccbierzo.com\\\/el-consejo-estrena-nuevas-oficinas-a-pie-de-calle-y-elimina-el-problema-de-la-accesibilidad\\\/\"]}]},{\"@type\":\"ImageObject\",\"inLanguage\":\"gl-ES\",\"@id\":\"https:\\\/\\\/ccbierzo.com\\\/el-consejo-estrena-nuevas-oficinas-a-pie-de-calle-y-elimina-el-problema-de-la-accesibilidad\\\/#primaryimage\",\"url\":\"https:\\\/\\\/ccbierzo.com\\\/wp-content\\\/uploads\\\/2023\\\/03\\\/oficinas4.jpg\",\"contentUrl\":\"https:\\\/\\\/ccbierzo.com\\\/wp-content\\\/uploads\\\/2023\\\/03\\\/oficinas4.jpg\",\"width\":1500,\"height\":1000},{\"@type\":\"BreadcrumbList\",\"@id\":\"https:\\\/\\\/ccbierzo.com\\\/el-consejo-estrena-nuevas-oficinas-a-pie-de-calle-y-elimina-el-problema-de-la-accesibilidad\\\/#breadcrumb\",\"itemListElement\":[{\"@type\":\"ListItem\",\"position\":1,\"name\":\"Portada\",\"item\":\"https:\\\/\\\/ccbierzo.com\\\/gl\\\/\"},{\"@type\":\"ListItem\",\"position\":2,\"name\":\"El Consejo estrena nuevas oficinas a pie de calle y elimina el problema de la accesibilidad\"}]},{\"@type\":\"WebSite\",\"@id\":\"https:\\\/\\\/ccbierzo.com\\\/gl\\\/#website\",\"url\":\"https:\\\/\\\/ccbierzo.com\\\/gl\\\/\",\"name\":\"Consejo Comarcal del Bierzo\",\"description\":\"P\u00e1gina Oficial del Consejo Comarcal del Bierzo\",\"potentialAction\":[{\"@type\":\"SearchAction\",\"target\":{\"@type\":\"EntryPoint\",\"urlTemplate\":\"https:\\\/\\\/ccbierzo.com\\\/gl\\\/?s={search_term_string}\"},\"query-input\":{\"@type\":\"PropertyValueSpecification\",\"valueRequired\":true,\"valueName\":\"search_term_string\"}}],\"inLanguage\":\"gl-ES\"},{\"@type\":\"Person\",\"@id\":\"https:\\\/\\\/ccbierzo.com\\\/gl\\\/#\\\/schema\\\/person\\\/4e9a8395b397b1d4b8695a5274072278\",\"name\":\"Marta Vidal\"}]}<\/script>\n<!-- \/ Yoast SEO plugin. -->","yoast_head_json":{"title":"El Consejo estrena nuevas oficinas a pie de calle y elimina el problema de la accesibilidad - Consejo Comarcal del Bierzo","robots":{"index":"index","follow":"follow","max-snippet":"max-snippet:-1","max-image-preview":"max-image-preview:large","max-video-preview":"max-video-preview:-1"},"canonical":"https:\/\/ccbierzo.com\/el-consejo-estrena-nuevas-oficinas-a-pie-de-calle-y-elimina-el-problema-de-la-accesibilidad\/","og_locale":"gl_ES","og_type":"article","og_title":"El Consejo estrena nuevas oficinas a pie de calle y elimina el problema de la accesibilidad - Consejo Comarcal del Bierzo","og_description":"El presidente destaca tambi\u00e9n que las instalaciones aumentar\u00e1n la visibilidad de la Administraci\u00f3n y el trabajo que se realiza.","og_url":"https:\/\/ccbierzo.com\/el-consejo-estrena-nuevas-oficinas-a-pie-de-calle-y-elimina-el-problema-de-la-accesibilidad\/","og_site_name":"Consejo Comarcal del Bierzo","article_published_time":"2023-03-17T13:47:02+00:00","article_modified_time":"2023-03-17T13:57:04+00:00","og_image":[{"width":1500,"height":1000,"url":"https:\/\/ccbierzo.com\/wp-content\/uploads\/2023\/03\/oficinas4.jpg","type":"image\/jpeg"}],"author":"Marta Vidal","twitter_card":"summary_large_image","twitter_misc":{"Escrito por":"Marta Vidal","Tempo de lectura":"2 minutos"},"schema":{"@context":"https:\/\/schema.org","@graph":[{"@type":"Article","@id":"https:\/\/ccbierzo.com\/el-consejo-estrena-nuevas-oficinas-a-pie-de-calle-y-elimina-el-problema-de-la-accesibilidad\/#article","isPartOf":{"@id":"https:\/\/ccbierzo.com\/el-consejo-estrena-nuevas-oficinas-a-pie-de-calle-y-elimina-el-problema-de-la-accesibilidad\/"},"author":{"name":"Marta Vidal","@id":"https:\/\/ccbierzo.com\/gl\/#\/schema\/person\/4e9a8395b397b1d4b8695a5274072278"},"headline":"El Consejo estrena nuevas oficinas a pie de calle y elimina el problema de la accesibilidad","datePublished":"2023-03-17T13:47:02+00:00","dateModified":"2023-03-17T13:57:04+00:00","mainEntityOfPage":{"@id":"https:\/\/ccbierzo.com\/el-consejo-estrena-nuevas-oficinas-a-pie-de-calle-y-elimina-el-problema-de-la-accesibilidad\/"},"wordCount":177,"image":{"@id":"https:\/\/ccbierzo.com\/el-consejo-estrena-nuevas-oficinas-a-pie-de-calle-y-elimina-el-problema-de-la-accesibilidad\/#primaryimage"},"thumbnailUrl":"https:\/\/ccbierzo.com\/wp-content\/uploads\/2023\/03\/oficinas4.jpg","articleSection":["Administraci\u00f3n"],"inLanguage":"gl-ES"},{"@type":"WebPage","@id":"https:\/\/ccbierzo.com\/el-consejo-estrena-nuevas-oficinas-a-pie-de-calle-y-elimina-el-problema-de-la-accesibilidad\/","url":"https:\/\/ccbierzo.com\/el-consejo-estrena-nuevas-oficinas-a-pie-de-calle-y-elimina-el-problema-de-la-accesibilidad\/","name":"El Consejo estrena nuevas oficinas a pie de calle y elimina el problema de la accesibilidad - Consejo Comarcal del Bierzo","isPartOf":{"@id":"https:\/\/ccbierzo.com\/gl\/#website"},"primaryImageOfPage":{"@id":"https:\/\/ccbierzo.com\/el-consejo-estrena-nuevas-oficinas-a-pie-de-calle-y-elimina-el-problema-de-la-accesibilidad\/#primaryimage"},"image":{"@id":"https:\/\/ccbierzo.com\/el-consejo-estrena-nuevas-oficinas-a-pie-de-calle-y-elimina-el-problema-de-la-accesibilidad\/#primaryimage"},"thumbnailUrl":"https:\/\/ccbierzo.com\/wp-content\/uploads\/2023\/03\/oficinas4.jpg","datePublished":"2023-03-17T13:47:02+00:00","dateModified":"2023-03-17T13:57:04+00:00","author":{"@id":"https:\/\/ccbierzo.com\/gl\/#\/schema\/person\/4e9a8395b397b1d4b8695a5274072278"},"breadcrumb":{"@id":"https:\/\/ccbierzo.com\/el-consejo-estrena-nuevas-oficinas-a-pie-de-calle-y-elimina-el-problema-de-la-accesibilidad\/#breadcrumb"},"inLanguage":"gl-ES","potentialAction":[{"@type":"ReadAction","target":["https:\/\/ccbierzo.com\/el-consejo-estrena-nuevas-oficinas-a-pie-de-calle-y-elimina-el-problema-de-la-accesibilidad\/"]}]},{"@type":"ImageObject","inLanguage":"gl-ES","@id":"https:\/\/ccbierzo.com\/el-consejo-estrena-nuevas-oficinas-a-pie-de-calle-y-elimina-el-problema-de-la-accesibilidad\/#primaryimage","url":"https:\/\/ccbierzo.com\/wp-content\/uploads\/2023\/03\/oficinas4.jpg","contentUrl":"https:\/\/ccbierzo.com\/wp-content\/uploads\/2023\/03\/oficinas4.jpg","width":1500,"height":1000},{"@type":"BreadcrumbList","@id":"https:\/\/ccbierzo.com\/el-consejo-estrena-nuevas-oficinas-a-pie-de-calle-y-elimina-el-problema-de-la-accesibilidad\/#breadcrumb","itemListElement":[{"@type":"ListItem","position":1,"name":"Portada","item":"https:\/\/ccbierzo.com\/gl\/"},{"@type":"ListItem","position":2,"name":"El Consejo estrena nuevas oficinas a pie de calle y elimina el problema de la accesibilidad"}]},{"@type":"WebSite","@id":"https:\/\/ccbierzo.com\/gl\/#website","url":"https:\/\/ccbierzo.com\/gl\/","name":"Consejo Comarcal del Bierzo","description":"P\u00e1gina Oficial del Consejo Comarcal del Bierzo","potentialAction":[{"@type":"SearchAction","target":{"@type":"EntryPoint","urlTemplate":"https:\/\/ccbierzo.com\/gl\/?s={search_term_string}"},"query-input":{"@type":"PropertyValueSpecification","valueRequired":true,"valueName":"search_term_string"}}],"inLanguage":"gl-ES"},{"@type":"Person","@id":"https:\/\/ccbierzo.com\/gl\/#\/schema\/person\/4e9a8395b397b1d4b8695a5274072278","name":"Marta Vidal"}]}},"_links":{"self":[{"href":"https:\/\/ccbierzo.com\/gl\/wp-json\/wp\/v2\/posts\/130953","targetHints":{"allow":["GET"]}}],"collection":[{"href":"https:\/\/ccbierzo.com\/gl\/wp-json\/wp\/v2\/posts"}],"about":[{"href":"https:\/\/ccbierzo.com\/gl\/wp-json\/wp\/v2\/types\/post"}],"author":[{"embeddable":true,"href":"https:\/\/ccbierzo.com\/gl\/wp-json\/wp\/v2\/users\/3"}],"replies":[{"embeddable":true,"href":"https:\/\/ccbierzo.com\/gl\/wp-json\/wp\/v2\/comments?post=130953"}],"version-history":[{"count":0,"href":"https:\/\/ccbierzo.com\/gl\/wp-json\/wp\/v2\/posts\/130953\/revisions"}],"wp:featuredmedia":[{"embeddable":true,"href":"https:\/\/ccbierzo.com\/gl\/wp-json\/wp\/v2\/media\/130960"}],"wp:attachment":[{"href":"https:\/\/ccbierzo.com\/gl\/wp-json\/wp\/v2\/media?parent=130953"}],"wp:term":[{"taxonomy":"category","embeddable":true,"href":"https:\/\/ccbierzo.com\/gl\/wp-json\/wp\/v2\/categories?post=130953"},{"taxonomy":"post_tag","embeddable":true,"href":"https:\/\/ccbierzo.com\/gl\/wp-json\/wp\/v2\/tags?post=130953"}],"curies":[{"name":"wp","href":"https:\/\/api.w.org\/{rel}","templated":true}]}}