{"id":130368,"date":"2022-07-12T13:11:13","date_gmt":"2022-07-12T11:11:13","guid":{"rendered":"https:\/\/ccbierzo.com\/?p=130368"},"modified":"2022-07-12T13:11:19","modified_gmt":"2022-07-12T11:11:19","slug":"el-consejo-instala-una-plataforma-de-recogida-de-datos-en-las-oficinas-de-turismo-para-conocer-el-perfil-y-preferencias-de-las-personas-que-visitan-la-comarca","status":"publish","type":"post","link":"https:\/\/ccbierzo.com\/gl\/el-consejo-instala-una-plataforma-de-recogida-de-datos-en-las-oficinas-de-turismo-para-conocer-el-perfil-y-preferencias-de-las-personas-que-visitan-la-comarca\/","title":{"rendered":"El Consejo instala una plataforma de recogida de datos en las oficinas de turismo para conocer el perfil y preferencias de las personas que visitan la comarca"},"content":{"rendered":"\n<p>El presidente del Consejo, Gerardo \u00c1lvarez Courel, present\u00f3 este martes la <strong>plataforma de recogida y segmentaci\u00f3n de datos tur\u00edsticos<\/strong> que se ha implantado en ocho puntos de informaci\u00f3n. Son el Centro de Recepci\u00f3n de Visitantes de Las M\u00e9dulas y las oficinas de turismo de Bembibre, Cacabelos, Fabero, Molinaseca, Ponferrada, Vega de Espinareda y Villafranca del Bierzo.<\/p>\n\n\n\n<p>La recogida de datos se realiza desde hace un mes a trav\u00e9s de una aplicaci\u00f3n en los dispositivos que se han entregado en las oficinas. &#8220;Con esta informaci\u00f3n, nos ser\u00e1 mucho m\u00e1s f\u00e1cil y, desde luego m\u00e1s eficiente, <strong>plantear estrategias y desarrollar productos atractivos<\/strong>. No s\u00f3lo es una herramienta interesante para el Consejo Comarcal y los ayuntamientos bercianos; conocer esta informaci\u00f3n tambi\u00e9n ser\u00e1 de gran utilidad para empresas del sector, como empresas de turismo activo, alojamientos o restaurantes&#8221;, explic\u00f3.<\/p>\n\n\n\n<figure class=\"wp-block-image aligncenter size-large is-resized\"><img loading=\"lazy\" decoding=\"async\" src=\"https:\/\/ccbierzo.com\/wp-content\/uploads\/2022\/07\/rp12-1-1024x683.jpg\" alt=\"\" class=\"wp-image-130371\" width=\"768\" height=\"512\"\/><\/figure>\n\n\n\n<p>La herramienta forma parte del inventario de soluciones tecnol\u00f3gicas de <a href=\"https:\/\/www.segittur.es\/\" target=\"_blank\" rel=\"noreferrer noopener\"><strong>Segittur<\/strong><\/a> (Sociedad Estatal para la Gesti\u00f3n de la Innovaci\u00f3n y las Tecnolog\u00edas Tur\u00edsticas), de la que forma parte El Bierzo como Destino Tur\u00edstico Inteligente.<\/p>\n\n\n\n<p>Los objetivos que perseguimos al implantar este sistema son: <strong>disponer de un control total y centralizado sobre la informaci\u00f3n tur\u00edstica<\/strong> desde el Consejo Comarcal; mejorar el proceso de captaci\u00f3n de datos en los puntos de informaci\u00f3n tur\u00edsticas eliminando la recogida de datos en papel; eliminar los tiempos de procesado de la informaci\u00f3n y, por \u00faltimo, ofrecer una imagen de modernidad a los visitantes y turistas.<\/p>\n\n\n\n<p>El presidente adelant\u00f3 algunos de los datos recogidos hasta el momento. De 12.682 encuestas realizadas, <strong>casi un 25% de las personas encuestadas era la primera vez que visitaban El Bierzo y tan s\u00f3lo un 3% lo hac\u00edan en una visita de larga estancia<\/strong>. El 80% son espa\u00f1oles, la mayor parte procedente de Castilla y Le\u00f3n (24,8%) y de Madrid (22,3%) y un 30,5% lo hac\u00eda en un viaje organizado. Las personas encuestadas, en su mayor\u00eda, han decidido conocer El Bierzo aconsejadas por familiares o despu\u00e9s de haber visto informaci\u00f3n en internet o en medios de comunicaci\u00f3n. Nuestra cultura, historia y la naturaleza son los motivos principales por los que han decidido visitar El Bierzo.<\/p>\n\n\n\n<p>Durante la presentaci\u00f3n, \u00c1lvarez Courel inform\u00f3 del r<strong>edise\u00f1o de la p\u00e1gina dedicada a los canales romanos de Las M\u00e9dulas<\/strong> (<a href=\"https:\/\/canalesromanos.es\/\" target=\"_blank\" rel=\"noreferrer noopener\">canalesromanos.es<\/a>). &#8220;El objetivo es ofrecer una imagen m\u00e1s moderna y, por supuesto, facilitar la accesibilidad y el uso de la web&#8221;. Tambi\u00e9n se han a\u00f1adido el nuevo logo y el folleto y v\u00eddeo de la campa\u00f1a \u201c<a href=\"https:\/\/www.youtube.com\/watch?v=ewWoVaV8qXM\" target=\"_blank\" rel=\"noreferrer noopener\">El trabajo de los gigantes<\/a>\u201d, presentado en Fitur.<\/p>\n\n\n\n<div style=\"height:30px\" aria-hidden=\"true\" class=\"wp-block-spacer\"><\/div>\n\n\n\n<figure class=\"wp-block-image aligncenter size-full is-resized\"><img loading=\"lazy\" decoding=\"async\" src=\"https:\/\/ccbierzo.com\/wp-content\/uploads\/2022\/07\/Imagen_inicio_bierzo.png\" alt=\"\" class=\"wp-image-130369\" width=\"768\" height=\"510\"\/><\/figure>\n","protected":false},"excerpt":{"rendered":"<p>El presidente del Consejo, Gerardo \u00c1lvarez Courel, present\u00f3 este martes la plataforma de recogida y segmentaci\u00f3n de datos tur\u00edsticos que se ha implantado en ocho puntos de informaci\u00f3n. Son el Centro de Recepci\u00f3n de Visitantes de Las M\u00e9dulas y las oficinas de turismo de Bembibre, Cacabelos, Fabero, Molinaseca, Ponferrada, Vega de Espinareda y Villafranca del [&hellip;]<\/p>\n","protected":false},"author":3,"featured_media":130371,"comment_status":"closed","ping_status":"open","sticky":false,"template":"","format":"standard","meta":{"_et_pb_use_builder":"","_et_pb_old_content":"","_et_gb_content_width":"","footnotes":""},"categories":[25],"tags":[],"class_list":["post-130368","post","type-post","status-publish","format-standard","has-post-thumbnail","hentry","category-turismo"],"yoast_head":"<!-- This site is optimized with the Yoast SEO plugin v27.3 - https:\/\/yoast.com\/product\/yoast-seo-wordpress\/ -->\n<title>El Consejo instala una plataforma de recogida de datos en las oficinas de turismo para conocer el perfil y preferencias de las personas que visitan la comarca - Consejo Comarcal del Bierzo<\/title>\n<meta name=\"robots\" content=\"index, follow, max-snippet:-1, max-image-preview:large, max-video-preview:-1\" \/>\n<link rel=\"canonical\" href=\"https:\/\/ccbierzo.com\/el-consejo-instala-una-plataforma-de-recogida-de-datos-en-las-oficinas-de-turismo-para-conocer-el-perfil-y-preferencias-de-las-personas-que-visitan-la-comarca\/\" \/>\n<meta property=\"og:locale\" content=\"gl_ES\" \/>\n<meta property=\"og:type\" content=\"article\" \/>\n<meta property=\"og:title\" content=\"El Consejo instala una plataforma de recogida de datos en las oficinas de turismo para conocer el perfil y preferencias de las personas que visitan la comarca - Consejo Comarcal del Bierzo\" \/>\n<meta property=\"og:description\" content=\"El presidente del Consejo, Gerardo \u00c1lvarez Courel, present\u00f3 este martes la plataforma de recogida y segmentaci\u00f3n de datos tur\u00edsticos que se ha implantado en ocho puntos de informaci\u00f3n. Son el Centro de Recepci\u00f3n de Visitantes de Las M\u00e9dulas y las oficinas de turismo de Bembibre, Cacabelos, Fabero, Molinaseca, Ponferrada, Vega de Espinareda y Villafranca del [&hellip;]\" \/>\n<meta property=\"og:url\" content=\"https:\/\/ccbierzo.com\/el-consejo-instala-una-plataforma-de-recogida-de-datos-en-las-oficinas-de-turismo-para-conocer-el-perfil-y-preferencias-de-las-personas-que-visitan-la-comarca\/\" \/>\n<meta property=\"og:site_name\" content=\"Consejo Comarcal del Bierzo\" \/>\n<meta property=\"article:published_time\" content=\"2022-07-12T11:11:13+00:00\" \/>\n<meta property=\"article:modified_time\" content=\"2022-07-12T11:11:19+00:00\" \/>\n<meta property=\"og:image\" content=\"https:\/\/ccbierzo.com\/wp-content\/uploads\/2022\/07\/rp12-1.jpg\" \/>\n\t<meta property=\"og:image:width\" content=\"1500\" \/>\n\t<meta property=\"og:image:height\" content=\"1000\" \/>\n\t<meta property=\"og:image:type\" content=\"image\/jpeg\" \/>\n<meta name=\"author\" content=\"Marta Vidal\" \/>\n<meta name=\"twitter:card\" content=\"summary_large_image\" \/>\n<meta name=\"twitter:label1\" content=\"Escrito por\" \/>\n\t<meta name=\"twitter:data1\" content=\"Marta Vidal\" \/>\n\t<meta name=\"twitter:label2\" content=\"Tempo de lectura\" \/>\n\t<meta name=\"twitter:data2\" content=\"3 minutos\" \/>\n<script type=\"application\/ld+json\" class=\"yoast-schema-graph\">{\"@context\":\"https:\\\/\\\/schema.org\",\"@graph\":[{\"@type\":\"Article\",\"@id\":\"https:\\\/\\\/ccbierzo.com\\\/el-consejo-instala-una-plataforma-de-recogida-de-datos-en-las-oficinas-de-turismo-para-conocer-el-perfil-y-preferencias-de-las-personas-que-visitan-la-comarca\\\/#article\",\"isPartOf\":{\"@id\":\"https:\\\/\\\/ccbierzo.com\\\/el-consejo-instala-una-plataforma-de-recogida-de-datos-en-las-oficinas-de-turismo-para-conocer-el-perfil-y-preferencias-de-las-personas-que-visitan-la-comarca\\\/\"},\"author\":{\"name\":\"Marta Vidal\",\"@id\":\"https:\\\/\\\/ccbierzo.com\\\/gl\\\/#\\\/schema\\\/person\\\/4e9a8395b397b1d4b8695a5274072278\"},\"headline\":\"El Consejo instala una plataforma de recogida de datos en las oficinas de turismo para conocer el perfil y preferencias de las personas que visitan la comarca\",\"datePublished\":\"2022-07-12T11:11:13+00:00\",\"dateModified\":\"2022-07-12T11:11:19+00:00\",\"mainEntityOfPage\":{\"@id\":\"https:\\\/\\\/ccbierzo.com\\\/el-consejo-instala-una-plataforma-de-recogida-de-datos-en-las-oficinas-de-turismo-para-conocer-el-perfil-y-preferencias-de-las-personas-que-visitan-la-comarca\\\/\"},\"wordCount\":476,\"image\":{\"@id\":\"https:\\\/\\\/ccbierzo.com\\\/el-consejo-instala-una-plataforma-de-recogida-de-datos-en-las-oficinas-de-turismo-para-conocer-el-perfil-y-preferencias-de-las-personas-que-visitan-la-comarca\\\/#primaryimage\"},\"thumbnailUrl\":\"https:\\\/\\\/ccbierzo.com\\\/wp-content\\\/uploads\\\/2022\\\/07\\\/rp12-1.jpg\",\"articleSection\":[\"Turismo\"],\"inLanguage\":\"gl-ES\"},{\"@type\":\"WebPage\",\"@id\":\"https:\\\/\\\/ccbierzo.com\\\/el-consejo-instala-una-plataforma-de-recogida-de-datos-en-las-oficinas-de-turismo-para-conocer-el-perfil-y-preferencias-de-las-personas-que-visitan-la-comarca\\\/\",\"url\":\"https:\\\/\\\/ccbierzo.com\\\/el-consejo-instala-una-plataforma-de-recogida-de-datos-en-las-oficinas-de-turismo-para-conocer-el-perfil-y-preferencias-de-las-personas-que-visitan-la-comarca\\\/\",\"name\":\"El Consejo instala una plataforma de recogida de datos en las oficinas de turismo para conocer el perfil y preferencias de las personas que visitan la comarca - Consejo Comarcal del Bierzo\",\"isPartOf\":{\"@id\":\"https:\\\/\\\/ccbierzo.com\\\/gl\\\/#website\"},\"primaryImageOfPage\":{\"@id\":\"https:\\\/\\\/ccbierzo.com\\\/el-consejo-instala-una-plataforma-de-recogida-de-datos-en-las-oficinas-de-turismo-para-conocer-el-perfil-y-preferencias-de-las-personas-que-visitan-la-comarca\\\/#primaryimage\"},\"image\":{\"@id\":\"https:\\\/\\\/ccbierzo.com\\\/el-consejo-instala-una-plataforma-de-recogida-de-datos-en-las-oficinas-de-turismo-para-conocer-el-perfil-y-preferencias-de-las-personas-que-visitan-la-comarca\\\/#primaryimage\"},\"thumbnailUrl\":\"https:\\\/\\\/ccbierzo.com\\\/wp-content\\\/uploads\\\/2022\\\/07\\\/rp12-1.jpg\",\"datePublished\":\"2022-07-12T11:11:13+00:00\",\"dateModified\":\"2022-07-12T11:11:19+00:00\",\"author\":{\"@id\":\"https:\\\/\\\/ccbierzo.com\\\/gl\\\/#\\\/schema\\\/person\\\/4e9a8395b397b1d4b8695a5274072278\"},\"breadcrumb\":{\"@id\":\"https:\\\/\\\/ccbierzo.com\\\/el-consejo-instala-una-plataforma-de-recogida-de-datos-en-las-oficinas-de-turismo-para-conocer-el-perfil-y-preferencias-de-las-personas-que-visitan-la-comarca\\\/#breadcrumb\"},\"inLanguage\":\"gl-ES\",\"potentialAction\":[{\"@type\":\"ReadAction\",\"target\":[\"https:\\\/\\\/ccbierzo.com\\\/el-consejo-instala-una-plataforma-de-recogida-de-datos-en-las-oficinas-de-turismo-para-conocer-el-perfil-y-preferencias-de-las-personas-que-visitan-la-comarca\\\/\"]}]},{\"@type\":\"ImageObject\",\"inLanguage\":\"gl-ES\",\"@id\":\"https:\\\/\\\/ccbierzo.com\\\/el-consejo-instala-una-plataforma-de-recogida-de-datos-en-las-oficinas-de-turismo-para-conocer-el-perfil-y-preferencias-de-las-personas-que-visitan-la-comarca\\\/#primaryimage\",\"url\":\"https:\\\/\\\/ccbierzo.com\\\/wp-content\\\/uploads\\\/2022\\\/07\\\/rp12-1.jpg\",\"contentUrl\":\"https:\\\/\\\/ccbierzo.com\\\/wp-content\\\/uploads\\\/2022\\\/07\\\/rp12-1.jpg\",\"width\":1500,\"height\":1000},{\"@type\":\"BreadcrumbList\",\"@id\":\"https:\\\/\\\/ccbierzo.com\\\/el-consejo-instala-una-plataforma-de-recogida-de-datos-en-las-oficinas-de-turismo-para-conocer-el-perfil-y-preferencias-de-las-personas-que-visitan-la-comarca\\\/#breadcrumb\",\"itemListElement\":[{\"@type\":\"ListItem\",\"position\":1,\"name\":\"Portada\",\"item\":\"https:\\\/\\\/ccbierzo.com\\\/gl\\\/\"},{\"@type\":\"ListItem\",\"position\":2,\"name\":\"El Consejo instala una plataforma de recogida de datos en las oficinas de turismo para conocer el perfil y preferencias de las personas que visitan la comarca\"}]},{\"@type\":\"WebSite\",\"@id\":\"https:\\\/\\\/ccbierzo.com\\\/gl\\\/#website\",\"url\":\"https:\\\/\\\/ccbierzo.com\\\/gl\\\/\",\"name\":\"Consejo Comarcal del Bierzo\",\"description\":\"P\u00e1gina Oficial del Consejo Comarcal del Bierzo\",\"potentialAction\":[{\"@type\":\"SearchAction\",\"target\":{\"@type\":\"EntryPoint\",\"urlTemplate\":\"https:\\\/\\\/ccbierzo.com\\\/gl\\\/?s={search_term_string}\"},\"query-input\":{\"@type\":\"PropertyValueSpecification\",\"valueRequired\":true,\"valueName\":\"search_term_string\"}}],\"inLanguage\":\"gl-ES\"},{\"@type\":\"Person\",\"@id\":\"https:\\\/\\\/ccbierzo.com\\\/gl\\\/#\\\/schema\\\/person\\\/4e9a8395b397b1d4b8695a5274072278\",\"name\":\"Marta Vidal\"}]}<\/script>\n<!-- \/ Yoast SEO plugin. -->","yoast_head_json":{"title":"El Consejo instala una plataforma de recogida de datos en las oficinas de turismo para conocer el perfil y preferencias de las personas que visitan la comarca - Consejo Comarcal del Bierzo","robots":{"index":"index","follow":"follow","max-snippet":"max-snippet:-1","max-image-preview":"max-image-preview:large","max-video-preview":"max-video-preview:-1"},"canonical":"https:\/\/ccbierzo.com\/el-consejo-instala-una-plataforma-de-recogida-de-datos-en-las-oficinas-de-turismo-para-conocer-el-perfil-y-preferencias-de-las-personas-que-visitan-la-comarca\/","og_locale":"gl_ES","og_type":"article","og_title":"El Consejo instala una plataforma de recogida de datos en las oficinas de turismo para conocer el perfil y preferencias de las personas que visitan la comarca - Consejo Comarcal del Bierzo","og_description":"El presidente del Consejo, Gerardo \u00c1lvarez Courel, present\u00f3 este martes la plataforma de recogida y segmentaci\u00f3n de datos tur\u00edsticos que se ha implantado en ocho puntos de informaci\u00f3n. Son el Centro de Recepci\u00f3n de Visitantes de Las M\u00e9dulas y las oficinas de turismo de Bembibre, Cacabelos, Fabero, Molinaseca, Ponferrada, Vega de Espinareda y Villafranca del [&hellip;]","og_url":"https:\/\/ccbierzo.com\/el-consejo-instala-una-plataforma-de-recogida-de-datos-en-las-oficinas-de-turismo-para-conocer-el-perfil-y-preferencias-de-las-personas-que-visitan-la-comarca\/","og_site_name":"Consejo Comarcal del Bierzo","article_published_time":"2022-07-12T11:11:13+00:00","article_modified_time":"2022-07-12T11:11:19+00:00","og_image":[{"width":1500,"height":1000,"url":"https:\/\/ccbierzo.com\/wp-content\/uploads\/2022\/07\/rp12-1.jpg","type":"image\/jpeg"}],"author":"Marta Vidal","twitter_card":"summary_large_image","twitter_misc":{"Escrito por":"Marta Vidal","Tempo de lectura":"3 minutos"},"schema":{"@context":"https:\/\/schema.org","@graph":[{"@type":"Article","@id":"https:\/\/ccbierzo.com\/el-consejo-instala-una-plataforma-de-recogida-de-datos-en-las-oficinas-de-turismo-para-conocer-el-perfil-y-preferencias-de-las-personas-que-visitan-la-comarca\/#article","isPartOf":{"@id":"https:\/\/ccbierzo.com\/el-consejo-instala-una-plataforma-de-recogida-de-datos-en-las-oficinas-de-turismo-para-conocer-el-perfil-y-preferencias-de-las-personas-que-visitan-la-comarca\/"},"author":{"name":"Marta Vidal","@id":"https:\/\/ccbierzo.com\/gl\/#\/schema\/person\/4e9a8395b397b1d4b8695a5274072278"},"headline":"El Consejo instala una plataforma de recogida de datos en las oficinas de turismo para conocer el perfil y preferencias de las personas que visitan la comarca","datePublished":"2022-07-12T11:11:13+00:00","dateModified":"2022-07-12T11:11:19+00:00","mainEntityOfPage":{"@id":"https:\/\/ccbierzo.com\/el-consejo-instala-una-plataforma-de-recogida-de-datos-en-las-oficinas-de-turismo-para-conocer-el-perfil-y-preferencias-de-las-personas-que-visitan-la-comarca\/"},"wordCount":476,"image":{"@id":"https:\/\/ccbierzo.com\/el-consejo-instala-una-plataforma-de-recogida-de-datos-en-las-oficinas-de-turismo-para-conocer-el-perfil-y-preferencias-de-las-personas-que-visitan-la-comarca\/#primaryimage"},"thumbnailUrl":"https:\/\/ccbierzo.com\/wp-content\/uploads\/2022\/07\/rp12-1.jpg","articleSection":["Turismo"],"inLanguage":"gl-ES"},{"@type":"WebPage","@id":"https:\/\/ccbierzo.com\/el-consejo-instala-una-plataforma-de-recogida-de-datos-en-las-oficinas-de-turismo-para-conocer-el-perfil-y-preferencias-de-las-personas-que-visitan-la-comarca\/","url":"https:\/\/ccbierzo.com\/el-consejo-instala-una-plataforma-de-recogida-de-datos-en-las-oficinas-de-turismo-para-conocer-el-perfil-y-preferencias-de-las-personas-que-visitan-la-comarca\/","name":"El Consejo instala una plataforma de recogida de datos en las oficinas de turismo para conocer el perfil y preferencias de las personas que visitan la comarca - Consejo Comarcal del Bierzo","isPartOf":{"@id":"https:\/\/ccbierzo.com\/gl\/#website"},"primaryImageOfPage":{"@id":"https:\/\/ccbierzo.com\/el-consejo-instala-una-plataforma-de-recogida-de-datos-en-las-oficinas-de-turismo-para-conocer-el-perfil-y-preferencias-de-las-personas-que-visitan-la-comarca\/#primaryimage"},"image":{"@id":"https:\/\/ccbierzo.com\/el-consejo-instala-una-plataforma-de-recogida-de-datos-en-las-oficinas-de-turismo-para-conocer-el-perfil-y-preferencias-de-las-personas-que-visitan-la-comarca\/#primaryimage"},"thumbnailUrl":"https:\/\/ccbierzo.com\/wp-content\/uploads\/2022\/07\/rp12-1.jpg","datePublished":"2022-07-12T11:11:13+00:00","dateModified":"2022-07-12T11:11:19+00:00","author":{"@id":"https:\/\/ccbierzo.com\/gl\/#\/schema\/person\/4e9a8395b397b1d4b8695a5274072278"},"breadcrumb":{"@id":"https:\/\/ccbierzo.com\/el-consejo-instala-una-plataforma-de-recogida-de-datos-en-las-oficinas-de-turismo-para-conocer-el-perfil-y-preferencias-de-las-personas-que-visitan-la-comarca\/#breadcrumb"},"inLanguage":"gl-ES","potentialAction":[{"@type":"ReadAction","target":["https:\/\/ccbierzo.com\/el-consejo-instala-una-plataforma-de-recogida-de-datos-en-las-oficinas-de-turismo-para-conocer-el-perfil-y-preferencias-de-las-personas-que-visitan-la-comarca\/"]}]},{"@type":"ImageObject","inLanguage":"gl-ES","@id":"https:\/\/ccbierzo.com\/el-consejo-instala-una-plataforma-de-recogida-de-datos-en-las-oficinas-de-turismo-para-conocer-el-perfil-y-preferencias-de-las-personas-que-visitan-la-comarca\/#primaryimage","url":"https:\/\/ccbierzo.com\/wp-content\/uploads\/2022\/07\/rp12-1.jpg","contentUrl":"https:\/\/ccbierzo.com\/wp-content\/uploads\/2022\/07\/rp12-1.jpg","width":1500,"height":1000},{"@type":"BreadcrumbList","@id":"https:\/\/ccbierzo.com\/el-consejo-instala-una-plataforma-de-recogida-de-datos-en-las-oficinas-de-turismo-para-conocer-el-perfil-y-preferencias-de-las-personas-que-visitan-la-comarca\/#breadcrumb","itemListElement":[{"@type":"ListItem","position":1,"name":"Portada","item":"https:\/\/ccbierzo.com\/gl\/"},{"@type":"ListItem","position":2,"name":"El Consejo instala una plataforma de recogida de datos en las oficinas de turismo para conocer el perfil y preferencias de las personas que visitan la comarca"}]},{"@type":"WebSite","@id":"https:\/\/ccbierzo.com\/gl\/#website","url":"https:\/\/ccbierzo.com\/gl\/","name":"Consejo Comarcal del Bierzo","description":"P\u00e1gina Oficial del Consejo Comarcal del Bierzo","potentialAction":[{"@type":"SearchAction","target":{"@type":"EntryPoint","urlTemplate":"https:\/\/ccbierzo.com\/gl\/?s={search_term_string}"},"query-input":{"@type":"PropertyValueSpecification","valueRequired":true,"valueName":"search_term_string"}}],"inLanguage":"gl-ES"},{"@type":"Person","@id":"https:\/\/ccbierzo.com\/gl\/#\/schema\/person\/4e9a8395b397b1d4b8695a5274072278","name":"Marta Vidal"}]}},"_links":{"self":[{"href":"https:\/\/ccbierzo.com\/gl\/wp-json\/wp\/v2\/posts\/130368","targetHints":{"allow":["GET"]}}],"collection":[{"href":"https:\/\/ccbierzo.com\/gl\/wp-json\/wp\/v2\/posts"}],"about":[{"href":"https:\/\/ccbierzo.com\/gl\/wp-json\/wp\/v2\/types\/post"}],"author":[{"embeddable":true,"href":"https:\/\/ccbierzo.com\/gl\/wp-json\/wp\/v2\/users\/3"}],"replies":[{"embeddable":true,"href":"https:\/\/ccbierzo.com\/gl\/wp-json\/wp\/v2\/comments?post=130368"}],"version-history":[{"count":0,"href":"https:\/\/ccbierzo.com\/gl\/wp-json\/wp\/v2\/posts\/130368\/revisions"}],"wp:featuredmedia":[{"embeddable":true,"href":"https:\/\/ccbierzo.com\/gl\/wp-json\/wp\/v2\/media\/130371"}],"wp:attachment":[{"href":"https:\/\/ccbierzo.com\/gl\/wp-json\/wp\/v2\/media?parent=130368"}],"wp:term":[{"taxonomy":"category","embeddable":true,"href":"https:\/\/ccbierzo.com\/gl\/wp-json\/wp\/v2\/categories?post=130368"},{"taxonomy":"post_tag","embeddable":true,"href":"https:\/\/ccbierzo.com\/gl\/wp-json\/wp\/v2\/tags?post=130368"}],"curies":[{"name":"wp","href":"https:\/\/api.w.org\/{rel}","templated":true}]}}