{"id":130163,"date":"2022-03-28T12:13:22","date_gmt":"2022-03-28T10:13:22","guid":{"rendered":"https:\/\/ccbierzo.com\/?p=130163"},"modified":"2022-03-28T12:13:30","modified_gmt":"2022-03-28T10:13:30","slug":"el-banco-de-tierras-abre-la-inscripcion-para-la-ruta-de-la-cereza-del-sabado-en-corullon","status":"publish","type":"post","link":"https:\/\/ccbierzo.com\/gl\/el-banco-de-tierras-abre-la-inscripcion-para-la-ruta-de-la-cereza-del-sabado-en-corullon\/","title":{"rendered":"El Banco de Tierras abre la inscripci\u00f3n para la Ruta de la Cereza del s\u00e1bado en Corull\u00f3n"},"content":{"rendered":"\n<p>El <a href=\"https:\/\/www.bancodetierrasdelbierzo.es\/\">Banco de Tierras<\/a> del Consejo Comarcal y <a href=\"https:\/\/alimentosdecalidadbierzo.es\/\">Alimentos de Calidad del Bierzo<\/a> organizan para este s\u00e1bado la primera ruta por la calidad de 2022 \u2013 la del botillo, celebrada a principios de marzo, hab\u00eda sido cancelada el a\u00f1o pasado &#8211; con el objetivo de ampliar el conocimiento sobre los productos de calidad bercianos. En este caso, <strong>la actividad se dedica a la cereza y visitar\u00e1 Corull\u00f3n<\/strong> para que los asistentes puedan disfrutar del espect\u00e1culo que ofrecen los \u00e1rboles durante la floraci\u00f3n.<\/p>\n\n\n\n<p>La ruta tiene una dificultad media-baja, es <strong>gratuita<\/strong> y est\u00e1 abierta a todo el p\u00fablico. El recorrido circular ser\u00e1 de 8 kil\u00f3metros y partir\u00e1 a las 10:00 horas del Ayuntamiento de Corull\u00f3n. Un t\u00e9cnico de la marca de garant\u00eda explicar\u00e1 a los participantes las caracter\u00edsticas y peculiaridades de la cereza berciana.<\/p>\n\n\n\n<p>Las personas interesadas en participar pueden inscribirse en el <strong>Banco de Tierras<\/strong> o en <strong>Bierzo Natura<\/strong>, empresa encargada de organizar la ruta. En el primer caso, deben llamar al 987 42 47 22 o escribir a <a href=\"mailto:bancodetierras@ccbierzo.com\">bancodetierras@ccbierzo.com<\/a>.<\/p>\n\n\n\n<div style=\"height:30px\" aria-hidden=\"true\" class=\"wp-block-spacer\"><\/div>\n\n\n\n<div class=\"wp-block-image\"><figure class=\"aligncenter size-large is-resized\"><img loading=\"lazy\" decoding=\"async\" src=\"https:\/\/ccbierzo.com\/wp-content\/uploads\/2022\/03\/RUTAPORLACALIDAD-CEREZA-2022-724x1024.jpg\" alt=\"\" class=\"wp-image-130164\" width=\"543\" height=\"768\"\/><figcaption>Cartel de la Ruta por la Calidad de la Cereza.<\/figcaption><\/figure><\/div>\n","protected":false},"excerpt":{"rendered":"<p>El Banco de Tierras del Consejo Comarcal y Alimentos de Calidad del Bierzo organizan para este s\u00e1bado la primera ruta por la calidad de 2022 \u2013 la del botillo, celebrada a principios de marzo, hab\u00eda sido cancelada el a\u00f1o pasado &#8211; con el objetivo de ampliar el conocimiento sobre los productos de calidad bercianos. En [&hellip;]<\/p>\n","protected":false},"author":3,"featured_media":130166,"comment_status":"closed","ping_status":"open","sticky":false,"template":"","format":"standard","meta":{"_et_pb_use_builder":"","_et_pb_old_content":"","_et_gb_content_width":"","footnotes":""},"categories":[396],"tags":[],"class_list":["post-130163","post","type-post","status-publish","format-standard","has-post-thumbnail","hentry","category-banco-de-tierras"],"yoast_head":"<!-- This site is optimized with the Yoast SEO plugin v27.3 - https:\/\/yoast.com\/product\/yoast-seo-wordpress\/ -->\n<title>El Banco de Tierras abre la inscripci\u00f3n para la Ruta de la Cereza del s\u00e1bado en Corull\u00f3n - Consejo Comarcal del Bierzo<\/title>\n<meta name=\"robots\" content=\"index, follow, max-snippet:-1, max-image-preview:large, max-video-preview:-1\" \/>\n<link rel=\"canonical\" href=\"https:\/\/ccbierzo.com\/el-banco-de-tierras-abre-la-inscripcion-para-la-ruta-de-la-cereza-del-sabado-en-corullon\/\" \/>\n<meta property=\"og:locale\" content=\"gl_ES\" \/>\n<meta property=\"og:type\" content=\"article\" \/>\n<meta property=\"og:title\" content=\"El Banco de Tierras abre la inscripci\u00f3n para la Ruta de la Cereza del s\u00e1bado en Corull\u00f3n - Consejo Comarcal del Bierzo\" \/>\n<meta property=\"og:description\" content=\"El Banco de Tierras del Consejo Comarcal y Alimentos de Calidad del Bierzo organizan para este s\u00e1bado la primera ruta por la calidad de 2022 \u2013 la del botillo, celebrada a principios de marzo, hab\u00eda sido cancelada el a\u00f1o pasado &#8211; con el objetivo de ampliar el conocimiento sobre los productos de calidad bercianos. En [&hellip;]\" \/>\n<meta property=\"og:url\" content=\"https:\/\/ccbierzo.com\/el-banco-de-tierras-abre-la-inscripcion-para-la-ruta-de-la-cereza-del-sabado-en-corullon\/\" \/>\n<meta property=\"og:site_name\" content=\"Consejo Comarcal del Bierzo\" \/>\n<meta property=\"article:published_time\" content=\"2022-03-28T10:13:22+00:00\" \/>\n<meta property=\"article:modified_time\" content=\"2022-03-28T10:13:30+00:00\" \/>\n<meta property=\"og:image\" content=\"https:\/\/ccbierzo.com\/wp-content\/uploads\/2022\/03\/cerezos-en-flor.jpg\" \/>\n\t<meta property=\"og:image:width\" content=\"1500\" \/>\n\t<meta property=\"og:image:height\" content=\"1001\" \/>\n\t<meta property=\"og:image:type\" content=\"image\/jpeg\" \/>\n<meta name=\"author\" content=\"Marta Vidal\" \/>\n<meta name=\"twitter:card\" content=\"summary_large_image\" \/>\n<meta name=\"twitter:label1\" content=\"Escrito por\" \/>\n\t<meta name=\"twitter:data1\" content=\"Marta Vidal\" \/>\n\t<meta name=\"twitter:label2\" content=\"Tempo de lectura\" \/>\n\t<meta name=\"twitter:data2\" content=\"2 minutos\" \/>\n<script type=\"application\/ld+json\" class=\"yoast-schema-graph\">{\"@context\":\"https:\\\/\\\/schema.org\",\"@graph\":[{\"@type\":\"Article\",\"@id\":\"https:\\\/\\\/ccbierzo.com\\\/el-banco-de-tierras-abre-la-inscripcion-para-la-ruta-de-la-cereza-del-sabado-en-corullon\\\/#article\",\"isPartOf\":{\"@id\":\"https:\\\/\\\/ccbierzo.com\\\/el-banco-de-tierras-abre-la-inscripcion-para-la-ruta-de-la-cereza-del-sabado-en-corullon\\\/\"},\"author\":{\"name\":\"Marta Vidal\",\"@id\":\"https:\\\/\\\/ccbierzo.com\\\/gl\\\/#\\\/schema\\\/person\\\/4e9a8395b397b1d4b8695a5274072278\"},\"headline\":\"El Banco de Tierras abre la inscripci\u00f3n para la Ruta de la Cereza del s\u00e1bado en Corull\u00f3n\",\"datePublished\":\"2022-03-28T10:13:22+00:00\",\"dateModified\":\"2022-03-28T10:13:30+00:00\",\"mainEntityOfPage\":{\"@id\":\"https:\\\/\\\/ccbierzo.com\\\/el-banco-de-tierras-abre-la-inscripcion-para-la-ruta-de-la-cereza-del-sabado-en-corullon\\\/\"},\"wordCount\":206,\"image\":{\"@id\":\"https:\\\/\\\/ccbierzo.com\\\/el-banco-de-tierras-abre-la-inscripcion-para-la-ruta-de-la-cereza-del-sabado-en-corullon\\\/#primaryimage\"},\"thumbnailUrl\":\"https:\\\/\\\/ccbierzo.com\\\/wp-content\\\/uploads\\\/2022\\\/03\\\/cerezos-en-flor.jpg\",\"articleSection\":[\"Banco de Tierras\"],\"inLanguage\":\"gl-ES\"},{\"@type\":\"WebPage\",\"@id\":\"https:\\\/\\\/ccbierzo.com\\\/el-banco-de-tierras-abre-la-inscripcion-para-la-ruta-de-la-cereza-del-sabado-en-corullon\\\/\",\"url\":\"https:\\\/\\\/ccbierzo.com\\\/el-banco-de-tierras-abre-la-inscripcion-para-la-ruta-de-la-cereza-del-sabado-en-corullon\\\/\",\"name\":\"El Banco de Tierras abre la inscripci\u00f3n para la Ruta de la Cereza del s\u00e1bado en Corull\u00f3n - Consejo Comarcal del Bierzo\",\"isPartOf\":{\"@id\":\"https:\\\/\\\/ccbierzo.com\\\/gl\\\/#website\"},\"primaryImageOfPage\":{\"@id\":\"https:\\\/\\\/ccbierzo.com\\\/el-banco-de-tierras-abre-la-inscripcion-para-la-ruta-de-la-cereza-del-sabado-en-corullon\\\/#primaryimage\"},\"image\":{\"@id\":\"https:\\\/\\\/ccbierzo.com\\\/el-banco-de-tierras-abre-la-inscripcion-para-la-ruta-de-la-cereza-del-sabado-en-corullon\\\/#primaryimage\"},\"thumbnailUrl\":\"https:\\\/\\\/ccbierzo.com\\\/wp-content\\\/uploads\\\/2022\\\/03\\\/cerezos-en-flor.jpg\",\"datePublished\":\"2022-03-28T10:13:22+00:00\",\"dateModified\":\"2022-03-28T10:13:30+00:00\",\"author\":{\"@id\":\"https:\\\/\\\/ccbierzo.com\\\/gl\\\/#\\\/schema\\\/person\\\/4e9a8395b397b1d4b8695a5274072278\"},\"breadcrumb\":{\"@id\":\"https:\\\/\\\/ccbierzo.com\\\/el-banco-de-tierras-abre-la-inscripcion-para-la-ruta-de-la-cereza-del-sabado-en-corullon\\\/#breadcrumb\"},\"inLanguage\":\"gl-ES\",\"potentialAction\":[{\"@type\":\"ReadAction\",\"target\":[\"https:\\\/\\\/ccbierzo.com\\\/el-banco-de-tierras-abre-la-inscripcion-para-la-ruta-de-la-cereza-del-sabado-en-corullon\\\/\"]}]},{\"@type\":\"ImageObject\",\"inLanguage\":\"gl-ES\",\"@id\":\"https:\\\/\\\/ccbierzo.com\\\/el-banco-de-tierras-abre-la-inscripcion-para-la-ruta-de-la-cereza-del-sabado-en-corullon\\\/#primaryimage\",\"url\":\"https:\\\/\\\/ccbierzo.com\\\/wp-content\\\/uploads\\\/2022\\\/03\\\/cerezos-en-flor.jpg\",\"contentUrl\":\"https:\\\/\\\/ccbierzo.com\\\/wp-content\\\/uploads\\\/2022\\\/03\\\/cerezos-en-flor.jpg\",\"width\":1500,\"height\":1001},{\"@type\":\"BreadcrumbList\",\"@id\":\"https:\\\/\\\/ccbierzo.com\\\/el-banco-de-tierras-abre-la-inscripcion-para-la-ruta-de-la-cereza-del-sabado-en-corullon\\\/#breadcrumb\",\"itemListElement\":[{\"@type\":\"ListItem\",\"position\":1,\"name\":\"Portada\",\"item\":\"https:\\\/\\\/ccbierzo.com\\\/gl\\\/\"},{\"@type\":\"ListItem\",\"position\":2,\"name\":\"El Banco de Tierras abre la inscripci\u00f3n para la Ruta de la Cereza del s\u00e1bado en Corull\u00f3n\"}]},{\"@type\":\"WebSite\",\"@id\":\"https:\\\/\\\/ccbierzo.com\\\/gl\\\/#website\",\"url\":\"https:\\\/\\\/ccbierzo.com\\\/gl\\\/\",\"name\":\"Consejo Comarcal del Bierzo\",\"description\":\"P\u00e1gina Oficial del Consejo Comarcal del Bierzo\",\"potentialAction\":[{\"@type\":\"SearchAction\",\"target\":{\"@type\":\"EntryPoint\",\"urlTemplate\":\"https:\\\/\\\/ccbierzo.com\\\/gl\\\/?s={search_term_string}\"},\"query-input\":{\"@type\":\"PropertyValueSpecification\",\"valueRequired\":true,\"valueName\":\"search_term_string\"}}],\"inLanguage\":\"gl-ES\"},{\"@type\":\"Person\",\"@id\":\"https:\\\/\\\/ccbierzo.com\\\/gl\\\/#\\\/schema\\\/person\\\/4e9a8395b397b1d4b8695a5274072278\",\"name\":\"Marta Vidal\"}]}<\/script>\n<!-- \/ Yoast SEO plugin. -->","yoast_head_json":{"title":"El Banco de Tierras abre la inscripci\u00f3n para la Ruta de la Cereza del s\u00e1bado en Corull\u00f3n - Consejo Comarcal del Bierzo","robots":{"index":"index","follow":"follow","max-snippet":"max-snippet:-1","max-image-preview":"max-image-preview:large","max-video-preview":"max-video-preview:-1"},"canonical":"https:\/\/ccbierzo.com\/el-banco-de-tierras-abre-la-inscripcion-para-la-ruta-de-la-cereza-del-sabado-en-corullon\/","og_locale":"gl_ES","og_type":"article","og_title":"El Banco de Tierras abre la inscripci\u00f3n para la Ruta de la Cereza del s\u00e1bado en Corull\u00f3n - Consejo Comarcal del Bierzo","og_description":"El Banco de Tierras del Consejo Comarcal y Alimentos de Calidad del Bierzo organizan para este s\u00e1bado la primera ruta por la calidad de 2022 \u2013 la del botillo, celebrada a principios de marzo, hab\u00eda sido cancelada el a\u00f1o pasado &#8211; con el objetivo de ampliar el conocimiento sobre los productos de calidad bercianos. En [&hellip;]","og_url":"https:\/\/ccbierzo.com\/el-banco-de-tierras-abre-la-inscripcion-para-la-ruta-de-la-cereza-del-sabado-en-corullon\/","og_site_name":"Consejo Comarcal del Bierzo","article_published_time":"2022-03-28T10:13:22+00:00","article_modified_time":"2022-03-28T10:13:30+00:00","og_image":[{"width":1500,"height":1001,"url":"https:\/\/ccbierzo.com\/wp-content\/uploads\/2022\/03\/cerezos-en-flor.jpg","type":"image\/jpeg"}],"author":"Marta Vidal","twitter_card":"summary_large_image","twitter_misc":{"Escrito por":"Marta Vidal","Tempo de lectura":"2 minutos"},"schema":{"@context":"https:\/\/schema.org","@graph":[{"@type":"Article","@id":"https:\/\/ccbierzo.com\/el-banco-de-tierras-abre-la-inscripcion-para-la-ruta-de-la-cereza-del-sabado-en-corullon\/#article","isPartOf":{"@id":"https:\/\/ccbierzo.com\/el-banco-de-tierras-abre-la-inscripcion-para-la-ruta-de-la-cereza-del-sabado-en-corullon\/"},"author":{"name":"Marta Vidal","@id":"https:\/\/ccbierzo.com\/gl\/#\/schema\/person\/4e9a8395b397b1d4b8695a5274072278"},"headline":"El Banco de Tierras abre la inscripci\u00f3n para la Ruta de la Cereza del s\u00e1bado en Corull\u00f3n","datePublished":"2022-03-28T10:13:22+00:00","dateModified":"2022-03-28T10:13:30+00:00","mainEntityOfPage":{"@id":"https:\/\/ccbierzo.com\/el-banco-de-tierras-abre-la-inscripcion-para-la-ruta-de-la-cereza-del-sabado-en-corullon\/"},"wordCount":206,"image":{"@id":"https:\/\/ccbierzo.com\/el-banco-de-tierras-abre-la-inscripcion-para-la-ruta-de-la-cereza-del-sabado-en-corullon\/#primaryimage"},"thumbnailUrl":"https:\/\/ccbierzo.com\/wp-content\/uploads\/2022\/03\/cerezos-en-flor.jpg","articleSection":["Banco de Tierras"],"inLanguage":"gl-ES"},{"@type":"WebPage","@id":"https:\/\/ccbierzo.com\/el-banco-de-tierras-abre-la-inscripcion-para-la-ruta-de-la-cereza-del-sabado-en-corullon\/","url":"https:\/\/ccbierzo.com\/el-banco-de-tierras-abre-la-inscripcion-para-la-ruta-de-la-cereza-del-sabado-en-corullon\/","name":"El Banco de Tierras abre la inscripci\u00f3n para la Ruta de la Cereza del s\u00e1bado en Corull\u00f3n - Consejo Comarcal del Bierzo","isPartOf":{"@id":"https:\/\/ccbierzo.com\/gl\/#website"},"primaryImageOfPage":{"@id":"https:\/\/ccbierzo.com\/el-banco-de-tierras-abre-la-inscripcion-para-la-ruta-de-la-cereza-del-sabado-en-corullon\/#primaryimage"},"image":{"@id":"https:\/\/ccbierzo.com\/el-banco-de-tierras-abre-la-inscripcion-para-la-ruta-de-la-cereza-del-sabado-en-corullon\/#primaryimage"},"thumbnailUrl":"https:\/\/ccbierzo.com\/wp-content\/uploads\/2022\/03\/cerezos-en-flor.jpg","datePublished":"2022-03-28T10:13:22+00:00","dateModified":"2022-03-28T10:13:30+00:00","author":{"@id":"https:\/\/ccbierzo.com\/gl\/#\/schema\/person\/4e9a8395b397b1d4b8695a5274072278"},"breadcrumb":{"@id":"https:\/\/ccbierzo.com\/el-banco-de-tierras-abre-la-inscripcion-para-la-ruta-de-la-cereza-del-sabado-en-corullon\/#breadcrumb"},"inLanguage":"gl-ES","potentialAction":[{"@type":"ReadAction","target":["https:\/\/ccbierzo.com\/el-banco-de-tierras-abre-la-inscripcion-para-la-ruta-de-la-cereza-del-sabado-en-corullon\/"]}]},{"@type":"ImageObject","inLanguage":"gl-ES","@id":"https:\/\/ccbierzo.com\/el-banco-de-tierras-abre-la-inscripcion-para-la-ruta-de-la-cereza-del-sabado-en-corullon\/#primaryimage","url":"https:\/\/ccbierzo.com\/wp-content\/uploads\/2022\/03\/cerezos-en-flor.jpg","contentUrl":"https:\/\/ccbierzo.com\/wp-content\/uploads\/2022\/03\/cerezos-en-flor.jpg","width":1500,"height":1001},{"@type":"BreadcrumbList","@id":"https:\/\/ccbierzo.com\/el-banco-de-tierras-abre-la-inscripcion-para-la-ruta-de-la-cereza-del-sabado-en-corullon\/#breadcrumb","itemListElement":[{"@type":"ListItem","position":1,"name":"Portada","item":"https:\/\/ccbierzo.com\/gl\/"},{"@type":"ListItem","position":2,"name":"El Banco de Tierras abre la inscripci\u00f3n para la Ruta de la Cereza del s\u00e1bado en Corull\u00f3n"}]},{"@type":"WebSite","@id":"https:\/\/ccbierzo.com\/gl\/#website","url":"https:\/\/ccbierzo.com\/gl\/","name":"Consejo Comarcal del Bierzo","description":"P\u00e1gina Oficial del Consejo Comarcal del Bierzo","potentialAction":[{"@type":"SearchAction","target":{"@type":"EntryPoint","urlTemplate":"https:\/\/ccbierzo.com\/gl\/?s={search_term_string}"},"query-input":{"@type":"PropertyValueSpecification","valueRequired":true,"valueName":"search_term_string"}}],"inLanguage":"gl-ES"},{"@type":"Person","@id":"https:\/\/ccbierzo.com\/gl\/#\/schema\/person\/4e9a8395b397b1d4b8695a5274072278","name":"Marta Vidal"}]}},"_links":{"self":[{"href":"https:\/\/ccbierzo.com\/gl\/wp-json\/wp\/v2\/posts\/130163","targetHints":{"allow":["GET"]}}],"collection":[{"href":"https:\/\/ccbierzo.com\/gl\/wp-json\/wp\/v2\/posts"}],"about":[{"href":"https:\/\/ccbierzo.com\/gl\/wp-json\/wp\/v2\/types\/post"}],"author":[{"embeddable":true,"href":"https:\/\/ccbierzo.com\/gl\/wp-json\/wp\/v2\/users\/3"}],"replies":[{"embeddable":true,"href":"https:\/\/ccbierzo.com\/gl\/wp-json\/wp\/v2\/comments?post=130163"}],"version-history":[{"count":0,"href":"https:\/\/ccbierzo.com\/gl\/wp-json\/wp\/v2\/posts\/130163\/revisions"}],"wp:featuredmedia":[{"embeddable":true,"href":"https:\/\/ccbierzo.com\/gl\/wp-json\/wp\/v2\/media\/130166"}],"wp:attachment":[{"href":"https:\/\/ccbierzo.com\/gl\/wp-json\/wp\/v2\/media?parent=130163"}],"wp:term":[{"taxonomy":"category","embeddable":true,"href":"https:\/\/ccbierzo.com\/gl\/wp-json\/wp\/v2\/categories?post=130163"},{"taxonomy":"post_tag","embeddable":true,"href":"https:\/\/ccbierzo.com\/gl\/wp-json\/wp\/v2\/tags?post=130163"}],"curies":[{"name":"wp","href":"https:\/\/api.w.org\/{rel}","templated":true}]}}