{"id":130024,"date":"2022-01-25T14:46:23","date_gmt":"2022-01-25T13:46:23","guid":{"rendered":"https:\/\/ccbierzo.com\/?p=130024"},"modified":"2022-01-25T14:46:33","modified_gmt":"2022-01-25T13:46:33","slug":"el-pleno-aprueba-con-amplio-consenso-mociones-para-la-defensa-de-la-sanidad-publica-y-del-sector-agroalimentario","status":"publish","type":"post","link":"https:\/\/ccbierzo.com\/gl\/el-pleno-aprueba-con-amplio-consenso-mociones-para-la-defensa-de-la-sanidad-publica-y-del-sector-agroalimentario\/","title":{"rendered":"El Pleno aprueba con amplio consenso mociones para la defensa de la sanidad p\u00fablica y del sector agroalimentario"},"content":{"rendered":"\n<p>Tres mociones debatidas en la sesi\u00f3n ordinaria del Pleno celebrada este martes se aprobaron por unanimidad. La primera, presentada por el PP, obtuvo el respaldo de todos los grupos pol\u00edticos con el objetivo de solicitar la modernizaci\u00f3n del Canal Bajo de El Bierzo; la segunda, de Coalici\u00f3n por El Bierzo, para instar a la Consejer\u00eda de Sanidad a que dote al \u00e1rea de salud de El Bierzo de las ambulancias necesarias, y la tercera, del PSOE, para exigir una sanidad p\u00fablica y de calidad en la comarca.<\/p>\n\n\n\n<p>El Pleno aprob\u00f3 otras tres mociones y s\u00f3lo rechaz\u00f3 una, presentada por el PP, para solicitar al Gobierno el cese del ministro de Consumo por sus declaraciones con respecto al sector ganadero y c\u00e1rnico espa\u00f1ol. El Pleno aprob\u00f3 mociones en defensa de la ganader\u00eda sostenible; para reclamar la puesta en marcha de un parque agroalimentario y para solicitar a la Junta de Castilla y Le\u00f3n que mantenga el t\u00edtulo de T\u00e9cnico\/a Superior en Proyectos de Edificaci\u00f3n, que actualmente se imparte en el IES Virgen de la Encina.<\/p>\n","protected":false},"excerpt":{"rendered":"<p>Tres mociones debatidas en la sesi\u00f3n ordinaria del Pleno celebrada este martes se aprobaron por unanimidad. La primera, presentada por el PP, obtuvo el respaldo de todos los grupos pol\u00edticos con el objetivo de solicitar la modernizaci\u00f3n del Canal Bajo de El Bierzo; la segunda, de Coalici\u00f3n por El Bierzo, para instar a la Consejer\u00eda [&hellip;]<\/p>\n","protected":false},"author":3,"featured_media":130025,"comment_status":"closed","ping_status":"open","sticky":false,"template":"","format":"standard","meta":{"_et_pb_use_builder":"","_et_pb_old_content":"","_et_gb_content_width":"","footnotes":""},"categories":[26],"tags":[],"class_list":["post-130024","post","type-post","status-publish","format-standard","has-post-thumbnail","hentry","category-administracion"],"yoast_head":"<!-- This site is optimized with the Yoast SEO plugin v27.3 - https:\/\/yoast.com\/product\/yoast-seo-wordpress\/ -->\n<title>El Pleno aprueba con amplio consenso mociones para la defensa de la sanidad p\u00fablica y del sector agroalimentario - Consejo Comarcal del Bierzo<\/title>\n<meta name=\"robots\" content=\"index, follow, max-snippet:-1, max-image-preview:large, max-video-preview:-1\" \/>\n<link rel=\"canonical\" href=\"https:\/\/ccbierzo.com\/el-pleno-aprueba-con-amplio-consenso-mociones-para-la-defensa-de-la-sanidad-publica-y-del-sector-agroalimentario\/\" \/>\n<meta property=\"og:locale\" content=\"gl_ES\" \/>\n<meta property=\"og:type\" content=\"article\" \/>\n<meta property=\"og:title\" content=\"El Pleno aprueba con amplio consenso mociones para la defensa de la sanidad p\u00fablica y del sector agroalimentario - Consejo Comarcal del Bierzo\" \/>\n<meta property=\"og:description\" content=\"Tres mociones debatidas en la sesi\u00f3n ordinaria del Pleno celebrada este martes se aprobaron por unanimidad. La primera, presentada por el PP, obtuvo el respaldo de todos los grupos pol\u00edticos con el objetivo de solicitar la modernizaci\u00f3n del Canal Bajo de El Bierzo; la segunda, de Coalici\u00f3n por El Bierzo, para instar a la Consejer\u00eda [&hellip;]\" \/>\n<meta property=\"og:url\" content=\"https:\/\/ccbierzo.com\/el-pleno-aprueba-con-amplio-consenso-mociones-para-la-defensa-de-la-sanidad-publica-y-del-sector-agroalimentario\/\" \/>\n<meta property=\"og:site_name\" content=\"Consejo Comarcal del Bierzo\" \/>\n<meta property=\"article:published_time\" content=\"2022-01-25T13:46:23+00:00\" \/>\n<meta property=\"article:modified_time\" content=\"2022-01-25T13:46:33+00:00\" \/>\n<meta property=\"og:image\" content=\"https:\/\/ccbierzo.com\/wp-content\/uploads\/2022\/01\/pleno.jpg\" \/>\n\t<meta property=\"og:image:width\" content=\"1500\" \/>\n\t<meta property=\"og:image:height\" content=\"1000\" \/>\n\t<meta property=\"og:image:type\" content=\"image\/jpeg\" \/>\n<meta name=\"author\" content=\"Marta Vidal\" \/>\n<meta name=\"twitter:card\" content=\"summary_large_image\" \/>\n<meta name=\"twitter:label1\" content=\"Escrito por\" \/>\n\t<meta name=\"twitter:data1\" content=\"Marta Vidal\" \/>\n\t<meta name=\"twitter:label2\" content=\"Tempo de lectura\" \/>\n\t<meta name=\"twitter:data2\" content=\"1 minuto\" \/>\n<script type=\"application\/ld+json\" class=\"yoast-schema-graph\">{\"@context\":\"https:\\\/\\\/schema.org\",\"@graph\":[{\"@type\":\"Article\",\"@id\":\"https:\\\/\\\/ccbierzo.com\\\/el-pleno-aprueba-con-amplio-consenso-mociones-para-la-defensa-de-la-sanidad-publica-y-del-sector-agroalimentario\\\/#article\",\"isPartOf\":{\"@id\":\"https:\\\/\\\/ccbierzo.com\\\/el-pleno-aprueba-con-amplio-consenso-mociones-para-la-defensa-de-la-sanidad-publica-y-del-sector-agroalimentario\\\/\"},\"author\":{\"name\":\"Marta Vidal\",\"@id\":\"https:\\\/\\\/ccbierzo.com\\\/gl\\\/#\\\/schema\\\/person\\\/4e9a8395b397b1d4b8695a5274072278\"},\"headline\":\"El Pleno aprueba con amplio consenso mociones para la defensa de la sanidad p\u00fablica y del sector agroalimentario\",\"datePublished\":\"2022-01-25T13:46:23+00:00\",\"dateModified\":\"2022-01-25T13:46:33+00:00\",\"mainEntityOfPage\":{\"@id\":\"https:\\\/\\\/ccbierzo.com\\\/el-pleno-aprueba-con-amplio-consenso-mociones-para-la-defensa-de-la-sanidad-publica-y-del-sector-agroalimentario\\\/\"},\"wordCount\":208,\"image\":{\"@id\":\"https:\\\/\\\/ccbierzo.com\\\/el-pleno-aprueba-con-amplio-consenso-mociones-para-la-defensa-de-la-sanidad-publica-y-del-sector-agroalimentario\\\/#primaryimage\"},\"thumbnailUrl\":\"https:\\\/\\\/ccbierzo.com\\\/wp-content\\\/uploads\\\/2022\\\/01\\\/pleno.jpg\",\"articleSection\":[\"Administraci\u00f3n\"],\"inLanguage\":\"gl-ES\"},{\"@type\":\"WebPage\",\"@id\":\"https:\\\/\\\/ccbierzo.com\\\/el-pleno-aprueba-con-amplio-consenso-mociones-para-la-defensa-de-la-sanidad-publica-y-del-sector-agroalimentario\\\/\",\"url\":\"https:\\\/\\\/ccbierzo.com\\\/el-pleno-aprueba-con-amplio-consenso-mociones-para-la-defensa-de-la-sanidad-publica-y-del-sector-agroalimentario\\\/\",\"name\":\"El Pleno aprueba con amplio consenso mociones para la defensa de la sanidad p\u00fablica y del sector agroalimentario - Consejo Comarcal del Bierzo\",\"isPartOf\":{\"@id\":\"https:\\\/\\\/ccbierzo.com\\\/gl\\\/#website\"},\"primaryImageOfPage\":{\"@id\":\"https:\\\/\\\/ccbierzo.com\\\/el-pleno-aprueba-con-amplio-consenso-mociones-para-la-defensa-de-la-sanidad-publica-y-del-sector-agroalimentario\\\/#primaryimage\"},\"image\":{\"@id\":\"https:\\\/\\\/ccbierzo.com\\\/el-pleno-aprueba-con-amplio-consenso-mociones-para-la-defensa-de-la-sanidad-publica-y-del-sector-agroalimentario\\\/#primaryimage\"},\"thumbnailUrl\":\"https:\\\/\\\/ccbierzo.com\\\/wp-content\\\/uploads\\\/2022\\\/01\\\/pleno.jpg\",\"datePublished\":\"2022-01-25T13:46:23+00:00\",\"dateModified\":\"2022-01-25T13:46:33+00:00\",\"author\":{\"@id\":\"https:\\\/\\\/ccbierzo.com\\\/gl\\\/#\\\/schema\\\/person\\\/4e9a8395b397b1d4b8695a5274072278\"},\"breadcrumb\":{\"@id\":\"https:\\\/\\\/ccbierzo.com\\\/el-pleno-aprueba-con-amplio-consenso-mociones-para-la-defensa-de-la-sanidad-publica-y-del-sector-agroalimentario\\\/#breadcrumb\"},\"inLanguage\":\"gl-ES\",\"potentialAction\":[{\"@type\":\"ReadAction\",\"target\":[\"https:\\\/\\\/ccbierzo.com\\\/el-pleno-aprueba-con-amplio-consenso-mociones-para-la-defensa-de-la-sanidad-publica-y-del-sector-agroalimentario\\\/\"]}]},{\"@type\":\"ImageObject\",\"inLanguage\":\"gl-ES\",\"@id\":\"https:\\\/\\\/ccbierzo.com\\\/el-pleno-aprueba-con-amplio-consenso-mociones-para-la-defensa-de-la-sanidad-publica-y-del-sector-agroalimentario\\\/#primaryimage\",\"url\":\"https:\\\/\\\/ccbierzo.com\\\/wp-content\\\/uploads\\\/2022\\\/01\\\/pleno.jpg\",\"contentUrl\":\"https:\\\/\\\/ccbierzo.com\\\/wp-content\\\/uploads\\\/2022\\\/01\\\/pleno.jpg\",\"width\":1500,\"height\":1000},{\"@type\":\"BreadcrumbList\",\"@id\":\"https:\\\/\\\/ccbierzo.com\\\/el-pleno-aprueba-con-amplio-consenso-mociones-para-la-defensa-de-la-sanidad-publica-y-del-sector-agroalimentario\\\/#breadcrumb\",\"itemListElement\":[{\"@type\":\"ListItem\",\"position\":1,\"name\":\"Portada\",\"item\":\"https:\\\/\\\/ccbierzo.com\\\/gl\\\/\"},{\"@type\":\"ListItem\",\"position\":2,\"name\":\"El Pleno aprueba con amplio consenso mociones para la defensa de la sanidad p\u00fablica y del sector agroalimentario\"}]},{\"@type\":\"WebSite\",\"@id\":\"https:\\\/\\\/ccbierzo.com\\\/gl\\\/#website\",\"url\":\"https:\\\/\\\/ccbierzo.com\\\/gl\\\/\",\"name\":\"Consejo Comarcal del Bierzo\",\"description\":\"P\u00e1gina Oficial del Consejo Comarcal del Bierzo\",\"potentialAction\":[{\"@type\":\"SearchAction\",\"target\":{\"@type\":\"EntryPoint\",\"urlTemplate\":\"https:\\\/\\\/ccbierzo.com\\\/gl\\\/?s={search_term_string}\"},\"query-input\":{\"@type\":\"PropertyValueSpecification\",\"valueRequired\":true,\"valueName\":\"search_term_string\"}}],\"inLanguage\":\"gl-ES\"},{\"@type\":\"Person\",\"@id\":\"https:\\\/\\\/ccbierzo.com\\\/gl\\\/#\\\/schema\\\/person\\\/4e9a8395b397b1d4b8695a5274072278\",\"name\":\"Marta Vidal\"}]}<\/script>\n<!-- \/ Yoast SEO plugin. -->","yoast_head_json":{"title":"El Pleno aprueba con amplio consenso mociones para la defensa de la sanidad p\u00fablica y del sector agroalimentario - Consejo Comarcal del Bierzo","robots":{"index":"index","follow":"follow","max-snippet":"max-snippet:-1","max-image-preview":"max-image-preview:large","max-video-preview":"max-video-preview:-1"},"canonical":"https:\/\/ccbierzo.com\/el-pleno-aprueba-con-amplio-consenso-mociones-para-la-defensa-de-la-sanidad-publica-y-del-sector-agroalimentario\/","og_locale":"gl_ES","og_type":"article","og_title":"El Pleno aprueba con amplio consenso mociones para la defensa de la sanidad p\u00fablica y del sector agroalimentario - Consejo Comarcal del Bierzo","og_description":"Tres mociones debatidas en la sesi\u00f3n ordinaria del Pleno celebrada este martes se aprobaron por unanimidad. La primera, presentada por el PP, obtuvo el respaldo de todos los grupos pol\u00edticos con el objetivo de solicitar la modernizaci\u00f3n del Canal Bajo de El Bierzo; la segunda, de Coalici\u00f3n por El Bierzo, para instar a la Consejer\u00eda [&hellip;]","og_url":"https:\/\/ccbierzo.com\/el-pleno-aprueba-con-amplio-consenso-mociones-para-la-defensa-de-la-sanidad-publica-y-del-sector-agroalimentario\/","og_site_name":"Consejo Comarcal del Bierzo","article_published_time":"2022-01-25T13:46:23+00:00","article_modified_time":"2022-01-25T13:46:33+00:00","og_image":[{"width":1500,"height":1000,"url":"https:\/\/ccbierzo.com\/wp-content\/uploads\/2022\/01\/pleno.jpg","type":"image\/jpeg"}],"author":"Marta Vidal","twitter_card":"summary_large_image","twitter_misc":{"Escrito por":"Marta Vidal","Tempo de lectura":"1 minuto"},"schema":{"@context":"https:\/\/schema.org","@graph":[{"@type":"Article","@id":"https:\/\/ccbierzo.com\/el-pleno-aprueba-con-amplio-consenso-mociones-para-la-defensa-de-la-sanidad-publica-y-del-sector-agroalimentario\/#article","isPartOf":{"@id":"https:\/\/ccbierzo.com\/el-pleno-aprueba-con-amplio-consenso-mociones-para-la-defensa-de-la-sanidad-publica-y-del-sector-agroalimentario\/"},"author":{"name":"Marta Vidal","@id":"https:\/\/ccbierzo.com\/gl\/#\/schema\/person\/4e9a8395b397b1d4b8695a5274072278"},"headline":"El Pleno aprueba con amplio consenso mociones para la defensa de la sanidad p\u00fablica y del sector agroalimentario","datePublished":"2022-01-25T13:46:23+00:00","dateModified":"2022-01-25T13:46:33+00:00","mainEntityOfPage":{"@id":"https:\/\/ccbierzo.com\/el-pleno-aprueba-con-amplio-consenso-mociones-para-la-defensa-de-la-sanidad-publica-y-del-sector-agroalimentario\/"},"wordCount":208,"image":{"@id":"https:\/\/ccbierzo.com\/el-pleno-aprueba-con-amplio-consenso-mociones-para-la-defensa-de-la-sanidad-publica-y-del-sector-agroalimentario\/#primaryimage"},"thumbnailUrl":"https:\/\/ccbierzo.com\/wp-content\/uploads\/2022\/01\/pleno.jpg","articleSection":["Administraci\u00f3n"],"inLanguage":"gl-ES"},{"@type":"WebPage","@id":"https:\/\/ccbierzo.com\/el-pleno-aprueba-con-amplio-consenso-mociones-para-la-defensa-de-la-sanidad-publica-y-del-sector-agroalimentario\/","url":"https:\/\/ccbierzo.com\/el-pleno-aprueba-con-amplio-consenso-mociones-para-la-defensa-de-la-sanidad-publica-y-del-sector-agroalimentario\/","name":"El Pleno aprueba con amplio consenso mociones para la defensa de la sanidad p\u00fablica y del sector agroalimentario - Consejo Comarcal del Bierzo","isPartOf":{"@id":"https:\/\/ccbierzo.com\/gl\/#website"},"primaryImageOfPage":{"@id":"https:\/\/ccbierzo.com\/el-pleno-aprueba-con-amplio-consenso-mociones-para-la-defensa-de-la-sanidad-publica-y-del-sector-agroalimentario\/#primaryimage"},"image":{"@id":"https:\/\/ccbierzo.com\/el-pleno-aprueba-con-amplio-consenso-mociones-para-la-defensa-de-la-sanidad-publica-y-del-sector-agroalimentario\/#primaryimage"},"thumbnailUrl":"https:\/\/ccbierzo.com\/wp-content\/uploads\/2022\/01\/pleno.jpg","datePublished":"2022-01-25T13:46:23+00:00","dateModified":"2022-01-25T13:46:33+00:00","author":{"@id":"https:\/\/ccbierzo.com\/gl\/#\/schema\/person\/4e9a8395b397b1d4b8695a5274072278"},"breadcrumb":{"@id":"https:\/\/ccbierzo.com\/el-pleno-aprueba-con-amplio-consenso-mociones-para-la-defensa-de-la-sanidad-publica-y-del-sector-agroalimentario\/#breadcrumb"},"inLanguage":"gl-ES","potentialAction":[{"@type":"ReadAction","target":["https:\/\/ccbierzo.com\/el-pleno-aprueba-con-amplio-consenso-mociones-para-la-defensa-de-la-sanidad-publica-y-del-sector-agroalimentario\/"]}]},{"@type":"ImageObject","inLanguage":"gl-ES","@id":"https:\/\/ccbierzo.com\/el-pleno-aprueba-con-amplio-consenso-mociones-para-la-defensa-de-la-sanidad-publica-y-del-sector-agroalimentario\/#primaryimage","url":"https:\/\/ccbierzo.com\/wp-content\/uploads\/2022\/01\/pleno.jpg","contentUrl":"https:\/\/ccbierzo.com\/wp-content\/uploads\/2022\/01\/pleno.jpg","width":1500,"height":1000},{"@type":"BreadcrumbList","@id":"https:\/\/ccbierzo.com\/el-pleno-aprueba-con-amplio-consenso-mociones-para-la-defensa-de-la-sanidad-publica-y-del-sector-agroalimentario\/#breadcrumb","itemListElement":[{"@type":"ListItem","position":1,"name":"Portada","item":"https:\/\/ccbierzo.com\/gl\/"},{"@type":"ListItem","position":2,"name":"El Pleno aprueba con amplio consenso mociones para la defensa de la sanidad p\u00fablica y del sector agroalimentario"}]},{"@type":"WebSite","@id":"https:\/\/ccbierzo.com\/gl\/#website","url":"https:\/\/ccbierzo.com\/gl\/","name":"Consejo Comarcal del Bierzo","description":"P\u00e1gina Oficial del Consejo Comarcal del Bierzo","potentialAction":[{"@type":"SearchAction","target":{"@type":"EntryPoint","urlTemplate":"https:\/\/ccbierzo.com\/gl\/?s={search_term_string}"},"query-input":{"@type":"PropertyValueSpecification","valueRequired":true,"valueName":"search_term_string"}}],"inLanguage":"gl-ES"},{"@type":"Person","@id":"https:\/\/ccbierzo.com\/gl\/#\/schema\/person\/4e9a8395b397b1d4b8695a5274072278","name":"Marta Vidal"}]}},"_links":{"self":[{"href":"https:\/\/ccbierzo.com\/gl\/wp-json\/wp\/v2\/posts\/130024","targetHints":{"allow":["GET"]}}],"collection":[{"href":"https:\/\/ccbierzo.com\/gl\/wp-json\/wp\/v2\/posts"}],"about":[{"href":"https:\/\/ccbierzo.com\/gl\/wp-json\/wp\/v2\/types\/post"}],"author":[{"embeddable":true,"href":"https:\/\/ccbierzo.com\/gl\/wp-json\/wp\/v2\/users\/3"}],"replies":[{"embeddable":true,"href":"https:\/\/ccbierzo.com\/gl\/wp-json\/wp\/v2\/comments?post=130024"}],"version-history":[{"count":0,"href":"https:\/\/ccbierzo.com\/gl\/wp-json\/wp\/v2\/posts\/130024\/revisions"}],"wp:featuredmedia":[{"embeddable":true,"href":"https:\/\/ccbierzo.com\/gl\/wp-json\/wp\/v2\/media\/130025"}],"wp:attachment":[{"href":"https:\/\/ccbierzo.com\/gl\/wp-json\/wp\/v2\/media?parent=130024"}],"wp:term":[{"taxonomy":"category","embeddable":true,"href":"https:\/\/ccbierzo.com\/gl\/wp-json\/wp\/v2\/categories?post=130024"},{"taxonomy":"post_tag","embeddable":true,"href":"https:\/\/ccbierzo.com\/gl\/wp-json\/wp\/v2\/tags?post=130024"}],"curies":[{"name":"wp","href":"https:\/\/api.w.org\/{rel}","templated":true}]}}