{"id":129741,"date":"2021-10-22T11:41:33","date_gmt":"2021-10-22T09:41:33","guid":{"rendered":"https:\/\/ccbierzo.com\/?p=129741"},"modified":"2021-10-22T11:47:32","modified_gmt":"2021-10-22T09:47:32","slug":"el-cientifico-saul-ares-inaugura-las-xxxvii-jornadas-gastronomicas-recordando-su-vinculacion-con-la-tierra-y-los-productos-de-calidad-bercianos","status":"publish","type":"post","link":"https:\/\/ccbierzo.com\/gl\/el-cientifico-saul-ares-inaugura-las-xxxvii-jornadas-gastronomicas-recordando-su-vinculacion-con-la-tierra-y-los-productos-de-calidad-bercianos\/","title":{"rendered":"El cient\u00edfico Sa\u00fal Ares inaugura las XXXVII Jornadas Gastron\u00f3micas recordando su vinculaci\u00f3n con la tierra y los productos de calidad bercianos."},"content":{"rendered":"\n<p>&#8220;Llevo la gastronom\u00eda de El Bierzo en mi ADN&#8221;, afirm\u00f3 Sa\u00fal Ares en el acto de apertura de las Jornadas Gastron\u00f3micas. El cient\u00edfico del CSIC agradeci\u00f3 su elecci\u00f3n como mantenedor para representar a la comunidad cient\u00edfica. Seg\u00fan explic\u00f3 el presidente, &#8220;elegir a Sa\u00fal es reconocer la importante labor de investigaci\u00f3n para el desarrollo de una vacuna que ha permitido recuperar la normalidad y disfrutar de la buena mesa en compa\u00f1\u00eda&#8221;.<\/p>\n\n\n\n<p>Sa\u00fal Ares comenz\u00f3 su  intervenci\u00f3n explicando c\u00f3mo, de manera fortuita, acab\u00f3 convirti\u00e9ndose en uno de los expertos con m\u00e1s apariciones televisivas para explicar cu\u00e1l era el comportamiento de un virus desconocido hasta la fecha. &#8220;Me llam\u00f3 Ana Rosa (&#8230;) tuvimos una relaci\u00f3n muy cordial y ya me convert\u00ed en un cl\u00e1sico&#8221;, record\u00f3 con un humor, el que no abandon\u00f3 durante toda su intervenci\u00f3n. Para Sa\u00fal Ares, lo \u00fanico positivo de la pandemia, ha sido que la comunidad cient\u00edfica goce de una mayor visibilidad.<\/p>\n\n\n\n<p>La intervenci\u00f3n del cient\u00edfico berciano tambi\u00e9n fue un homenaje a su propia familia, muy vinculada con el trabajo en el campo, y especialmente a su padre, fallecido hace tres meses. Emigrante en Nueva York, &#8220;cuando volvi\u00f3 a Espa\u00f1a, a mediados de los ochenta, su principal modo de vida fue el trabajo de sus tierras en Villadepalos y el m\u00e1s grande fue una parcela que ten\u00eda 600 manzanos, entre golden y reineta&#8221;, explic\u00f3 ante un p\u00fablico entregado.<\/p>\n\n\n\n<div style=\"height:30px\" aria-hidden=\"true\" class=\"wp-block-spacer\"><\/div>\n\n\n\n<div class=\"wp-block-image\"><figure class=\"aligncenter size-large is-resized\"><img loading=\"lazy\" decoding=\"async\" src=\"https:\/\/ccbierzo.com\/wp-content\/uploads\/2021\/10\/IMG_20211021_184139-scaled-e1634894715886-1024x680.jpg\" alt=\"\" class=\"wp-image-129742\" width=\"768\" height=\"510\"\/><figcaption>Sa\u00fal Ares recibi\u00f3 una cesta  con productos de El Bierzo y una obra en vidrio de los artistas Rogelio Pacios y Mar\u00eda Lombardero<\/figcaption><\/figure><\/div>\n\n\n\n<p>El presidente del Consejo Comarcal, Gerardo \u00c1lvarez Courel, agradeci\u00f3 el esfuerzo de los restaurantes participantes y anim\u00f3 a los bercianos y bercianas a asistir a las jornadas. &#8220;Es la mejor manera de apoyar a un sector muy perjudicado por la pandemia&#8221;, a\u00f1adi\u00f3.<\/p>\n\n\n\n<p>El acto, celebrado en las instalaciones de Ciuden en Compostilla, cont\u00f3 con la presencia de la la directora general de Turismo de la Junta de Castilla y Le\u00f3n, Estrella Torrecilla; del alcalde de Ponferrada, Olegario Ram\u00f3n; del vicepresidente de la Diputaci\u00f3n para Le\u00f3n en El Bierzo, Alider Presa; y del director de Ciuden, Arsenio Terr\u00f3n, entre otras autoridades y representantes de la sociedad berciana.<\/p>\n\n\n\n<div style=\"height:30px\" aria-hidden=\"true\" class=\"wp-block-spacer\"><\/div>\n\n\n\n<div class=\"wp-block-image\"><figure class=\"aligncenter size-large is-resized\"><img loading=\"lazy\" decoding=\"async\" src=\"https:\/\/ccbierzo.com\/wp-content\/uploads\/2021\/10\/jornadas37-1024x766.jpg\" alt=\"\" class=\"wp-image-129744\" width=\"768\" height=\"575\"\/><figcaption>Olegario Ram\u00f3n, Gerardo \u00c1lvarez Courel, Arsenio Terr\u00f3n, Estrella Torrecilla y Sa\u00fal Ares.<\/figcaption><\/figure><\/div>\n\n\n\n<h4 class=\"wp-block-heading\">CLICK EN LA IMAGEN PARA ACCEDER AL MEN\u00da DE LAS XXXVII JORNADAS GASTRON\u00d3MICAS DE EL BIERZO<\/h4>\n\n\n\n<div style=\"height:30px\" aria-hidden=\"true\" class=\"wp-block-spacer\"><\/div>\n\n\n\n<div class=\"wp-block-image\"><figure class=\"aligncenter size-large\"><a href=\"https:\/\/www.turismodelbierzo.es\/jornada-gastronomicas-2021\/\"><img loading=\"lazy\" decoding=\"async\" width=\"733\" height=\"1024\" src=\"https:\/\/ccbierzo.com\/wp-content\/uploads\/2021\/10\/Cartel_Jornadas_Gastronomicas_Bierzo_2021-733x1024.jpg\" alt=\"\" class=\"wp-image-129675\"\/><\/a><figcaption>Cartel de las XXXVII Jornadas Gastron\u00f3micas de El Bierzo<\/figcaption><\/figure><\/div>\n\n\n\n<p><\/p>\n","protected":false},"excerpt":{"rendered":"<p>&#8220;Llevo la gastronom\u00eda de El Bierzo en mi ADN&#8221;, afirm\u00f3 Sa\u00fal Ares en el acto de apertura de las Jornadas Gastron\u00f3micas. El cient\u00edfico del CSIC agradeci\u00f3 su elecci\u00f3n como mantenedor para representar a la comunidad cient\u00edfica. Seg\u00fan explic\u00f3 el presidente, &#8220;elegir a Sa\u00fal es reconocer la importante labor de investigaci\u00f3n para el desarrollo de una [&hellip;]<\/p>\n","protected":false},"author":3,"featured_media":129746,"comment_status":"closed","ping_status":"open","sticky":false,"template":"","format":"standard","meta":{"_et_pb_use_builder":"","_et_pb_old_content":"","_et_gb_content_width":"","footnotes":""},"categories":[1,25],"tags":[535],"class_list":["post-129741","post","type-post","status-publish","format-standard","has-post-thumbnail","hentry","category-sin-categorizar","category-turismo","tag-xxxvii-jornadas-gastronomicas-de-el-bierzo"],"yoast_head":"<!-- This site is optimized with the Yoast SEO plugin v27.3 - https:\/\/yoast.com\/product\/yoast-seo-wordpress\/ -->\n<title>El cient\u00edfico Sa\u00fal Ares inaugura las XXXVII Jornadas Gastron\u00f3micas recordando su vinculaci\u00f3n con la tierra y los productos de calidad bercianos. - Consejo Comarcal del Bierzo<\/title>\n<meta name=\"robots\" content=\"index, follow, max-snippet:-1, max-image-preview:large, max-video-preview:-1\" \/>\n<link rel=\"canonical\" href=\"https:\/\/ccbierzo.com\/el-cientifico-saul-ares-inaugura-las-xxxvii-jornadas-gastronomicas-recordando-su-vinculacion-con-la-tierra-y-los-productos-de-calidad-bercianos\/\" \/>\n<meta property=\"og:locale\" content=\"gl_ES\" \/>\n<meta property=\"og:type\" content=\"article\" \/>\n<meta property=\"og:title\" content=\"El cient\u00edfico Sa\u00fal Ares inaugura las XXXVII Jornadas Gastron\u00f3micas recordando su vinculaci\u00f3n con la tierra y los productos de calidad bercianos. - Consejo Comarcal del Bierzo\" \/>\n<meta property=\"og:description\" content=\"&#8220;Llevo la gastronom\u00eda de El Bierzo en mi ADN&#8221;, afirm\u00f3 Sa\u00fal Ares en el acto de apertura de las Jornadas Gastron\u00f3micas. El cient\u00edfico del CSIC agradeci\u00f3 su elecci\u00f3n como mantenedor para representar a la comunidad cient\u00edfica. Seg\u00fan explic\u00f3 el presidente, &#8220;elegir a Sa\u00fal es reconocer la importante labor de investigaci\u00f3n para el desarrollo de una [&hellip;]\" \/>\n<meta property=\"og:url\" content=\"https:\/\/ccbierzo.com\/el-cientifico-saul-ares-inaugura-las-xxxvii-jornadas-gastronomicas-recordando-su-vinculacion-con-la-tierra-y-los-productos-de-calidad-bercianos\/\" \/>\n<meta property=\"og:site_name\" content=\"Consejo Comarcal del Bierzo\" \/>\n<meta property=\"article:published_time\" content=\"2021-10-22T09:41:33+00:00\" \/>\n<meta property=\"article:modified_time\" content=\"2021-10-22T09:47:32+00:00\" \/>\n<meta property=\"og:image\" content=\"https:\/\/ccbierzo.com\/wp-content\/uploads\/2021\/10\/jornadas37-2.jpg\" \/>\n\t<meta property=\"og:image:width\" content=\"1482\" \/>\n\t<meta property=\"og:image:height\" content=\"988\" \/>\n\t<meta property=\"og:image:type\" content=\"image\/jpeg\" \/>\n<meta name=\"author\" content=\"Marta Vidal\" \/>\n<meta name=\"twitter:card\" content=\"summary_large_image\" \/>\n<meta name=\"twitter:label1\" content=\"Escrito por\" \/>\n\t<meta name=\"twitter:data1\" content=\"Marta Vidal\" \/>\n\t<meta name=\"twitter:label2\" content=\"Tempo de lectura\" \/>\n\t<meta name=\"twitter:data2\" content=\"3 minutos\" \/>\n<script type=\"application\/ld+json\" class=\"yoast-schema-graph\">{\"@context\":\"https:\\\/\\\/schema.org\",\"@graph\":[{\"@type\":\"Article\",\"@id\":\"https:\\\/\\\/ccbierzo.com\\\/el-cientifico-saul-ares-inaugura-las-xxxvii-jornadas-gastronomicas-recordando-su-vinculacion-con-la-tierra-y-los-productos-de-calidad-bercianos\\\/#article\",\"isPartOf\":{\"@id\":\"https:\\\/\\\/ccbierzo.com\\\/el-cientifico-saul-ares-inaugura-las-xxxvii-jornadas-gastronomicas-recordando-su-vinculacion-con-la-tierra-y-los-productos-de-calidad-bercianos\\\/\"},\"author\":{\"name\":\"Marta Vidal\",\"@id\":\"https:\\\/\\\/ccbierzo.com\\\/gl\\\/#\\\/schema\\\/person\\\/4e9a8395b397b1d4b8695a5274072278\"},\"headline\":\"El cient\u00edfico Sa\u00fal Ares inaugura las XXXVII Jornadas Gastron\u00f3micas recordando su vinculaci\u00f3n con la tierra y los productos de calidad bercianos.\",\"datePublished\":\"2021-10-22T09:41:33+00:00\",\"dateModified\":\"2021-10-22T09:47:32+00:00\",\"mainEntityOfPage\":{\"@id\":\"https:\\\/\\\/ccbierzo.com\\\/el-cientifico-saul-ares-inaugura-las-xxxvii-jornadas-gastronomicas-recordando-su-vinculacion-con-la-tierra-y-los-productos-de-calidad-bercianos\\\/\"},\"wordCount\":459,\"image\":{\"@id\":\"https:\\\/\\\/ccbierzo.com\\\/el-cientifico-saul-ares-inaugura-las-xxxvii-jornadas-gastronomicas-recordando-su-vinculacion-con-la-tierra-y-los-productos-de-calidad-bercianos\\\/#primaryimage\"},\"thumbnailUrl\":\"https:\\\/\\\/ccbierzo.com\\\/wp-content\\\/uploads\\\/2021\\\/10\\\/jornadas37-2.jpg\",\"keywords\":[\"XXXVII Jornadas Gastron\u00f3micas de El Bierzo\"],\"articleSection\":[\"Sin categorizar\",\"Turismo\"],\"inLanguage\":\"gl-ES\"},{\"@type\":\"WebPage\",\"@id\":\"https:\\\/\\\/ccbierzo.com\\\/el-cientifico-saul-ares-inaugura-las-xxxvii-jornadas-gastronomicas-recordando-su-vinculacion-con-la-tierra-y-los-productos-de-calidad-bercianos\\\/\",\"url\":\"https:\\\/\\\/ccbierzo.com\\\/el-cientifico-saul-ares-inaugura-las-xxxvii-jornadas-gastronomicas-recordando-su-vinculacion-con-la-tierra-y-los-productos-de-calidad-bercianos\\\/\",\"name\":\"El cient\u00edfico Sa\u00fal Ares inaugura las XXXVII Jornadas Gastron\u00f3micas recordando su vinculaci\u00f3n con la tierra y los productos de calidad bercianos. - Consejo Comarcal del Bierzo\",\"isPartOf\":{\"@id\":\"https:\\\/\\\/ccbierzo.com\\\/gl\\\/#website\"},\"primaryImageOfPage\":{\"@id\":\"https:\\\/\\\/ccbierzo.com\\\/el-cientifico-saul-ares-inaugura-las-xxxvii-jornadas-gastronomicas-recordando-su-vinculacion-con-la-tierra-y-los-productos-de-calidad-bercianos\\\/#primaryimage\"},\"image\":{\"@id\":\"https:\\\/\\\/ccbierzo.com\\\/el-cientifico-saul-ares-inaugura-las-xxxvii-jornadas-gastronomicas-recordando-su-vinculacion-con-la-tierra-y-los-productos-de-calidad-bercianos\\\/#primaryimage\"},\"thumbnailUrl\":\"https:\\\/\\\/ccbierzo.com\\\/wp-content\\\/uploads\\\/2021\\\/10\\\/jornadas37-2.jpg\",\"datePublished\":\"2021-10-22T09:41:33+00:00\",\"dateModified\":\"2021-10-22T09:47:32+00:00\",\"author\":{\"@id\":\"https:\\\/\\\/ccbierzo.com\\\/gl\\\/#\\\/schema\\\/person\\\/4e9a8395b397b1d4b8695a5274072278\"},\"breadcrumb\":{\"@id\":\"https:\\\/\\\/ccbierzo.com\\\/el-cientifico-saul-ares-inaugura-las-xxxvii-jornadas-gastronomicas-recordando-su-vinculacion-con-la-tierra-y-los-productos-de-calidad-bercianos\\\/#breadcrumb\"},\"inLanguage\":\"gl-ES\",\"potentialAction\":[{\"@type\":\"ReadAction\",\"target\":[\"https:\\\/\\\/ccbierzo.com\\\/el-cientifico-saul-ares-inaugura-las-xxxvii-jornadas-gastronomicas-recordando-su-vinculacion-con-la-tierra-y-los-productos-de-calidad-bercianos\\\/\"]}]},{\"@type\":\"ImageObject\",\"inLanguage\":\"gl-ES\",\"@id\":\"https:\\\/\\\/ccbierzo.com\\\/el-cientifico-saul-ares-inaugura-las-xxxvii-jornadas-gastronomicas-recordando-su-vinculacion-con-la-tierra-y-los-productos-de-calidad-bercianos\\\/#primaryimage\",\"url\":\"https:\\\/\\\/ccbierzo.com\\\/wp-content\\\/uploads\\\/2021\\\/10\\\/jornadas37-2.jpg\",\"contentUrl\":\"https:\\\/\\\/ccbierzo.com\\\/wp-content\\\/uploads\\\/2021\\\/10\\\/jornadas37-2.jpg\",\"width\":1482,\"height\":988},{\"@type\":\"BreadcrumbList\",\"@id\":\"https:\\\/\\\/ccbierzo.com\\\/el-cientifico-saul-ares-inaugura-las-xxxvii-jornadas-gastronomicas-recordando-su-vinculacion-con-la-tierra-y-los-productos-de-calidad-bercianos\\\/#breadcrumb\",\"itemListElement\":[{\"@type\":\"ListItem\",\"position\":1,\"name\":\"Portada\",\"item\":\"https:\\\/\\\/ccbierzo.com\\\/gl\\\/\"},{\"@type\":\"ListItem\",\"position\":2,\"name\":\"El cient\u00edfico Sa\u00fal Ares inaugura las XXXVII Jornadas Gastron\u00f3micas recordando su vinculaci\u00f3n con la tierra y los productos de calidad bercianos.\"}]},{\"@type\":\"WebSite\",\"@id\":\"https:\\\/\\\/ccbierzo.com\\\/gl\\\/#website\",\"url\":\"https:\\\/\\\/ccbierzo.com\\\/gl\\\/\",\"name\":\"Consejo Comarcal del Bierzo\",\"description\":\"P\u00e1gina Oficial del Consejo Comarcal del Bierzo\",\"potentialAction\":[{\"@type\":\"SearchAction\",\"target\":{\"@type\":\"EntryPoint\",\"urlTemplate\":\"https:\\\/\\\/ccbierzo.com\\\/gl\\\/?s={search_term_string}\"},\"query-input\":{\"@type\":\"PropertyValueSpecification\",\"valueRequired\":true,\"valueName\":\"search_term_string\"}}],\"inLanguage\":\"gl-ES\"},{\"@type\":\"Person\",\"@id\":\"https:\\\/\\\/ccbierzo.com\\\/gl\\\/#\\\/schema\\\/person\\\/4e9a8395b397b1d4b8695a5274072278\",\"name\":\"Marta Vidal\"}]}<\/script>\n<!-- \/ Yoast SEO plugin. -->","yoast_head_json":{"title":"El cient\u00edfico Sa\u00fal Ares inaugura las XXXVII Jornadas Gastron\u00f3micas recordando su vinculaci\u00f3n con la tierra y los productos de calidad bercianos. - Consejo Comarcal del Bierzo","robots":{"index":"index","follow":"follow","max-snippet":"max-snippet:-1","max-image-preview":"max-image-preview:large","max-video-preview":"max-video-preview:-1"},"canonical":"https:\/\/ccbierzo.com\/el-cientifico-saul-ares-inaugura-las-xxxvii-jornadas-gastronomicas-recordando-su-vinculacion-con-la-tierra-y-los-productos-de-calidad-bercianos\/","og_locale":"gl_ES","og_type":"article","og_title":"El cient\u00edfico Sa\u00fal Ares inaugura las XXXVII Jornadas Gastron\u00f3micas recordando su vinculaci\u00f3n con la tierra y los productos de calidad bercianos. - Consejo Comarcal del Bierzo","og_description":"&#8220;Llevo la gastronom\u00eda de El Bierzo en mi ADN&#8221;, afirm\u00f3 Sa\u00fal Ares en el acto de apertura de las Jornadas Gastron\u00f3micas. El cient\u00edfico del CSIC agradeci\u00f3 su elecci\u00f3n como mantenedor para representar a la comunidad cient\u00edfica. Seg\u00fan explic\u00f3 el presidente, &#8220;elegir a Sa\u00fal es reconocer la importante labor de investigaci\u00f3n para el desarrollo de una [&hellip;]","og_url":"https:\/\/ccbierzo.com\/el-cientifico-saul-ares-inaugura-las-xxxvii-jornadas-gastronomicas-recordando-su-vinculacion-con-la-tierra-y-los-productos-de-calidad-bercianos\/","og_site_name":"Consejo Comarcal del Bierzo","article_published_time":"2021-10-22T09:41:33+00:00","article_modified_time":"2021-10-22T09:47:32+00:00","og_image":[{"width":1482,"height":988,"url":"https:\/\/ccbierzo.com\/wp-content\/uploads\/2021\/10\/jornadas37-2.jpg","type":"image\/jpeg"}],"author":"Marta Vidal","twitter_card":"summary_large_image","twitter_misc":{"Escrito por":"Marta Vidal","Tempo de lectura":"3 minutos"},"schema":{"@context":"https:\/\/schema.org","@graph":[{"@type":"Article","@id":"https:\/\/ccbierzo.com\/el-cientifico-saul-ares-inaugura-las-xxxvii-jornadas-gastronomicas-recordando-su-vinculacion-con-la-tierra-y-los-productos-de-calidad-bercianos\/#article","isPartOf":{"@id":"https:\/\/ccbierzo.com\/el-cientifico-saul-ares-inaugura-las-xxxvii-jornadas-gastronomicas-recordando-su-vinculacion-con-la-tierra-y-los-productos-de-calidad-bercianos\/"},"author":{"name":"Marta Vidal","@id":"https:\/\/ccbierzo.com\/gl\/#\/schema\/person\/4e9a8395b397b1d4b8695a5274072278"},"headline":"El cient\u00edfico Sa\u00fal Ares inaugura las XXXVII Jornadas Gastron\u00f3micas recordando su vinculaci\u00f3n con la tierra y los productos de calidad bercianos.","datePublished":"2021-10-22T09:41:33+00:00","dateModified":"2021-10-22T09:47:32+00:00","mainEntityOfPage":{"@id":"https:\/\/ccbierzo.com\/el-cientifico-saul-ares-inaugura-las-xxxvii-jornadas-gastronomicas-recordando-su-vinculacion-con-la-tierra-y-los-productos-de-calidad-bercianos\/"},"wordCount":459,"image":{"@id":"https:\/\/ccbierzo.com\/el-cientifico-saul-ares-inaugura-las-xxxvii-jornadas-gastronomicas-recordando-su-vinculacion-con-la-tierra-y-los-productos-de-calidad-bercianos\/#primaryimage"},"thumbnailUrl":"https:\/\/ccbierzo.com\/wp-content\/uploads\/2021\/10\/jornadas37-2.jpg","keywords":["XXXVII Jornadas Gastron\u00f3micas de El Bierzo"],"articleSection":["Sin categorizar","Turismo"],"inLanguage":"gl-ES"},{"@type":"WebPage","@id":"https:\/\/ccbierzo.com\/el-cientifico-saul-ares-inaugura-las-xxxvii-jornadas-gastronomicas-recordando-su-vinculacion-con-la-tierra-y-los-productos-de-calidad-bercianos\/","url":"https:\/\/ccbierzo.com\/el-cientifico-saul-ares-inaugura-las-xxxvii-jornadas-gastronomicas-recordando-su-vinculacion-con-la-tierra-y-los-productos-de-calidad-bercianos\/","name":"El cient\u00edfico Sa\u00fal Ares inaugura las XXXVII Jornadas Gastron\u00f3micas recordando su vinculaci\u00f3n con la tierra y los productos de calidad bercianos. - Consejo Comarcal del Bierzo","isPartOf":{"@id":"https:\/\/ccbierzo.com\/gl\/#website"},"primaryImageOfPage":{"@id":"https:\/\/ccbierzo.com\/el-cientifico-saul-ares-inaugura-las-xxxvii-jornadas-gastronomicas-recordando-su-vinculacion-con-la-tierra-y-los-productos-de-calidad-bercianos\/#primaryimage"},"image":{"@id":"https:\/\/ccbierzo.com\/el-cientifico-saul-ares-inaugura-las-xxxvii-jornadas-gastronomicas-recordando-su-vinculacion-con-la-tierra-y-los-productos-de-calidad-bercianos\/#primaryimage"},"thumbnailUrl":"https:\/\/ccbierzo.com\/wp-content\/uploads\/2021\/10\/jornadas37-2.jpg","datePublished":"2021-10-22T09:41:33+00:00","dateModified":"2021-10-22T09:47:32+00:00","author":{"@id":"https:\/\/ccbierzo.com\/gl\/#\/schema\/person\/4e9a8395b397b1d4b8695a5274072278"},"breadcrumb":{"@id":"https:\/\/ccbierzo.com\/el-cientifico-saul-ares-inaugura-las-xxxvii-jornadas-gastronomicas-recordando-su-vinculacion-con-la-tierra-y-los-productos-de-calidad-bercianos\/#breadcrumb"},"inLanguage":"gl-ES","potentialAction":[{"@type":"ReadAction","target":["https:\/\/ccbierzo.com\/el-cientifico-saul-ares-inaugura-las-xxxvii-jornadas-gastronomicas-recordando-su-vinculacion-con-la-tierra-y-los-productos-de-calidad-bercianos\/"]}]},{"@type":"ImageObject","inLanguage":"gl-ES","@id":"https:\/\/ccbierzo.com\/el-cientifico-saul-ares-inaugura-las-xxxvii-jornadas-gastronomicas-recordando-su-vinculacion-con-la-tierra-y-los-productos-de-calidad-bercianos\/#primaryimage","url":"https:\/\/ccbierzo.com\/wp-content\/uploads\/2021\/10\/jornadas37-2.jpg","contentUrl":"https:\/\/ccbierzo.com\/wp-content\/uploads\/2021\/10\/jornadas37-2.jpg","width":1482,"height":988},{"@type":"BreadcrumbList","@id":"https:\/\/ccbierzo.com\/el-cientifico-saul-ares-inaugura-las-xxxvii-jornadas-gastronomicas-recordando-su-vinculacion-con-la-tierra-y-los-productos-de-calidad-bercianos\/#breadcrumb","itemListElement":[{"@type":"ListItem","position":1,"name":"Portada","item":"https:\/\/ccbierzo.com\/gl\/"},{"@type":"ListItem","position":2,"name":"El cient\u00edfico Sa\u00fal Ares inaugura las XXXVII Jornadas Gastron\u00f3micas recordando su vinculaci\u00f3n con la tierra y los productos de calidad bercianos."}]},{"@type":"WebSite","@id":"https:\/\/ccbierzo.com\/gl\/#website","url":"https:\/\/ccbierzo.com\/gl\/","name":"Consejo Comarcal del Bierzo","description":"P\u00e1gina Oficial del Consejo Comarcal del Bierzo","potentialAction":[{"@type":"SearchAction","target":{"@type":"EntryPoint","urlTemplate":"https:\/\/ccbierzo.com\/gl\/?s={search_term_string}"},"query-input":{"@type":"PropertyValueSpecification","valueRequired":true,"valueName":"search_term_string"}}],"inLanguage":"gl-ES"},{"@type":"Person","@id":"https:\/\/ccbierzo.com\/gl\/#\/schema\/person\/4e9a8395b397b1d4b8695a5274072278","name":"Marta Vidal"}]}},"_links":{"self":[{"href":"https:\/\/ccbierzo.com\/gl\/wp-json\/wp\/v2\/posts\/129741","targetHints":{"allow":["GET"]}}],"collection":[{"href":"https:\/\/ccbierzo.com\/gl\/wp-json\/wp\/v2\/posts"}],"about":[{"href":"https:\/\/ccbierzo.com\/gl\/wp-json\/wp\/v2\/types\/post"}],"author":[{"embeddable":true,"href":"https:\/\/ccbierzo.com\/gl\/wp-json\/wp\/v2\/users\/3"}],"replies":[{"embeddable":true,"href":"https:\/\/ccbierzo.com\/gl\/wp-json\/wp\/v2\/comments?post=129741"}],"version-history":[{"count":0,"href":"https:\/\/ccbierzo.com\/gl\/wp-json\/wp\/v2\/posts\/129741\/revisions"}],"wp:featuredmedia":[{"embeddable":true,"href":"https:\/\/ccbierzo.com\/gl\/wp-json\/wp\/v2\/media\/129746"}],"wp:attachment":[{"href":"https:\/\/ccbierzo.com\/gl\/wp-json\/wp\/v2\/media?parent=129741"}],"wp:term":[{"taxonomy":"category","embeddable":true,"href":"https:\/\/ccbierzo.com\/gl\/wp-json\/wp\/v2\/categories?post=129741"},{"taxonomy":"post_tag","embeddable":true,"href":"https:\/\/ccbierzo.com\/gl\/wp-json\/wp\/v2\/tags?post=129741"}],"curies":[{"name":"wp","href":"https:\/\/api.w.org\/{rel}","templated":true}]}}