{"id":129587,"date":"2021-09-22T13:44:21","date_gmt":"2021-09-22T11:44:21","guid":{"rendered":"https:\/\/ccbierzo.com\/?p=129587"},"modified":"2021-09-22T13:50:25","modified_gmt":"2021-09-22T11:50:25","slug":"el-camino-del-manzanal-estrena-web-financiada-por-el-consejo-comarcal","status":"publish","type":"post","link":"https:\/\/ccbierzo.com\/gl\/el-camino-del-manzanal-estrena-web-financiada-por-el-consejo-comarcal\/","title":{"rendered":"El Camino del Manzanal estrena web financiada por el Consejo Comarcal"},"content":{"rendered":"\n<p>El presidente del Consejo Comarcal, Gerardo \u00c1lvarez Courel, y la alcaldesa de Bembibre y presidenta de la Asociaci\u00f3n de la Asociaci\u00f3n de Municipios del Camino de Santiago por el Manzanal, Silvia Cao, presentaron este mi\u00e9rcoles la <a href=\"https:\/\/www.caminodelmanzanal.es\/\">nueva web<\/a> con la que se pretende difundir la ruta y potenciar el paso de peregrinos por ella. <\/p>\n\n\n\n<p>El portal cuenta con informaci\u00f3n \u00fatil para los peregrinos y peregrinas, con un \u00e1lbum fotogr\u00e1fico de los municipios y parajes que atraviesa, as\u00ed como los recursos disponibles y enlaces a las webs de los ayuntamientos. <\/p>\n\n\n\n<div style=\"height:43px\" aria-hidden=\"true\" class=\"wp-block-spacer\"><\/div>\n\n\n\n<div class=\"wp-block-image is-style-default\"><figure class=\"aligncenter size-large is-resized\"><img loading=\"lazy\" decoding=\"async\" src=\"https:\/\/ccbierzo.com\/wp-content\/uploads\/2021\/09\/web-1024x682.jpg\" alt=\"\" class=\"wp-image-129588\" width=\"605\" height=\"363\"\/><figcaption>Click en la imagen para acceder a la web.<\/figcaption><\/figure><\/div>\n\n\n\n<p>El Consejo Comarcal ha financiado \u00edntegramente la realizaci\u00f3n de la web, que ha supuesto una inversi\u00f3n de 4 mil euros. La asociaci\u00f3n se ha encargado del contenido y del dise\u00f1o.<\/p>\n\n\n\n<p>La variante del Manzanal, que entr\u00f3 en desuso en la d\u00e9cada de los sesenta, atraviesa las comarcas de la Cepeda, la Maragater\u00eda y El Bierzo. Seg\u00fan destac\u00f3 el presidente de la Comarca, ayuntamientos, Consejo Comarcal e iniciativa privada trabajan para su reactivaci\u00f3n &#8220;por su importante valor cultural, paisaj\u00edstico e hist\u00f3rico&#8221;<\/p>\n\n\n\n<div style=\"height:43px\" aria-hidden=\"true\" class=\"wp-block-spacer\"><\/div>\n\n\n\n<div class=\"wp-block-image is-style-default\"><figure class=\"aligncenter size-large is-resized\"><img loading=\"lazy\" decoding=\"async\" src=\"https:\/\/ccbierzo.com\/wp-content\/uploads\/2021\/09\/presentacion-web-manzanal-1024x683.jpg\" alt=\"\" class=\"wp-image-129590\" width=\"768\" height=\"512\"\/><figcaption> La alcaldesa de Bembibre, Silvia Cao; los alcaldes de Congosto y Torre del Bierzo, Jorge Garc\u00eda y Gabriel Folgado, y los concejales de Villagat\u00f3n, Rub\u00e9n Fern\u00e1ndez y Mari Mar Prieto asistieron a la presentaci\u00f3n. <\/figcaption><\/figure><\/div>\n\n\n\n<p><\/p>\n","protected":false},"excerpt":{"rendered":"<p>El presidente del Consejo Comarcal, Gerardo \u00c1lvarez Courel, y la alcaldesa de Bembibre y presidenta de la Asociaci\u00f3n de la Asociaci\u00f3n de Municipios del Camino de Santiago por el Manzanal, Silvia Cao, presentaron este mi\u00e9rcoles la nueva web con la que se pretende difundir la ruta y potenciar el paso de peregrinos por ella. El [&hellip;]<\/p>\n","protected":false},"author":3,"featured_media":129590,"comment_status":"closed","ping_status":"open","sticky":false,"template":"","format":"standard","meta":{"_et_pb_use_builder":"","_et_pb_old_content":"","_et_gb_content_width":"","footnotes":""},"categories":[25],"tags":[],"class_list":["post-129587","post","type-post","status-publish","format-standard","has-post-thumbnail","hentry","category-turismo"],"yoast_head":"<!-- This site is optimized with the Yoast SEO plugin v27.3 - https:\/\/yoast.com\/product\/yoast-seo-wordpress\/ -->\n<title>El Camino del Manzanal estrena web financiada por el Consejo Comarcal - Consejo Comarcal del Bierzo<\/title>\n<meta name=\"robots\" content=\"index, follow, max-snippet:-1, max-image-preview:large, max-video-preview:-1\" \/>\n<link rel=\"canonical\" href=\"https:\/\/ccbierzo.com\/el-camino-del-manzanal-estrena-web-financiada-por-el-consejo-comarcal\/\" \/>\n<meta property=\"og:locale\" content=\"gl_ES\" \/>\n<meta property=\"og:type\" content=\"article\" \/>\n<meta property=\"og:title\" content=\"El Camino del Manzanal estrena web financiada por el Consejo Comarcal - Consejo Comarcal del Bierzo\" \/>\n<meta property=\"og:description\" content=\"El presidente del Consejo Comarcal, Gerardo \u00c1lvarez Courel, y la alcaldesa de Bembibre y presidenta de la Asociaci\u00f3n de la Asociaci\u00f3n de Municipios del Camino de Santiago por el Manzanal, Silvia Cao, presentaron este mi\u00e9rcoles la nueva web con la que se pretende difundir la ruta y potenciar el paso de peregrinos por ella. El [&hellip;]\" \/>\n<meta property=\"og:url\" content=\"https:\/\/ccbierzo.com\/el-camino-del-manzanal-estrena-web-financiada-por-el-consejo-comarcal\/\" \/>\n<meta property=\"og:site_name\" content=\"Consejo Comarcal del Bierzo\" \/>\n<meta property=\"article:published_time\" content=\"2021-09-22T11:44:21+00:00\" \/>\n<meta property=\"article:modified_time\" content=\"2021-09-22T11:50:25+00:00\" \/>\n<meta property=\"og:image\" content=\"https:\/\/ccbierzo.com\/wp-content\/uploads\/2021\/09\/presentacion-web-manzanal.jpg\" \/>\n\t<meta property=\"og:image:width\" content=\"1500\" \/>\n\t<meta property=\"og:image:height\" content=\"1000\" \/>\n\t<meta property=\"og:image:type\" content=\"image\/jpeg\" \/>\n<meta name=\"author\" content=\"Marta Vidal\" \/>\n<meta name=\"twitter:card\" content=\"summary_large_image\" \/>\n<meta name=\"twitter:label1\" content=\"Escrito por\" \/>\n\t<meta name=\"twitter:data1\" content=\"Marta Vidal\" \/>\n\t<meta name=\"twitter:label2\" content=\"Tempo de lectura\" \/>\n\t<meta name=\"twitter:data2\" content=\"2 minutos\" \/>\n<script type=\"application\/ld+json\" class=\"yoast-schema-graph\">{\"@context\":\"https:\\\/\\\/schema.org\",\"@graph\":[{\"@type\":\"Article\",\"@id\":\"https:\\\/\\\/ccbierzo.com\\\/el-camino-del-manzanal-estrena-web-financiada-por-el-consejo-comarcal\\\/#article\",\"isPartOf\":{\"@id\":\"https:\\\/\\\/ccbierzo.com\\\/el-camino-del-manzanal-estrena-web-financiada-por-el-consejo-comarcal\\\/\"},\"author\":{\"name\":\"Marta Vidal\",\"@id\":\"https:\\\/\\\/ccbierzo.com\\\/gl\\\/#\\\/schema\\\/person\\\/4e9a8395b397b1d4b8695a5274072278\"},\"headline\":\"El Camino del Manzanal estrena web financiada por el Consejo Comarcal\",\"datePublished\":\"2021-09-22T11:44:21+00:00\",\"dateModified\":\"2021-09-22T11:50:25+00:00\",\"mainEntityOfPage\":{\"@id\":\"https:\\\/\\\/ccbierzo.com\\\/el-camino-del-manzanal-estrena-web-financiada-por-el-consejo-comarcal\\\/\"},\"wordCount\":242,\"image\":{\"@id\":\"https:\\\/\\\/ccbierzo.com\\\/el-camino-del-manzanal-estrena-web-financiada-por-el-consejo-comarcal\\\/#primaryimage\"},\"thumbnailUrl\":\"https:\\\/\\\/ccbierzo.com\\\/wp-content\\\/uploads\\\/2021\\\/09\\\/presentacion-web-manzanal.jpg\",\"articleSection\":[\"Turismo\"],\"inLanguage\":\"gl-ES\"},{\"@type\":\"WebPage\",\"@id\":\"https:\\\/\\\/ccbierzo.com\\\/el-camino-del-manzanal-estrena-web-financiada-por-el-consejo-comarcal\\\/\",\"url\":\"https:\\\/\\\/ccbierzo.com\\\/el-camino-del-manzanal-estrena-web-financiada-por-el-consejo-comarcal\\\/\",\"name\":\"El Camino del Manzanal estrena web financiada por el Consejo Comarcal - Consejo Comarcal del Bierzo\",\"isPartOf\":{\"@id\":\"https:\\\/\\\/ccbierzo.com\\\/gl\\\/#website\"},\"primaryImageOfPage\":{\"@id\":\"https:\\\/\\\/ccbierzo.com\\\/el-camino-del-manzanal-estrena-web-financiada-por-el-consejo-comarcal\\\/#primaryimage\"},\"image\":{\"@id\":\"https:\\\/\\\/ccbierzo.com\\\/el-camino-del-manzanal-estrena-web-financiada-por-el-consejo-comarcal\\\/#primaryimage\"},\"thumbnailUrl\":\"https:\\\/\\\/ccbierzo.com\\\/wp-content\\\/uploads\\\/2021\\\/09\\\/presentacion-web-manzanal.jpg\",\"datePublished\":\"2021-09-22T11:44:21+00:00\",\"dateModified\":\"2021-09-22T11:50:25+00:00\",\"author\":{\"@id\":\"https:\\\/\\\/ccbierzo.com\\\/gl\\\/#\\\/schema\\\/person\\\/4e9a8395b397b1d4b8695a5274072278\"},\"breadcrumb\":{\"@id\":\"https:\\\/\\\/ccbierzo.com\\\/el-camino-del-manzanal-estrena-web-financiada-por-el-consejo-comarcal\\\/#breadcrumb\"},\"inLanguage\":\"gl-ES\",\"potentialAction\":[{\"@type\":\"ReadAction\",\"target\":[\"https:\\\/\\\/ccbierzo.com\\\/el-camino-del-manzanal-estrena-web-financiada-por-el-consejo-comarcal\\\/\"]}]},{\"@type\":\"ImageObject\",\"inLanguage\":\"gl-ES\",\"@id\":\"https:\\\/\\\/ccbierzo.com\\\/el-camino-del-manzanal-estrena-web-financiada-por-el-consejo-comarcal\\\/#primaryimage\",\"url\":\"https:\\\/\\\/ccbierzo.com\\\/wp-content\\\/uploads\\\/2021\\\/09\\\/presentacion-web-manzanal.jpg\",\"contentUrl\":\"https:\\\/\\\/ccbierzo.com\\\/wp-content\\\/uploads\\\/2021\\\/09\\\/presentacion-web-manzanal.jpg\",\"width\":1500,\"height\":1000},{\"@type\":\"BreadcrumbList\",\"@id\":\"https:\\\/\\\/ccbierzo.com\\\/el-camino-del-manzanal-estrena-web-financiada-por-el-consejo-comarcal\\\/#breadcrumb\",\"itemListElement\":[{\"@type\":\"ListItem\",\"position\":1,\"name\":\"Portada\",\"item\":\"https:\\\/\\\/ccbierzo.com\\\/gl\\\/\"},{\"@type\":\"ListItem\",\"position\":2,\"name\":\"El Camino del Manzanal estrena web financiada por el Consejo Comarcal\"}]},{\"@type\":\"WebSite\",\"@id\":\"https:\\\/\\\/ccbierzo.com\\\/gl\\\/#website\",\"url\":\"https:\\\/\\\/ccbierzo.com\\\/gl\\\/\",\"name\":\"Consejo Comarcal del Bierzo\",\"description\":\"P\u00e1gina Oficial del Consejo Comarcal del Bierzo\",\"potentialAction\":[{\"@type\":\"SearchAction\",\"target\":{\"@type\":\"EntryPoint\",\"urlTemplate\":\"https:\\\/\\\/ccbierzo.com\\\/gl\\\/?s={search_term_string}\"},\"query-input\":{\"@type\":\"PropertyValueSpecification\",\"valueRequired\":true,\"valueName\":\"search_term_string\"}}],\"inLanguage\":\"gl-ES\"},{\"@type\":\"Person\",\"@id\":\"https:\\\/\\\/ccbierzo.com\\\/gl\\\/#\\\/schema\\\/person\\\/4e9a8395b397b1d4b8695a5274072278\",\"name\":\"Marta Vidal\"}]}<\/script>\n<!-- \/ Yoast SEO plugin. -->","yoast_head_json":{"title":"El Camino del Manzanal estrena web financiada por el Consejo Comarcal - Consejo Comarcal del Bierzo","robots":{"index":"index","follow":"follow","max-snippet":"max-snippet:-1","max-image-preview":"max-image-preview:large","max-video-preview":"max-video-preview:-1"},"canonical":"https:\/\/ccbierzo.com\/el-camino-del-manzanal-estrena-web-financiada-por-el-consejo-comarcal\/","og_locale":"gl_ES","og_type":"article","og_title":"El Camino del Manzanal estrena web financiada por el Consejo Comarcal - Consejo Comarcal del Bierzo","og_description":"El presidente del Consejo Comarcal, Gerardo \u00c1lvarez Courel, y la alcaldesa de Bembibre y presidenta de la Asociaci\u00f3n de la Asociaci\u00f3n de Municipios del Camino de Santiago por el Manzanal, Silvia Cao, presentaron este mi\u00e9rcoles la nueva web con la que se pretende difundir la ruta y potenciar el paso de peregrinos por ella. El [&hellip;]","og_url":"https:\/\/ccbierzo.com\/el-camino-del-manzanal-estrena-web-financiada-por-el-consejo-comarcal\/","og_site_name":"Consejo Comarcal del Bierzo","article_published_time":"2021-09-22T11:44:21+00:00","article_modified_time":"2021-09-22T11:50:25+00:00","og_image":[{"width":1500,"height":1000,"url":"https:\/\/ccbierzo.com\/wp-content\/uploads\/2021\/09\/presentacion-web-manzanal.jpg","type":"image\/jpeg"}],"author":"Marta Vidal","twitter_card":"summary_large_image","twitter_misc":{"Escrito por":"Marta Vidal","Tempo de lectura":"2 minutos"},"schema":{"@context":"https:\/\/schema.org","@graph":[{"@type":"Article","@id":"https:\/\/ccbierzo.com\/el-camino-del-manzanal-estrena-web-financiada-por-el-consejo-comarcal\/#article","isPartOf":{"@id":"https:\/\/ccbierzo.com\/el-camino-del-manzanal-estrena-web-financiada-por-el-consejo-comarcal\/"},"author":{"name":"Marta Vidal","@id":"https:\/\/ccbierzo.com\/gl\/#\/schema\/person\/4e9a8395b397b1d4b8695a5274072278"},"headline":"El Camino del Manzanal estrena web financiada por el Consejo Comarcal","datePublished":"2021-09-22T11:44:21+00:00","dateModified":"2021-09-22T11:50:25+00:00","mainEntityOfPage":{"@id":"https:\/\/ccbierzo.com\/el-camino-del-manzanal-estrena-web-financiada-por-el-consejo-comarcal\/"},"wordCount":242,"image":{"@id":"https:\/\/ccbierzo.com\/el-camino-del-manzanal-estrena-web-financiada-por-el-consejo-comarcal\/#primaryimage"},"thumbnailUrl":"https:\/\/ccbierzo.com\/wp-content\/uploads\/2021\/09\/presentacion-web-manzanal.jpg","articleSection":["Turismo"],"inLanguage":"gl-ES"},{"@type":"WebPage","@id":"https:\/\/ccbierzo.com\/el-camino-del-manzanal-estrena-web-financiada-por-el-consejo-comarcal\/","url":"https:\/\/ccbierzo.com\/el-camino-del-manzanal-estrena-web-financiada-por-el-consejo-comarcal\/","name":"El Camino del Manzanal estrena web financiada por el Consejo Comarcal - Consejo Comarcal del Bierzo","isPartOf":{"@id":"https:\/\/ccbierzo.com\/gl\/#website"},"primaryImageOfPage":{"@id":"https:\/\/ccbierzo.com\/el-camino-del-manzanal-estrena-web-financiada-por-el-consejo-comarcal\/#primaryimage"},"image":{"@id":"https:\/\/ccbierzo.com\/el-camino-del-manzanal-estrena-web-financiada-por-el-consejo-comarcal\/#primaryimage"},"thumbnailUrl":"https:\/\/ccbierzo.com\/wp-content\/uploads\/2021\/09\/presentacion-web-manzanal.jpg","datePublished":"2021-09-22T11:44:21+00:00","dateModified":"2021-09-22T11:50:25+00:00","author":{"@id":"https:\/\/ccbierzo.com\/gl\/#\/schema\/person\/4e9a8395b397b1d4b8695a5274072278"},"breadcrumb":{"@id":"https:\/\/ccbierzo.com\/el-camino-del-manzanal-estrena-web-financiada-por-el-consejo-comarcal\/#breadcrumb"},"inLanguage":"gl-ES","potentialAction":[{"@type":"ReadAction","target":["https:\/\/ccbierzo.com\/el-camino-del-manzanal-estrena-web-financiada-por-el-consejo-comarcal\/"]}]},{"@type":"ImageObject","inLanguage":"gl-ES","@id":"https:\/\/ccbierzo.com\/el-camino-del-manzanal-estrena-web-financiada-por-el-consejo-comarcal\/#primaryimage","url":"https:\/\/ccbierzo.com\/wp-content\/uploads\/2021\/09\/presentacion-web-manzanal.jpg","contentUrl":"https:\/\/ccbierzo.com\/wp-content\/uploads\/2021\/09\/presentacion-web-manzanal.jpg","width":1500,"height":1000},{"@type":"BreadcrumbList","@id":"https:\/\/ccbierzo.com\/el-camino-del-manzanal-estrena-web-financiada-por-el-consejo-comarcal\/#breadcrumb","itemListElement":[{"@type":"ListItem","position":1,"name":"Portada","item":"https:\/\/ccbierzo.com\/gl\/"},{"@type":"ListItem","position":2,"name":"El Camino del Manzanal estrena web financiada por el Consejo Comarcal"}]},{"@type":"WebSite","@id":"https:\/\/ccbierzo.com\/gl\/#website","url":"https:\/\/ccbierzo.com\/gl\/","name":"Consejo Comarcal del Bierzo","description":"P\u00e1gina Oficial del Consejo Comarcal del Bierzo","potentialAction":[{"@type":"SearchAction","target":{"@type":"EntryPoint","urlTemplate":"https:\/\/ccbierzo.com\/gl\/?s={search_term_string}"},"query-input":{"@type":"PropertyValueSpecification","valueRequired":true,"valueName":"search_term_string"}}],"inLanguage":"gl-ES"},{"@type":"Person","@id":"https:\/\/ccbierzo.com\/gl\/#\/schema\/person\/4e9a8395b397b1d4b8695a5274072278","name":"Marta Vidal"}]}},"_links":{"self":[{"href":"https:\/\/ccbierzo.com\/gl\/wp-json\/wp\/v2\/posts\/129587","targetHints":{"allow":["GET"]}}],"collection":[{"href":"https:\/\/ccbierzo.com\/gl\/wp-json\/wp\/v2\/posts"}],"about":[{"href":"https:\/\/ccbierzo.com\/gl\/wp-json\/wp\/v2\/types\/post"}],"author":[{"embeddable":true,"href":"https:\/\/ccbierzo.com\/gl\/wp-json\/wp\/v2\/users\/3"}],"replies":[{"embeddable":true,"href":"https:\/\/ccbierzo.com\/gl\/wp-json\/wp\/v2\/comments?post=129587"}],"version-history":[{"count":0,"href":"https:\/\/ccbierzo.com\/gl\/wp-json\/wp\/v2\/posts\/129587\/revisions"}],"wp:featuredmedia":[{"embeddable":true,"href":"https:\/\/ccbierzo.com\/gl\/wp-json\/wp\/v2\/media\/129590"}],"wp:attachment":[{"href":"https:\/\/ccbierzo.com\/gl\/wp-json\/wp\/v2\/media?parent=129587"}],"wp:term":[{"taxonomy":"category","embeddable":true,"href":"https:\/\/ccbierzo.com\/gl\/wp-json\/wp\/v2\/categories?post=129587"},{"taxonomy":"post_tag","embeddable":true,"href":"https:\/\/ccbierzo.com\/gl\/wp-json\/wp\/v2\/tags?post=129587"}],"curies":[{"name":"wp","href":"https:\/\/api.w.org\/{rel}","templated":true}]}}