{"id":128999,"date":"2021-06-03T13:18:44","date_gmt":"2021-06-03T11:18:44","guid":{"rendered":"https:\/\/ccbierzo.com\/?p=128999"},"modified":"2021-06-03T13:28:54","modified_gmt":"2021-06-03T11:28:54","slug":"visita-tvitec","status":"publish","type":"post","link":"https:\/\/ccbierzo.com\/gl\/visita-tvitec\/","title":{"rendered":"Visita a TVITEC"},"content":{"rendered":"<p>El presidente del Consejo Comarcal, Gerardo \u00c1lvarez Courel, fue uno de los cargos p\u00fablicos que asistieron a la visita realizada por el director general de Industria, Gayo Guti\u00e9rrez, a TVITEC. Antes del recorrido por las instalaciones, la empresa anunci\u00f3 la pr\u00f3xima apertura de dos l\u00edneas de producci\u00f3n que crear\u00e1n 200 nuevos puestos de trabajo.<\/p>\n<p>Adem\u00e1s de directivos de la factor\u00eda, en la visita tambi\u00e9n estuvieron el subdelegado de Gobierno, Faustino S\u00e1nchez; el presidente de la Diputaci\u00f3n, Eduardo Mor\u00e1n; el alcalde de Cubillos del Sil, Antonio Cuellas; el diputado nacional Javier Alfonso Ced\u00f3n y la senadora Carmen Mor\u00e1n.<\/p>\n<div class=\"et_pb_slider et_pb_slider_fullwidth_off et_pb_gallery_post_type\">\n\t\t\t\t<div class=\"et_pb_slides\">\n\t\t\t\t\t<div class=\"et_pb_slide\" style=\"background: url(https:\/\/ccbierzo.com\/wp-content\/uploads\/2021\/06\/DIRECTOR1.jpg);\"><\/div><div class=\"et_pb_slide\" style=\"background: url(https:\/\/ccbierzo.com\/wp-content\/uploads\/2021\/06\/director2.jpg);\"><\/div><div class=\"et_pb_slide\" style=\"background: url(https:\/\/ccbierzo.com\/wp-content\/uploads\/2021\/06\/DIRECTOR5.jpg);\"><\/div>\n\t\t\t\t<\/div>\n\t\t\t<\/div>\n","protected":false},"excerpt":{"rendered":"<p>El presidente de la Comarca acompa\u00f1\u00f3 este jueves al director general de Industria en su visita a TVITEC. La empresa ha anunciado la creaci\u00f3n de 200 empleos.<\/p>\n","protected":false},"author":3,"featured_media":129000,"comment_status":"closed","ping_status":"open","sticky":false,"template":"","format":"standard","meta":{"_et_pb_use_builder":"","_et_pb_old_content":"","_et_gb_content_width":"","footnotes":""},"categories":[77],"tags":[248,521,522],"class_list":["post-128999","post","type-post","status-publish","format-standard","has-post-thumbnail","hentry","category-empleo","tag-cubillos-del-sil","tag-poligono-de-el-bayo","tag-tvitec"],"yoast_head":"<!-- This site is optimized with the Yoast SEO plugin v27.3 - https:\/\/yoast.com\/product\/yoast-seo-wordpress\/ -->\n<title>Visita a Tvitec - Consejo Comarcal del Bierzo<\/title>\n<meta name=\"description\" content=\"El presidente de la Comarca acompa\u00f1\u00f3 este jueves al director general de Industria en su visita a TVITEC.\" \/>\n<meta name=\"robots\" content=\"index, follow, max-snippet:-1, max-image-preview:large, max-video-preview:-1\" \/>\n<link rel=\"canonical\" href=\"https:\/\/ccbierzo.com\/visita-tvitec\/\" \/>\n<meta property=\"og:locale\" content=\"gl_ES\" \/>\n<meta property=\"og:type\" content=\"article\" \/>\n<meta property=\"og:title\" content=\"Visita a Tvitec - Consejo Comarcal del Bierzo\" \/>\n<meta property=\"og:description\" content=\"El presidente de la Comarca acompa\u00f1\u00f3 este jueves al director general de Industria en su visita a TVITEC.\" \/>\n<meta property=\"og:url\" content=\"https:\/\/ccbierzo.com\/visita-tvitec\/\" \/>\n<meta property=\"og:site_name\" content=\"Consejo Comarcal del Bierzo\" \/>\n<meta property=\"article:published_time\" content=\"2021-06-03T11:18:44+00:00\" \/>\n<meta property=\"article:modified_time\" content=\"2021-06-03T11:28:54+00:00\" \/>\n<meta property=\"og:image\" content=\"https:\/\/ccbierzo.com\/wp-content\/uploads\/2021\/06\/director4.jpg\" \/>\n\t<meta property=\"og:image:width\" content=\"1500\" \/>\n\t<meta property=\"og:image:height\" content=\"1000\" \/>\n\t<meta property=\"og:image:type\" content=\"image\/jpeg\" \/>\n<meta name=\"author\" content=\"Marta Vidal\" \/>\n<meta name=\"twitter:card\" content=\"summary_large_image\" \/>\n<meta name=\"twitter:label1\" content=\"Escrito por\" \/>\n\t<meta name=\"twitter:data1\" content=\"Marta Vidal\" \/>\n\t<meta name=\"twitter:label2\" content=\"Tempo de lectura\" \/>\n\t<meta name=\"twitter:data2\" content=\"1 minuto\" \/>\n<script type=\"application\/ld+json\" class=\"yoast-schema-graph\">{\"@context\":\"https:\\\/\\\/schema.org\",\"@graph\":[{\"@type\":\"Article\",\"@id\":\"https:\\\/\\\/ccbierzo.com\\\/visita-tvitec\\\/#article\",\"isPartOf\":{\"@id\":\"https:\\\/\\\/ccbierzo.com\\\/visita-tvitec\\\/\"},\"author\":{\"name\":\"Marta Vidal\",\"@id\":\"https:\\\/\\\/ccbierzo.com\\\/gl\\\/#\\\/schema\\\/person\\\/4e9a8395b397b1d4b8695a5274072278\"},\"headline\":\"Visita a TVITEC\",\"datePublished\":\"2021-06-03T11:18:44+00:00\",\"dateModified\":\"2021-06-03T11:28:54+00:00\",\"mainEntityOfPage\":{\"@id\":\"https:\\\/\\\/ccbierzo.com\\\/visita-tvitec\\\/\"},\"wordCount\":117,\"image\":{\"@id\":\"https:\\\/\\\/ccbierzo.com\\\/visita-tvitec\\\/#primaryimage\"},\"thumbnailUrl\":\"https:\\\/\\\/ccbierzo.com\\\/wp-content\\\/uploads\\\/2021\\\/06\\\/director4.jpg\",\"keywords\":[\"Cubillos del Sil\",\"Pol\u00edgono de El Bayo\",\"TVITEC\"],\"articleSection\":[\"Empleo\"],\"inLanguage\":\"gl-ES\"},{\"@type\":\"WebPage\",\"@id\":\"https:\\\/\\\/ccbierzo.com\\\/visita-tvitec\\\/\",\"url\":\"https:\\\/\\\/ccbierzo.com\\\/visita-tvitec\\\/\",\"name\":\"Visita a Tvitec - Consejo Comarcal del Bierzo\",\"isPartOf\":{\"@id\":\"https:\\\/\\\/ccbierzo.com\\\/gl\\\/#website\"},\"primaryImageOfPage\":{\"@id\":\"https:\\\/\\\/ccbierzo.com\\\/visita-tvitec\\\/#primaryimage\"},\"image\":{\"@id\":\"https:\\\/\\\/ccbierzo.com\\\/visita-tvitec\\\/#primaryimage\"},\"thumbnailUrl\":\"https:\\\/\\\/ccbierzo.com\\\/wp-content\\\/uploads\\\/2021\\\/06\\\/director4.jpg\",\"datePublished\":\"2021-06-03T11:18:44+00:00\",\"dateModified\":\"2021-06-03T11:28:54+00:00\",\"author\":{\"@id\":\"https:\\\/\\\/ccbierzo.com\\\/gl\\\/#\\\/schema\\\/person\\\/4e9a8395b397b1d4b8695a5274072278\"},\"description\":\"El presidente de la Comarca acompa\u00f1\u00f3 este jueves al director general de Industria en su visita a TVITEC.\",\"breadcrumb\":{\"@id\":\"https:\\\/\\\/ccbierzo.com\\\/visita-tvitec\\\/#breadcrumb\"},\"inLanguage\":\"gl-ES\",\"potentialAction\":[{\"@type\":\"ReadAction\",\"target\":[\"https:\\\/\\\/ccbierzo.com\\\/visita-tvitec\\\/\"]}]},{\"@type\":\"ImageObject\",\"inLanguage\":\"gl-ES\",\"@id\":\"https:\\\/\\\/ccbierzo.com\\\/visita-tvitec\\\/#primaryimage\",\"url\":\"https:\\\/\\\/ccbierzo.com\\\/wp-content\\\/uploads\\\/2021\\\/06\\\/director4.jpg\",\"contentUrl\":\"https:\\\/\\\/ccbierzo.com\\\/wp-content\\\/uploads\\\/2021\\\/06\\\/director4.jpg\",\"width\":1500,\"height\":1000},{\"@type\":\"BreadcrumbList\",\"@id\":\"https:\\\/\\\/ccbierzo.com\\\/visita-tvitec\\\/#breadcrumb\",\"itemListElement\":[{\"@type\":\"ListItem\",\"position\":1,\"name\":\"Portada\",\"item\":\"https:\\\/\\\/ccbierzo.com\\\/gl\\\/\"},{\"@type\":\"ListItem\",\"position\":2,\"name\":\"Visita a TVITEC\"}]},{\"@type\":\"WebSite\",\"@id\":\"https:\\\/\\\/ccbierzo.com\\\/gl\\\/#website\",\"url\":\"https:\\\/\\\/ccbierzo.com\\\/gl\\\/\",\"name\":\"Consejo Comarcal del Bierzo\",\"description\":\"P\u00e1gina Oficial del Consejo Comarcal del Bierzo\",\"potentialAction\":[{\"@type\":\"SearchAction\",\"target\":{\"@type\":\"EntryPoint\",\"urlTemplate\":\"https:\\\/\\\/ccbierzo.com\\\/gl\\\/?s={search_term_string}\"},\"query-input\":{\"@type\":\"PropertyValueSpecification\",\"valueRequired\":true,\"valueName\":\"search_term_string\"}}],\"inLanguage\":\"gl-ES\"},{\"@type\":\"Person\",\"@id\":\"https:\\\/\\\/ccbierzo.com\\\/gl\\\/#\\\/schema\\\/person\\\/4e9a8395b397b1d4b8695a5274072278\",\"name\":\"Marta Vidal\"}]}<\/script>\n<!-- \/ Yoast SEO plugin. -->","yoast_head_json":{"title":"Visita a Tvitec - Consejo Comarcal del Bierzo","description":"El presidente de la Comarca acompa\u00f1\u00f3 este jueves al director general de Industria en su visita a TVITEC.","robots":{"index":"index","follow":"follow","max-snippet":"max-snippet:-1","max-image-preview":"max-image-preview:large","max-video-preview":"max-video-preview:-1"},"canonical":"https:\/\/ccbierzo.com\/visita-tvitec\/","og_locale":"gl_ES","og_type":"article","og_title":"Visita a Tvitec - Consejo Comarcal del Bierzo","og_description":"El presidente de la Comarca acompa\u00f1\u00f3 este jueves al director general de Industria en su visita a TVITEC.","og_url":"https:\/\/ccbierzo.com\/visita-tvitec\/","og_site_name":"Consejo Comarcal del Bierzo","article_published_time":"2021-06-03T11:18:44+00:00","article_modified_time":"2021-06-03T11:28:54+00:00","og_image":[{"width":1500,"height":1000,"url":"https:\/\/ccbierzo.com\/wp-content\/uploads\/2021\/06\/director4.jpg","type":"image\/jpeg"}],"author":"Marta Vidal","twitter_card":"summary_large_image","twitter_misc":{"Escrito por":"Marta Vidal","Tempo de lectura":"1 minuto"},"schema":{"@context":"https:\/\/schema.org","@graph":[{"@type":"Article","@id":"https:\/\/ccbierzo.com\/visita-tvitec\/#article","isPartOf":{"@id":"https:\/\/ccbierzo.com\/visita-tvitec\/"},"author":{"name":"Marta Vidal","@id":"https:\/\/ccbierzo.com\/gl\/#\/schema\/person\/4e9a8395b397b1d4b8695a5274072278"},"headline":"Visita a TVITEC","datePublished":"2021-06-03T11:18:44+00:00","dateModified":"2021-06-03T11:28:54+00:00","mainEntityOfPage":{"@id":"https:\/\/ccbierzo.com\/visita-tvitec\/"},"wordCount":117,"image":{"@id":"https:\/\/ccbierzo.com\/visita-tvitec\/#primaryimage"},"thumbnailUrl":"https:\/\/ccbierzo.com\/wp-content\/uploads\/2021\/06\/director4.jpg","keywords":["Cubillos del Sil","Pol\u00edgono de El Bayo","TVITEC"],"articleSection":["Empleo"],"inLanguage":"gl-ES"},{"@type":"WebPage","@id":"https:\/\/ccbierzo.com\/visita-tvitec\/","url":"https:\/\/ccbierzo.com\/visita-tvitec\/","name":"Visita a Tvitec - Consejo Comarcal del Bierzo","isPartOf":{"@id":"https:\/\/ccbierzo.com\/gl\/#website"},"primaryImageOfPage":{"@id":"https:\/\/ccbierzo.com\/visita-tvitec\/#primaryimage"},"image":{"@id":"https:\/\/ccbierzo.com\/visita-tvitec\/#primaryimage"},"thumbnailUrl":"https:\/\/ccbierzo.com\/wp-content\/uploads\/2021\/06\/director4.jpg","datePublished":"2021-06-03T11:18:44+00:00","dateModified":"2021-06-03T11:28:54+00:00","author":{"@id":"https:\/\/ccbierzo.com\/gl\/#\/schema\/person\/4e9a8395b397b1d4b8695a5274072278"},"description":"El presidente de la Comarca acompa\u00f1\u00f3 este jueves al director general de Industria en su visita a TVITEC.","breadcrumb":{"@id":"https:\/\/ccbierzo.com\/visita-tvitec\/#breadcrumb"},"inLanguage":"gl-ES","potentialAction":[{"@type":"ReadAction","target":["https:\/\/ccbierzo.com\/visita-tvitec\/"]}]},{"@type":"ImageObject","inLanguage":"gl-ES","@id":"https:\/\/ccbierzo.com\/visita-tvitec\/#primaryimage","url":"https:\/\/ccbierzo.com\/wp-content\/uploads\/2021\/06\/director4.jpg","contentUrl":"https:\/\/ccbierzo.com\/wp-content\/uploads\/2021\/06\/director4.jpg","width":1500,"height":1000},{"@type":"BreadcrumbList","@id":"https:\/\/ccbierzo.com\/visita-tvitec\/#breadcrumb","itemListElement":[{"@type":"ListItem","position":1,"name":"Portada","item":"https:\/\/ccbierzo.com\/gl\/"},{"@type":"ListItem","position":2,"name":"Visita a TVITEC"}]},{"@type":"WebSite","@id":"https:\/\/ccbierzo.com\/gl\/#website","url":"https:\/\/ccbierzo.com\/gl\/","name":"Consejo Comarcal del Bierzo","description":"P\u00e1gina Oficial del Consejo Comarcal del Bierzo","potentialAction":[{"@type":"SearchAction","target":{"@type":"EntryPoint","urlTemplate":"https:\/\/ccbierzo.com\/gl\/?s={search_term_string}"},"query-input":{"@type":"PropertyValueSpecification","valueRequired":true,"valueName":"search_term_string"}}],"inLanguage":"gl-ES"},{"@type":"Person","@id":"https:\/\/ccbierzo.com\/gl\/#\/schema\/person\/4e9a8395b397b1d4b8695a5274072278","name":"Marta Vidal"}]}},"_links":{"self":[{"href":"https:\/\/ccbierzo.com\/gl\/wp-json\/wp\/v2\/posts\/128999","targetHints":{"allow":["GET"]}}],"collection":[{"href":"https:\/\/ccbierzo.com\/gl\/wp-json\/wp\/v2\/posts"}],"about":[{"href":"https:\/\/ccbierzo.com\/gl\/wp-json\/wp\/v2\/types\/post"}],"author":[{"embeddable":true,"href":"https:\/\/ccbierzo.com\/gl\/wp-json\/wp\/v2\/users\/3"}],"replies":[{"embeddable":true,"href":"https:\/\/ccbierzo.com\/gl\/wp-json\/wp\/v2\/comments?post=128999"}],"version-history":[{"count":0,"href":"https:\/\/ccbierzo.com\/gl\/wp-json\/wp\/v2\/posts\/128999\/revisions"}],"wp:featuredmedia":[{"embeddable":true,"href":"https:\/\/ccbierzo.com\/gl\/wp-json\/wp\/v2\/media\/129000"}],"wp:attachment":[{"href":"https:\/\/ccbierzo.com\/gl\/wp-json\/wp\/v2\/media?parent=128999"}],"wp:term":[{"taxonomy":"category","embeddable":true,"href":"https:\/\/ccbierzo.com\/gl\/wp-json\/wp\/v2\/categories?post=128999"},{"taxonomy":"post_tag","embeddable":true,"href":"https:\/\/ccbierzo.com\/gl\/wp-json\/wp\/v2\/tags?post=128999"}],"curies":[{"name":"wp","href":"https:\/\/api.w.org\/{rel}","templated":true}]}}