{"id":128806,"date":"2021-03-23T15:15:07","date_gmt":"2021-03-23T14:15:07","guid":{"rendered":"https:\/\/ccbierzo.com\/?p=128806"},"modified":"2021-03-24T14:33:45","modified_gmt":"2021-03-24T13:33:45","slug":"acevin","status":"publish","type":"post","link":"https:\/\/ccbierzo.com\/gl\/acevin\/","title":{"rendered":"ACEVIN"},"content":{"rendered":"<p>El Consejo Comarcal se integrar\u00e1 en la Asociaci\u00f3n Espa\u00f1ola de Ciudades del Vino (ACEVIN) despu\u00e9s de que el Pleno aprobar\u00e1 este punto con el voto favorable de todos los grupos, excepto del PP que se abstuvo. Esta adhesi\u00f3n, seg\u00fan explic\u00f3 el presidente, ser\u00e1 beneficioso para promocionar el sector. Los representantes ser\u00e1n el presidente comarcal, Gerardo \u00c1lvarez Courel, y, como sustituta, la vicepresidenta, Carmen Doel.<\/p>\n<p>La sesi\u00f3n de car\u00e1cter ordinario incluy\u00f3 el debate de mociones. Entre ellas, la presentada por Coalici\u00f3n por El Bierzo para reclamar a Endesa mayores inversiones y que se aprob\u00f3 por unanimidad. Otro de los puntos que consigui\u00f3 el voto favorable fue la moci\u00f3n presentada por USE para instar al Gobierno a la mejora del trazado ferroviario a su paso por el Manzanal, que permita acortar los tiempos de viaje entre Ponferrada y Le\u00f3n.<\/p>\n<p>El presidente del Consejo Comarcal, Gerardo \u00c1lvarez Courel, acept\u00f3 el ruego del portavoz de USE, Samuel Folgueral, para solicitar una reuni\u00f3n con la consejera de Sanidad de la Junta de Castilla y Le\u00f3n, Ver\u00f3nica Casado, para resolver la falta de especialistas de Oncolog\u00eda en el Hospital El Bierzo.<\/p>\n<p>Por \u00faltimo, el presidente anunci\u00f3 su intenci\u00f3n de aprobar los presupuestos en abril, para lo que espera contar con las propuestas de los grupos pol\u00edticos y conseguir unas cuentas consensuadas.<\/p>\n","protected":false},"excerpt":{"rendered":"<p>El Pleno aprob\u00f3 la solicitud para formar parte de la Asociaci\u00f3n Espa\u00f1ola de Ciudades del Vino (ACEVIN). Los grupos debatieron varias mociones, entre ellas, exigir a Endesa m\u00e1s inversiones para El Bierzo.<\/p>\n","protected":false},"author":3,"featured_media":128807,"comment_status":"closed","ping_status":"open","sticky":false,"template":"","format":"standard","meta":{"_et_pb_use_builder":"","_et_pb_old_content":"","_et_gb_content_width":"","footnotes":""},"categories":[26],"tags":[503],"class_list":["post-128806","post","type-post","status-publish","format-standard","has-post-thumbnail","hentry","category-administracion","tag-acevin"],"yoast_head":"<!-- This site is optimized with the Yoast SEO plugin v27.3 - https:\/\/yoast.com\/product\/yoast-seo-wordpress\/ -->\n<title>ACEVIN - Consejo Comarcal del Bierzo<\/title>\n<meta name=\"robots\" content=\"index, follow, max-snippet:-1, max-image-preview:large, max-video-preview:-1\" \/>\n<link rel=\"canonical\" href=\"https:\/\/ccbierzo.com\/acevin\/\" \/>\n<meta property=\"og:locale\" content=\"gl_ES\" \/>\n<meta property=\"og:type\" content=\"article\" \/>\n<meta property=\"og:title\" content=\"ACEVIN - Consejo Comarcal del Bierzo\" \/>\n<meta property=\"og:description\" content=\"El Pleno aprob\u00f3 la solicitud para formar parte de la Asociaci\u00f3n Espa\u00f1ola de Ciudades del Vino (ACEVIN). Los grupos debatieron varias mociones, entre ellas, exigir a Endesa m\u00e1s inversiones para El Bierzo.\" \/>\n<meta property=\"og:url\" content=\"https:\/\/ccbierzo.com\/acevin\/\" \/>\n<meta property=\"og:site_name\" content=\"Consejo Comarcal del Bierzo\" \/>\n<meta property=\"article:published_time\" content=\"2021-03-23T14:15:07+00:00\" \/>\n<meta property=\"article:modified_time\" content=\"2021-03-24T13:33:45+00:00\" \/>\n<meta property=\"og:image\" content=\"https:\/\/ccbierzo.com\/wp-content\/uploads\/2021\/03\/uvas.jpg\" \/>\n\t<meta property=\"og:image:width\" content=\"1500\" \/>\n\t<meta property=\"og:image:height\" content=\"1000\" \/>\n\t<meta property=\"og:image:type\" content=\"image\/jpeg\" \/>\n<meta name=\"author\" content=\"Marta Vidal\" \/>\n<meta name=\"twitter:card\" content=\"summary_large_image\" \/>\n<meta name=\"twitter:label1\" content=\"Escrito por\" \/>\n\t<meta name=\"twitter:data1\" content=\"Marta Vidal\" \/>\n\t<meta name=\"twitter:label2\" content=\"Tempo de lectura\" \/>\n\t<meta name=\"twitter:data2\" content=\"1 minuto\" \/>\n<script type=\"application\/ld+json\" class=\"yoast-schema-graph\">{\"@context\":\"https:\\\/\\\/schema.org\",\"@graph\":[{\"@type\":\"Article\",\"@id\":\"https:\\\/\\\/ccbierzo.com\\\/acevin\\\/#article\",\"isPartOf\":{\"@id\":\"https:\\\/\\\/ccbierzo.com\\\/acevin\\\/\"},\"author\":{\"name\":\"Marta Vidal\",\"@id\":\"https:\\\/\\\/ccbierzo.com\\\/gl\\\/#\\\/schema\\\/person\\\/4e9a8395b397b1d4b8695a5274072278\"},\"headline\":\"ACEVIN\",\"datePublished\":\"2021-03-23T14:15:07+00:00\",\"dateModified\":\"2021-03-24T13:33:45+00:00\",\"mainEntityOfPage\":{\"@id\":\"https:\\\/\\\/ccbierzo.com\\\/acevin\\\/\"},\"wordCount\":233,\"image\":{\"@id\":\"https:\\\/\\\/ccbierzo.com\\\/acevin\\\/#primaryimage\"},\"thumbnailUrl\":\"https:\\\/\\\/ccbierzo.com\\\/wp-content\\\/uploads\\\/2021\\\/03\\\/uvas.jpg\",\"keywords\":[\"Acevin\"],\"articleSection\":[\"Administraci\u00f3n\"],\"inLanguage\":\"gl-ES\"},{\"@type\":\"WebPage\",\"@id\":\"https:\\\/\\\/ccbierzo.com\\\/acevin\\\/\",\"url\":\"https:\\\/\\\/ccbierzo.com\\\/acevin\\\/\",\"name\":\"ACEVIN - Consejo Comarcal del Bierzo\",\"isPartOf\":{\"@id\":\"https:\\\/\\\/ccbierzo.com\\\/gl\\\/#website\"},\"primaryImageOfPage\":{\"@id\":\"https:\\\/\\\/ccbierzo.com\\\/acevin\\\/#primaryimage\"},\"image\":{\"@id\":\"https:\\\/\\\/ccbierzo.com\\\/acevin\\\/#primaryimage\"},\"thumbnailUrl\":\"https:\\\/\\\/ccbierzo.com\\\/wp-content\\\/uploads\\\/2021\\\/03\\\/uvas.jpg\",\"datePublished\":\"2021-03-23T14:15:07+00:00\",\"dateModified\":\"2021-03-24T13:33:45+00:00\",\"author\":{\"@id\":\"https:\\\/\\\/ccbierzo.com\\\/gl\\\/#\\\/schema\\\/person\\\/4e9a8395b397b1d4b8695a5274072278\"},\"breadcrumb\":{\"@id\":\"https:\\\/\\\/ccbierzo.com\\\/acevin\\\/#breadcrumb\"},\"inLanguage\":\"gl-ES\",\"potentialAction\":[{\"@type\":\"ReadAction\",\"target\":[\"https:\\\/\\\/ccbierzo.com\\\/acevin\\\/\"]}]},{\"@type\":\"ImageObject\",\"inLanguage\":\"gl-ES\",\"@id\":\"https:\\\/\\\/ccbierzo.com\\\/acevin\\\/#primaryimage\",\"url\":\"https:\\\/\\\/ccbierzo.com\\\/wp-content\\\/uploads\\\/2021\\\/03\\\/uvas.jpg\",\"contentUrl\":\"https:\\\/\\\/ccbierzo.com\\\/wp-content\\\/uploads\\\/2021\\\/03\\\/uvas.jpg\",\"width\":1500,\"height\":1000},{\"@type\":\"BreadcrumbList\",\"@id\":\"https:\\\/\\\/ccbierzo.com\\\/acevin\\\/#breadcrumb\",\"itemListElement\":[{\"@type\":\"ListItem\",\"position\":1,\"name\":\"Portada\",\"item\":\"https:\\\/\\\/ccbierzo.com\\\/gl\\\/\"},{\"@type\":\"ListItem\",\"position\":2,\"name\":\"ACEVIN\"}]},{\"@type\":\"WebSite\",\"@id\":\"https:\\\/\\\/ccbierzo.com\\\/gl\\\/#website\",\"url\":\"https:\\\/\\\/ccbierzo.com\\\/gl\\\/\",\"name\":\"Consejo Comarcal del Bierzo\",\"description\":\"P\u00e1gina Oficial del Consejo Comarcal del Bierzo\",\"potentialAction\":[{\"@type\":\"SearchAction\",\"target\":{\"@type\":\"EntryPoint\",\"urlTemplate\":\"https:\\\/\\\/ccbierzo.com\\\/gl\\\/?s={search_term_string}\"},\"query-input\":{\"@type\":\"PropertyValueSpecification\",\"valueRequired\":true,\"valueName\":\"search_term_string\"}}],\"inLanguage\":\"gl-ES\"},{\"@type\":\"Person\",\"@id\":\"https:\\\/\\\/ccbierzo.com\\\/gl\\\/#\\\/schema\\\/person\\\/4e9a8395b397b1d4b8695a5274072278\",\"name\":\"Marta Vidal\"}]}<\/script>\n<!-- \/ Yoast SEO plugin. -->","yoast_head_json":{"title":"ACEVIN - Consejo Comarcal del Bierzo","robots":{"index":"index","follow":"follow","max-snippet":"max-snippet:-1","max-image-preview":"max-image-preview:large","max-video-preview":"max-video-preview:-1"},"canonical":"https:\/\/ccbierzo.com\/acevin\/","og_locale":"gl_ES","og_type":"article","og_title":"ACEVIN - Consejo Comarcal del Bierzo","og_description":"El Pleno aprob\u00f3 la solicitud para formar parte de la Asociaci\u00f3n Espa\u00f1ola de Ciudades del Vino (ACEVIN). Los grupos debatieron varias mociones, entre ellas, exigir a Endesa m\u00e1s inversiones para El Bierzo.","og_url":"https:\/\/ccbierzo.com\/acevin\/","og_site_name":"Consejo Comarcal del Bierzo","article_published_time":"2021-03-23T14:15:07+00:00","article_modified_time":"2021-03-24T13:33:45+00:00","og_image":[{"width":1500,"height":1000,"url":"https:\/\/ccbierzo.com\/wp-content\/uploads\/2021\/03\/uvas.jpg","type":"image\/jpeg"}],"author":"Marta Vidal","twitter_card":"summary_large_image","twitter_misc":{"Escrito por":"Marta Vidal","Tempo de lectura":"1 minuto"},"schema":{"@context":"https:\/\/schema.org","@graph":[{"@type":"Article","@id":"https:\/\/ccbierzo.com\/acevin\/#article","isPartOf":{"@id":"https:\/\/ccbierzo.com\/acevin\/"},"author":{"name":"Marta Vidal","@id":"https:\/\/ccbierzo.com\/gl\/#\/schema\/person\/4e9a8395b397b1d4b8695a5274072278"},"headline":"ACEVIN","datePublished":"2021-03-23T14:15:07+00:00","dateModified":"2021-03-24T13:33:45+00:00","mainEntityOfPage":{"@id":"https:\/\/ccbierzo.com\/acevin\/"},"wordCount":233,"image":{"@id":"https:\/\/ccbierzo.com\/acevin\/#primaryimage"},"thumbnailUrl":"https:\/\/ccbierzo.com\/wp-content\/uploads\/2021\/03\/uvas.jpg","keywords":["Acevin"],"articleSection":["Administraci\u00f3n"],"inLanguage":"gl-ES"},{"@type":"WebPage","@id":"https:\/\/ccbierzo.com\/acevin\/","url":"https:\/\/ccbierzo.com\/acevin\/","name":"ACEVIN - Consejo Comarcal del Bierzo","isPartOf":{"@id":"https:\/\/ccbierzo.com\/gl\/#website"},"primaryImageOfPage":{"@id":"https:\/\/ccbierzo.com\/acevin\/#primaryimage"},"image":{"@id":"https:\/\/ccbierzo.com\/acevin\/#primaryimage"},"thumbnailUrl":"https:\/\/ccbierzo.com\/wp-content\/uploads\/2021\/03\/uvas.jpg","datePublished":"2021-03-23T14:15:07+00:00","dateModified":"2021-03-24T13:33:45+00:00","author":{"@id":"https:\/\/ccbierzo.com\/gl\/#\/schema\/person\/4e9a8395b397b1d4b8695a5274072278"},"breadcrumb":{"@id":"https:\/\/ccbierzo.com\/acevin\/#breadcrumb"},"inLanguage":"gl-ES","potentialAction":[{"@type":"ReadAction","target":["https:\/\/ccbierzo.com\/acevin\/"]}]},{"@type":"ImageObject","inLanguage":"gl-ES","@id":"https:\/\/ccbierzo.com\/acevin\/#primaryimage","url":"https:\/\/ccbierzo.com\/wp-content\/uploads\/2021\/03\/uvas.jpg","contentUrl":"https:\/\/ccbierzo.com\/wp-content\/uploads\/2021\/03\/uvas.jpg","width":1500,"height":1000},{"@type":"BreadcrumbList","@id":"https:\/\/ccbierzo.com\/acevin\/#breadcrumb","itemListElement":[{"@type":"ListItem","position":1,"name":"Portada","item":"https:\/\/ccbierzo.com\/gl\/"},{"@type":"ListItem","position":2,"name":"ACEVIN"}]},{"@type":"WebSite","@id":"https:\/\/ccbierzo.com\/gl\/#website","url":"https:\/\/ccbierzo.com\/gl\/","name":"Consejo Comarcal del Bierzo","description":"P\u00e1gina Oficial del Consejo Comarcal del Bierzo","potentialAction":[{"@type":"SearchAction","target":{"@type":"EntryPoint","urlTemplate":"https:\/\/ccbierzo.com\/gl\/?s={search_term_string}"},"query-input":{"@type":"PropertyValueSpecification","valueRequired":true,"valueName":"search_term_string"}}],"inLanguage":"gl-ES"},{"@type":"Person","@id":"https:\/\/ccbierzo.com\/gl\/#\/schema\/person\/4e9a8395b397b1d4b8695a5274072278","name":"Marta Vidal"}]}},"_links":{"self":[{"href":"https:\/\/ccbierzo.com\/gl\/wp-json\/wp\/v2\/posts\/128806","targetHints":{"allow":["GET"]}}],"collection":[{"href":"https:\/\/ccbierzo.com\/gl\/wp-json\/wp\/v2\/posts"}],"about":[{"href":"https:\/\/ccbierzo.com\/gl\/wp-json\/wp\/v2\/types\/post"}],"author":[{"embeddable":true,"href":"https:\/\/ccbierzo.com\/gl\/wp-json\/wp\/v2\/users\/3"}],"replies":[{"embeddable":true,"href":"https:\/\/ccbierzo.com\/gl\/wp-json\/wp\/v2\/comments?post=128806"}],"version-history":[{"count":0,"href":"https:\/\/ccbierzo.com\/gl\/wp-json\/wp\/v2\/posts\/128806\/revisions"}],"wp:featuredmedia":[{"embeddable":true,"href":"https:\/\/ccbierzo.com\/gl\/wp-json\/wp\/v2\/media\/128807"}],"wp:attachment":[{"href":"https:\/\/ccbierzo.com\/gl\/wp-json\/wp\/v2\/media?parent=128806"}],"wp:term":[{"taxonomy":"category","embeddable":true,"href":"https:\/\/ccbierzo.com\/gl\/wp-json\/wp\/v2\/categories?post=128806"},{"taxonomy":"post_tag","embeddable":true,"href":"https:\/\/ccbierzo.com\/gl\/wp-json\/wp\/v2\/tags?post=128806"}],"curies":[{"name":"wp","href":"https:\/\/api.w.org\/{rel}","templated":true}]}}