{"id":128648,"date":"2020-11-23T13:30:58","date_gmt":"2020-11-23T12:30:58","guid":{"rendered":"https:\/\/ccbierzo.com\/?p=128648"},"modified":"2020-11-23T13:30:58","modified_gmt":"2020-11-23T12:30:58","slug":"ancares-leoneses-2","status":"publish","type":"post","link":"https:\/\/ccbierzo.com\/gl\/ancares-leoneses-2\/","title":{"rendered":"Ancares Leoneses"},"content":{"rendered":"<p style=\"text-align: center;\">Fotograf\u00edas ganadoras en los III Premios de Fotograf\u00eda de la Reserva de la Biosfera de los Ancares Leoneses<\/p>\n<h4 style=\"text-align: center;\">CATEGOR\u00cdA NO PROFESIONALES<\/h4>\n<div id=\"attachment_128649\" style=\"width: 622px\" class=\"wp-caption aligncenter\"><img loading=\"lazy\" decoding=\"async\" aria-describedby=\"caption-attachment-128649\" class=\"size-full wp-image-128649\" src=\"https:\/\/ccbierzo.com\/wp-content\/uploads\/2020\/11\/primer-premio-ancarez.jpg\" alt=\"\" width=\"612\" height=\"408\" srcset=\"https:\/\/ccbierzo.com\/wp-content\/uploads\/2020\/11\/primer-premio-ancarez.jpg 612w, https:\/\/ccbierzo.com\/wp-content\/uploads\/2020\/11\/primer-premio-ancarez-480x320.jpg 480w\" sizes=\"(min-width: 0px) and (max-width: 480px) 480px, (min-width: 481px) 612px, 100vw\" \/><p id=\"caption-attachment-128649\" class=\"wp-caption-text\">PRIMER PREMIO. Mercedes Cuesta Mateo.<\/p><\/div>\n<div id=\"attachment_128651\" style=\"width: 621px\" class=\"wp-caption aligncenter\"><img loading=\"lazy\" decoding=\"async\" aria-describedby=\"caption-attachment-128651\" class=\"wp-image-128651 size-full\" src=\"https:\/\/ccbierzo.com\/wp-content\/uploads\/2020\/11\/SegundoPremioAfi.jpg\" alt=\"\" width=\"611\" height=\"409\" srcset=\"https:\/\/ccbierzo.com\/wp-content\/uploads\/2020\/11\/SegundoPremioAfi.jpg 611w, https:\/\/ccbierzo.com\/wp-content\/uploads\/2020\/11\/SegundoPremioAfi-480x321.jpg 480w\" sizes=\"(min-width: 0px) and (max-width: 480px) 480px, (min-width: 481px) 611px, 100vw\" \/><p id=\"caption-attachment-128651\" class=\"wp-caption-text\">SEGUNDO PREMIO. Isaac Beuno Badiola.<\/p><\/div>\n<p>&nbsp;<\/p>\n<h4 style=\"text-align: center;\">CATEGOR\u00cdA PROFESIONALES<\/h4>\n<div id=\"attachment_128653\" style=\"width: 417px\" class=\"wp-caption aligncenter\"><img loading=\"lazy\" decoding=\"async\" aria-describedby=\"caption-attachment-128653\" class=\"size-full wp-image-128653\" src=\"https:\/\/ccbierzo.com\/wp-content\/uploads\/2020\/11\/PrimerPremioProf-.jpg\" alt=\"\" width=\"407\" height=\"613\" srcset=\"https:\/\/ccbierzo.com\/wp-content\/uploads\/2020\/11\/PrimerPremioProf-.jpg 407w, https:\/\/ccbierzo.com\/wp-content\/uploads\/2020\/11\/PrimerPremioProf--199x300.jpg 199w\" sizes=\"(max-width: 407px) 100vw, 407px\" \/><p id=\"caption-attachment-128653\" class=\"wp-caption-text\">PRIMER PREMIO. Jos\u00e9 \u00c1ngel Alonso Garc\u00eda.<\/p><\/div>\n<div id=\"attachment_128655\" style=\"width: 622px\" class=\"wp-caption aligncenter\"><img loading=\"lazy\" decoding=\"async\" aria-describedby=\"caption-attachment-128655\" class=\"size-full wp-image-128655\" src=\"https:\/\/ccbierzo.com\/wp-content\/uploads\/2020\/11\/SegundoPremioProf-.jpg\" alt=\"\" width=\"612\" height=\"408\" srcset=\"https:\/\/ccbierzo.com\/wp-content\/uploads\/2020\/11\/SegundoPremioProf-.jpg 612w, https:\/\/ccbierzo.com\/wp-content\/uploads\/2020\/11\/SegundoPremioProf--480x320.jpg 480w\" sizes=\"(min-width: 0px) and (max-width: 480px) 480px, (min-width: 481px) 612px, 100vw\" \/><p id=\"caption-attachment-128655\" class=\"wp-caption-text\">SEGUNDO PREMIO. Aitana L\u00f3pez Heras.<\/p><\/div>\n<p>Los premios consisten en un bono de descuento de 200 euros para canjear en establecimientos rurales para los primeros premios y una cesta de productos para los segundos premios.<\/p>\n","protected":false},"excerpt":{"rendered":"<p>El jurado de los Premios de Fotograf\u00eda de la Reserva de la Biosfera de los Ancares Leoneses ha elegido las fotograf\u00edas ganadoras de 2020. El certamen celebra su tercera edici\u00f3n.<\/p>\n","protected":false},"author":3,"featured_media":128649,"comment_status":"closed","ping_status":"open","sticky":false,"template":"","format":"standard","meta":{"_et_pb_use_builder":"","_et_pb_old_content":"","_et_gb_content_width":"","footnotes":""},"categories":[22],"tags":[169],"class_list":["post-128648","post","type-post","status-publish","format-standard","has-post-thumbnail","hentry","category-cultura","tag-reserva-de-la-biosfera-de-los-ancares-leoneses"],"yoast_head":"<!-- This site is optimized with the Yoast SEO plugin v27.3 - https:\/\/yoast.com\/product\/yoast-seo-wordpress\/ -->\n<title>Premios fotograf\u00eda Ancares Leoneses - Consejo Comarcal del Bierzo<\/title>\n<meta name=\"description\" content=\"El jurado de los Premios de Fotograf\u00eda de la Reserva de la Biosfera de los Ancares Leoneses ha elegido las fotograf\u00edas ganadoras de 2020.\" \/>\n<meta name=\"robots\" content=\"index, follow, max-snippet:-1, max-image-preview:large, max-video-preview:-1\" \/>\n<link rel=\"canonical\" href=\"https:\/\/ccbierzo.com\/ancares-leoneses-2\/\" \/>\n<meta property=\"og:locale\" content=\"gl_ES\" \/>\n<meta property=\"og:type\" content=\"article\" \/>\n<meta property=\"og:title\" content=\"Premios fotograf\u00eda Ancares Leoneses - Consejo Comarcal del Bierzo\" \/>\n<meta property=\"og:description\" content=\"El jurado de los Premios de Fotograf\u00eda de la Reserva de la Biosfera de los Ancares Leoneses ha elegido las fotograf\u00edas ganadoras de 2020.\" \/>\n<meta property=\"og:url\" content=\"https:\/\/ccbierzo.com\/ancares-leoneses-2\/\" \/>\n<meta property=\"og:site_name\" content=\"Consejo Comarcal del Bierzo\" \/>\n<meta property=\"article:published_time\" content=\"2020-11-23T12:30:58+00:00\" \/>\n<meta property=\"og:image\" content=\"https:\/\/ccbierzo.com\/wp-content\/uploads\/2020\/11\/primer-premio-ancarez.jpg\" \/>\n\t<meta property=\"og:image:width\" content=\"612\" \/>\n\t<meta property=\"og:image:height\" content=\"408\" \/>\n\t<meta property=\"og:image:type\" content=\"image\/jpeg\" \/>\n<meta name=\"author\" content=\"Marta Vidal\" \/>\n<meta name=\"twitter:card\" content=\"summary_large_image\" \/>\n<meta name=\"twitter:title\" content=\"Premios fotograf\u00eda Ancares Leoneses - Consejo Comarcal del Bierzo\" \/>\n<meta name=\"twitter:description\" content=\"El jurado de los Premios de Fotograf\u00eda de la Reserva de la Biosfera de los Ancares Leoneses ha elegido las fotograf\u00edas ganadoras de 2020.\" \/>\n<meta name=\"twitter:image\" content=\"https:\/\/ccbierzo.com\/wp-content\/uploads\/2020\/11\/primer-premio-ancarez.jpg\" \/>\n<meta name=\"twitter:label1\" content=\"Escrito por\" \/>\n\t<meta name=\"twitter:data1\" content=\"Marta Vidal\" \/>\n\t<meta name=\"twitter:label2\" content=\"Tempo de lectura\" \/>\n\t<meta name=\"twitter:data2\" content=\"1 minuto\" \/>\n<script type=\"application\/ld+json\" class=\"yoast-schema-graph\">{\"@context\":\"https:\\\/\\\/schema.org\",\"@graph\":[{\"@type\":\"Article\",\"@id\":\"https:\\\/\\\/ccbierzo.com\\\/ancares-leoneses-2\\\/#article\",\"isPartOf\":{\"@id\":\"https:\\\/\\\/ccbierzo.com\\\/ancares-leoneses-2\\\/\"},\"author\":{\"name\":\"Marta Vidal\",\"@id\":\"https:\\\/\\\/ccbierzo.com\\\/gl\\\/#\\\/schema\\\/person\\\/4e9a8395b397b1d4b8695a5274072278\"},\"headline\":\"Ancares Leoneses\",\"datePublished\":\"2020-11-23T12:30:58+00:00\",\"mainEntityOfPage\":{\"@id\":\"https:\\\/\\\/ccbierzo.com\\\/ancares-leoneses-2\\\/\"},\"wordCount\":109,\"image\":{\"@id\":\"https:\\\/\\\/ccbierzo.com\\\/ancares-leoneses-2\\\/#primaryimage\"},\"thumbnailUrl\":\"https:\\\/\\\/ccbierzo.com\\\/wp-content\\\/uploads\\\/2020\\\/11\\\/primer-premio-ancarez.jpg\",\"keywords\":[\"Reserva de la Biosfera de los Ancares Leoneses\"],\"articleSection\":[\"Cultura\"],\"inLanguage\":\"gl-ES\"},{\"@type\":\"WebPage\",\"@id\":\"https:\\\/\\\/ccbierzo.com\\\/ancares-leoneses-2\\\/\",\"url\":\"https:\\\/\\\/ccbierzo.com\\\/ancares-leoneses-2\\\/\",\"name\":\"Premios fotograf\u00eda Ancares Leoneses - Consejo Comarcal del Bierzo\",\"isPartOf\":{\"@id\":\"https:\\\/\\\/ccbierzo.com\\\/gl\\\/#website\"},\"primaryImageOfPage\":{\"@id\":\"https:\\\/\\\/ccbierzo.com\\\/ancares-leoneses-2\\\/#primaryimage\"},\"image\":{\"@id\":\"https:\\\/\\\/ccbierzo.com\\\/ancares-leoneses-2\\\/#primaryimage\"},\"thumbnailUrl\":\"https:\\\/\\\/ccbierzo.com\\\/wp-content\\\/uploads\\\/2020\\\/11\\\/primer-premio-ancarez.jpg\",\"datePublished\":\"2020-11-23T12:30:58+00:00\",\"author\":{\"@id\":\"https:\\\/\\\/ccbierzo.com\\\/gl\\\/#\\\/schema\\\/person\\\/4e9a8395b397b1d4b8695a5274072278\"},\"description\":\"El jurado de los Premios de Fotograf\u00eda de la Reserva de la Biosfera de los Ancares Leoneses ha elegido las fotograf\u00edas ganadoras de 2020.\",\"breadcrumb\":{\"@id\":\"https:\\\/\\\/ccbierzo.com\\\/ancares-leoneses-2\\\/#breadcrumb\"},\"inLanguage\":\"gl-ES\",\"potentialAction\":[{\"@type\":\"ReadAction\",\"target\":[\"https:\\\/\\\/ccbierzo.com\\\/ancares-leoneses-2\\\/\"]}]},{\"@type\":\"ImageObject\",\"inLanguage\":\"gl-ES\",\"@id\":\"https:\\\/\\\/ccbierzo.com\\\/ancares-leoneses-2\\\/#primaryimage\",\"url\":\"https:\\\/\\\/ccbierzo.com\\\/wp-content\\\/uploads\\\/2020\\\/11\\\/primer-premio-ancarez.jpg\",\"contentUrl\":\"https:\\\/\\\/ccbierzo.com\\\/wp-content\\\/uploads\\\/2020\\\/11\\\/primer-premio-ancarez.jpg\",\"width\":612,\"height\":408,\"caption\":\"PRIMER PREMIO.\"},{\"@type\":\"BreadcrumbList\",\"@id\":\"https:\\\/\\\/ccbierzo.com\\\/ancares-leoneses-2\\\/#breadcrumb\",\"itemListElement\":[{\"@type\":\"ListItem\",\"position\":1,\"name\":\"Portada\",\"item\":\"https:\\\/\\\/ccbierzo.com\\\/gl\\\/\"},{\"@type\":\"ListItem\",\"position\":2,\"name\":\"Ancares Leoneses\"}]},{\"@type\":\"WebSite\",\"@id\":\"https:\\\/\\\/ccbierzo.com\\\/gl\\\/#website\",\"url\":\"https:\\\/\\\/ccbierzo.com\\\/gl\\\/\",\"name\":\"Consejo Comarcal del Bierzo\",\"description\":\"P\u00e1gina Oficial del Consejo Comarcal del Bierzo\",\"potentialAction\":[{\"@type\":\"SearchAction\",\"target\":{\"@type\":\"EntryPoint\",\"urlTemplate\":\"https:\\\/\\\/ccbierzo.com\\\/gl\\\/?s={search_term_string}\"},\"query-input\":{\"@type\":\"PropertyValueSpecification\",\"valueRequired\":true,\"valueName\":\"search_term_string\"}}],\"inLanguage\":\"gl-ES\"},{\"@type\":\"Person\",\"@id\":\"https:\\\/\\\/ccbierzo.com\\\/gl\\\/#\\\/schema\\\/person\\\/4e9a8395b397b1d4b8695a5274072278\",\"name\":\"Marta Vidal\"}]}<\/script>\n<!-- \/ Yoast SEO plugin. -->","yoast_head_json":{"title":"Premios fotograf\u00eda Ancares Leoneses - Consejo Comarcal del Bierzo","description":"El jurado de los Premios de Fotograf\u00eda de la Reserva de la Biosfera de los Ancares Leoneses ha elegido las fotograf\u00edas ganadoras de 2020.","robots":{"index":"index","follow":"follow","max-snippet":"max-snippet:-1","max-image-preview":"max-image-preview:large","max-video-preview":"max-video-preview:-1"},"canonical":"https:\/\/ccbierzo.com\/ancares-leoneses-2\/","og_locale":"gl_ES","og_type":"article","og_title":"Premios fotograf\u00eda Ancares Leoneses - Consejo Comarcal del Bierzo","og_description":"El jurado de los Premios de Fotograf\u00eda de la Reserva de la Biosfera de los Ancares Leoneses ha elegido las fotograf\u00edas ganadoras de 2020.","og_url":"https:\/\/ccbierzo.com\/ancares-leoneses-2\/","og_site_name":"Consejo Comarcal del Bierzo","article_published_time":"2020-11-23T12:30:58+00:00","og_image":[{"width":612,"height":408,"url":"https:\/\/ccbierzo.com\/wp-content\/uploads\/2020\/11\/primer-premio-ancarez.jpg","type":"image\/jpeg"}],"author":"Marta Vidal","twitter_card":"summary_large_image","twitter_title":"Premios fotograf\u00eda Ancares Leoneses - Consejo Comarcal del Bierzo","twitter_description":"El jurado de los Premios de Fotograf\u00eda de la Reserva de la Biosfera de los Ancares Leoneses ha elegido las fotograf\u00edas ganadoras de 2020.","twitter_image":"https:\/\/ccbierzo.com\/wp-content\/uploads\/2020\/11\/primer-premio-ancarez.jpg","twitter_misc":{"Escrito por":"Marta Vidal","Tempo de lectura":"1 minuto"},"schema":{"@context":"https:\/\/schema.org","@graph":[{"@type":"Article","@id":"https:\/\/ccbierzo.com\/ancares-leoneses-2\/#article","isPartOf":{"@id":"https:\/\/ccbierzo.com\/ancares-leoneses-2\/"},"author":{"name":"Marta Vidal","@id":"https:\/\/ccbierzo.com\/gl\/#\/schema\/person\/4e9a8395b397b1d4b8695a5274072278"},"headline":"Ancares Leoneses","datePublished":"2020-11-23T12:30:58+00:00","mainEntityOfPage":{"@id":"https:\/\/ccbierzo.com\/ancares-leoneses-2\/"},"wordCount":109,"image":{"@id":"https:\/\/ccbierzo.com\/ancares-leoneses-2\/#primaryimage"},"thumbnailUrl":"https:\/\/ccbierzo.com\/wp-content\/uploads\/2020\/11\/primer-premio-ancarez.jpg","keywords":["Reserva de la Biosfera de los Ancares Leoneses"],"articleSection":["Cultura"],"inLanguage":"gl-ES"},{"@type":"WebPage","@id":"https:\/\/ccbierzo.com\/ancares-leoneses-2\/","url":"https:\/\/ccbierzo.com\/ancares-leoneses-2\/","name":"Premios fotograf\u00eda Ancares Leoneses - Consejo Comarcal del Bierzo","isPartOf":{"@id":"https:\/\/ccbierzo.com\/gl\/#website"},"primaryImageOfPage":{"@id":"https:\/\/ccbierzo.com\/ancares-leoneses-2\/#primaryimage"},"image":{"@id":"https:\/\/ccbierzo.com\/ancares-leoneses-2\/#primaryimage"},"thumbnailUrl":"https:\/\/ccbierzo.com\/wp-content\/uploads\/2020\/11\/primer-premio-ancarez.jpg","datePublished":"2020-11-23T12:30:58+00:00","author":{"@id":"https:\/\/ccbierzo.com\/gl\/#\/schema\/person\/4e9a8395b397b1d4b8695a5274072278"},"description":"El jurado de los Premios de Fotograf\u00eda de la Reserva de la Biosfera de los Ancares Leoneses ha elegido las fotograf\u00edas ganadoras de 2020.","breadcrumb":{"@id":"https:\/\/ccbierzo.com\/ancares-leoneses-2\/#breadcrumb"},"inLanguage":"gl-ES","potentialAction":[{"@type":"ReadAction","target":["https:\/\/ccbierzo.com\/ancares-leoneses-2\/"]}]},{"@type":"ImageObject","inLanguage":"gl-ES","@id":"https:\/\/ccbierzo.com\/ancares-leoneses-2\/#primaryimage","url":"https:\/\/ccbierzo.com\/wp-content\/uploads\/2020\/11\/primer-premio-ancarez.jpg","contentUrl":"https:\/\/ccbierzo.com\/wp-content\/uploads\/2020\/11\/primer-premio-ancarez.jpg","width":612,"height":408,"caption":"PRIMER PREMIO."},{"@type":"BreadcrumbList","@id":"https:\/\/ccbierzo.com\/ancares-leoneses-2\/#breadcrumb","itemListElement":[{"@type":"ListItem","position":1,"name":"Portada","item":"https:\/\/ccbierzo.com\/gl\/"},{"@type":"ListItem","position":2,"name":"Ancares Leoneses"}]},{"@type":"WebSite","@id":"https:\/\/ccbierzo.com\/gl\/#website","url":"https:\/\/ccbierzo.com\/gl\/","name":"Consejo Comarcal del Bierzo","description":"P\u00e1gina Oficial del Consejo Comarcal del Bierzo","potentialAction":[{"@type":"SearchAction","target":{"@type":"EntryPoint","urlTemplate":"https:\/\/ccbierzo.com\/gl\/?s={search_term_string}"},"query-input":{"@type":"PropertyValueSpecification","valueRequired":true,"valueName":"search_term_string"}}],"inLanguage":"gl-ES"},{"@type":"Person","@id":"https:\/\/ccbierzo.com\/gl\/#\/schema\/person\/4e9a8395b397b1d4b8695a5274072278","name":"Marta Vidal"}]}},"_links":{"self":[{"href":"https:\/\/ccbierzo.com\/gl\/wp-json\/wp\/v2\/posts\/128648","targetHints":{"allow":["GET"]}}],"collection":[{"href":"https:\/\/ccbierzo.com\/gl\/wp-json\/wp\/v2\/posts"}],"about":[{"href":"https:\/\/ccbierzo.com\/gl\/wp-json\/wp\/v2\/types\/post"}],"author":[{"embeddable":true,"href":"https:\/\/ccbierzo.com\/gl\/wp-json\/wp\/v2\/users\/3"}],"replies":[{"embeddable":true,"href":"https:\/\/ccbierzo.com\/gl\/wp-json\/wp\/v2\/comments?post=128648"}],"version-history":[{"count":0,"href":"https:\/\/ccbierzo.com\/gl\/wp-json\/wp\/v2\/posts\/128648\/revisions"}],"wp:featuredmedia":[{"embeddable":true,"href":"https:\/\/ccbierzo.com\/gl\/wp-json\/wp\/v2\/media\/128649"}],"wp:attachment":[{"href":"https:\/\/ccbierzo.com\/gl\/wp-json\/wp\/v2\/media?parent=128648"}],"wp:term":[{"taxonomy":"category","embeddable":true,"href":"https:\/\/ccbierzo.com\/gl\/wp-json\/wp\/v2\/categories?post=128648"},{"taxonomy":"post_tag","embeddable":true,"href":"https:\/\/ccbierzo.com\/gl\/wp-json\/wp\/v2\/tags?post=128648"}],"curies":[{"name":"wp","href":"https:\/\/api.w.org\/{rel}","templated":true}]}}