{"id":128379,"date":"2020-07-09T18:29:10","date_gmt":"2020-07-09T16:29:10","guid":{"rendered":"https:\/\/ccbierzo.com\/?p=128379"},"modified":"2020-07-09T18:29:10","modified_gmt":"2020-07-09T16:29:10","slug":"apoyo-a-empresas","status":"publish","type":"post","link":"https:\/\/ccbierzo.com\/gl\/apoyo-a-empresas\/","title":{"rendered":"Apoyo a empresas"},"content":{"rendered":"<p>El Servicio de Iniciativas Emprendedoras (SIE) de la instituci\u00f3n comarcal pone en marcha la campa\u00f1a\u00a0<strong>\u2018Yo apoyo empresas de El Bierzo\u2019<\/strong>,<strong>\u00a0<\/strong>con la que pretende recoger ideas de la ciudadan\u00eda que contribuyan a la revitalizaci\u00f3n del sector empresarial tras la situaci\u00f3n provocada por el cierre de muchos negocios durante el confinamiento.<\/p>\n<p>Las personas que deseen aportar sus ideas pueden realizarlo de forma an\u00f3nima a trav\u00e9s de un cuestionario en el portal web de Desarrollo Comarcal del Consejo (<a href=\"https:\/\/www.tusitio.org\/formulario\/encuesta-yoapoyoempresasdeelbierzo\" data-saferedirecturl=\"https:\/\/www.google.com\/url?q=https:\/\/www.tusitio.org\/formulario\/encuesta-yoapoyoempresasdeelbierzo&amp;source=gmail&amp;ust=1594381426832000&amp;usg=AFQjCNG2Qxs7ZVlsNYTuq5x0JAv4ozVugw\">https:\/\/www.tusitio.org\/formulario\/encuesta-yoapoyoempresasdeelbierzo<\/a>). El test cuenta con siete apartados, entre los que destacan ayudas al consumo, ahorros destinados a apoyar negocios y empleos en El Bierzo y difusi\u00f3n.<\/p>\n<p>El SIE recoger\u00e1 iniciativas hasta el 15 de septiembre y realizar\u00e1 una selecci\u00f3n de las m\u00e1s viables para propon\u00e9rselas al empresariado, especialmente a aut\u00f3nomos y peque\u00f1as empresas que han recibido asesoramiento por parte del Consejo Comarcal.<\/p>\n<p>El objetivo es que estas ideas contribuyan a que los peque\u00f1os negocios cuenten con el apoyo de la ciudadan\u00eda y, de esta manera, evitar el cierre al que muchos podr\u00edan estar avocados tras la crisis del coronavirus.<\/p>\n","protected":false},"excerpt":{"rendered":"<p>El Servicio de Iniciativas Emprendedoras recoge iniciativas ciudadanas para apoyar al empresariado berciano. Las personas interesadas pueden cubrir la encuesta en el portal Tusitio.org.<\/p>\n","protected":false},"author":3,"featured_media":128262,"comment_status":"closed","ping_status":"open","sticky":false,"template":"","format":"standard","meta":{"_et_pb_use_builder":"","_et_pb_old_content":"","_et_gb_content_width":"","footnotes":""},"categories":[77],"tags":[155,210],"class_list":["post-128379","post","type-post","status-publish","format-standard","has-post-thumbnail","hentry","category-empleo","tag-empleo","tag-emprendimiento"],"yoast_head":"<!-- This site is optimized with the Yoast SEO plugin v27.3 - https:\/\/yoast.com\/product\/yoast-seo-wordpress\/ -->\n<title>Apoyo a empresas - Comarca de El Bierzo<\/title>\n<meta name=\"description\" content=\"El Servicio de Iniciativas Emprendedoras recoge iniciativas ciudadanas para apoyar al empresariado berciano y evitar el cierre de negocios.\" \/>\n<meta name=\"robots\" content=\"index, follow, max-snippet:-1, max-image-preview:large, max-video-preview:-1\" \/>\n<link rel=\"canonical\" href=\"https:\/\/ccbierzo.com\/apoyo-a-empresas\/\" \/>\n<meta property=\"og:locale\" content=\"gl_ES\" \/>\n<meta property=\"og:type\" content=\"article\" \/>\n<meta property=\"og:title\" content=\"Apoyo a empresas - Comarca de El Bierzo\" \/>\n<meta property=\"og:description\" content=\"El Servicio de Iniciativas Emprendedoras recoge iniciativas ciudadanas para apoyar al empresariado berciano y evitar el cierre de negocios.\" \/>\n<meta property=\"og:url\" content=\"https:\/\/ccbierzo.com\/apoyo-a-empresas\/\" \/>\n<meta property=\"og:site_name\" content=\"Consejo Comarcal del Bierzo\" \/>\n<meta property=\"article:published_time\" content=\"2020-07-09T16:29:10+00:00\" \/>\n<meta property=\"og:image\" content=\"https:\/\/ccbierzo.com\/wp-content\/uploads\/2020\/05\/comercio.jpg\" \/>\n\t<meta property=\"og:image:width\" content=\"1500\" \/>\n\t<meta property=\"og:image:height\" content=\"1000\" \/>\n\t<meta property=\"og:image:type\" content=\"image\/jpeg\" \/>\n<meta name=\"author\" content=\"Marta Vidal\" \/>\n<meta name=\"twitter:card\" content=\"summary_large_image\" \/>\n<meta name=\"twitter:title\" content=\"Apoyo a empresas - Comarca de El Bierzo\" \/>\n<meta name=\"twitter:description\" content=\"El Servicio de Iniciativas Emprendedoras recoge iniciativas ciudadanas para apoyar al empresariado berciano y evitar el cierre de negocios.\" \/>\n<meta name=\"twitter:image\" content=\"https:\/\/ccbierzo.com\/wp-content\/uploads\/2020\/05\/comercio.jpg\" \/>\n<meta name=\"twitter:label1\" content=\"Escrito por\" \/>\n\t<meta name=\"twitter:data1\" content=\"Marta Vidal\" \/>\n\t<meta name=\"twitter:label2\" content=\"Tempo de lectura\" \/>\n\t<meta name=\"twitter:data2\" content=\"1 minuto\" \/>\n<script type=\"application\/ld+json\" class=\"yoast-schema-graph\">{\"@context\":\"https:\\\/\\\/schema.org\",\"@graph\":[{\"@type\":\"Article\",\"@id\":\"https:\\\/\\\/ccbierzo.com\\\/apoyo-a-empresas\\\/#article\",\"isPartOf\":{\"@id\":\"https:\\\/\\\/ccbierzo.com\\\/apoyo-a-empresas\\\/\"},\"author\":{\"name\":\"Marta Vidal\",\"@id\":\"https:\\\/\\\/ccbierzo.com\\\/gl\\\/#\\\/schema\\\/person\\\/4e9a8395b397b1d4b8695a5274072278\"},\"headline\":\"Apoyo a empresas\",\"datePublished\":\"2020-07-09T16:29:10+00:00\",\"mainEntityOfPage\":{\"@id\":\"https:\\\/\\\/ccbierzo.com\\\/apoyo-a-empresas\\\/\"},\"wordCount\":199,\"image\":{\"@id\":\"https:\\\/\\\/ccbierzo.com\\\/apoyo-a-empresas\\\/#primaryimage\"},\"thumbnailUrl\":\"https:\\\/\\\/ccbierzo.com\\\/wp-content\\\/uploads\\\/2020\\\/05\\\/comercio.jpg\",\"keywords\":[\"Empleo\",\"Emprendimiento\"],\"articleSection\":[\"Empleo\"],\"inLanguage\":\"gl-ES\"},{\"@type\":\"WebPage\",\"@id\":\"https:\\\/\\\/ccbierzo.com\\\/apoyo-a-empresas\\\/\",\"url\":\"https:\\\/\\\/ccbierzo.com\\\/apoyo-a-empresas\\\/\",\"name\":\"Apoyo a empresas - Comarca de El Bierzo\",\"isPartOf\":{\"@id\":\"https:\\\/\\\/ccbierzo.com\\\/gl\\\/#website\"},\"primaryImageOfPage\":{\"@id\":\"https:\\\/\\\/ccbierzo.com\\\/apoyo-a-empresas\\\/#primaryimage\"},\"image\":{\"@id\":\"https:\\\/\\\/ccbierzo.com\\\/apoyo-a-empresas\\\/#primaryimage\"},\"thumbnailUrl\":\"https:\\\/\\\/ccbierzo.com\\\/wp-content\\\/uploads\\\/2020\\\/05\\\/comercio.jpg\",\"datePublished\":\"2020-07-09T16:29:10+00:00\",\"author\":{\"@id\":\"https:\\\/\\\/ccbierzo.com\\\/gl\\\/#\\\/schema\\\/person\\\/4e9a8395b397b1d4b8695a5274072278\"},\"description\":\"El Servicio de Iniciativas Emprendedoras recoge iniciativas ciudadanas para apoyar al empresariado berciano y evitar el cierre de negocios.\",\"breadcrumb\":{\"@id\":\"https:\\\/\\\/ccbierzo.com\\\/apoyo-a-empresas\\\/#breadcrumb\"},\"inLanguage\":\"gl-ES\",\"potentialAction\":[{\"@type\":\"ReadAction\",\"target\":[\"https:\\\/\\\/ccbierzo.com\\\/apoyo-a-empresas\\\/\"]}]},{\"@type\":\"ImageObject\",\"inLanguage\":\"gl-ES\",\"@id\":\"https:\\\/\\\/ccbierzo.com\\\/apoyo-a-empresas\\\/#primaryimage\",\"url\":\"https:\\\/\\\/ccbierzo.com\\\/wp-content\\\/uploads\\\/2020\\\/05\\\/comercio.jpg\",\"contentUrl\":\"https:\\\/\\\/ccbierzo.com\\\/wp-content\\\/uploads\\\/2020\\\/05\\\/comercio.jpg\",\"width\":1500,\"height\":1000,\"caption\":\"Comercio\"},{\"@type\":\"BreadcrumbList\",\"@id\":\"https:\\\/\\\/ccbierzo.com\\\/apoyo-a-empresas\\\/#breadcrumb\",\"itemListElement\":[{\"@type\":\"ListItem\",\"position\":1,\"name\":\"Portada\",\"item\":\"https:\\\/\\\/ccbierzo.com\\\/gl\\\/\"},{\"@type\":\"ListItem\",\"position\":2,\"name\":\"Apoyo a empresas\"}]},{\"@type\":\"WebSite\",\"@id\":\"https:\\\/\\\/ccbierzo.com\\\/gl\\\/#website\",\"url\":\"https:\\\/\\\/ccbierzo.com\\\/gl\\\/\",\"name\":\"Consejo Comarcal del Bierzo\",\"description\":\"P\u00e1gina Oficial del Consejo Comarcal del Bierzo\",\"potentialAction\":[{\"@type\":\"SearchAction\",\"target\":{\"@type\":\"EntryPoint\",\"urlTemplate\":\"https:\\\/\\\/ccbierzo.com\\\/gl\\\/?s={search_term_string}\"},\"query-input\":{\"@type\":\"PropertyValueSpecification\",\"valueRequired\":true,\"valueName\":\"search_term_string\"}}],\"inLanguage\":\"gl-ES\"},{\"@type\":\"Person\",\"@id\":\"https:\\\/\\\/ccbierzo.com\\\/gl\\\/#\\\/schema\\\/person\\\/4e9a8395b397b1d4b8695a5274072278\",\"name\":\"Marta Vidal\"}]}<\/script>\n<!-- \/ Yoast SEO plugin. -->","yoast_head_json":{"title":"Apoyo a empresas - Comarca de El Bierzo","description":"El Servicio de Iniciativas Emprendedoras recoge iniciativas ciudadanas para apoyar al empresariado berciano y evitar el cierre de negocios.","robots":{"index":"index","follow":"follow","max-snippet":"max-snippet:-1","max-image-preview":"max-image-preview:large","max-video-preview":"max-video-preview:-1"},"canonical":"https:\/\/ccbierzo.com\/apoyo-a-empresas\/","og_locale":"gl_ES","og_type":"article","og_title":"Apoyo a empresas - Comarca de El Bierzo","og_description":"El Servicio de Iniciativas Emprendedoras recoge iniciativas ciudadanas para apoyar al empresariado berciano y evitar el cierre de negocios.","og_url":"https:\/\/ccbierzo.com\/apoyo-a-empresas\/","og_site_name":"Consejo Comarcal del Bierzo","article_published_time":"2020-07-09T16:29:10+00:00","og_image":[{"width":1500,"height":1000,"url":"https:\/\/ccbierzo.com\/wp-content\/uploads\/2020\/05\/comercio.jpg","type":"image\/jpeg"}],"author":"Marta Vidal","twitter_card":"summary_large_image","twitter_title":"Apoyo a empresas - Comarca de El Bierzo","twitter_description":"El Servicio de Iniciativas Emprendedoras recoge iniciativas ciudadanas para apoyar al empresariado berciano y evitar el cierre de negocios.","twitter_image":"https:\/\/ccbierzo.com\/wp-content\/uploads\/2020\/05\/comercio.jpg","twitter_misc":{"Escrito por":"Marta Vidal","Tempo de lectura":"1 minuto"},"schema":{"@context":"https:\/\/schema.org","@graph":[{"@type":"Article","@id":"https:\/\/ccbierzo.com\/apoyo-a-empresas\/#article","isPartOf":{"@id":"https:\/\/ccbierzo.com\/apoyo-a-empresas\/"},"author":{"name":"Marta Vidal","@id":"https:\/\/ccbierzo.com\/gl\/#\/schema\/person\/4e9a8395b397b1d4b8695a5274072278"},"headline":"Apoyo a empresas","datePublished":"2020-07-09T16:29:10+00:00","mainEntityOfPage":{"@id":"https:\/\/ccbierzo.com\/apoyo-a-empresas\/"},"wordCount":199,"image":{"@id":"https:\/\/ccbierzo.com\/apoyo-a-empresas\/#primaryimage"},"thumbnailUrl":"https:\/\/ccbierzo.com\/wp-content\/uploads\/2020\/05\/comercio.jpg","keywords":["Empleo","Emprendimiento"],"articleSection":["Empleo"],"inLanguage":"gl-ES"},{"@type":"WebPage","@id":"https:\/\/ccbierzo.com\/apoyo-a-empresas\/","url":"https:\/\/ccbierzo.com\/apoyo-a-empresas\/","name":"Apoyo a empresas - Comarca de El Bierzo","isPartOf":{"@id":"https:\/\/ccbierzo.com\/gl\/#website"},"primaryImageOfPage":{"@id":"https:\/\/ccbierzo.com\/apoyo-a-empresas\/#primaryimage"},"image":{"@id":"https:\/\/ccbierzo.com\/apoyo-a-empresas\/#primaryimage"},"thumbnailUrl":"https:\/\/ccbierzo.com\/wp-content\/uploads\/2020\/05\/comercio.jpg","datePublished":"2020-07-09T16:29:10+00:00","author":{"@id":"https:\/\/ccbierzo.com\/gl\/#\/schema\/person\/4e9a8395b397b1d4b8695a5274072278"},"description":"El Servicio de Iniciativas Emprendedoras recoge iniciativas ciudadanas para apoyar al empresariado berciano y evitar el cierre de negocios.","breadcrumb":{"@id":"https:\/\/ccbierzo.com\/apoyo-a-empresas\/#breadcrumb"},"inLanguage":"gl-ES","potentialAction":[{"@type":"ReadAction","target":["https:\/\/ccbierzo.com\/apoyo-a-empresas\/"]}]},{"@type":"ImageObject","inLanguage":"gl-ES","@id":"https:\/\/ccbierzo.com\/apoyo-a-empresas\/#primaryimage","url":"https:\/\/ccbierzo.com\/wp-content\/uploads\/2020\/05\/comercio.jpg","contentUrl":"https:\/\/ccbierzo.com\/wp-content\/uploads\/2020\/05\/comercio.jpg","width":1500,"height":1000,"caption":"Comercio"},{"@type":"BreadcrumbList","@id":"https:\/\/ccbierzo.com\/apoyo-a-empresas\/#breadcrumb","itemListElement":[{"@type":"ListItem","position":1,"name":"Portada","item":"https:\/\/ccbierzo.com\/gl\/"},{"@type":"ListItem","position":2,"name":"Apoyo a empresas"}]},{"@type":"WebSite","@id":"https:\/\/ccbierzo.com\/gl\/#website","url":"https:\/\/ccbierzo.com\/gl\/","name":"Consejo Comarcal del Bierzo","description":"P\u00e1gina Oficial del Consejo Comarcal del Bierzo","potentialAction":[{"@type":"SearchAction","target":{"@type":"EntryPoint","urlTemplate":"https:\/\/ccbierzo.com\/gl\/?s={search_term_string}"},"query-input":{"@type":"PropertyValueSpecification","valueRequired":true,"valueName":"search_term_string"}}],"inLanguage":"gl-ES"},{"@type":"Person","@id":"https:\/\/ccbierzo.com\/gl\/#\/schema\/person\/4e9a8395b397b1d4b8695a5274072278","name":"Marta Vidal"}]}},"_links":{"self":[{"href":"https:\/\/ccbierzo.com\/gl\/wp-json\/wp\/v2\/posts\/128379","targetHints":{"allow":["GET"]}}],"collection":[{"href":"https:\/\/ccbierzo.com\/gl\/wp-json\/wp\/v2\/posts"}],"about":[{"href":"https:\/\/ccbierzo.com\/gl\/wp-json\/wp\/v2\/types\/post"}],"author":[{"embeddable":true,"href":"https:\/\/ccbierzo.com\/gl\/wp-json\/wp\/v2\/users\/3"}],"replies":[{"embeddable":true,"href":"https:\/\/ccbierzo.com\/gl\/wp-json\/wp\/v2\/comments?post=128379"}],"version-history":[{"count":0,"href":"https:\/\/ccbierzo.com\/gl\/wp-json\/wp\/v2\/posts\/128379\/revisions"}],"wp:featuredmedia":[{"embeddable":true,"href":"https:\/\/ccbierzo.com\/gl\/wp-json\/wp\/v2\/media\/128262"}],"wp:attachment":[{"href":"https:\/\/ccbierzo.com\/gl\/wp-json\/wp\/v2\/media?parent=128379"}],"wp:term":[{"taxonomy":"category","embeddable":true,"href":"https:\/\/ccbierzo.com\/gl\/wp-json\/wp\/v2\/categories?post=128379"},{"taxonomy":"post_tag","embeddable":true,"href":"https:\/\/ccbierzo.com\/gl\/wp-json\/wp\/v2\/tags?post=128379"}],"curies":[{"name":"wp","href":"https:\/\/api.w.org\/{rel}","templated":true}]}}