{"id":128364,"date":"2020-07-02T15:59:53","date_gmt":"2020-07-02T13:59:53","guid":{"rendered":"https:\/\/ccbierzo.com\/?p=128364"},"modified":"2020-07-02T15:59:53","modified_gmt":"2020-07-02T13:59:53","slug":"defensa-del-medio-rural","status":"publish","type":"post","link":"https:\/\/ccbierzo.com\/gl\/defensa-del-medio-rural\/","title":{"rendered":"Medio rural"},"content":{"rendered":"<p>El presidente del Consejo Comarcal, Gerardo \u00c1lvarez Courel, traslad\u00f3 a la Mesa por el Futuro de El Bierzo los acuerdos adoptados en la reuni\u00f3n de la Mesa por Le\u00f3n, celebrada en Ponferrada el pasado viernes. Entre otros aspectos, les explic\u00f3 que la agencia que se encargar\u00e1 de coordinar los proyectos tendr\u00e1 listo el plan de reindustrializaci\u00f3n a finales de septiembre. Una vez que la Mesa los apruebe, el siguiente pasado ser\u00e1 trasladarlos a los gobiernos estatal y auton\u00f3mico para que los incluyan en sus presupuestos generales y se puedan ejecutar.<\/p>\n<p>Al igual que lo ocurrido en la Mesa por Le\u00f3n del viernes, los miembros del \u00f3rgano berciano consideran que es primordial la defensa del medio rural. Seg\u00fan explic\u00f3 el presidente del Consejo, la situaci\u00f3n creada por la pandemia de la COVID-19 ha demostrado que es fundamental mejorar las telecomunicaciones &#8220;para que el medio rural pueda convertirse en un lugar donde teletrabajar y donde vivir con unas condiciones m\u00e1s saludables que en las grandes ciudades&#8221;.<\/p>\n<p>Seg\u00fan inform\u00f3 el presidente comarcal, la Mesa por el Futuro de El Bierzo considera fundamental que el plan estrat\u00e9gico para la reindustrializaci\u00f3n de Le\u00f3n debe contar con proyectos e inversiones espec\u00edficas que puedan atraer a nuevos inversores que &#8220;creen empleo duradero y de calidad&#8221;.<\/p>\n<p><img loading=\"lazy\" decoding=\"async\" class=\"aligncenter size-large wp-image-128367\" src=\"https:\/\/ccbierzo.com\/wp-content\/uploads\/2020\/07\/mesa1-1024x683.jpg\" alt=\"Mesa por el Futuro de El Bierzo\" width=\"1024\" height=\"683\" srcset=\"https:\/\/ccbierzo.com\/wp-content\/uploads\/2020\/07\/mesa1-980x653.jpg 980w, https:\/\/ccbierzo.com\/wp-content\/uploads\/2020\/07\/mesa1-480x320.jpg 480w\" sizes=\"(min-width: 0px) and (max-width: 480px) 480px, (min-width: 481px) and (max-width: 980px) 980px, (min-width: 981px) 1024px, 100vw\" \/><\/p>\n<p>&nbsp;<\/p>\n<p>&nbsp;<\/p>\n","protected":false},"excerpt":{"rendered":"<p>La Mesa por el Futuro de El Bierzo aboga por mejorar las telecomunicaciones en el medio rural y convertir a la comarca en un referente del teletrabajo.<\/p>\n","protected":false},"author":3,"featured_media":128365,"comment_status":"closed","ping_status":"open","sticky":false,"template":"","format":"standard","meta":{"_et_pb_use_builder":"","_et_pb_old_content":"","_et_gb_content_width":"","footnotes":""},"categories":[26,77,19],"tags":[126],"class_list":["post-128364","post","type-post","status-publish","format-standard","has-post-thumbnail","hentry","category-administracion","category-empleo","category-social","tag-mesa-por-el-futuro-de-el-bierzo"],"yoast_head":"<!-- This site is optimized with the Yoast SEO plugin v27.3 - https:\/\/yoast.com\/product\/yoast-seo-wordpress\/ -->\n<title>Defensa del medio rural - Consejo Comarcal del Bierzo<\/title>\n<meta name=\"description\" content=\"La Mesa por el Futuro de El Bierzo aboga por mejorar telecomunicaciones en el medio rural y convertir a la comarca en un referente del teletrabajo.\" \/>\n<meta name=\"robots\" content=\"index, follow, max-snippet:-1, max-image-preview:large, max-video-preview:-1\" \/>\n<link rel=\"canonical\" href=\"https:\/\/ccbierzo.com\/defensa-del-medio-rural\/\" \/>\n<meta property=\"og:locale\" content=\"gl_ES\" \/>\n<meta property=\"og:type\" content=\"article\" \/>\n<meta property=\"og:title\" content=\"Defensa del medio rural - Consejo Comarcal del Bierzo\" \/>\n<meta property=\"og:description\" content=\"La Mesa por el Futuro de El Bierzo aboga por mejorar telecomunicaciones en el medio rural y convertir a la comarca en un referente del teletrabajo.\" \/>\n<meta property=\"og:url\" content=\"https:\/\/ccbierzo.com\/defensa-del-medio-rural\/\" \/>\n<meta property=\"og:site_name\" content=\"Consejo Comarcal del Bierzo\" \/>\n<meta property=\"article:published_time\" content=\"2020-07-02T13:59:53+00:00\" \/>\n<meta property=\"og:image\" content=\"https:\/\/ccbierzo.com\/wp-content\/uploads\/2020\/07\/mesa1.jpg\" \/>\n\t<meta property=\"og:image:width\" content=\"1500\" \/>\n\t<meta property=\"og:image:height\" content=\"1000\" \/>\n\t<meta property=\"og:image:type\" content=\"image\/jpeg\" \/>\n<meta name=\"author\" content=\"Marta Vidal\" \/>\n<meta name=\"twitter:card\" content=\"summary_large_image\" \/>\n<meta name=\"twitter:title\" content=\"Defensa del medio rural - Consejo Comarcal del Bierzo\" \/>\n<meta name=\"twitter:description\" content=\"La Mesa por el Futuro de El Bierzo aboga por mejorar telecomunicaciones en el medio rural y convertir a la comarca en un referente del teletrabajo.\" \/>\n<meta name=\"twitter:image\" content=\"https:\/\/ccbierzo.com\/wp-content\/uploads\/2020\/07\/mesa1.jpg\" \/>\n<meta name=\"twitter:label1\" content=\"Escrito por\" \/>\n\t<meta name=\"twitter:data1\" content=\"Marta Vidal\" \/>\n\t<meta name=\"twitter:label2\" content=\"Tempo de lectura\" \/>\n\t<meta name=\"twitter:data2\" content=\"1 minuto\" \/>\n<script type=\"application\/ld+json\" class=\"yoast-schema-graph\">{\"@context\":\"https:\\\/\\\/schema.org\",\"@graph\":[{\"@type\":\"Article\",\"@id\":\"https:\\\/\\\/ccbierzo.com\\\/defensa-del-medio-rural\\\/#article\",\"isPartOf\":{\"@id\":\"https:\\\/\\\/ccbierzo.com\\\/defensa-del-medio-rural\\\/\"},\"author\":{\"name\":\"Marta Vidal\",\"@id\":\"https:\\\/\\\/ccbierzo.com\\\/gl\\\/#\\\/schema\\\/person\\\/4e9a8395b397b1d4b8695a5274072278\"},\"headline\":\"Medio rural\",\"datePublished\":\"2020-07-02T13:59:53+00:00\",\"mainEntityOfPage\":{\"@id\":\"https:\\\/\\\/ccbierzo.com\\\/defensa-del-medio-rural\\\/\"},\"wordCount\":225,\"image\":{\"@id\":\"https:\\\/\\\/ccbierzo.com\\\/defensa-del-medio-rural\\\/#primaryimage\"},\"thumbnailUrl\":\"https:\\\/\\\/ccbierzo.com\\\/wp-content\\\/uploads\\\/2020\\\/07\\\/mesa2.jpg\",\"keywords\":[\"Mesa por el futuro de El Bierzo\"],\"articleSection\":[\"Administraci\u00f3n\",\"Empleo\",\"Social\"],\"inLanguage\":\"gl-ES\"},{\"@type\":\"WebPage\",\"@id\":\"https:\\\/\\\/ccbierzo.com\\\/defensa-del-medio-rural\\\/\",\"url\":\"https:\\\/\\\/ccbierzo.com\\\/defensa-del-medio-rural\\\/\",\"name\":\"Defensa del medio rural - Consejo Comarcal del Bierzo\",\"isPartOf\":{\"@id\":\"https:\\\/\\\/ccbierzo.com\\\/gl\\\/#website\"},\"primaryImageOfPage\":{\"@id\":\"https:\\\/\\\/ccbierzo.com\\\/defensa-del-medio-rural\\\/#primaryimage\"},\"image\":{\"@id\":\"https:\\\/\\\/ccbierzo.com\\\/defensa-del-medio-rural\\\/#primaryimage\"},\"thumbnailUrl\":\"https:\\\/\\\/ccbierzo.com\\\/wp-content\\\/uploads\\\/2020\\\/07\\\/mesa2.jpg\",\"datePublished\":\"2020-07-02T13:59:53+00:00\",\"author\":{\"@id\":\"https:\\\/\\\/ccbierzo.com\\\/gl\\\/#\\\/schema\\\/person\\\/4e9a8395b397b1d4b8695a5274072278\"},\"description\":\"La Mesa por el Futuro de El Bierzo aboga por mejorar telecomunicaciones en el medio rural y convertir a la comarca en un referente del teletrabajo.\",\"breadcrumb\":{\"@id\":\"https:\\\/\\\/ccbierzo.com\\\/defensa-del-medio-rural\\\/#breadcrumb\"},\"inLanguage\":\"gl-ES\",\"potentialAction\":[{\"@type\":\"ReadAction\",\"target\":[\"https:\\\/\\\/ccbierzo.com\\\/defensa-del-medio-rural\\\/\"]}]},{\"@type\":\"ImageObject\",\"inLanguage\":\"gl-ES\",\"@id\":\"https:\\\/\\\/ccbierzo.com\\\/defensa-del-medio-rural\\\/#primaryimage\",\"url\":\"https:\\\/\\\/ccbierzo.com\\\/wp-content\\\/uploads\\\/2020\\\/07\\\/mesa2.jpg\",\"contentUrl\":\"https:\\\/\\\/ccbierzo.com\\\/wp-content\\\/uploads\\\/2020\\\/07\\\/mesa2.jpg\",\"width\":1500,\"height\":1000,\"caption\":\"Mesa por el Futuro de El Bierzo\"},{\"@type\":\"BreadcrumbList\",\"@id\":\"https:\\\/\\\/ccbierzo.com\\\/defensa-del-medio-rural\\\/#breadcrumb\",\"itemListElement\":[{\"@type\":\"ListItem\",\"position\":1,\"name\":\"Portada\",\"item\":\"https:\\\/\\\/ccbierzo.com\\\/gl\\\/\"},{\"@type\":\"ListItem\",\"position\":2,\"name\":\"Medio rural\"}]},{\"@type\":\"WebSite\",\"@id\":\"https:\\\/\\\/ccbierzo.com\\\/gl\\\/#website\",\"url\":\"https:\\\/\\\/ccbierzo.com\\\/gl\\\/\",\"name\":\"Consejo Comarcal del Bierzo\",\"description\":\"P\u00e1gina Oficial del Consejo Comarcal del Bierzo\",\"potentialAction\":[{\"@type\":\"SearchAction\",\"target\":{\"@type\":\"EntryPoint\",\"urlTemplate\":\"https:\\\/\\\/ccbierzo.com\\\/gl\\\/?s={search_term_string}\"},\"query-input\":{\"@type\":\"PropertyValueSpecification\",\"valueRequired\":true,\"valueName\":\"search_term_string\"}}],\"inLanguage\":\"gl-ES\"},{\"@type\":\"Person\",\"@id\":\"https:\\\/\\\/ccbierzo.com\\\/gl\\\/#\\\/schema\\\/person\\\/4e9a8395b397b1d4b8695a5274072278\",\"name\":\"Marta Vidal\"}]}<\/script>\n<!-- \/ Yoast SEO plugin. -->","yoast_head_json":{"title":"Defensa del medio rural - Consejo Comarcal del Bierzo","description":"La Mesa por el Futuro de El Bierzo aboga por mejorar telecomunicaciones en el medio rural y convertir a la comarca en un referente del teletrabajo.","robots":{"index":"index","follow":"follow","max-snippet":"max-snippet:-1","max-image-preview":"max-image-preview:large","max-video-preview":"max-video-preview:-1"},"canonical":"https:\/\/ccbierzo.com\/defensa-del-medio-rural\/","og_locale":"gl_ES","og_type":"article","og_title":"Defensa del medio rural - Consejo Comarcal del Bierzo","og_description":"La Mesa por el Futuro de El Bierzo aboga por mejorar telecomunicaciones en el medio rural y convertir a la comarca en un referente del teletrabajo.","og_url":"https:\/\/ccbierzo.com\/defensa-del-medio-rural\/","og_site_name":"Consejo Comarcal del Bierzo","article_published_time":"2020-07-02T13:59:53+00:00","og_image":[{"width":1500,"height":1000,"url":"https:\/\/ccbierzo.com\/wp-content\/uploads\/2020\/07\/mesa1.jpg","type":"image\/jpeg"}],"author":"Marta Vidal","twitter_card":"summary_large_image","twitter_title":"Defensa del medio rural - Consejo Comarcal del Bierzo","twitter_description":"La Mesa por el Futuro de El Bierzo aboga por mejorar telecomunicaciones en el medio rural y convertir a la comarca en un referente del teletrabajo.","twitter_image":"https:\/\/ccbierzo.com\/wp-content\/uploads\/2020\/07\/mesa1.jpg","twitter_misc":{"Escrito por":"Marta Vidal","Tempo de lectura":"1 minuto"},"schema":{"@context":"https:\/\/schema.org","@graph":[{"@type":"Article","@id":"https:\/\/ccbierzo.com\/defensa-del-medio-rural\/#article","isPartOf":{"@id":"https:\/\/ccbierzo.com\/defensa-del-medio-rural\/"},"author":{"name":"Marta Vidal","@id":"https:\/\/ccbierzo.com\/gl\/#\/schema\/person\/4e9a8395b397b1d4b8695a5274072278"},"headline":"Medio rural","datePublished":"2020-07-02T13:59:53+00:00","mainEntityOfPage":{"@id":"https:\/\/ccbierzo.com\/defensa-del-medio-rural\/"},"wordCount":225,"image":{"@id":"https:\/\/ccbierzo.com\/defensa-del-medio-rural\/#primaryimage"},"thumbnailUrl":"https:\/\/ccbierzo.com\/wp-content\/uploads\/2020\/07\/mesa2.jpg","keywords":["Mesa por el futuro de El Bierzo"],"articleSection":["Administraci\u00f3n","Empleo","Social"],"inLanguage":"gl-ES"},{"@type":"WebPage","@id":"https:\/\/ccbierzo.com\/defensa-del-medio-rural\/","url":"https:\/\/ccbierzo.com\/defensa-del-medio-rural\/","name":"Defensa del medio rural - Consejo Comarcal del Bierzo","isPartOf":{"@id":"https:\/\/ccbierzo.com\/gl\/#website"},"primaryImageOfPage":{"@id":"https:\/\/ccbierzo.com\/defensa-del-medio-rural\/#primaryimage"},"image":{"@id":"https:\/\/ccbierzo.com\/defensa-del-medio-rural\/#primaryimage"},"thumbnailUrl":"https:\/\/ccbierzo.com\/wp-content\/uploads\/2020\/07\/mesa2.jpg","datePublished":"2020-07-02T13:59:53+00:00","author":{"@id":"https:\/\/ccbierzo.com\/gl\/#\/schema\/person\/4e9a8395b397b1d4b8695a5274072278"},"description":"La Mesa por el Futuro de El Bierzo aboga por mejorar telecomunicaciones en el medio rural y convertir a la comarca en un referente del teletrabajo.","breadcrumb":{"@id":"https:\/\/ccbierzo.com\/defensa-del-medio-rural\/#breadcrumb"},"inLanguage":"gl-ES","potentialAction":[{"@type":"ReadAction","target":["https:\/\/ccbierzo.com\/defensa-del-medio-rural\/"]}]},{"@type":"ImageObject","inLanguage":"gl-ES","@id":"https:\/\/ccbierzo.com\/defensa-del-medio-rural\/#primaryimage","url":"https:\/\/ccbierzo.com\/wp-content\/uploads\/2020\/07\/mesa2.jpg","contentUrl":"https:\/\/ccbierzo.com\/wp-content\/uploads\/2020\/07\/mesa2.jpg","width":1500,"height":1000,"caption":"Mesa por el Futuro de El Bierzo"},{"@type":"BreadcrumbList","@id":"https:\/\/ccbierzo.com\/defensa-del-medio-rural\/#breadcrumb","itemListElement":[{"@type":"ListItem","position":1,"name":"Portada","item":"https:\/\/ccbierzo.com\/gl\/"},{"@type":"ListItem","position":2,"name":"Medio rural"}]},{"@type":"WebSite","@id":"https:\/\/ccbierzo.com\/gl\/#website","url":"https:\/\/ccbierzo.com\/gl\/","name":"Consejo Comarcal del Bierzo","description":"P\u00e1gina Oficial del Consejo Comarcal del Bierzo","potentialAction":[{"@type":"SearchAction","target":{"@type":"EntryPoint","urlTemplate":"https:\/\/ccbierzo.com\/gl\/?s={search_term_string}"},"query-input":{"@type":"PropertyValueSpecification","valueRequired":true,"valueName":"search_term_string"}}],"inLanguage":"gl-ES"},{"@type":"Person","@id":"https:\/\/ccbierzo.com\/gl\/#\/schema\/person\/4e9a8395b397b1d4b8695a5274072278","name":"Marta Vidal"}]}},"_links":{"self":[{"href":"https:\/\/ccbierzo.com\/gl\/wp-json\/wp\/v2\/posts\/128364","targetHints":{"allow":["GET"]}}],"collection":[{"href":"https:\/\/ccbierzo.com\/gl\/wp-json\/wp\/v2\/posts"}],"about":[{"href":"https:\/\/ccbierzo.com\/gl\/wp-json\/wp\/v2\/types\/post"}],"author":[{"embeddable":true,"href":"https:\/\/ccbierzo.com\/gl\/wp-json\/wp\/v2\/users\/3"}],"replies":[{"embeddable":true,"href":"https:\/\/ccbierzo.com\/gl\/wp-json\/wp\/v2\/comments?post=128364"}],"version-history":[{"count":0,"href":"https:\/\/ccbierzo.com\/gl\/wp-json\/wp\/v2\/posts\/128364\/revisions"}],"wp:featuredmedia":[{"embeddable":true,"href":"https:\/\/ccbierzo.com\/gl\/wp-json\/wp\/v2\/media\/128365"}],"wp:attachment":[{"href":"https:\/\/ccbierzo.com\/gl\/wp-json\/wp\/v2\/media?parent=128364"}],"wp:term":[{"taxonomy":"category","embeddable":true,"href":"https:\/\/ccbierzo.com\/gl\/wp-json\/wp\/v2\/categories?post=128364"},{"taxonomy":"post_tag","embeddable":true,"href":"https:\/\/ccbierzo.com\/gl\/wp-json\/wp\/v2\/tags?post=128364"}],"curies":[{"name":"wp","href":"https:\/\/api.w.org\/{rel}","templated":true}]}}