{"id":128265,"date":"2020-05-05T12:11:12","date_gmt":"2020-05-05T10:11:12","guid":{"rendered":"https:\/\/ccbierzo.com\/boas-practicas\/"},"modified":"2020-05-05T12:11:12","modified_gmt":"2020-05-05T10:11:12","slug":"boas-practicas","status":"publish","type":"post","link":"https:\/\/ccbierzo.com\/gl\/boas-practicas\/","title":{"rendered":"Boas pr\u00e1cticas"},"content":{"rendered":"<p>A venda a domicilio, a dixitalizaci\u00f3n ou a formaci\u00f3n son algunhas das boas pr\u00e1cticas que o Servizo de Iniciativas Emprendedoras (SIE) do Consello Comarcal prop\u00f3n \u00e1s empresas para evitar as consecuencias da crise provocada polo coronavirus. A publicaci\u00f3n, que se pode consultar no portal <a href=\"https:\/\/www.tusitio.org\/\">Tu Sitio<\/a>, recolle medidas postas en pr\u00e1ctica por negocios asesorados polo servizo comarcal.<\/p>\n<div class=\"col_b\">\n<div class=\"textbox\">\n<div id=\"contenedor\" class=\"textarea unknown\">Para a redacci\u00f3n da gu\u00eda, o SIE contactou con todas as empresas e persoas \u00e1s que o servizo hab\u00eda tutorizado co obxectivo de co\u00f1ecer a s\u00faa estratexia durante o per\u00edodo de confinamento. A gu\u00eda recolle aquelas medidas que resultaron efectivas para que outras empresas poidan po\u00f1elas en pr\u00e1ctica. O obxectivo \u00e9 favorecer o mantemento da actividade empresarial e mesmo fomentala.<\/div>\n<div><\/div>\n<\/div>\n<div>Ademais da gu\u00eda, o Consello Comarcal ha activado d\u00faas novas secci\u00f3ns no portal de desenvolvemento comarcal <a href=\"https:\/\/www.tusitio.org\/\">Tu Sitio<\/a>. Son un <a href=\"https:\/\/www.tusitio.org\/contenido\/empresas-activas-en-la-comarca-de-el-bierzo-durante-la-cuarentena\">directorio de empresas<\/a> que continuaron activas durante a corentena e unha <a href=\"https:\/\/www.tusitio.org\/contenido\/guias-de-ayudas-y-medidas-autonomicas-y-estatales-covid-19\">listaxe de axudas<\/a> auton\u00f3micas e estatais para as empresas.<\/div>\n<\/div>\n<div><\/div>\n<div>Enlace para consultar e descargar a GU\u00cfA PARA EMPRESAS <a href=\"https:\/\/www.tusitio.org\/archivos\/0800000037\/COVID-19%20DOCUMENTACI%C3%93N%20SIE\/Guia%20BBPP%20EMPRESAS%20BIERZO%20publicar-1.pdf\">aqu\u00ed<\/a>.<\/div>\n","protected":false},"excerpt":{"rendered":"<p>O Servizo de Iniciativas Emprendedoras recompila as boas pr\u00e1cticas establecidas polas empresas asesoradas durante o per\u00edodo de confinamento para que outras empresas poidan aplicalas.<\/p>\n","protected":false},"author":3,"featured_media":128263,"comment_status":"closed","ping_status":"open","sticky":false,"template":"","format":"standard","meta":{"_et_pb_use_builder":"","_et_pb_old_content":"","_et_gb_content_width":"","footnotes":""},"categories":[443],"tags":[468],"class_list":["post-128265","post","type-post","status-publish","format-standard","has-post-thumbnail","hentry","category-emprego","tag-servicio-de-iniciativas-emprendedoras-gl"],"yoast_head":"<!-- This site is optimized with the Yoast SEO plugin v27.3 - https:\/\/yoast.com\/product\/yoast-seo-wordpress\/ -->\n<title>Buenas pr\u00e1cticas empresariales - Comarca de El Bierzo<\/title>\n<meta name=\"description\" content=\"El Servicio de Iniciativas Emprendedoras recopila las buenas pr\u00e1cticas establecidas por las empresas asesoradas durante el per\u00edodo de confinamiento.\" \/>\n<meta name=\"robots\" content=\"index, follow, max-snippet:-1, max-image-preview:large, max-video-preview:-1\" \/>\n<link rel=\"canonical\" href=\"https:\/\/ccbierzo.com\/gl\/boas-practicas\/\" \/>\n<meta property=\"og:locale\" content=\"gl_ES\" \/>\n<meta property=\"og:type\" content=\"article\" \/>\n<meta property=\"og:title\" content=\"Buenas pr\u00e1cticas empresariales - Comarca de El Bierzo\" \/>\n<meta property=\"og:description\" content=\"El Servicio de Iniciativas Emprendedoras recopila las buenas pr\u00e1cticas establecidas por las empresas asesoradas durante el per\u00edodo de confinamiento.\" \/>\n<meta property=\"og:url\" content=\"https:\/\/ccbierzo.com\/gl\/boas-practicas\/\" \/>\n<meta property=\"og:site_name\" content=\"Consejo Comarcal del Bierzo\" \/>\n<meta property=\"article:published_time\" content=\"2020-05-05T10:11:12+00:00\" \/>\n<meta property=\"og:image\" content=\"https:\/\/ccbierzo.com\/wp-content\/uploads\/2020\/05\/comercio.jpg\" \/>\n<meta name=\"author\" content=\"Marta Vidal\" \/>\n<meta name=\"twitter:card\" content=\"summary_large_image\" \/>\n<meta name=\"twitter:title\" content=\"Buenas pr\u00e1cticas empresariales - Comarca de El Bierzo\" \/>\n<meta name=\"twitter:description\" content=\"El Servicio de Iniciativas Emprendedoras recopila las buenas pr\u00e1cticas establecidas por las empresas asesoradas durante el per\u00edodo de confinamiento.\" \/>\n<meta name=\"twitter:image\" content=\"https:\/\/ccbierzo.com\/wp-content\/uploads\/2020\/05\/comercio.jpg\" \/>\n<meta name=\"twitter:label1\" content=\"Escrito por\" \/>\n\t<meta name=\"twitter:data1\" content=\"Marta Vidal\" \/>\n\t<meta name=\"twitter:label2\" content=\"Tempo de lectura\" \/>\n\t<meta name=\"twitter:data2\" content=\"1 minuto\" \/>\n<script type=\"application\/ld+json\" class=\"yoast-schema-graph\">{\"@context\":\"https:\\\/\\\/schema.org\",\"@graph\":[{\"@type\":\"Article\",\"@id\":\"https:\\\/\\\/ccbierzo.com\\\/gl\\\/boas-practicas\\\/#article\",\"isPartOf\":{\"@id\":\"https:\\\/\\\/ccbierzo.com\\\/gl\\\/boas-practicas\\\/\"},\"author\":{\"name\":\"Marta Vidal\",\"@id\":\"https:\\\/\\\/ccbierzo.com\\\/gl\\\/#\\\/schema\\\/person\\\/4e9a8395b397b1d4b8695a5274072278\"},\"headline\":\"Boas pr\u00e1cticas\",\"datePublished\":\"2020-05-05T10:11:12+00:00\",\"mainEntityOfPage\":{\"@id\":\"https:\\\/\\\/ccbierzo.com\\\/gl\\\/boas-practicas\\\/\"},\"wordCount\":189,\"image\":{\"@id\":\"https:\\\/\\\/ccbierzo.com\\\/gl\\\/boas-practicas\\\/#primaryimage\"},\"thumbnailUrl\":\"https:\\\/\\\/ccbierzo.com\\\/wp-content\\\/uploads\\\/2020\\\/05\\\/comercio.jpg\",\"keywords\":[\"Servicio de Iniciativas Emprendedoras\"],\"articleSection\":[\"Emprego\"],\"inLanguage\":\"gl-ES\"},{\"@type\":\"WebPage\",\"@id\":\"https:\\\/\\\/ccbierzo.com\\\/gl\\\/boas-practicas\\\/\",\"url\":\"https:\\\/\\\/ccbierzo.com\\\/gl\\\/boas-practicas\\\/\",\"name\":\"Buenas pr\u00e1cticas empresariales - Comarca de El Bierzo\",\"isPartOf\":{\"@id\":\"https:\\\/\\\/ccbierzo.com\\\/gl\\\/#website\"},\"primaryImageOfPage\":{\"@id\":\"https:\\\/\\\/ccbierzo.com\\\/gl\\\/boas-practicas\\\/#primaryimage\"},\"image\":{\"@id\":\"https:\\\/\\\/ccbierzo.com\\\/gl\\\/boas-practicas\\\/#primaryimage\"},\"thumbnailUrl\":\"https:\\\/\\\/ccbierzo.com\\\/wp-content\\\/uploads\\\/2020\\\/05\\\/comercio.jpg\",\"datePublished\":\"2020-05-05T10:11:12+00:00\",\"author\":{\"@id\":\"https:\\\/\\\/ccbierzo.com\\\/gl\\\/#\\\/schema\\\/person\\\/4e9a8395b397b1d4b8695a5274072278\"},\"description\":\"El Servicio de Iniciativas Emprendedoras recopila las buenas pr\u00e1cticas establecidas por las empresas asesoradas durante el per\u00edodo de confinamiento.\",\"breadcrumb\":{\"@id\":\"https:\\\/\\\/ccbierzo.com\\\/gl\\\/boas-practicas\\\/#breadcrumb\"},\"inLanguage\":\"gl-ES\",\"potentialAction\":[{\"@type\":\"ReadAction\",\"target\":[\"https:\\\/\\\/ccbierzo.com\\\/gl\\\/boas-practicas\\\/\"]}]},{\"@type\":\"ImageObject\",\"inLanguage\":\"gl-ES\",\"@id\":\"https:\\\/\\\/ccbierzo.com\\\/gl\\\/boas-practicas\\\/#primaryimage\",\"url\":\"https:\\\/\\\/ccbierzo.com\\\/wp-content\\\/uploads\\\/2020\\\/05\\\/comercio.jpg\",\"contentUrl\":\"https:\\\/\\\/ccbierzo.com\\\/wp-content\\\/uploads\\\/2020\\\/05\\\/comercio.jpg\",\"width\":1500,\"height\":1000,\"caption\":\"Comercio\"},{\"@type\":\"BreadcrumbList\",\"@id\":\"https:\\\/\\\/ccbierzo.com\\\/gl\\\/boas-practicas\\\/#breadcrumb\",\"itemListElement\":[{\"@type\":\"ListItem\",\"position\":1,\"name\":\"Portada\",\"item\":\"https:\\\/\\\/ccbierzo.com\\\/gl\\\/\"},{\"@type\":\"ListItem\",\"position\":2,\"name\":\"Boas pr\u00e1cticas\"}]},{\"@type\":\"WebSite\",\"@id\":\"https:\\\/\\\/ccbierzo.com\\\/gl\\\/#website\",\"url\":\"https:\\\/\\\/ccbierzo.com\\\/gl\\\/\",\"name\":\"Consejo Comarcal del Bierzo\",\"description\":\"P\u00e1gina Oficial del Consejo Comarcal del Bierzo\",\"potentialAction\":[{\"@type\":\"SearchAction\",\"target\":{\"@type\":\"EntryPoint\",\"urlTemplate\":\"https:\\\/\\\/ccbierzo.com\\\/gl\\\/?s={search_term_string}\"},\"query-input\":{\"@type\":\"PropertyValueSpecification\",\"valueRequired\":true,\"valueName\":\"search_term_string\"}}],\"inLanguage\":\"gl-ES\"},{\"@type\":\"Person\",\"@id\":\"https:\\\/\\\/ccbierzo.com\\\/gl\\\/#\\\/schema\\\/person\\\/4e9a8395b397b1d4b8695a5274072278\",\"name\":\"Marta Vidal\"}]}<\/script>\n<!-- \/ Yoast SEO plugin. -->","yoast_head_json":{"title":"Buenas pr\u00e1cticas empresariales - Comarca de El Bierzo","description":"El Servicio de Iniciativas Emprendedoras recopila las buenas pr\u00e1cticas establecidas por las empresas asesoradas durante el per\u00edodo de confinamiento.","robots":{"index":"index","follow":"follow","max-snippet":"max-snippet:-1","max-image-preview":"max-image-preview:large","max-video-preview":"max-video-preview:-1"},"canonical":"https:\/\/ccbierzo.com\/gl\/boas-practicas\/","og_locale":"gl_ES","og_type":"article","og_title":"Buenas pr\u00e1cticas empresariales - Comarca de El Bierzo","og_description":"El Servicio de Iniciativas Emprendedoras recopila las buenas pr\u00e1cticas establecidas por las empresas asesoradas durante el per\u00edodo de confinamiento.","og_url":"https:\/\/ccbierzo.com\/gl\/boas-practicas\/","og_site_name":"Consejo Comarcal del Bierzo","article_published_time":"2020-05-05T10:11:12+00:00","og_image":[{"url":"https:\/\/ccbierzo.com\/wp-content\/uploads\/2020\/05\/comercio.jpg","type":"","width":"","height":""}],"author":"Marta Vidal","twitter_card":"summary_large_image","twitter_title":"Buenas pr\u00e1cticas empresariales - Comarca de El Bierzo","twitter_description":"El Servicio de Iniciativas Emprendedoras recopila las buenas pr\u00e1cticas establecidas por las empresas asesoradas durante el per\u00edodo de confinamiento.","twitter_image":"https:\/\/ccbierzo.com\/wp-content\/uploads\/2020\/05\/comercio.jpg","twitter_misc":{"Escrito por":"Marta Vidal","Tempo de lectura":"1 minuto"},"schema":{"@context":"https:\/\/schema.org","@graph":[{"@type":"Article","@id":"https:\/\/ccbierzo.com\/gl\/boas-practicas\/#article","isPartOf":{"@id":"https:\/\/ccbierzo.com\/gl\/boas-practicas\/"},"author":{"name":"Marta Vidal","@id":"https:\/\/ccbierzo.com\/gl\/#\/schema\/person\/4e9a8395b397b1d4b8695a5274072278"},"headline":"Boas pr\u00e1cticas","datePublished":"2020-05-05T10:11:12+00:00","mainEntityOfPage":{"@id":"https:\/\/ccbierzo.com\/gl\/boas-practicas\/"},"wordCount":189,"image":{"@id":"https:\/\/ccbierzo.com\/gl\/boas-practicas\/#primaryimage"},"thumbnailUrl":"https:\/\/ccbierzo.com\/wp-content\/uploads\/2020\/05\/comercio.jpg","keywords":["Servicio de Iniciativas Emprendedoras"],"articleSection":["Emprego"],"inLanguage":"gl-ES"},{"@type":"WebPage","@id":"https:\/\/ccbierzo.com\/gl\/boas-practicas\/","url":"https:\/\/ccbierzo.com\/gl\/boas-practicas\/","name":"Buenas pr\u00e1cticas empresariales - Comarca de El Bierzo","isPartOf":{"@id":"https:\/\/ccbierzo.com\/gl\/#website"},"primaryImageOfPage":{"@id":"https:\/\/ccbierzo.com\/gl\/boas-practicas\/#primaryimage"},"image":{"@id":"https:\/\/ccbierzo.com\/gl\/boas-practicas\/#primaryimage"},"thumbnailUrl":"https:\/\/ccbierzo.com\/wp-content\/uploads\/2020\/05\/comercio.jpg","datePublished":"2020-05-05T10:11:12+00:00","author":{"@id":"https:\/\/ccbierzo.com\/gl\/#\/schema\/person\/4e9a8395b397b1d4b8695a5274072278"},"description":"El Servicio de Iniciativas Emprendedoras recopila las buenas pr\u00e1cticas establecidas por las empresas asesoradas durante el per\u00edodo de confinamiento.","breadcrumb":{"@id":"https:\/\/ccbierzo.com\/gl\/boas-practicas\/#breadcrumb"},"inLanguage":"gl-ES","potentialAction":[{"@type":"ReadAction","target":["https:\/\/ccbierzo.com\/gl\/boas-practicas\/"]}]},{"@type":"ImageObject","inLanguage":"gl-ES","@id":"https:\/\/ccbierzo.com\/gl\/boas-practicas\/#primaryimage","url":"https:\/\/ccbierzo.com\/wp-content\/uploads\/2020\/05\/comercio.jpg","contentUrl":"https:\/\/ccbierzo.com\/wp-content\/uploads\/2020\/05\/comercio.jpg","width":1500,"height":1000,"caption":"Comercio"},{"@type":"BreadcrumbList","@id":"https:\/\/ccbierzo.com\/gl\/boas-practicas\/#breadcrumb","itemListElement":[{"@type":"ListItem","position":1,"name":"Portada","item":"https:\/\/ccbierzo.com\/gl\/"},{"@type":"ListItem","position":2,"name":"Boas pr\u00e1cticas"}]},{"@type":"WebSite","@id":"https:\/\/ccbierzo.com\/gl\/#website","url":"https:\/\/ccbierzo.com\/gl\/","name":"Consejo Comarcal del Bierzo","description":"P\u00e1gina Oficial del Consejo Comarcal del Bierzo","potentialAction":[{"@type":"SearchAction","target":{"@type":"EntryPoint","urlTemplate":"https:\/\/ccbierzo.com\/gl\/?s={search_term_string}"},"query-input":{"@type":"PropertyValueSpecification","valueRequired":true,"valueName":"search_term_string"}}],"inLanguage":"gl-ES"},{"@type":"Person","@id":"https:\/\/ccbierzo.com\/gl\/#\/schema\/person\/4e9a8395b397b1d4b8695a5274072278","name":"Marta Vidal"}]}},"_links":{"self":[{"href":"https:\/\/ccbierzo.com\/gl\/wp-json\/wp\/v2\/posts\/128265","targetHints":{"allow":["GET"]}}],"collection":[{"href":"https:\/\/ccbierzo.com\/gl\/wp-json\/wp\/v2\/posts"}],"about":[{"href":"https:\/\/ccbierzo.com\/gl\/wp-json\/wp\/v2\/types\/post"}],"author":[{"embeddable":true,"href":"https:\/\/ccbierzo.com\/gl\/wp-json\/wp\/v2\/users\/3"}],"replies":[{"embeddable":true,"href":"https:\/\/ccbierzo.com\/gl\/wp-json\/wp\/v2\/comments?post=128265"}],"version-history":[{"count":0,"href":"https:\/\/ccbierzo.com\/gl\/wp-json\/wp\/v2\/posts\/128265\/revisions"}],"wp:featuredmedia":[{"embeddable":true,"href":"https:\/\/ccbierzo.com\/gl\/wp-json\/wp\/v2\/media\/128263"}],"wp:attachment":[{"href":"https:\/\/ccbierzo.com\/gl\/wp-json\/wp\/v2\/media?parent=128265"}],"wp:term":[{"taxonomy":"category","embeddable":true,"href":"https:\/\/ccbierzo.com\/gl\/wp-json\/wp\/v2\/categories?post=128265"},{"taxonomy":"post_tag","embeddable":true,"href":"https:\/\/ccbierzo.com\/gl\/wp-json\/wp\/v2\/tags?post=128265"}],"curies":[{"name":"wp","href":"https:\/\/api.w.org\/{rel}","templated":true}]}}