{"id":128260,"date":"2020-05-03T13:23:39","date_gmt":"2020-05-03T11:23:39","guid":{"rendered":"https:\/\/ccbierzo.com\/violencia-de-xenero\/"},"modified":"2020-05-03T13:23:39","modified_gmt":"2020-05-03T11:23:39","slug":"violencia-de-xenero","status":"publish","type":"post","link":"https:\/\/ccbierzo.com\/gl\/violencia-de-xenero\/","title":{"rendered":"Violencia de x\u00e9nero"},"content":{"rendered":"<p>A listaxe de recursos aos que poden acudir as v\u00edtimas de violencia de x\u00e9nero at\u00f3pase dispo\u00f1ible na \u00e1rea de Igualdade de Tusitio. org, o portal web desenvolto polo Consello Comarcal para ofrecer informaci\u00f3n e servizos de emprego, empresas, formaci\u00f3n, mocidade e igualdade.<\/p>\n<p>A secci\u00f3n conta con informaci\u00f3n e unha recompilaci\u00f3n de todos os servizos existentes tanto na s\u00faa contorna m\u00e1is pr\u00f3xima como aqueles que po\u00f1en \u00e1 s\u00faa disposici\u00f3n as administraci\u00f3ns provincial, auton\u00f3mica e estatal.<\/p>\n<p>Entre os recursos dispo\u00f1ibles, at\u00f3pase un acceso \u00e1 Gu\u00eda de actuaci\u00f3n para mulleres que estean a sufrir violencia de x\u00e9nero en situaci\u00f3n de permanecia domiciliada derivada do estado de alarma por COVID-19, elaborada polo Ministerio de Igualdade. Tam\u00e9n hai informaci\u00f3n m\u00e1is espec\u00edfica dirixida ao colectivo de mulleres xordas ou con outras discapacidades.<\/p>\n<p>O obxectivo \u00e9 que as mulleres que sofren violencia de x\u00e9nero poidan acceder de forma r\u00e1pida e sinxela a todos os recursos existentes para aliviar a s\u00faa situaci\u00f3n.<\/p>\n<p>A ligaz\u00f3n para acceder ao contido <a href=\"https:\/\/www.tusitio.org\/contenido\/violencia-machista-en-situacion-de-confinamiento-covid-19?fbclid=IwAR25mA-2eHEi15--ZNPE6Sz6_Yfi5xR4PgQpgRoedLQwIfWgI0VwhlqqEWo\">aqu\u00ed<\/a>.<\/p>\n","protected":false},"excerpt":{"rendered":"<p>A \u00e1rea de Igualdade crea un directorio con todos os recursos existentes para v\u00edtimas de violencia de x\u00e9nero. O obxectivo \u00e9 axilizar o acceso das mulleres \u00e1 informaci\u00f3n e servizos.<\/p>\n","protected":false},"author":3,"featured_media":128215,"comment_status":"closed","ping_status":"open","sticky":false,"template":"","format":"standard","meta":{"_et_pb_use_builder":"","_et_pb_old_content":"","_et_gb_content_width":"","footnotes":""},"categories":[465],"tags":[466,467],"class_list":["post-128260","post","type-post","status-publish","format-standard","has-post-thumbnail","hentry","category-igualdad-gl","tag-igualdad-gl","tag-violencia-de-genero-gl"],"yoast_head":"<!-- This site is optimized with the Yoast SEO plugin v27.3 - https:\/\/yoast.com\/product\/yoast-seo-wordpress\/ -->\n<title>Recursos contra la Violencia de G\u00e9nero - El Bierzo<\/title>\n<meta name=\"description\" content=\"El \u00e1rea de Igualdad crea un directorio con todos los recursos existentes para v\u00edctimas de violencia de g\u00e9nero.\" \/>\n<meta name=\"robots\" content=\"index, follow, max-snippet:-1, max-image-preview:large, max-video-preview:-1\" \/>\n<link rel=\"canonical\" href=\"https:\/\/ccbierzo.com\/gl\/violencia-de-xenero\/\" \/>\n<meta property=\"og:locale\" content=\"gl_ES\" \/>\n<meta property=\"og:type\" content=\"article\" \/>\n<meta property=\"og:title\" content=\"Recursos conta la violencia de g\u00e9nero - El Bierzo\" \/>\n<meta property=\"og:description\" content=\"El \u00e1rea de Igualdad crea un directorio con todos los recursos existentes para v\u00edctimas de violencia de g\u00e9nero.\" \/>\n<meta property=\"og:url\" content=\"https:\/\/ccbierzo.com\/gl\/violencia-de-xenero\/\" \/>\n<meta property=\"og:site_name\" content=\"Consejo Comarcal del Bierzo\" \/>\n<meta property=\"article:published_time\" content=\"2020-05-03T11:23:39+00:00\" \/>\n<meta property=\"og:image\" content=\"https:\/\/ccbierzo.com\/wp-content\/uploads\/2020\/03\/consejo-comarcal-bierzo-1.jpg\" \/>\n<meta name=\"author\" content=\"Marta Vidal\" \/>\n<meta name=\"twitter:card\" content=\"summary_large_image\" \/>\n<meta name=\"twitter:title\" content=\"Recursos contra la violencia de g\u00e9nero - El Bierzo\" \/>\n<meta name=\"twitter:description\" content=\"El \u00e1rea de Igualdad crea un directorio con todos los recursos existentes para v\u00edctimas de violencia de g\u00e9nero.\" \/>\n<meta name=\"twitter:label1\" content=\"Escrito por\" \/>\n\t<meta name=\"twitter:data1\" content=\"Marta Vidal\" \/>\n\t<meta name=\"twitter:label2\" content=\"Tempo de lectura\" \/>\n\t<meta name=\"twitter:data2\" content=\"1 minuto\" \/>\n<script type=\"application\/ld+json\" class=\"yoast-schema-graph\">{\"@context\":\"https:\\\/\\\/schema.org\",\"@graph\":[{\"@type\":\"Article\",\"@id\":\"https:\\\/\\\/ccbierzo.com\\\/gl\\\/violencia-de-xenero\\\/#article\",\"isPartOf\":{\"@id\":\"https:\\\/\\\/ccbierzo.com\\\/gl\\\/violencia-de-xenero\\\/\"},\"author\":{\"name\":\"Marta Vidal\",\"@id\":\"https:\\\/\\\/ccbierzo.com\\\/gl\\\/#\\\/schema\\\/person\\\/4e9a8395b397b1d4b8695a5274072278\"},\"headline\":\"Violencia de x\u00e9nero\",\"datePublished\":\"2020-05-03T11:23:39+00:00\",\"mainEntityOfPage\":{\"@id\":\"https:\\\/\\\/ccbierzo.com\\\/gl\\\/violencia-de-xenero\\\/\"},\"wordCount\":194,\"image\":{\"@id\":\"https:\\\/\\\/ccbierzo.com\\\/gl\\\/violencia-de-xenero\\\/#primaryimage\"},\"thumbnailUrl\":\"https:\\\/\\\/ccbierzo.com\\\/wp-content\\\/uploads\\\/2020\\\/03\\\/consejo-comarcal-bierzo-1.jpg\",\"keywords\":[\"Igualdad\",\"Violencia de G\u00e9nero\"],\"articleSection\":[\"Igualdad\"],\"inLanguage\":\"gl-ES\"},{\"@type\":\"WebPage\",\"@id\":\"https:\\\/\\\/ccbierzo.com\\\/gl\\\/violencia-de-xenero\\\/\",\"url\":\"https:\\\/\\\/ccbierzo.com\\\/gl\\\/violencia-de-xenero\\\/\",\"name\":\"Recursos contra la Violencia de G\u00e9nero - El Bierzo\",\"isPartOf\":{\"@id\":\"https:\\\/\\\/ccbierzo.com\\\/gl\\\/#website\"},\"primaryImageOfPage\":{\"@id\":\"https:\\\/\\\/ccbierzo.com\\\/gl\\\/violencia-de-xenero\\\/#primaryimage\"},\"image\":{\"@id\":\"https:\\\/\\\/ccbierzo.com\\\/gl\\\/violencia-de-xenero\\\/#primaryimage\"},\"thumbnailUrl\":\"https:\\\/\\\/ccbierzo.com\\\/wp-content\\\/uploads\\\/2020\\\/03\\\/consejo-comarcal-bierzo-1.jpg\",\"datePublished\":\"2020-05-03T11:23:39+00:00\",\"author\":{\"@id\":\"https:\\\/\\\/ccbierzo.com\\\/gl\\\/#\\\/schema\\\/person\\\/4e9a8395b397b1d4b8695a5274072278\"},\"description\":\"El \u00e1rea de Igualdad crea un directorio con todos los recursos existentes para v\u00edctimas de violencia de g\u00e9nero.\",\"breadcrumb\":{\"@id\":\"https:\\\/\\\/ccbierzo.com\\\/gl\\\/violencia-de-xenero\\\/#breadcrumb\"},\"inLanguage\":\"gl-ES\",\"potentialAction\":[{\"@type\":\"ReadAction\",\"target\":[\"https:\\\/\\\/ccbierzo.com\\\/gl\\\/violencia-de-xenero\\\/\"]}]},{\"@type\":\"ImageObject\",\"inLanguage\":\"gl-ES\",\"@id\":\"https:\\\/\\\/ccbierzo.com\\\/gl\\\/violencia-de-xenero\\\/#primaryimage\",\"url\":\"https:\\\/\\\/ccbierzo.com\\\/wp-content\\\/uploads\\\/2020\\\/03\\\/consejo-comarcal-bierzo-1.jpg\",\"contentUrl\":\"https:\\\/\\\/ccbierzo.com\\\/wp-content\\\/uploads\\\/2020\\\/03\\\/consejo-comarcal-bierzo-1.jpg\",\"width\":1500,\"height\":1000,\"caption\":\"Sede del Consejo Comarcal\"},{\"@type\":\"BreadcrumbList\",\"@id\":\"https:\\\/\\\/ccbierzo.com\\\/gl\\\/violencia-de-xenero\\\/#breadcrumb\",\"itemListElement\":[{\"@type\":\"ListItem\",\"position\":1,\"name\":\"Portada\",\"item\":\"https:\\\/\\\/ccbierzo.com\\\/gl\\\/\"},{\"@type\":\"ListItem\",\"position\":2,\"name\":\"Violencia de x\u00e9nero\"}]},{\"@type\":\"WebSite\",\"@id\":\"https:\\\/\\\/ccbierzo.com\\\/gl\\\/#website\",\"url\":\"https:\\\/\\\/ccbierzo.com\\\/gl\\\/\",\"name\":\"Consejo Comarcal del Bierzo\",\"description\":\"P\u00e1gina Oficial del Consejo Comarcal del Bierzo\",\"potentialAction\":[{\"@type\":\"SearchAction\",\"target\":{\"@type\":\"EntryPoint\",\"urlTemplate\":\"https:\\\/\\\/ccbierzo.com\\\/gl\\\/?s={search_term_string}\"},\"query-input\":{\"@type\":\"PropertyValueSpecification\",\"valueRequired\":true,\"valueName\":\"search_term_string\"}}],\"inLanguage\":\"gl-ES\"},{\"@type\":\"Person\",\"@id\":\"https:\\\/\\\/ccbierzo.com\\\/gl\\\/#\\\/schema\\\/person\\\/4e9a8395b397b1d4b8695a5274072278\",\"name\":\"Marta Vidal\"}]}<\/script>\n<!-- \/ Yoast SEO plugin. -->","yoast_head_json":{"title":"Recursos contra la Violencia de G\u00e9nero - El Bierzo","description":"El \u00e1rea de Igualdad crea un directorio con todos los recursos existentes para v\u00edctimas de violencia de g\u00e9nero.","robots":{"index":"index","follow":"follow","max-snippet":"max-snippet:-1","max-image-preview":"max-image-preview:large","max-video-preview":"max-video-preview:-1"},"canonical":"https:\/\/ccbierzo.com\/gl\/violencia-de-xenero\/","og_locale":"gl_ES","og_type":"article","og_title":"Recursos conta la violencia de g\u00e9nero - El Bierzo","og_description":"El \u00e1rea de Igualdad crea un directorio con todos los recursos existentes para v\u00edctimas de violencia de g\u00e9nero.","og_url":"https:\/\/ccbierzo.com\/gl\/violencia-de-xenero\/","og_site_name":"Consejo Comarcal del Bierzo","article_published_time":"2020-05-03T11:23:39+00:00","og_image":[{"url":"https:\/\/ccbierzo.com\/wp-content\/uploads\/2020\/03\/consejo-comarcal-bierzo-1.jpg","type":"","width":"","height":""}],"author":"Marta Vidal","twitter_card":"summary_large_image","twitter_title":"Recursos contra la violencia de g\u00e9nero - El Bierzo","twitter_description":"El \u00e1rea de Igualdad crea un directorio con todos los recursos existentes para v\u00edctimas de violencia de g\u00e9nero.","twitter_misc":{"Escrito por":"Marta Vidal","Tempo de lectura":"1 minuto"},"schema":{"@context":"https:\/\/schema.org","@graph":[{"@type":"Article","@id":"https:\/\/ccbierzo.com\/gl\/violencia-de-xenero\/#article","isPartOf":{"@id":"https:\/\/ccbierzo.com\/gl\/violencia-de-xenero\/"},"author":{"name":"Marta Vidal","@id":"https:\/\/ccbierzo.com\/gl\/#\/schema\/person\/4e9a8395b397b1d4b8695a5274072278"},"headline":"Violencia de x\u00e9nero","datePublished":"2020-05-03T11:23:39+00:00","mainEntityOfPage":{"@id":"https:\/\/ccbierzo.com\/gl\/violencia-de-xenero\/"},"wordCount":194,"image":{"@id":"https:\/\/ccbierzo.com\/gl\/violencia-de-xenero\/#primaryimage"},"thumbnailUrl":"https:\/\/ccbierzo.com\/wp-content\/uploads\/2020\/03\/consejo-comarcal-bierzo-1.jpg","keywords":["Igualdad","Violencia de G\u00e9nero"],"articleSection":["Igualdad"],"inLanguage":"gl-ES"},{"@type":"WebPage","@id":"https:\/\/ccbierzo.com\/gl\/violencia-de-xenero\/","url":"https:\/\/ccbierzo.com\/gl\/violencia-de-xenero\/","name":"Recursos contra la Violencia de G\u00e9nero - El Bierzo","isPartOf":{"@id":"https:\/\/ccbierzo.com\/gl\/#website"},"primaryImageOfPage":{"@id":"https:\/\/ccbierzo.com\/gl\/violencia-de-xenero\/#primaryimage"},"image":{"@id":"https:\/\/ccbierzo.com\/gl\/violencia-de-xenero\/#primaryimage"},"thumbnailUrl":"https:\/\/ccbierzo.com\/wp-content\/uploads\/2020\/03\/consejo-comarcal-bierzo-1.jpg","datePublished":"2020-05-03T11:23:39+00:00","author":{"@id":"https:\/\/ccbierzo.com\/gl\/#\/schema\/person\/4e9a8395b397b1d4b8695a5274072278"},"description":"El \u00e1rea de Igualdad crea un directorio con todos los recursos existentes para v\u00edctimas de violencia de g\u00e9nero.","breadcrumb":{"@id":"https:\/\/ccbierzo.com\/gl\/violencia-de-xenero\/#breadcrumb"},"inLanguage":"gl-ES","potentialAction":[{"@type":"ReadAction","target":["https:\/\/ccbierzo.com\/gl\/violencia-de-xenero\/"]}]},{"@type":"ImageObject","inLanguage":"gl-ES","@id":"https:\/\/ccbierzo.com\/gl\/violencia-de-xenero\/#primaryimage","url":"https:\/\/ccbierzo.com\/wp-content\/uploads\/2020\/03\/consejo-comarcal-bierzo-1.jpg","contentUrl":"https:\/\/ccbierzo.com\/wp-content\/uploads\/2020\/03\/consejo-comarcal-bierzo-1.jpg","width":1500,"height":1000,"caption":"Sede del Consejo Comarcal"},{"@type":"BreadcrumbList","@id":"https:\/\/ccbierzo.com\/gl\/violencia-de-xenero\/#breadcrumb","itemListElement":[{"@type":"ListItem","position":1,"name":"Portada","item":"https:\/\/ccbierzo.com\/gl\/"},{"@type":"ListItem","position":2,"name":"Violencia de x\u00e9nero"}]},{"@type":"WebSite","@id":"https:\/\/ccbierzo.com\/gl\/#website","url":"https:\/\/ccbierzo.com\/gl\/","name":"Consejo Comarcal del Bierzo","description":"P\u00e1gina Oficial del Consejo Comarcal del Bierzo","potentialAction":[{"@type":"SearchAction","target":{"@type":"EntryPoint","urlTemplate":"https:\/\/ccbierzo.com\/gl\/?s={search_term_string}"},"query-input":{"@type":"PropertyValueSpecification","valueRequired":true,"valueName":"search_term_string"}}],"inLanguage":"gl-ES"},{"@type":"Person","@id":"https:\/\/ccbierzo.com\/gl\/#\/schema\/person\/4e9a8395b397b1d4b8695a5274072278","name":"Marta Vidal"}]}},"_links":{"self":[{"href":"https:\/\/ccbierzo.com\/gl\/wp-json\/wp\/v2\/posts\/128260","targetHints":{"allow":["GET"]}}],"collection":[{"href":"https:\/\/ccbierzo.com\/gl\/wp-json\/wp\/v2\/posts"}],"about":[{"href":"https:\/\/ccbierzo.com\/gl\/wp-json\/wp\/v2\/types\/post"}],"author":[{"embeddable":true,"href":"https:\/\/ccbierzo.com\/gl\/wp-json\/wp\/v2\/users\/3"}],"replies":[{"embeddable":true,"href":"https:\/\/ccbierzo.com\/gl\/wp-json\/wp\/v2\/comments?post=128260"}],"version-history":[{"count":0,"href":"https:\/\/ccbierzo.com\/gl\/wp-json\/wp\/v2\/posts\/128260\/revisions"}],"wp:featuredmedia":[{"embeddable":true,"href":"https:\/\/ccbierzo.com\/gl\/wp-json\/wp\/v2\/media\/128215"}],"wp:attachment":[{"href":"https:\/\/ccbierzo.com\/gl\/wp-json\/wp\/v2\/media?parent=128260"}],"wp:term":[{"taxonomy":"category","embeddable":true,"href":"https:\/\/ccbierzo.com\/gl\/wp-json\/wp\/v2\/categories?post=128260"},{"taxonomy":"post_tag","embeddable":true,"href":"https:\/\/ccbierzo.com\/gl\/wp-json\/wp\/v2\/tags?post=128260"}],"curies":[{"name":"wp","href":"https:\/\/api.w.org\/{rel}","templated":true}]}}