{"id":128259,"date":"2020-05-03T13:05:00","date_gmt":"2020-05-03T11:05:00","guid":{"rendered":"https:\/\/ccbierzo.com\/hortos-familiares\/"},"modified":"2020-05-03T13:07:32","modified_gmt":"2020-05-03T11:07:32","slug":"hortos-familiares","status":"publish","type":"post","link":"https:\/\/ccbierzo.com\/gl\/hortos-familiares\/","title":{"rendered":"Hortos familiares"},"content":{"rendered":"<p>A desescalada comezar\u00e1 o s\u00e1bado 2 de maio. Desde ese d\u00eda, o Goberno permitir\u00e1 o desprazamento aos hortos familiares dedicados ao autoconsumo. \u00c9 unha das medidas anunciadas este martes polo presidente Pedro S\u00e1nchez.<\/p>\n<p>Os hortos ter\u00e1n que estar no mesmo termo municipal do domicilio ou nun lim\u00edtrofe, adapt\u00e1ndose as precauci\u00f3ns de seguridade e distanciamento social.<\/p>\n","protected":false},"excerpt":{"rendered":"<p>O Goberno permite o desprazamento aos hortos familiares a partir do s\u00e1bado 2 de maio. Ter\u00e1n que estar no mesmo termo municipal ou nun lim\u00edtrofe.<\/p>\n","protected":false},"author":3,"featured_media":128254,"comment_status":"closed","ping_status":"open","sticky":false,"template":"","format":"standard","meta":{"_et_pb_use_builder":"","_et_pb_old_content":"","_et_gb_content_width":"","footnotes":""},"categories":[463],"tags":[464],"class_list":["post-128259","post","type-post","status-publish","format-standard","has-post-thumbnail","hentry","category-banco-de-tierras-gl","tag-banco-de-tierras-gl"],"yoast_head":"<!-- This site is optimized with the Yoast SEO plugin v27.3 - https:\/\/yoast.com\/product\/yoast-seo-wordpress\/ -->\n<title>Huertos familiares para el autoconsumo - El Bierzo<\/title>\n<meta name=\"description\" content=\"El Gobierno permite el desplazamiento a los huertos familiares a partir del 2 de mayo. Tendr\u00e1n que estar en el mismo t\u00e9rmino municipal o en uno lim\u00edtrofe.\" \/>\n<meta name=\"robots\" content=\"index, follow, max-snippet:-1, max-image-preview:large, max-video-preview:-1\" \/>\n<link rel=\"canonical\" href=\"https:\/\/ccbierzo.com\/gl\/hortos-familiares\/\" \/>\n<meta property=\"og:locale\" content=\"gl_ES\" \/>\n<meta property=\"og:type\" content=\"article\" \/>\n<meta property=\"og:title\" content=\"Huertos familiares para el autoconsumo - El Bierzo\" \/>\n<meta property=\"og:description\" content=\"El Gobierno permite el desplazamiento a los huertos familiares a partir del 2 de mayo. Tendr\u00e1n que estar en el mismo t\u00e9rmino municipal o en uno lim\u00edtrofe.\" \/>\n<meta property=\"og:url\" content=\"https:\/\/ccbierzo.com\/gl\/hortos-familiares\/\" \/>\n<meta property=\"og:site_name\" content=\"Consejo Comarcal del Bierzo\" \/>\n<meta property=\"article:published_time\" content=\"2020-05-03T11:05:00+00:00\" \/>\n<meta property=\"article:modified_time\" content=\"2020-05-03T11:07:32+00:00\" \/>\n<meta property=\"og:image\" content=\"https:\/\/ccbierzo.com\/wp-content\/uploads\/2020\/04\/huerto.jpg\" \/>\n\t<meta property=\"og:image:width\" content=\"1500\" \/>\n\t<meta property=\"og:image:height\" content=\"1000\" \/>\n\t<meta property=\"og:image:type\" content=\"image\/jpeg\" \/>\n<meta name=\"author\" content=\"Marta Vidal\" \/>\n<meta name=\"twitter:card\" content=\"summary_large_image\" \/>\n<meta name=\"twitter:label1\" content=\"Escrito por\" \/>\n\t<meta name=\"twitter:data1\" content=\"Marta Vidal\" \/>\n<script type=\"application\/ld+json\" class=\"yoast-schema-graph\">{\"@context\":\"https:\\\/\\\/schema.org\",\"@graph\":[{\"@type\":\"Article\",\"@id\":\"https:\\\/\\\/ccbierzo.com\\\/gl\\\/hortos-familiares\\\/#article\",\"isPartOf\":{\"@id\":\"https:\\\/\\\/ccbierzo.com\\\/gl\\\/hortos-familiares\\\/\"},\"author\":{\"name\":\"Marta Vidal\",\"@id\":\"https:\\\/\\\/ccbierzo.com\\\/gl\\\/#\\\/schema\\\/person\\\/4e9a8395b397b1d4b8695a5274072278\"},\"headline\":\"Hortos familiares\",\"datePublished\":\"2020-05-03T11:05:00+00:00\",\"dateModified\":\"2020-05-03T11:07:32+00:00\",\"mainEntityOfPage\":{\"@id\":\"https:\\\/\\\/ccbierzo.com\\\/gl\\\/hortos-familiares\\\/\"},\"wordCount\":62,\"image\":{\"@id\":\"https:\\\/\\\/ccbierzo.com\\\/gl\\\/hortos-familiares\\\/#primaryimage\"},\"thumbnailUrl\":\"https:\\\/\\\/ccbierzo.com\\\/wp-content\\\/uploads\\\/2020\\\/04\\\/huerto.jpg\",\"keywords\":[\"Banco de Tierras\"],\"articleSection\":[\"Banco de Tierras\"],\"inLanguage\":\"gl-ES\"},{\"@type\":\"WebPage\",\"@id\":\"https:\\\/\\\/ccbierzo.com\\\/gl\\\/hortos-familiares\\\/\",\"url\":\"https:\\\/\\\/ccbierzo.com\\\/gl\\\/hortos-familiares\\\/\",\"name\":\"Huertos familiares para el autoconsumo - El Bierzo\",\"isPartOf\":{\"@id\":\"https:\\\/\\\/ccbierzo.com\\\/gl\\\/#website\"},\"primaryImageOfPage\":{\"@id\":\"https:\\\/\\\/ccbierzo.com\\\/gl\\\/hortos-familiares\\\/#primaryimage\"},\"image\":{\"@id\":\"https:\\\/\\\/ccbierzo.com\\\/gl\\\/hortos-familiares\\\/#primaryimage\"},\"thumbnailUrl\":\"https:\\\/\\\/ccbierzo.com\\\/wp-content\\\/uploads\\\/2020\\\/04\\\/huerto.jpg\",\"datePublished\":\"2020-05-03T11:05:00+00:00\",\"dateModified\":\"2020-05-03T11:07:32+00:00\",\"author\":{\"@id\":\"https:\\\/\\\/ccbierzo.com\\\/gl\\\/#\\\/schema\\\/person\\\/4e9a8395b397b1d4b8695a5274072278\"},\"description\":\"El Gobierno permite el desplazamiento a los huertos familiares a partir del 2 de mayo. Tendr\u00e1n que estar en el mismo t\u00e9rmino municipal o en uno lim\u00edtrofe.\",\"breadcrumb\":{\"@id\":\"https:\\\/\\\/ccbierzo.com\\\/gl\\\/hortos-familiares\\\/#breadcrumb\"},\"inLanguage\":\"gl-ES\",\"potentialAction\":[{\"@type\":\"ReadAction\",\"target\":[\"https:\\\/\\\/ccbierzo.com\\\/gl\\\/hortos-familiares\\\/\"]}]},{\"@type\":\"ImageObject\",\"inLanguage\":\"gl-ES\",\"@id\":\"https:\\\/\\\/ccbierzo.com\\\/gl\\\/hortos-familiares\\\/#primaryimage\",\"url\":\"https:\\\/\\\/ccbierzo.com\\\/wp-content\\\/uploads\\\/2020\\\/04\\\/huerto.jpg\",\"contentUrl\":\"https:\\\/\\\/ccbierzo.com\\\/wp-content\\\/uploads\\\/2020\\\/04\\\/huerto.jpg\",\"width\":1500,\"height\":1000,\"caption\":\"Huerto\"},{\"@type\":\"BreadcrumbList\",\"@id\":\"https:\\\/\\\/ccbierzo.com\\\/gl\\\/hortos-familiares\\\/#breadcrumb\",\"itemListElement\":[{\"@type\":\"ListItem\",\"position\":1,\"name\":\"Portada\",\"item\":\"https:\\\/\\\/ccbierzo.com\\\/gl\\\/\"},{\"@type\":\"ListItem\",\"position\":2,\"name\":\"Hortos familiares\"}]},{\"@type\":\"WebSite\",\"@id\":\"https:\\\/\\\/ccbierzo.com\\\/gl\\\/#website\",\"url\":\"https:\\\/\\\/ccbierzo.com\\\/gl\\\/\",\"name\":\"Consejo Comarcal del Bierzo\",\"description\":\"P\u00e1gina Oficial del Consejo Comarcal del Bierzo\",\"potentialAction\":[{\"@type\":\"SearchAction\",\"target\":{\"@type\":\"EntryPoint\",\"urlTemplate\":\"https:\\\/\\\/ccbierzo.com\\\/gl\\\/?s={search_term_string}\"},\"query-input\":{\"@type\":\"PropertyValueSpecification\",\"valueRequired\":true,\"valueName\":\"search_term_string\"}}],\"inLanguage\":\"gl-ES\"},{\"@type\":\"Person\",\"@id\":\"https:\\\/\\\/ccbierzo.com\\\/gl\\\/#\\\/schema\\\/person\\\/4e9a8395b397b1d4b8695a5274072278\",\"name\":\"Marta Vidal\"}]}<\/script>\n<!-- \/ Yoast SEO plugin. -->","yoast_head_json":{"title":"Huertos familiares para el autoconsumo - El Bierzo","description":"El Gobierno permite el desplazamiento a los huertos familiares a partir del 2 de mayo. Tendr\u00e1n que estar en el mismo t\u00e9rmino municipal o en uno lim\u00edtrofe.","robots":{"index":"index","follow":"follow","max-snippet":"max-snippet:-1","max-image-preview":"max-image-preview:large","max-video-preview":"max-video-preview:-1"},"canonical":"https:\/\/ccbierzo.com\/gl\/hortos-familiares\/","og_locale":"gl_ES","og_type":"article","og_title":"Huertos familiares para el autoconsumo - El Bierzo","og_description":"El Gobierno permite el desplazamiento a los huertos familiares a partir del 2 de mayo. Tendr\u00e1n que estar en el mismo t\u00e9rmino municipal o en uno lim\u00edtrofe.","og_url":"https:\/\/ccbierzo.com\/gl\/hortos-familiares\/","og_site_name":"Consejo Comarcal del Bierzo","article_published_time":"2020-05-03T11:05:00+00:00","article_modified_time":"2020-05-03T11:07:32+00:00","og_image":[{"width":1500,"height":1000,"url":"https:\/\/ccbierzo.com\/wp-content\/uploads\/2020\/04\/huerto.jpg","type":"image\/jpeg"}],"author":"Marta Vidal","twitter_card":"summary_large_image","twitter_misc":{"Escrito por":"Marta Vidal"},"schema":{"@context":"https:\/\/schema.org","@graph":[{"@type":"Article","@id":"https:\/\/ccbierzo.com\/gl\/hortos-familiares\/#article","isPartOf":{"@id":"https:\/\/ccbierzo.com\/gl\/hortos-familiares\/"},"author":{"name":"Marta Vidal","@id":"https:\/\/ccbierzo.com\/gl\/#\/schema\/person\/4e9a8395b397b1d4b8695a5274072278"},"headline":"Hortos familiares","datePublished":"2020-05-03T11:05:00+00:00","dateModified":"2020-05-03T11:07:32+00:00","mainEntityOfPage":{"@id":"https:\/\/ccbierzo.com\/gl\/hortos-familiares\/"},"wordCount":62,"image":{"@id":"https:\/\/ccbierzo.com\/gl\/hortos-familiares\/#primaryimage"},"thumbnailUrl":"https:\/\/ccbierzo.com\/wp-content\/uploads\/2020\/04\/huerto.jpg","keywords":["Banco de Tierras"],"articleSection":["Banco de Tierras"],"inLanguage":"gl-ES"},{"@type":"WebPage","@id":"https:\/\/ccbierzo.com\/gl\/hortos-familiares\/","url":"https:\/\/ccbierzo.com\/gl\/hortos-familiares\/","name":"Huertos familiares para el autoconsumo - El Bierzo","isPartOf":{"@id":"https:\/\/ccbierzo.com\/gl\/#website"},"primaryImageOfPage":{"@id":"https:\/\/ccbierzo.com\/gl\/hortos-familiares\/#primaryimage"},"image":{"@id":"https:\/\/ccbierzo.com\/gl\/hortos-familiares\/#primaryimage"},"thumbnailUrl":"https:\/\/ccbierzo.com\/wp-content\/uploads\/2020\/04\/huerto.jpg","datePublished":"2020-05-03T11:05:00+00:00","dateModified":"2020-05-03T11:07:32+00:00","author":{"@id":"https:\/\/ccbierzo.com\/gl\/#\/schema\/person\/4e9a8395b397b1d4b8695a5274072278"},"description":"El Gobierno permite el desplazamiento a los huertos familiares a partir del 2 de mayo. Tendr\u00e1n que estar en el mismo t\u00e9rmino municipal o en uno lim\u00edtrofe.","breadcrumb":{"@id":"https:\/\/ccbierzo.com\/gl\/hortos-familiares\/#breadcrumb"},"inLanguage":"gl-ES","potentialAction":[{"@type":"ReadAction","target":["https:\/\/ccbierzo.com\/gl\/hortos-familiares\/"]}]},{"@type":"ImageObject","inLanguage":"gl-ES","@id":"https:\/\/ccbierzo.com\/gl\/hortos-familiares\/#primaryimage","url":"https:\/\/ccbierzo.com\/wp-content\/uploads\/2020\/04\/huerto.jpg","contentUrl":"https:\/\/ccbierzo.com\/wp-content\/uploads\/2020\/04\/huerto.jpg","width":1500,"height":1000,"caption":"Huerto"},{"@type":"BreadcrumbList","@id":"https:\/\/ccbierzo.com\/gl\/hortos-familiares\/#breadcrumb","itemListElement":[{"@type":"ListItem","position":1,"name":"Portada","item":"https:\/\/ccbierzo.com\/gl\/"},{"@type":"ListItem","position":2,"name":"Hortos familiares"}]},{"@type":"WebSite","@id":"https:\/\/ccbierzo.com\/gl\/#website","url":"https:\/\/ccbierzo.com\/gl\/","name":"Consejo Comarcal del Bierzo","description":"P\u00e1gina Oficial del Consejo Comarcal del Bierzo","potentialAction":[{"@type":"SearchAction","target":{"@type":"EntryPoint","urlTemplate":"https:\/\/ccbierzo.com\/gl\/?s={search_term_string}"},"query-input":{"@type":"PropertyValueSpecification","valueRequired":true,"valueName":"search_term_string"}}],"inLanguage":"gl-ES"},{"@type":"Person","@id":"https:\/\/ccbierzo.com\/gl\/#\/schema\/person\/4e9a8395b397b1d4b8695a5274072278","name":"Marta Vidal"}]}},"_links":{"self":[{"href":"https:\/\/ccbierzo.com\/gl\/wp-json\/wp\/v2\/posts\/128259","targetHints":{"allow":["GET"]}}],"collection":[{"href":"https:\/\/ccbierzo.com\/gl\/wp-json\/wp\/v2\/posts"}],"about":[{"href":"https:\/\/ccbierzo.com\/gl\/wp-json\/wp\/v2\/types\/post"}],"author":[{"embeddable":true,"href":"https:\/\/ccbierzo.com\/gl\/wp-json\/wp\/v2\/users\/3"}],"replies":[{"embeddable":true,"href":"https:\/\/ccbierzo.com\/gl\/wp-json\/wp\/v2\/comments?post=128259"}],"version-history":[{"count":0,"href":"https:\/\/ccbierzo.com\/gl\/wp-json\/wp\/v2\/posts\/128259\/revisions"}],"wp:featuredmedia":[{"embeddable":true,"href":"https:\/\/ccbierzo.com\/gl\/wp-json\/wp\/v2\/media\/128254"}],"wp:attachment":[{"href":"https:\/\/ccbierzo.com\/gl\/wp-json\/wp\/v2\/media?parent=128259"}],"wp:term":[{"taxonomy":"category","embeddable":true,"href":"https:\/\/ccbierzo.com\/gl\/wp-json\/wp\/v2\/categories?post=128259"},{"taxonomy":"post_tag","embeddable":true,"href":"https:\/\/ccbierzo.com\/gl\/wp-json\/wp\/v2\/tags?post=128259"}],"curies":[{"name":"wp","href":"https:\/\/api.w.org\/{rel}","templated":true}]}}