{"id":128228,"date":"2020-03-26T13:22:11","date_gmt":"2020-03-26T12:22:11","guid":{"rendered":"https:\/\/ccbierzo.com\/estado-de-alarma\/"},"modified":"2020-03-26T13:22:11","modified_gmt":"2020-03-26T12:22:11","slug":"estado-de-alarma","status":"publish","type":"post","link":"https:\/\/ccbierzo.com\/gl\/estado-de-alarma\/","title":{"rendered":"Estado de alarma"},"content":{"rendered":"<p>O presidente do Consello Comarcal, Gerardo \u00c1lvarez Courel, ha resolvido esta ma\u00f1\u00e1 suspender con car\u00e1cter xeral toda a actividade desenvolvida pola instituci\u00f3n, con excepci\u00f3n da que lle corresponda ao persoal que se estime estritamente necesario para garantir a coordinaci\u00f3n e prestaci\u00f3n dos servizos comarcais.<\/p>\n<p>A decisi\u00f3n t\u00f3mase con motivo da aprobaci\u00f3n do Real Decreto 463\/2020 polo que se declara o estado de alarma en Espa\u00f1a e atendendo \u00e1s recomendaci\u00f3ns das autoridades sanitarias. Segundo explicou o presidente, \u201co obxectivo \u00e9 preservar a sa\u00fade tanto dos empregados e empregadas p\u00fablicos como das persoas dos distintos servizos\u201d.<\/p>\n<p>O Centro de Atenci\u00f3n a Drogodependentes ( CAD) ser\u00e1 un dos servizos que continuar\u00e1 co r\u00e9xime de traballo establecido. O resto dos traballadores e traballadoras deber\u00e1n permanecer nos seus domicilios atendendo durante a xornada laboral \u00e1s indicaci\u00f3ns ou traballos que se lles encomenden. Para iso, desde a instituci\u00f3n, facilitarase o teletraballo.<\/p>\n<p>O Consello Comarcal lembra \u00e1 cidadan\u00eda que o estado de alarma interrompe os prazos para a tramitaci\u00f3n dos procedementos das administraci\u00f3ns p\u00fablicas, renov\u00e1ndose o c\u00f3mputo no momento en que perda a s\u00faa vixencia o Real Decreto.<\/p>\n<p>Doutra banda, poderanse realizar tr\u00e1mites a trav\u00e9s da web www.ccbierzo.com e habil\u00edtanse o n\u00famero de tel\u00e9fono 987409669 e a direcci\u00f3n de correo presidencia@ccbierzo.com para calquera outra xesti\u00f3n.<\/p>\n","protected":false},"excerpt":{"rendered":"<p>O Consello Comarcal prioriza o teletraballo para o seu persoal. Poderanse realizar tr\u00e1mites a trav\u00e9s de ccbierzo.com e o tel\u00e9fono 987409669 e correo presidencia@ccbierzo.com para outras xesti\u00f3ns.<\/p>\n","protected":false},"author":3,"featured_media":128224,"comment_status":"closed","ping_status":"open","sticky":false,"template":"","format":"standard","meta":{"_et_pb_use_builder":"","_et_pb_old_content":"","_et_gb_content_width":"","footnotes":""},"categories":[455],"tags":[456,451],"class_list":["post-128228","post","type-post","status-publish","format-standard","has-post-thumbnail","hentry","category-administracion-gl","tag-consejo-comarcal-de-el-bierzo-gl","tag-estado-de-alarma-gl"],"yoast_head":"<!-- This site is optimized with the Yoast SEO plugin v27.3 - https:\/\/yoast.com\/product\/yoast-seo-wordpress\/ -->\n<title>Nuevas medidas contra el Covid-19 - Comarca de El Bierzo<\/title>\n<meta name=\"description\" content=\"El Consejo Comarcal establece servicios m\u00ednimos y prioriza el teletrabajo para el personal. El CAD seguir\u00e1 con el r\u00e9gimen de trabajo establecido.\" \/>\n<meta name=\"robots\" content=\"index, follow, max-snippet:-1, max-image-preview:large, max-video-preview:-1\" \/>\n<link rel=\"canonical\" href=\"https:\/\/ccbierzo.com\/gl\/estado-de-alarma\/\" \/>\n<meta property=\"og:locale\" content=\"gl_ES\" \/>\n<meta property=\"og:type\" content=\"article\" \/>\n<meta property=\"og:title\" content=\"Nuevas medidas contra el Covid-19 - Comarca de El Bierzo\" \/>\n<meta property=\"og:description\" content=\"El Consejo Comarcal establece servicios m\u00ednimos y prioriza el teletrabajo para el personal. El CAD seguir\u00e1 con el r\u00e9gimen de trabajo establecido.\" \/>\n<meta property=\"og:url\" content=\"https:\/\/ccbierzo.com\/gl\/estado-de-alarma\/\" \/>\n<meta property=\"og:site_name\" content=\"Consejo Comarcal del Bierzo\" \/>\n<meta property=\"article:published_time\" content=\"2020-03-26T12:22:11+00:00\" \/>\n<meta property=\"og:image\" content=\"https:\/\/ccbierzo.com\/wp-content\/uploads\/2020\/03\/consejo-comarcal-bierzo-1.jpg\" \/>\n\t<meta property=\"og:image:width\" content=\"1500\" \/>\n\t<meta property=\"og:image:height\" content=\"1000\" \/>\n\t<meta property=\"og:image:type\" content=\"image\/jpeg\" \/>\n<meta name=\"author\" content=\"Marta Vidal\" \/>\n<meta name=\"twitter:card\" content=\"summary_large_image\" \/>\n<meta name=\"twitter:title\" content=\"Nuevas medidas contra el Covid-19 - Comarca de El Bierzo\" \/>\n<meta name=\"twitter:image\" content=\"https:\/\/ccbierzo.com\/wp-content\/uploads\/2020\/03\/consejo-comarcal-bierzo-1.jpg\" \/>\n<meta name=\"twitter:label1\" content=\"Escrito por\" \/>\n\t<meta name=\"twitter:data1\" content=\"Marta Vidal\" \/>\n\t<meta name=\"twitter:label2\" content=\"Tempo de lectura\" \/>\n\t<meta name=\"twitter:data2\" content=\"1 minuto\" \/>\n<script type=\"application\/ld+json\" class=\"yoast-schema-graph\">{\"@context\":\"https:\\\/\\\/schema.org\",\"@graph\":[{\"@type\":\"Article\",\"@id\":\"https:\\\/\\\/ccbierzo.com\\\/gl\\\/estado-de-alarma\\\/#article\",\"isPartOf\":{\"@id\":\"https:\\\/\\\/ccbierzo.com\\\/gl\\\/estado-de-alarma\\\/\"},\"author\":{\"name\":\"Marta Vidal\",\"@id\":\"https:\\\/\\\/ccbierzo.com\\\/gl\\\/#\\\/schema\\\/person\\\/4e9a8395b397b1d4b8695a5274072278\"},\"headline\":\"Estado de alarma\",\"datePublished\":\"2020-03-26T12:22:11+00:00\",\"mainEntityOfPage\":{\"@id\":\"https:\\\/\\\/ccbierzo.com\\\/gl\\\/estado-de-alarma\\\/\"},\"wordCount\":241,\"image\":{\"@id\":\"https:\\\/\\\/ccbierzo.com\\\/gl\\\/estado-de-alarma\\\/#primaryimage\"},\"thumbnailUrl\":\"https:\\\/\\\/ccbierzo.com\\\/wp-content\\\/uploads\\\/2020\\\/03\\\/cad3.jpg\",\"keywords\":[\"Consejo Comarcal del Bierzo\",\"Estado de alarma\"],\"articleSection\":[\"Administraci\u00f3n\"],\"inLanguage\":\"gl-ES\"},{\"@type\":\"WebPage\",\"@id\":\"https:\\\/\\\/ccbierzo.com\\\/gl\\\/estado-de-alarma\\\/\",\"url\":\"https:\\\/\\\/ccbierzo.com\\\/gl\\\/estado-de-alarma\\\/\",\"name\":\"Nuevas medidas contra el Covid-19 - Comarca de El Bierzo\",\"isPartOf\":{\"@id\":\"https:\\\/\\\/ccbierzo.com\\\/gl\\\/#website\"},\"primaryImageOfPage\":{\"@id\":\"https:\\\/\\\/ccbierzo.com\\\/gl\\\/estado-de-alarma\\\/#primaryimage\"},\"image\":{\"@id\":\"https:\\\/\\\/ccbierzo.com\\\/gl\\\/estado-de-alarma\\\/#primaryimage\"},\"thumbnailUrl\":\"https:\\\/\\\/ccbierzo.com\\\/wp-content\\\/uploads\\\/2020\\\/03\\\/cad3.jpg\",\"datePublished\":\"2020-03-26T12:22:11+00:00\",\"author\":{\"@id\":\"https:\\\/\\\/ccbierzo.com\\\/gl\\\/#\\\/schema\\\/person\\\/4e9a8395b397b1d4b8695a5274072278\"},\"description\":\"El Consejo Comarcal establece servicios m\u00ednimos y prioriza el teletrabajo para el personal. El CAD seguir\u00e1 con el r\u00e9gimen de trabajo establecido.\",\"breadcrumb\":{\"@id\":\"https:\\\/\\\/ccbierzo.com\\\/gl\\\/estado-de-alarma\\\/#breadcrumb\"},\"inLanguage\":\"gl-ES\",\"potentialAction\":[{\"@type\":\"ReadAction\",\"target\":[\"https:\\\/\\\/ccbierzo.com\\\/gl\\\/estado-de-alarma\\\/\"]}]},{\"@type\":\"ImageObject\",\"inLanguage\":\"gl-ES\",\"@id\":\"https:\\\/\\\/ccbierzo.com\\\/gl\\\/estado-de-alarma\\\/#primaryimage\",\"url\":\"https:\\\/\\\/ccbierzo.com\\\/wp-content\\\/uploads\\\/2020\\\/03\\\/cad3.jpg\",\"contentUrl\":\"https:\\\/\\\/ccbierzo.com\\\/wp-content\\\/uploads\\\/2020\\\/03\\\/cad3.jpg\",\"width\":1500,\"height\":1000,\"caption\":\"Centro de Atenci\u00f3n a Drogodependientes\"},{\"@type\":\"BreadcrumbList\",\"@id\":\"https:\\\/\\\/ccbierzo.com\\\/gl\\\/estado-de-alarma\\\/#breadcrumb\",\"itemListElement\":[{\"@type\":\"ListItem\",\"position\":1,\"name\":\"Portada\",\"item\":\"https:\\\/\\\/ccbierzo.com\\\/gl\\\/\"},{\"@type\":\"ListItem\",\"position\":2,\"name\":\"Estado de alarma\"}]},{\"@type\":\"WebSite\",\"@id\":\"https:\\\/\\\/ccbierzo.com\\\/gl\\\/#website\",\"url\":\"https:\\\/\\\/ccbierzo.com\\\/gl\\\/\",\"name\":\"Consejo Comarcal del Bierzo\",\"description\":\"P\u00e1gina Oficial del Consejo Comarcal del Bierzo\",\"potentialAction\":[{\"@type\":\"SearchAction\",\"target\":{\"@type\":\"EntryPoint\",\"urlTemplate\":\"https:\\\/\\\/ccbierzo.com\\\/gl\\\/?s={search_term_string}\"},\"query-input\":{\"@type\":\"PropertyValueSpecification\",\"valueRequired\":true,\"valueName\":\"search_term_string\"}}],\"inLanguage\":\"gl-ES\"},{\"@type\":\"Person\",\"@id\":\"https:\\\/\\\/ccbierzo.com\\\/gl\\\/#\\\/schema\\\/person\\\/4e9a8395b397b1d4b8695a5274072278\",\"name\":\"Marta Vidal\"}]}<\/script>\n<!-- \/ Yoast SEO plugin. -->","yoast_head_json":{"title":"Nuevas medidas contra el Covid-19 - Comarca de El Bierzo","description":"El Consejo Comarcal establece servicios m\u00ednimos y prioriza el teletrabajo para el personal. El CAD seguir\u00e1 con el r\u00e9gimen de trabajo establecido.","robots":{"index":"index","follow":"follow","max-snippet":"max-snippet:-1","max-image-preview":"max-image-preview:large","max-video-preview":"max-video-preview:-1"},"canonical":"https:\/\/ccbierzo.com\/gl\/estado-de-alarma\/","og_locale":"gl_ES","og_type":"article","og_title":"Nuevas medidas contra el Covid-19 - Comarca de El Bierzo","og_description":"El Consejo Comarcal establece servicios m\u00ednimos y prioriza el teletrabajo para el personal. El CAD seguir\u00e1 con el r\u00e9gimen de trabajo establecido.","og_url":"https:\/\/ccbierzo.com\/gl\/estado-de-alarma\/","og_site_name":"Consejo Comarcal del Bierzo","article_published_time":"2020-03-26T12:22:11+00:00","og_image":[{"width":1500,"height":1000,"url":"https:\/\/ccbierzo.com\/wp-content\/uploads\/2020\/03\/consejo-comarcal-bierzo-1.jpg","type":"image\/jpeg"}],"author":"Marta Vidal","twitter_card":"summary_large_image","twitter_title":"Nuevas medidas contra el Covid-19 - Comarca de El Bierzo","twitter_image":"https:\/\/ccbierzo.com\/wp-content\/uploads\/2020\/03\/consejo-comarcal-bierzo-1.jpg","twitter_misc":{"Escrito por":"Marta Vidal","Tempo de lectura":"1 minuto"},"schema":{"@context":"https:\/\/schema.org","@graph":[{"@type":"Article","@id":"https:\/\/ccbierzo.com\/gl\/estado-de-alarma\/#article","isPartOf":{"@id":"https:\/\/ccbierzo.com\/gl\/estado-de-alarma\/"},"author":{"name":"Marta Vidal","@id":"https:\/\/ccbierzo.com\/gl\/#\/schema\/person\/4e9a8395b397b1d4b8695a5274072278"},"headline":"Estado de alarma","datePublished":"2020-03-26T12:22:11+00:00","mainEntityOfPage":{"@id":"https:\/\/ccbierzo.com\/gl\/estado-de-alarma\/"},"wordCount":241,"image":{"@id":"https:\/\/ccbierzo.com\/gl\/estado-de-alarma\/#primaryimage"},"thumbnailUrl":"https:\/\/ccbierzo.com\/wp-content\/uploads\/2020\/03\/cad3.jpg","keywords":["Consejo Comarcal del Bierzo","Estado de alarma"],"articleSection":["Administraci\u00f3n"],"inLanguage":"gl-ES"},{"@type":"WebPage","@id":"https:\/\/ccbierzo.com\/gl\/estado-de-alarma\/","url":"https:\/\/ccbierzo.com\/gl\/estado-de-alarma\/","name":"Nuevas medidas contra el Covid-19 - Comarca de El Bierzo","isPartOf":{"@id":"https:\/\/ccbierzo.com\/gl\/#website"},"primaryImageOfPage":{"@id":"https:\/\/ccbierzo.com\/gl\/estado-de-alarma\/#primaryimage"},"image":{"@id":"https:\/\/ccbierzo.com\/gl\/estado-de-alarma\/#primaryimage"},"thumbnailUrl":"https:\/\/ccbierzo.com\/wp-content\/uploads\/2020\/03\/cad3.jpg","datePublished":"2020-03-26T12:22:11+00:00","author":{"@id":"https:\/\/ccbierzo.com\/gl\/#\/schema\/person\/4e9a8395b397b1d4b8695a5274072278"},"description":"El Consejo Comarcal establece servicios m\u00ednimos y prioriza el teletrabajo para el personal. El CAD seguir\u00e1 con el r\u00e9gimen de trabajo establecido.","breadcrumb":{"@id":"https:\/\/ccbierzo.com\/gl\/estado-de-alarma\/#breadcrumb"},"inLanguage":"gl-ES","potentialAction":[{"@type":"ReadAction","target":["https:\/\/ccbierzo.com\/gl\/estado-de-alarma\/"]}]},{"@type":"ImageObject","inLanguage":"gl-ES","@id":"https:\/\/ccbierzo.com\/gl\/estado-de-alarma\/#primaryimage","url":"https:\/\/ccbierzo.com\/wp-content\/uploads\/2020\/03\/cad3.jpg","contentUrl":"https:\/\/ccbierzo.com\/wp-content\/uploads\/2020\/03\/cad3.jpg","width":1500,"height":1000,"caption":"Centro de Atenci\u00f3n a Drogodependientes"},{"@type":"BreadcrumbList","@id":"https:\/\/ccbierzo.com\/gl\/estado-de-alarma\/#breadcrumb","itemListElement":[{"@type":"ListItem","position":1,"name":"Portada","item":"https:\/\/ccbierzo.com\/gl\/"},{"@type":"ListItem","position":2,"name":"Estado de alarma"}]},{"@type":"WebSite","@id":"https:\/\/ccbierzo.com\/gl\/#website","url":"https:\/\/ccbierzo.com\/gl\/","name":"Consejo Comarcal del Bierzo","description":"P\u00e1gina Oficial del Consejo Comarcal del Bierzo","potentialAction":[{"@type":"SearchAction","target":{"@type":"EntryPoint","urlTemplate":"https:\/\/ccbierzo.com\/gl\/?s={search_term_string}"},"query-input":{"@type":"PropertyValueSpecification","valueRequired":true,"valueName":"search_term_string"}}],"inLanguage":"gl-ES"},{"@type":"Person","@id":"https:\/\/ccbierzo.com\/gl\/#\/schema\/person\/4e9a8395b397b1d4b8695a5274072278","name":"Marta Vidal"}]}},"_links":{"self":[{"href":"https:\/\/ccbierzo.com\/gl\/wp-json\/wp\/v2\/posts\/128228","targetHints":{"allow":["GET"]}}],"collection":[{"href":"https:\/\/ccbierzo.com\/gl\/wp-json\/wp\/v2\/posts"}],"about":[{"href":"https:\/\/ccbierzo.com\/gl\/wp-json\/wp\/v2\/types\/post"}],"author":[{"embeddable":true,"href":"https:\/\/ccbierzo.com\/gl\/wp-json\/wp\/v2\/users\/3"}],"replies":[{"embeddable":true,"href":"https:\/\/ccbierzo.com\/gl\/wp-json\/wp\/v2\/comments?post=128228"}],"version-history":[{"count":0,"href":"https:\/\/ccbierzo.com\/gl\/wp-json\/wp\/v2\/posts\/128228\/revisions"}],"wp:featuredmedia":[{"embeddable":true,"href":"https:\/\/ccbierzo.com\/gl\/wp-json\/wp\/v2\/media\/128224"}],"wp:attachment":[{"href":"https:\/\/ccbierzo.com\/gl\/wp-json\/wp\/v2\/media?parent=128228"}],"wp:term":[{"taxonomy":"category","embeddable":true,"href":"https:\/\/ccbierzo.com\/gl\/wp-json\/wp\/v2\/categories?post=128228"},{"taxonomy":"post_tag","embeddable":true,"href":"https:\/\/ccbierzo.com\/gl\/wp-json\/wp\/v2\/tags?post=128228"}],"curies":[{"name":"wp","href":"https:\/\/api.w.org\/{rel}","templated":true}]}}