{"id":128186,"date":"2020-03-10T14:54:17","date_gmt":"2020-03-10T13:54:17","guid":{"rendered":"https:\/\/ccbierzo.com\/teatro-na-domus\/"},"modified":"2020-03-10T14:54:17","modified_gmt":"2020-03-10T13:54:17","slug":"teatro-na-domus","status":"publish","type":"post","link":"https:\/\/ccbierzo.com\/gl\/teatro-na-domus\/","title":{"rendered":"Teatro na Domus"},"content":{"rendered":"<div id=\"contenedor\" class=\"textarea unknown\">A Domus de Carucedo acoller\u00e1 os d\u00edas 10 e 11 de abril visitas teatralizadas a cargo da compa\u00f1\u00eda Dinamia Teatro. A actividade cultural pretende dar unha valor engadido a quen visite As Medulas.<\/div>\n<div><\/div>\n<div class=\"textarea unknown\">O Consello Comarcal volver\u00e1 abrir a Domus de Carucedo en Semana Santa. Ser\u00e1 os d\u00edas 10 e 11 de abril para albergar as visitas teatralizadas que realizar\u00e1 a compa\u00f1\u00eda Dinamia Teatro. O seu director, Miguel \u00c1ngel Fern\u00e1ndez, e a guionista Tatyana Gal\u00e1n estiveron este martes no Consello Comarcal para presentar &#8216;O plan de Vesta&#8217;, unha obra coa que pretenden entreter e ensinar dunha maneira amena a historia das Medulas.<\/div>\n<div><\/div>\n<div class=\"textarea unknown\">O presidente do Consello Comarcal, Gerardo \u00c1lvarez Courel, e a conselleira comarcal de Turismo, Alicia Garc\u00eda, explicaron que a apertura o ano pasado grazas ao programa Berizum III confirmou o interese por co\u00f1ecer este recurso tur\u00edstico. Doutra banda, a obra de teatro representada pola asociaci\u00f3n Bergidum Flavium en outubro con motivo do D\u00eda da Romanidad foi un \u00e9xito. Estes son os motivos que impulsaron a procura dun uso para a Domus que, segundo o presidente comarcal, &#8220;estivo demasiado tempo pechado debido \u00e1 falta de recursos encon\u00f3micos e de persoal para poder mantela aberta&#8221;.<\/div>\n<div><\/div>\n<div class=\"textarea unknown\">Haber\u00e1 dous pases cada d\u00eda, \u00e1s 11:30 e \u00e1s 12:45 horas. As prazas ser\u00e1n limitadas a 40 \u00f3 45 por pase. As entradas ter\u00e1n un prezo simb\u00f3lico de 2 euros e poderanse adquirir na web <a href=\"http:\/\/bierzoteatralmente.com\">Bierzo Teatralmente<\/a>.<\/div>\n<p><img loading=\"lazy\" decoding=\"async\" class=\"aligncenter size-large wp-image-128181\" src=\"https:\/\/ccbierzo.com\/wp-content\/uploads\/2020\/03\/cartel-el-plan-de-vesta-724x1024.jpeg\" alt=\"\" width=\"724\" height=\"1024\" \/><\/p>\n","protected":false},"excerpt":{"rendered":"<p>A Domus acoller\u00e1 os d\u00edas 10 e 11 de abril visitas  teatralizadas a cargo da compa\u00f1\u00eda  Dinamia Teatro. A actividade cultural pretende dar unha valor engadido a quen visite As Medulas.<\/p>\n","protected":false},"author":3,"featured_media":128184,"comment_status":"closed","ping_status":"open","sticky":false,"template":"","format":"standard","meta":{"_et_pb_use_builder":"","_et_pb_old_content":"","_et_gb_content_width":"","footnotes":""},"categories":[431,436],"tags":[441],"class_list":["post-128186","post","type-post","status-publish","format-standard","has-post-thumbnail","hentry","category-cultura-gl","category-turismo-gl","tag-domus-gl"],"yoast_head":"<!-- This site is optimized with the Yoast SEO plugin v27.3 - https:\/\/yoast.com\/product\/yoast-seo-wordpress\/ -->\n<title>Teatro en la Domus - Consejo Comarcal del Bierzo<\/title>\n<meta name=\"description\" content=\"La Domus volver\u00e1 a abrir en Semana Santa para acoger los d\u00edas 10 y 11 de abril visitas teatralizadas a cargo de la compa\u00f1\u00eda Dinamia Teatro.\" \/>\n<meta name=\"robots\" content=\"index, follow, max-snippet:-1, max-image-preview:large, max-video-preview:-1\" \/>\n<link rel=\"canonical\" href=\"https:\/\/ccbierzo.com\/gl\/teatro-na-domus\/\" \/>\n<meta property=\"og:locale\" content=\"gl_ES\" \/>\n<meta property=\"og:type\" content=\"article\" \/>\n<meta property=\"og:title\" content=\"Teatro en la Domus - Consejo Comarcal del Bierzo\" \/>\n<meta property=\"og:description\" content=\"La Domus volver\u00e1 a abrir en Semana Santa para acoger los d\u00edas 10 y 11 de abril visitas teatralizadas a cargo de la compa\u00f1\u00eda Dinamia Teatro.\" \/>\n<meta property=\"og:url\" content=\"https:\/\/ccbierzo.com\/gl\/teatro-na-domus\/\" \/>\n<meta property=\"og:site_name\" content=\"Consejo Comarcal del Bierzo\" \/>\n<meta property=\"article:published_time\" content=\"2020-03-10T13:54:17+00:00\" \/>\n<meta property=\"og:image\" content=\"https:\/\/ccbierzo.com\/wp-content\/uploads\/2020\/03\/presentacion-visitas-teatralizadas.jpg\" \/>\n\t<meta property=\"og:image:width\" content=\"1500\" \/>\n\t<meta property=\"og:image:height\" content=\"1000\" \/>\n\t<meta property=\"og:image:type\" content=\"image\/jpeg\" \/>\n<meta name=\"author\" content=\"Marta Vidal\" \/>\n<meta name=\"twitter:card\" content=\"summary_large_image\" \/>\n<meta name=\"twitter:title\" content=\"Teatro en la Domus - Consejo Comarcal del Bierzo\" \/>\n<meta name=\"twitter:image\" content=\"https:\/\/ccbierzo.com\/wp-content\/uploads\/2020\/03\/presentacion-visitas-teatralizadas.jpg\" \/>\n<meta name=\"twitter:label1\" content=\"Escrito por\" \/>\n\t<meta name=\"twitter:data1\" content=\"Marta Vidal\" \/>\n\t<meta name=\"twitter:label2\" content=\"Tempo de lectura\" \/>\n\t<meta name=\"twitter:data2\" content=\"1 minuto\" \/>\n<script type=\"application\/ld+json\" class=\"yoast-schema-graph\">{\"@context\":\"https:\\\/\\\/schema.org\",\"@graph\":[{\"@type\":\"Article\",\"@id\":\"https:\\\/\\\/ccbierzo.com\\\/gl\\\/teatro-na-domus\\\/#article\",\"isPartOf\":{\"@id\":\"https:\\\/\\\/ccbierzo.com\\\/gl\\\/teatro-na-domus\\\/\"},\"author\":{\"name\":\"Marta Vidal\",\"@id\":\"https:\\\/\\\/ccbierzo.com\\\/gl\\\/#\\\/schema\\\/person\\\/4e9a8395b397b1d4b8695a5274072278\"},\"headline\":\"Teatro na Domus\",\"datePublished\":\"2020-03-10T13:54:17+00:00\",\"mainEntityOfPage\":{\"@id\":\"https:\\\/\\\/ccbierzo.com\\\/gl\\\/teatro-na-domus\\\/\"},\"wordCount\":240,\"image\":{\"@id\":\"https:\\\/\\\/ccbierzo.com\\\/gl\\\/teatro-na-domus\\\/#primaryimage\"},\"thumbnailUrl\":\"https:\\\/\\\/ccbierzo.com\\\/wp-content\\\/uploads\\\/2020\\\/03\\\/presentacion-visitas-teatralizadas.jpg\",\"keywords\":[\"Domus\"],\"articleSection\":[\"Cultura\",\"Turismo\"],\"inLanguage\":\"gl-ES\"},{\"@type\":\"WebPage\",\"@id\":\"https:\\\/\\\/ccbierzo.com\\\/gl\\\/teatro-na-domus\\\/\",\"url\":\"https:\\\/\\\/ccbierzo.com\\\/gl\\\/teatro-na-domus\\\/\",\"name\":\"Teatro en la Domus - Consejo Comarcal del Bierzo\",\"isPartOf\":{\"@id\":\"https:\\\/\\\/ccbierzo.com\\\/gl\\\/#website\"},\"primaryImageOfPage\":{\"@id\":\"https:\\\/\\\/ccbierzo.com\\\/gl\\\/teatro-na-domus\\\/#primaryimage\"},\"image\":{\"@id\":\"https:\\\/\\\/ccbierzo.com\\\/gl\\\/teatro-na-domus\\\/#primaryimage\"},\"thumbnailUrl\":\"https:\\\/\\\/ccbierzo.com\\\/wp-content\\\/uploads\\\/2020\\\/03\\\/presentacion-visitas-teatralizadas.jpg\",\"datePublished\":\"2020-03-10T13:54:17+00:00\",\"author\":{\"@id\":\"https:\\\/\\\/ccbierzo.com\\\/gl\\\/#\\\/schema\\\/person\\\/4e9a8395b397b1d4b8695a5274072278\"},\"description\":\"La Domus volver\u00e1 a abrir en Semana Santa para acoger los d\u00edas 10 y 11 de abril visitas teatralizadas a cargo de la compa\u00f1\u00eda Dinamia Teatro.\",\"breadcrumb\":{\"@id\":\"https:\\\/\\\/ccbierzo.com\\\/gl\\\/teatro-na-domus\\\/#breadcrumb\"},\"inLanguage\":\"gl-ES\",\"potentialAction\":[{\"@type\":\"ReadAction\",\"target\":[\"https:\\\/\\\/ccbierzo.com\\\/gl\\\/teatro-na-domus\\\/\"]}]},{\"@type\":\"ImageObject\",\"inLanguage\":\"gl-ES\",\"@id\":\"https:\\\/\\\/ccbierzo.com\\\/gl\\\/teatro-na-domus\\\/#primaryimage\",\"url\":\"https:\\\/\\\/ccbierzo.com\\\/wp-content\\\/uploads\\\/2020\\\/03\\\/presentacion-visitas-teatralizadas.jpg\",\"contentUrl\":\"https:\\\/\\\/ccbierzo.com\\\/wp-content\\\/uploads\\\/2020\\\/03\\\/presentacion-visitas-teatralizadas.jpg\",\"width\":1500,\"height\":1000,\"caption\":\"Presentaci\u00f3n visitas teatralizadas en la Domus de Las M\u00e9dulas\"},{\"@type\":\"BreadcrumbList\",\"@id\":\"https:\\\/\\\/ccbierzo.com\\\/gl\\\/teatro-na-domus\\\/#breadcrumb\",\"itemListElement\":[{\"@type\":\"ListItem\",\"position\":1,\"name\":\"Portada\",\"item\":\"https:\\\/\\\/ccbierzo.com\\\/gl\\\/\"},{\"@type\":\"ListItem\",\"position\":2,\"name\":\"Teatro na Domus\"}]},{\"@type\":\"WebSite\",\"@id\":\"https:\\\/\\\/ccbierzo.com\\\/gl\\\/#website\",\"url\":\"https:\\\/\\\/ccbierzo.com\\\/gl\\\/\",\"name\":\"Consejo Comarcal del Bierzo\",\"description\":\"P\u00e1gina Oficial del Consejo Comarcal del Bierzo\",\"potentialAction\":[{\"@type\":\"SearchAction\",\"target\":{\"@type\":\"EntryPoint\",\"urlTemplate\":\"https:\\\/\\\/ccbierzo.com\\\/gl\\\/?s={search_term_string}\"},\"query-input\":{\"@type\":\"PropertyValueSpecification\",\"valueRequired\":true,\"valueName\":\"search_term_string\"}}],\"inLanguage\":\"gl-ES\"},{\"@type\":\"Person\",\"@id\":\"https:\\\/\\\/ccbierzo.com\\\/gl\\\/#\\\/schema\\\/person\\\/4e9a8395b397b1d4b8695a5274072278\",\"name\":\"Marta Vidal\"}]}<\/script>\n<!-- \/ Yoast SEO plugin. -->","yoast_head_json":{"title":"Teatro en la Domus - Consejo Comarcal del Bierzo","description":"La Domus volver\u00e1 a abrir en Semana Santa para acoger los d\u00edas 10 y 11 de abril visitas teatralizadas a cargo de la compa\u00f1\u00eda Dinamia Teatro.","robots":{"index":"index","follow":"follow","max-snippet":"max-snippet:-1","max-image-preview":"max-image-preview:large","max-video-preview":"max-video-preview:-1"},"canonical":"https:\/\/ccbierzo.com\/gl\/teatro-na-domus\/","og_locale":"gl_ES","og_type":"article","og_title":"Teatro en la Domus - Consejo Comarcal del Bierzo","og_description":"La Domus volver\u00e1 a abrir en Semana Santa para acoger los d\u00edas 10 y 11 de abril visitas teatralizadas a cargo de la compa\u00f1\u00eda Dinamia Teatro.","og_url":"https:\/\/ccbierzo.com\/gl\/teatro-na-domus\/","og_site_name":"Consejo Comarcal del Bierzo","article_published_time":"2020-03-10T13:54:17+00:00","og_image":[{"width":1500,"height":1000,"url":"https:\/\/ccbierzo.com\/wp-content\/uploads\/2020\/03\/presentacion-visitas-teatralizadas.jpg","type":"image\/jpeg"}],"author":"Marta Vidal","twitter_card":"summary_large_image","twitter_title":"Teatro en la Domus - Consejo Comarcal del Bierzo","twitter_image":"https:\/\/ccbierzo.com\/wp-content\/uploads\/2020\/03\/presentacion-visitas-teatralizadas.jpg","twitter_misc":{"Escrito por":"Marta Vidal","Tempo de lectura":"1 minuto"},"schema":{"@context":"https:\/\/schema.org","@graph":[{"@type":"Article","@id":"https:\/\/ccbierzo.com\/gl\/teatro-na-domus\/#article","isPartOf":{"@id":"https:\/\/ccbierzo.com\/gl\/teatro-na-domus\/"},"author":{"name":"Marta Vidal","@id":"https:\/\/ccbierzo.com\/gl\/#\/schema\/person\/4e9a8395b397b1d4b8695a5274072278"},"headline":"Teatro na Domus","datePublished":"2020-03-10T13:54:17+00:00","mainEntityOfPage":{"@id":"https:\/\/ccbierzo.com\/gl\/teatro-na-domus\/"},"wordCount":240,"image":{"@id":"https:\/\/ccbierzo.com\/gl\/teatro-na-domus\/#primaryimage"},"thumbnailUrl":"https:\/\/ccbierzo.com\/wp-content\/uploads\/2020\/03\/presentacion-visitas-teatralizadas.jpg","keywords":["Domus"],"articleSection":["Cultura","Turismo"],"inLanguage":"gl-ES"},{"@type":"WebPage","@id":"https:\/\/ccbierzo.com\/gl\/teatro-na-domus\/","url":"https:\/\/ccbierzo.com\/gl\/teatro-na-domus\/","name":"Teatro en la Domus - Consejo Comarcal del Bierzo","isPartOf":{"@id":"https:\/\/ccbierzo.com\/gl\/#website"},"primaryImageOfPage":{"@id":"https:\/\/ccbierzo.com\/gl\/teatro-na-domus\/#primaryimage"},"image":{"@id":"https:\/\/ccbierzo.com\/gl\/teatro-na-domus\/#primaryimage"},"thumbnailUrl":"https:\/\/ccbierzo.com\/wp-content\/uploads\/2020\/03\/presentacion-visitas-teatralizadas.jpg","datePublished":"2020-03-10T13:54:17+00:00","author":{"@id":"https:\/\/ccbierzo.com\/gl\/#\/schema\/person\/4e9a8395b397b1d4b8695a5274072278"},"description":"La Domus volver\u00e1 a abrir en Semana Santa para acoger los d\u00edas 10 y 11 de abril visitas teatralizadas a cargo de la compa\u00f1\u00eda Dinamia Teatro.","breadcrumb":{"@id":"https:\/\/ccbierzo.com\/gl\/teatro-na-domus\/#breadcrumb"},"inLanguage":"gl-ES","potentialAction":[{"@type":"ReadAction","target":["https:\/\/ccbierzo.com\/gl\/teatro-na-domus\/"]}]},{"@type":"ImageObject","inLanguage":"gl-ES","@id":"https:\/\/ccbierzo.com\/gl\/teatro-na-domus\/#primaryimage","url":"https:\/\/ccbierzo.com\/wp-content\/uploads\/2020\/03\/presentacion-visitas-teatralizadas.jpg","contentUrl":"https:\/\/ccbierzo.com\/wp-content\/uploads\/2020\/03\/presentacion-visitas-teatralizadas.jpg","width":1500,"height":1000,"caption":"Presentaci\u00f3n visitas teatralizadas en la Domus de Las M\u00e9dulas"},{"@type":"BreadcrumbList","@id":"https:\/\/ccbierzo.com\/gl\/teatro-na-domus\/#breadcrumb","itemListElement":[{"@type":"ListItem","position":1,"name":"Portada","item":"https:\/\/ccbierzo.com\/gl\/"},{"@type":"ListItem","position":2,"name":"Teatro na Domus"}]},{"@type":"WebSite","@id":"https:\/\/ccbierzo.com\/gl\/#website","url":"https:\/\/ccbierzo.com\/gl\/","name":"Consejo Comarcal del Bierzo","description":"P\u00e1gina Oficial del Consejo Comarcal del Bierzo","potentialAction":[{"@type":"SearchAction","target":{"@type":"EntryPoint","urlTemplate":"https:\/\/ccbierzo.com\/gl\/?s={search_term_string}"},"query-input":{"@type":"PropertyValueSpecification","valueRequired":true,"valueName":"search_term_string"}}],"inLanguage":"gl-ES"},{"@type":"Person","@id":"https:\/\/ccbierzo.com\/gl\/#\/schema\/person\/4e9a8395b397b1d4b8695a5274072278","name":"Marta Vidal"}]}},"_links":{"self":[{"href":"https:\/\/ccbierzo.com\/gl\/wp-json\/wp\/v2\/posts\/128186","targetHints":{"allow":["GET"]}}],"collection":[{"href":"https:\/\/ccbierzo.com\/gl\/wp-json\/wp\/v2\/posts"}],"about":[{"href":"https:\/\/ccbierzo.com\/gl\/wp-json\/wp\/v2\/types\/post"}],"author":[{"embeddable":true,"href":"https:\/\/ccbierzo.com\/gl\/wp-json\/wp\/v2\/users\/3"}],"replies":[{"embeddable":true,"href":"https:\/\/ccbierzo.com\/gl\/wp-json\/wp\/v2\/comments?post=128186"}],"version-history":[{"count":0,"href":"https:\/\/ccbierzo.com\/gl\/wp-json\/wp\/v2\/posts\/128186\/revisions"}],"wp:featuredmedia":[{"embeddable":true,"href":"https:\/\/ccbierzo.com\/gl\/wp-json\/wp\/v2\/media\/128184"}],"wp:attachment":[{"href":"https:\/\/ccbierzo.com\/gl\/wp-json\/wp\/v2\/media?parent=128186"}],"wp:term":[{"taxonomy":"category","embeddable":true,"href":"https:\/\/ccbierzo.com\/gl\/wp-json\/wp\/v2\/categories?post=128186"},{"taxonomy":"post_tag","embeddable":true,"href":"https:\/\/ccbierzo.com\/gl\/wp-json\/wp\/v2\/tags?post=128186"}],"curies":[{"name":"wp","href":"https:\/\/api.w.org\/{rel}","templated":true}]}}