{"id":128176,"date":"2020-03-09T14:57:13","date_gmt":"2020-03-09T13:57:13","guid":{"rendered":"https:\/\/ccbierzo.com\/web-en-galego\/"},"modified":"2020-03-10T09:35:49","modified_gmt":"2020-03-10T08:35:49","slug":"web-en-galego","status":"publish","type":"post","link":"https:\/\/ccbierzo.com\/gl\/web-en-galego\/","title":{"rendered":"Web en galego"},"content":{"rendered":"<div id=\"contenedor\" class=\"textarea unknown\">O Consello Comarcal estrea web en galego coincidindo coa celebraci\u00f3n das XII Xornadas Mart\u00edn Sarmiento en Villafranca del Bierzo. O presidente do Consello Comarcal, Gerardo \u00c1lvarez Courel, participou este luns na ofrenda floral que o alumnado de galego do Bierzo realizou no mon\u00f3lito dedicado ao poeta Ram\u00f3n Gonz\u00e1lez Alegre, en Villafranca del Bierzo. O acto enm\u00e1rcase dentro das XII Xornadas Mart\u00edn Sarmiento, que se organizan en homenaxe ao pai das letras galegas, nacido na vila hai 325 anos. Ao acto asistiron tam\u00e9n o director xeral de Pol\u00edtica Ling\u00fc\u00edstica da Xunta de Galicia, Valent\u00edn Garc\u00eda, e o alcalde de Vilafranca do Bierzo, Jos\u00e9 Antonio Pereira.<\/div>\n<div class=\"options\"><\/div>\n","protected":false},"excerpt":{"rendered":"<p>O Consello Comarcal estrea web en galego coincidindo coa celebraci\u00f3n das XII Xornadas Mart\u00edn Sarmiento en Vilafranca do Bierzo. O presidente participou na ofrenda floral ao poeta Ram\u00f3n Gonz\u00e1lez Alegre.<\/p>\n","protected":false},"author":3,"featured_media":128173,"comment_status":"closed","ping_status":"open","sticky":false,"template":"","format":"standard","meta":{"_et_pb_use_builder":"","_et_pb_old_content":"","_et_gb_content_width":"","footnotes":""},"categories":[431],"tags":[439],"class_list":["post-128176","post","type-post","status-publish","format-standard","has-post-thumbnail","hentry","category-cultura-gl","tag-galego-en-o-bierzo"],"yoast_head":"<!-- This site is optimized with the Yoast SEO plugin v27.3 - https:\/\/yoast.com\/product\/yoast-seo-wordpress\/ -->\n<title>Web en galego - Consejo Comarcal del Bierzo<\/title>\n<meta name=\"robots\" content=\"index, follow, max-snippet:-1, max-image-preview:large, max-video-preview:-1\" \/>\n<link rel=\"canonical\" href=\"https:\/\/ccbierzo.com\/gl\/web-en-galego\/\" \/>\n<meta property=\"og:locale\" content=\"gl_ES\" \/>\n<meta property=\"og:type\" content=\"article\" \/>\n<meta property=\"og:title\" content=\"Web en galego - Consejo Comarcal del Bierzo\" \/>\n<meta property=\"og:description\" content=\"O Consello Comarcal estrea web en galego coincidindo coa celebraci\u00f3n das XII Xornadas Mart\u00edn Sarmiento en Vilafranca do Bierzo. O presidente participou na ofrenda floral ao poeta Ram\u00f3n Gonz\u00e1lez Alegre.\" \/>\n<meta property=\"og:url\" content=\"https:\/\/ccbierzo.com\/gl\/web-en-galego\/\" \/>\n<meta property=\"og:site_name\" content=\"Consejo Comarcal del Bierzo\" \/>\n<meta property=\"article:published_time\" content=\"2020-03-09T13:57:13+00:00\" \/>\n<meta property=\"article:modified_time\" content=\"2020-03-10T08:35:49+00:00\" \/>\n<meta property=\"og:image\" content=\"https:\/\/ccbierzo.com\/wp-content\/uploads\/2020\/03\/villafranca-1.jpg\" \/>\n\t<meta property=\"og:image:width\" content=\"1500\" \/>\n\t<meta property=\"og:image:height\" content=\"1000\" \/>\n\t<meta property=\"og:image:type\" content=\"image\/jpeg\" \/>\n<meta name=\"author\" content=\"Marta Vidal\" \/>\n<meta name=\"twitter:card\" content=\"summary_large_image\" \/>\n<meta name=\"twitter:label1\" content=\"Escrito por\" \/>\n\t<meta name=\"twitter:data1\" content=\"Marta Vidal\" \/>\n\t<meta name=\"twitter:label2\" content=\"Tempo de lectura\" \/>\n\t<meta name=\"twitter:data2\" content=\"1 minuto\" \/>\n<script type=\"application\/ld+json\" class=\"yoast-schema-graph\">{\"@context\":\"https:\\\/\\\/schema.org\",\"@graph\":[{\"@type\":\"Article\",\"@id\":\"https:\\\/\\\/ccbierzo.com\\\/gl\\\/web-en-galego\\\/#article\",\"isPartOf\":{\"@id\":\"https:\\\/\\\/ccbierzo.com\\\/gl\\\/web-en-galego\\\/\"},\"author\":{\"name\":\"Marta Vidal\",\"@id\":\"https:\\\/\\\/ccbierzo.com\\\/gl\\\/#\\\/schema\\\/person\\\/4e9a8395b397b1d4b8695a5274072278\"},\"headline\":\"Web en galego\",\"datePublished\":\"2020-03-09T13:57:13+00:00\",\"dateModified\":\"2020-03-10T08:35:49+00:00\",\"mainEntityOfPage\":{\"@id\":\"https:\\\/\\\/ccbierzo.com\\\/gl\\\/web-en-galego\\\/\"},\"wordCount\":118,\"image\":{\"@id\":\"https:\\\/\\\/ccbierzo.com\\\/gl\\\/web-en-galego\\\/#primaryimage\"},\"thumbnailUrl\":\"https:\\\/\\\/ccbierzo.com\\\/wp-content\\\/uploads\\\/2020\\\/03\\\/villafranca-1.jpg\",\"keywords\":[\"Galego en O Bierzo\"],\"articleSection\":[\"Cultura\"],\"inLanguage\":\"gl-ES\"},{\"@type\":\"WebPage\",\"@id\":\"https:\\\/\\\/ccbierzo.com\\\/gl\\\/web-en-galego\\\/\",\"url\":\"https:\\\/\\\/ccbierzo.com\\\/gl\\\/web-en-galego\\\/\",\"name\":\"Web en galego - Consejo Comarcal del Bierzo\",\"isPartOf\":{\"@id\":\"https:\\\/\\\/ccbierzo.com\\\/gl\\\/#website\"},\"primaryImageOfPage\":{\"@id\":\"https:\\\/\\\/ccbierzo.com\\\/gl\\\/web-en-galego\\\/#primaryimage\"},\"image\":{\"@id\":\"https:\\\/\\\/ccbierzo.com\\\/gl\\\/web-en-galego\\\/#primaryimage\"},\"thumbnailUrl\":\"https:\\\/\\\/ccbierzo.com\\\/wp-content\\\/uploads\\\/2020\\\/03\\\/villafranca-1.jpg\",\"datePublished\":\"2020-03-09T13:57:13+00:00\",\"dateModified\":\"2020-03-10T08:35:49+00:00\",\"author\":{\"@id\":\"https:\\\/\\\/ccbierzo.com\\\/gl\\\/#\\\/schema\\\/person\\\/4e9a8395b397b1d4b8695a5274072278\"},\"breadcrumb\":{\"@id\":\"https:\\\/\\\/ccbierzo.com\\\/gl\\\/web-en-galego\\\/#breadcrumb\"},\"inLanguage\":\"gl-ES\",\"potentialAction\":[{\"@type\":\"ReadAction\",\"target\":[\"https:\\\/\\\/ccbierzo.com\\\/gl\\\/web-en-galego\\\/\"]}]},{\"@type\":\"ImageObject\",\"inLanguage\":\"gl-ES\",\"@id\":\"https:\\\/\\\/ccbierzo.com\\\/gl\\\/web-en-galego\\\/#primaryimage\",\"url\":\"https:\\\/\\\/ccbierzo.com\\\/wp-content\\\/uploads\\\/2020\\\/03\\\/villafranca-1.jpg\",\"contentUrl\":\"https:\\\/\\\/ccbierzo.com\\\/wp-content\\\/uploads\\\/2020\\\/03\\\/villafranca-1.jpg\",\"width\":1500,\"height\":1000,\"caption\":\"Xornadas Mart\u00edn Sarmiento\"},{\"@type\":\"BreadcrumbList\",\"@id\":\"https:\\\/\\\/ccbierzo.com\\\/gl\\\/web-en-galego\\\/#breadcrumb\",\"itemListElement\":[{\"@type\":\"ListItem\",\"position\":1,\"name\":\"Portada\",\"item\":\"https:\\\/\\\/ccbierzo.com\\\/gl\\\/\"},{\"@type\":\"ListItem\",\"position\":2,\"name\":\"Web en galego\"}]},{\"@type\":\"WebSite\",\"@id\":\"https:\\\/\\\/ccbierzo.com\\\/gl\\\/#website\",\"url\":\"https:\\\/\\\/ccbierzo.com\\\/gl\\\/\",\"name\":\"Consejo Comarcal del Bierzo\",\"description\":\"P\u00e1gina Oficial del Consejo Comarcal del Bierzo\",\"potentialAction\":[{\"@type\":\"SearchAction\",\"target\":{\"@type\":\"EntryPoint\",\"urlTemplate\":\"https:\\\/\\\/ccbierzo.com\\\/gl\\\/?s={search_term_string}\"},\"query-input\":{\"@type\":\"PropertyValueSpecification\",\"valueRequired\":true,\"valueName\":\"search_term_string\"}}],\"inLanguage\":\"gl-ES\"},{\"@type\":\"Person\",\"@id\":\"https:\\\/\\\/ccbierzo.com\\\/gl\\\/#\\\/schema\\\/person\\\/4e9a8395b397b1d4b8695a5274072278\",\"name\":\"Marta Vidal\"}]}<\/script>\n<!-- \/ Yoast SEO plugin. -->","yoast_head_json":{"title":"Web en galego - Consejo Comarcal del Bierzo","robots":{"index":"index","follow":"follow","max-snippet":"max-snippet:-1","max-image-preview":"max-image-preview:large","max-video-preview":"max-video-preview:-1"},"canonical":"https:\/\/ccbierzo.com\/gl\/web-en-galego\/","og_locale":"gl_ES","og_type":"article","og_title":"Web en galego - Consejo Comarcal del Bierzo","og_description":"O Consello Comarcal estrea web en galego coincidindo coa celebraci\u00f3n das XII Xornadas Mart\u00edn Sarmiento en Vilafranca do Bierzo. O presidente participou na ofrenda floral ao poeta Ram\u00f3n Gonz\u00e1lez Alegre.","og_url":"https:\/\/ccbierzo.com\/gl\/web-en-galego\/","og_site_name":"Consejo Comarcal del Bierzo","article_published_time":"2020-03-09T13:57:13+00:00","article_modified_time":"2020-03-10T08:35:49+00:00","og_image":[{"width":1500,"height":1000,"url":"https:\/\/ccbierzo.com\/wp-content\/uploads\/2020\/03\/villafranca-1.jpg","type":"image\/jpeg"}],"author":"Marta Vidal","twitter_card":"summary_large_image","twitter_misc":{"Escrito por":"Marta Vidal","Tempo de lectura":"1 minuto"},"schema":{"@context":"https:\/\/schema.org","@graph":[{"@type":"Article","@id":"https:\/\/ccbierzo.com\/gl\/web-en-galego\/#article","isPartOf":{"@id":"https:\/\/ccbierzo.com\/gl\/web-en-galego\/"},"author":{"name":"Marta Vidal","@id":"https:\/\/ccbierzo.com\/gl\/#\/schema\/person\/4e9a8395b397b1d4b8695a5274072278"},"headline":"Web en galego","datePublished":"2020-03-09T13:57:13+00:00","dateModified":"2020-03-10T08:35:49+00:00","mainEntityOfPage":{"@id":"https:\/\/ccbierzo.com\/gl\/web-en-galego\/"},"wordCount":118,"image":{"@id":"https:\/\/ccbierzo.com\/gl\/web-en-galego\/#primaryimage"},"thumbnailUrl":"https:\/\/ccbierzo.com\/wp-content\/uploads\/2020\/03\/villafranca-1.jpg","keywords":["Galego en O Bierzo"],"articleSection":["Cultura"],"inLanguage":"gl-ES"},{"@type":"WebPage","@id":"https:\/\/ccbierzo.com\/gl\/web-en-galego\/","url":"https:\/\/ccbierzo.com\/gl\/web-en-galego\/","name":"Web en galego - Consejo Comarcal del Bierzo","isPartOf":{"@id":"https:\/\/ccbierzo.com\/gl\/#website"},"primaryImageOfPage":{"@id":"https:\/\/ccbierzo.com\/gl\/web-en-galego\/#primaryimage"},"image":{"@id":"https:\/\/ccbierzo.com\/gl\/web-en-galego\/#primaryimage"},"thumbnailUrl":"https:\/\/ccbierzo.com\/wp-content\/uploads\/2020\/03\/villafranca-1.jpg","datePublished":"2020-03-09T13:57:13+00:00","dateModified":"2020-03-10T08:35:49+00:00","author":{"@id":"https:\/\/ccbierzo.com\/gl\/#\/schema\/person\/4e9a8395b397b1d4b8695a5274072278"},"breadcrumb":{"@id":"https:\/\/ccbierzo.com\/gl\/web-en-galego\/#breadcrumb"},"inLanguage":"gl-ES","potentialAction":[{"@type":"ReadAction","target":["https:\/\/ccbierzo.com\/gl\/web-en-galego\/"]}]},{"@type":"ImageObject","inLanguage":"gl-ES","@id":"https:\/\/ccbierzo.com\/gl\/web-en-galego\/#primaryimage","url":"https:\/\/ccbierzo.com\/wp-content\/uploads\/2020\/03\/villafranca-1.jpg","contentUrl":"https:\/\/ccbierzo.com\/wp-content\/uploads\/2020\/03\/villafranca-1.jpg","width":1500,"height":1000,"caption":"Xornadas Mart\u00edn Sarmiento"},{"@type":"BreadcrumbList","@id":"https:\/\/ccbierzo.com\/gl\/web-en-galego\/#breadcrumb","itemListElement":[{"@type":"ListItem","position":1,"name":"Portada","item":"https:\/\/ccbierzo.com\/gl\/"},{"@type":"ListItem","position":2,"name":"Web en galego"}]},{"@type":"WebSite","@id":"https:\/\/ccbierzo.com\/gl\/#website","url":"https:\/\/ccbierzo.com\/gl\/","name":"Consejo Comarcal del Bierzo","description":"P\u00e1gina Oficial del Consejo Comarcal del Bierzo","potentialAction":[{"@type":"SearchAction","target":{"@type":"EntryPoint","urlTemplate":"https:\/\/ccbierzo.com\/gl\/?s={search_term_string}"},"query-input":{"@type":"PropertyValueSpecification","valueRequired":true,"valueName":"search_term_string"}}],"inLanguage":"gl-ES"},{"@type":"Person","@id":"https:\/\/ccbierzo.com\/gl\/#\/schema\/person\/4e9a8395b397b1d4b8695a5274072278","name":"Marta Vidal"}]}},"_links":{"self":[{"href":"https:\/\/ccbierzo.com\/gl\/wp-json\/wp\/v2\/posts\/128176","targetHints":{"allow":["GET"]}}],"collection":[{"href":"https:\/\/ccbierzo.com\/gl\/wp-json\/wp\/v2\/posts"}],"about":[{"href":"https:\/\/ccbierzo.com\/gl\/wp-json\/wp\/v2\/types\/post"}],"author":[{"embeddable":true,"href":"https:\/\/ccbierzo.com\/gl\/wp-json\/wp\/v2\/users\/3"}],"replies":[{"embeddable":true,"href":"https:\/\/ccbierzo.com\/gl\/wp-json\/wp\/v2\/comments?post=128176"}],"version-history":[{"count":0,"href":"https:\/\/ccbierzo.com\/gl\/wp-json\/wp\/v2\/posts\/128176\/revisions"}],"wp:featuredmedia":[{"embeddable":true,"href":"https:\/\/ccbierzo.com\/gl\/wp-json\/wp\/v2\/media\/128173"}],"wp:attachment":[{"href":"https:\/\/ccbierzo.com\/gl\/wp-json\/wp\/v2\/media?parent=128176"}],"wp:term":[{"taxonomy":"category","embeddable":true,"href":"https:\/\/ccbierzo.com\/gl\/wp-json\/wp\/v2\/categories?post=128176"},{"taxonomy":"post_tag","embeddable":true,"href":"https:\/\/ccbierzo.com\/gl\/wp-json\/wp\/v2\/tags?post=128176"}],"curies":[{"name":"wp","href":"https:\/\/api.w.org\/{rel}","templated":true}]}}