{"id":128149,"date":"2020-03-06T11:27:26","date_gmt":"2020-03-06T10:27:26","guid":{"rendered":"https:\/\/ccbierzo.com\/candidato-a-rector\/"},"modified":"2020-03-09T13:44:32","modified_gmt":"2020-03-09T12:44:32","slug":"candidato-a-rector","status":"publish","type":"post","link":"https:\/\/ccbierzo.com\/gl\/candidato-a-rector\/","title":{"rendered":"Candidato a reitor"},"content":{"rendered":"<p>Os candidatos a rector da Universidade de Le\u00f3n visitar\u00f3n esta semana o Consello Conmarcal co fin de presentar os seus plans de futuro para o Campus de O Bierzo. Este martes foi o turno do actual rector. Juan Francisco Garc\u00eda Mar\u00edn estivo no Consello xunto ao seu equipo para reunirse con presidente e concretarlle os obsectivos para o Campus de El Bierzo no caso de ser reelexido. Un dos seus planes \u00e9 a\u00a0 implantaci\u00f3n de un grao de Programaci\u00f3n Inform\u00e1tica.<\/p>\n","protected":false},"excerpt":{"rendered":"<p>O presidente recibiu ao actual reitor da Universidade de Le\u00f3n e candidato \u00e1 reelecci\u00f3n. Juan Francisco Garc\u00eda Mar\u00edn presentou as s\u00e1s propostas para o Campus de O Bierzo.<\/p>\n","protected":false},"author":3,"featured_media":128148,"comment_status":"closed","ping_status":"open","sticky":false,"template":"","format":"standard","meta":{"_et_pb_use_builder":"","_et_pb_old_content":"","_et_gb_content_width":"","footnotes":""},"categories":[431],"tags":[433,432],"class_list":["post-128149","post","type-post","status-publish","format-standard","has-post-thumbnail","hentry","category-cultura-gl","tag-campus-de-o-bierzo","tag-universidad-de-leon-gl"],"yoast_head":"<!-- This site is optimized with the Yoast SEO plugin v27.3 - https:\/\/yoast.com\/product\/yoast-seo-wordpress\/ -->\n<title>Candidato a reitor - Consejo Comarcal del Bierzo<\/title>\n<meta name=\"robots\" content=\"index, follow, max-snippet:-1, max-image-preview:large, max-video-preview:-1\" \/>\n<link rel=\"canonical\" href=\"https:\/\/ccbierzo.com\/gl\/candidato-a-rector\/\" \/>\n<meta property=\"og:locale\" content=\"gl_ES\" \/>\n<meta property=\"og:type\" content=\"article\" \/>\n<meta property=\"og:title\" content=\"Candidato a reitor - Consejo Comarcal del Bierzo\" \/>\n<meta property=\"og:description\" content=\"O presidente recibiu ao actual reitor da Universidade de Le\u00f3n e candidato \u00e1 reelecci\u00f3n. Juan Francisco Garc\u00eda Mar\u00edn presentou as s\u00e1s propostas para o Campus de O Bierzo.\" \/>\n<meta property=\"og:url\" content=\"https:\/\/ccbierzo.com\/gl\/candidato-a-rector\/\" \/>\n<meta property=\"og:site_name\" content=\"Consejo Comarcal del Bierzo\" \/>\n<meta property=\"article:published_time\" content=\"2020-03-06T10:27:26+00:00\" \/>\n<meta property=\"article:modified_time\" content=\"2020-03-09T12:44:32+00:00\" \/>\n<meta property=\"og:image\" content=\"https:\/\/ccbierzo.com\/wp-content\/uploads\/2020\/03\/rector2-5.jpg\" \/>\n\t<meta property=\"og:image:width\" content=\"1500\" \/>\n\t<meta property=\"og:image:height\" content=\"1000\" \/>\n\t<meta property=\"og:image:type\" content=\"image\/jpeg\" \/>\n<meta name=\"author\" content=\"Marta Vidal\" \/>\n<meta name=\"twitter:card\" content=\"summary_large_image\" \/>\n<meta name=\"twitter:label1\" content=\"Escrito por\" \/>\n\t<meta name=\"twitter:data1\" content=\"Marta Vidal\" \/>\n<script type=\"application\/ld+json\" class=\"yoast-schema-graph\">{\"@context\":\"https:\\\/\\\/schema.org\",\"@graph\":[{\"@type\":\"Article\",\"@id\":\"https:\\\/\\\/ccbierzo.com\\\/gl\\\/candidato-a-rector\\\/#article\",\"isPartOf\":{\"@id\":\"https:\\\/\\\/ccbierzo.com\\\/gl\\\/candidato-a-rector\\\/\"},\"author\":{\"name\":\"Marta Vidal\",\"@id\":\"https:\\\/\\\/ccbierzo.com\\\/gl\\\/#\\\/schema\\\/person\\\/4e9a8395b397b1d4b8695a5274072278\"},\"headline\":\"Candidato a reitor\",\"datePublished\":\"2020-03-06T10:27:26+00:00\",\"dateModified\":\"2020-03-09T12:44:32+00:00\",\"mainEntityOfPage\":{\"@id\":\"https:\\\/\\\/ccbierzo.com\\\/gl\\\/candidato-a-rector\\\/\"},\"wordCount\":89,\"image\":{\"@id\":\"https:\\\/\\\/ccbierzo.com\\\/gl\\\/candidato-a-rector\\\/#primaryimage\"},\"thumbnailUrl\":\"https:\\\/\\\/ccbierzo.com\\\/wp-content\\\/uploads\\\/2020\\\/03\\\/rector2-5.jpg\",\"keywords\":[\"Campus de O Bierzo\",\"Universidad de Le\u00f3n\"],\"articleSection\":[\"Cultura\"],\"inLanguage\":\"gl-ES\"},{\"@type\":\"WebPage\",\"@id\":\"https:\\\/\\\/ccbierzo.com\\\/gl\\\/candidato-a-rector\\\/\",\"url\":\"https:\\\/\\\/ccbierzo.com\\\/gl\\\/candidato-a-rector\\\/\",\"name\":\"Candidato a reitor - Consejo Comarcal del Bierzo\",\"isPartOf\":{\"@id\":\"https:\\\/\\\/ccbierzo.com\\\/gl\\\/#website\"},\"primaryImageOfPage\":{\"@id\":\"https:\\\/\\\/ccbierzo.com\\\/gl\\\/candidato-a-rector\\\/#primaryimage\"},\"image\":{\"@id\":\"https:\\\/\\\/ccbierzo.com\\\/gl\\\/candidato-a-rector\\\/#primaryimage\"},\"thumbnailUrl\":\"https:\\\/\\\/ccbierzo.com\\\/wp-content\\\/uploads\\\/2020\\\/03\\\/rector2-5.jpg\",\"datePublished\":\"2020-03-06T10:27:26+00:00\",\"dateModified\":\"2020-03-09T12:44:32+00:00\",\"author\":{\"@id\":\"https:\\\/\\\/ccbierzo.com\\\/gl\\\/#\\\/schema\\\/person\\\/4e9a8395b397b1d4b8695a5274072278\"},\"breadcrumb\":{\"@id\":\"https:\\\/\\\/ccbierzo.com\\\/gl\\\/candidato-a-rector\\\/#breadcrumb\"},\"inLanguage\":\"gl-ES\",\"potentialAction\":[{\"@type\":\"ReadAction\",\"target\":[\"https:\\\/\\\/ccbierzo.com\\\/gl\\\/candidato-a-rector\\\/\"]}]},{\"@type\":\"ImageObject\",\"inLanguage\":\"gl-ES\",\"@id\":\"https:\\\/\\\/ccbierzo.com\\\/gl\\\/candidato-a-rector\\\/#primaryimage\",\"url\":\"https:\\\/\\\/ccbierzo.com\\\/wp-content\\\/uploads\\\/2020\\\/03\\\/rector2-5.jpg\",\"contentUrl\":\"https:\\\/\\\/ccbierzo.com\\\/wp-content\\\/uploads\\\/2020\\\/03\\\/rector2-5.jpg\",\"width\":1500,\"height\":1000,\"caption\":\"Visita do reitor\"},{\"@type\":\"BreadcrumbList\",\"@id\":\"https:\\\/\\\/ccbierzo.com\\\/gl\\\/candidato-a-rector\\\/#breadcrumb\",\"itemListElement\":[{\"@type\":\"ListItem\",\"position\":1,\"name\":\"Portada\",\"item\":\"https:\\\/\\\/ccbierzo.com\\\/gl\\\/\"},{\"@type\":\"ListItem\",\"position\":2,\"name\":\"Candidato a reitor\"}]},{\"@type\":\"WebSite\",\"@id\":\"https:\\\/\\\/ccbierzo.com\\\/gl\\\/#website\",\"url\":\"https:\\\/\\\/ccbierzo.com\\\/gl\\\/\",\"name\":\"Consejo Comarcal del Bierzo\",\"description\":\"P\u00e1gina Oficial del Consejo Comarcal del Bierzo\",\"potentialAction\":[{\"@type\":\"SearchAction\",\"target\":{\"@type\":\"EntryPoint\",\"urlTemplate\":\"https:\\\/\\\/ccbierzo.com\\\/gl\\\/?s={search_term_string}\"},\"query-input\":{\"@type\":\"PropertyValueSpecification\",\"valueRequired\":true,\"valueName\":\"search_term_string\"}}],\"inLanguage\":\"gl-ES\"},{\"@type\":\"Person\",\"@id\":\"https:\\\/\\\/ccbierzo.com\\\/gl\\\/#\\\/schema\\\/person\\\/4e9a8395b397b1d4b8695a5274072278\",\"name\":\"Marta Vidal\"}]}<\/script>\n<!-- \/ Yoast SEO plugin. -->","yoast_head_json":{"title":"Candidato a reitor - Consejo Comarcal del Bierzo","robots":{"index":"index","follow":"follow","max-snippet":"max-snippet:-1","max-image-preview":"max-image-preview:large","max-video-preview":"max-video-preview:-1"},"canonical":"https:\/\/ccbierzo.com\/gl\/candidato-a-rector\/","og_locale":"gl_ES","og_type":"article","og_title":"Candidato a reitor - Consejo Comarcal del Bierzo","og_description":"O presidente recibiu ao actual reitor da Universidade de Le\u00f3n e candidato \u00e1 reelecci\u00f3n. Juan Francisco Garc\u00eda Mar\u00edn presentou as s\u00e1s propostas para o Campus de O Bierzo.","og_url":"https:\/\/ccbierzo.com\/gl\/candidato-a-rector\/","og_site_name":"Consejo Comarcal del Bierzo","article_published_time":"2020-03-06T10:27:26+00:00","article_modified_time":"2020-03-09T12:44:32+00:00","og_image":[{"width":1500,"height":1000,"url":"https:\/\/ccbierzo.com\/wp-content\/uploads\/2020\/03\/rector2-5.jpg","type":"image\/jpeg"}],"author":"Marta Vidal","twitter_card":"summary_large_image","twitter_misc":{"Escrito por":"Marta Vidal"},"schema":{"@context":"https:\/\/schema.org","@graph":[{"@type":"Article","@id":"https:\/\/ccbierzo.com\/gl\/candidato-a-rector\/#article","isPartOf":{"@id":"https:\/\/ccbierzo.com\/gl\/candidato-a-rector\/"},"author":{"name":"Marta Vidal","@id":"https:\/\/ccbierzo.com\/gl\/#\/schema\/person\/4e9a8395b397b1d4b8695a5274072278"},"headline":"Candidato a reitor","datePublished":"2020-03-06T10:27:26+00:00","dateModified":"2020-03-09T12:44:32+00:00","mainEntityOfPage":{"@id":"https:\/\/ccbierzo.com\/gl\/candidato-a-rector\/"},"wordCount":89,"image":{"@id":"https:\/\/ccbierzo.com\/gl\/candidato-a-rector\/#primaryimage"},"thumbnailUrl":"https:\/\/ccbierzo.com\/wp-content\/uploads\/2020\/03\/rector2-5.jpg","keywords":["Campus de O Bierzo","Universidad de Le\u00f3n"],"articleSection":["Cultura"],"inLanguage":"gl-ES"},{"@type":"WebPage","@id":"https:\/\/ccbierzo.com\/gl\/candidato-a-rector\/","url":"https:\/\/ccbierzo.com\/gl\/candidato-a-rector\/","name":"Candidato a reitor - Consejo Comarcal del Bierzo","isPartOf":{"@id":"https:\/\/ccbierzo.com\/gl\/#website"},"primaryImageOfPage":{"@id":"https:\/\/ccbierzo.com\/gl\/candidato-a-rector\/#primaryimage"},"image":{"@id":"https:\/\/ccbierzo.com\/gl\/candidato-a-rector\/#primaryimage"},"thumbnailUrl":"https:\/\/ccbierzo.com\/wp-content\/uploads\/2020\/03\/rector2-5.jpg","datePublished":"2020-03-06T10:27:26+00:00","dateModified":"2020-03-09T12:44:32+00:00","author":{"@id":"https:\/\/ccbierzo.com\/gl\/#\/schema\/person\/4e9a8395b397b1d4b8695a5274072278"},"breadcrumb":{"@id":"https:\/\/ccbierzo.com\/gl\/candidato-a-rector\/#breadcrumb"},"inLanguage":"gl-ES","potentialAction":[{"@type":"ReadAction","target":["https:\/\/ccbierzo.com\/gl\/candidato-a-rector\/"]}]},{"@type":"ImageObject","inLanguage":"gl-ES","@id":"https:\/\/ccbierzo.com\/gl\/candidato-a-rector\/#primaryimage","url":"https:\/\/ccbierzo.com\/wp-content\/uploads\/2020\/03\/rector2-5.jpg","contentUrl":"https:\/\/ccbierzo.com\/wp-content\/uploads\/2020\/03\/rector2-5.jpg","width":1500,"height":1000,"caption":"Visita do reitor"},{"@type":"BreadcrumbList","@id":"https:\/\/ccbierzo.com\/gl\/candidato-a-rector\/#breadcrumb","itemListElement":[{"@type":"ListItem","position":1,"name":"Portada","item":"https:\/\/ccbierzo.com\/gl\/"},{"@type":"ListItem","position":2,"name":"Candidato a reitor"}]},{"@type":"WebSite","@id":"https:\/\/ccbierzo.com\/gl\/#website","url":"https:\/\/ccbierzo.com\/gl\/","name":"Consejo Comarcal del Bierzo","description":"P\u00e1gina Oficial del Consejo Comarcal del Bierzo","potentialAction":[{"@type":"SearchAction","target":{"@type":"EntryPoint","urlTemplate":"https:\/\/ccbierzo.com\/gl\/?s={search_term_string}"},"query-input":{"@type":"PropertyValueSpecification","valueRequired":true,"valueName":"search_term_string"}}],"inLanguage":"gl-ES"},{"@type":"Person","@id":"https:\/\/ccbierzo.com\/gl\/#\/schema\/person\/4e9a8395b397b1d4b8695a5274072278","name":"Marta Vidal"}]}},"_links":{"self":[{"href":"https:\/\/ccbierzo.com\/gl\/wp-json\/wp\/v2\/posts\/128149","targetHints":{"allow":["GET"]}}],"collection":[{"href":"https:\/\/ccbierzo.com\/gl\/wp-json\/wp\/v2\/posts"}],"about":[{"href":"https:\/\/ccbierzo.com\/gl\/wp-json\/wp\/v2\/types\/post"}],"author":[{"embeddable":true,"href":"https:\/\/ccbierzo.com\/gl\/wp-json\/wp\/v2\/users\/3"}],"replies":[{"embeddable":true,"href":"https:\/\/ccbierzo.com\/gl\/wp-json\/wp\/v2\/comments?post=128149"}],"version-history":[{"count":0,"href":"https:\/\/ccbierzo.com\/gl\/wp-json\/wp\/v2\/posts\/128149\/revisions"}],"wp:featuredmedia":[{"embeddable":true,"href":"https:\/\/ccbierzo.com\/gl\/wp-json\/wp\/v2\/media\/128148"}],"wp:attachment":[{"href":"https:\/\/ccbierzo.com\/gl\/wp-json\/wp\/v2\/media?parent=128149"}],"wp:term":[{"taxonomy":"category","embeddable":true,"href":"https:\/\/ccbierzo.com\/gl\/wp-json\/wp\/v2\/categories?post=128149"},{"taxonomy":"post_tag","embeddable":true,"href":"https:\/\/ccbierzo.com\/gl\/wp-json\/wp\/v2\/tags?post=128149"}],"curies":[{"name":"wp","href":"https:\/\/api.w.org\/{rel}","templated":true}]}}