{"id":127778,"date":"2020-02-18T13:40:15","date_gmt":"2020-02-18T12:40:15","guid":{"rendered":"https:\/\/ccbierzo.com\/?p=127778"},"modified":"2020-02-18T13:46:59","modified_gmt":"2020-02-18T12:46:59","slug":"poda-de-invierno","status":"publish","type":"post","link":"https:\/\/ccbierzo.com\/gl\/poda-de-invierno\/","title":{"rendered":"Poda de invierno"},"content":{"rendered":"<p>El nombre completo de esta actividad formativa es <strong><em>\u2018Curso de poda de invierno y formaci\u00f3n en vaso y espaldera\u2019<\/em><\/strong> y se impart<strong>e hasta el 28 de febrero<\/strong>, de 9:00 a 13:00 horas.<\/p>\n<p>Es un taller fundamentalmente pr\u00e1ctico. Todas las clases se desarrollan en el campo y, entre otras actividades, el alumnado participa en la <strong>recuperaci\u00f3n de una vi\u00f1a para producci\u00f3n<\/strong>.<\/p>\n<p>El taller cuenta con <strong>15 plazas<\/strong> para emprendedores y agricultores profesionales que quieran ampliar sus conocimientos. Tendr\u00e1n prioridad los demandantes del Banco de Tierras.<\/p>\n<p>Esta actividad forma parte de la campa\u00f1a iniciada por el Consejo Comarcal, a trav\u00e9s del Banco de Tierras, para la<strong> recuperaci\u00f3n de vi\u00f1edos en El Bierzo<\/strong>. Est\u00e1 previsto que en mayo se imparta un taller sobre la poda en verde.<\/p>\n<p><img loading=\"lazy\" decoding=\"async\" class=\"aligncenter size-large wp-image-127781\" src=\"https:\/\/ccbierzo.com\/wp-content\/uploads\/2020\/02\/poda2-1024x683.jpg\" alt=\"\" width=\"1024\" height=\"683\" srcset=\"https:\/\/ccbierzo.com\/wp-content\/uploads\/2020\/02\/poda2-1024x683.jpg 1024w, https:\/\/ccbierzo.com\/wp-content\/uploads\/2020\/02\/poda2-980x653.jpg 980w, https:\/\/ccbierzo.com\/wp-content\/uploads\/2020\/02\/poda2-480x320.jpg 480w\" sizes=\"(min-width: 0px) and (max-width: 480px) 480px, (min-width: 481px) and (max-width: 980px) 980px, (min-width: 981px) 1024px, 100vw\" \/> <img loading=\"lazy\" decoding=\"async\" class=\"aligncenter size-full wp-image-127783\" src=\"https:\/\/ccbierzo.com\/wp-content\/uploads\/2020\/02\/poda7.jpg\" alt=\"\" width=\"908\" height=\"606\" srcset=\"https:\/\/ccbierzo.com\/wp-content\/uploads\/2020\/02\/poda7.jpg 908w, https:\/\/ccbierzo.com\/wp-content\/uploads\/2020\/02\/poda7-480x320.jpg 480w\" sizes=\"(min-width: 0px) and (max-width: 480px) 480px, (min-width: 481px) 908px, 100vw\" \/><\/p>\n","protected":false},"excerpt":{"rendered":"<p>El Banco de Tierras imparte un taller gratuito de poda de vides. Una de las actividades consiste en la recuperaci\u00f3n de un vi\u00f1edo para producci\u00f3n.  En mayo se celebr\u00e1 una nueva edici\u00f3n dedicada a la poda en verde.<\/p>\n","protected":false},"author":3,"featured_media":127779,"comment_status":"closed","ping_status":"open","sticky":false,"template":"","format":"standard","meta":{"_et_pb_use_builder":"","_et_pb_old_content":"","_et_gb_content_width":"","footnotes":""},"categories":[396,75],"tags":[125],"class_list":["post-127778","post","type-post","status-publish","format-standard","has-post-thumbnail","hentry","category-banco-de-tierras","category-formacion","tag-banco-de-tierras"],"yoast_head":"<!-- This site is optimized with the Yoast SEO plugin v27.3 - https:\/\/yoast.com\/product\/yoast-seo-wordpress\/ -->\n<title>Taller de poda de vi\u00f1edo - Consejo Comarcal del Bierzo<\/title>\n<meta name=\"description\" content=\"El Banco de Tierras imparte un taller gratuito de poda de vides. Una de las actividades consiste en la recuperaci\u00f3n de un vi\u00f1edo para producci\u00f3n.\" \/>\n<meta name=\"robots\" content=\"index, follow, max-snippet:-1, max-image-preview:large, max-video-preview:-1\" \/>\n<link rel=\"canonical\" href=\"https:\/\/ccbierzo.com\/poda-de-invierno\/\" \/>\n<meta property=\"og:locale\" content=\"gl_ES\" \/>\n<meta property=\"og:type\" content=\"article\" \/>\n<meta property=\"og:title\" content=\"Taller de poda de vi\u00f1edos - Consejo Comarcal del Bierzo\" \/>\n<meta property=\"og:description\" content=\"El Banco de Tierras imparte un taller gratuito de poda de vides. Una de las actividades consiste en la recuperaci\u00f3n de un vi\u00f1edo para producci\u00f3n.\" \/>\n<meta property=\"og:url\" content=\"https:\/\/ccbierzo.com\/poda-de-invierno\/\" \/>\n<meta property=\"og:site_name\" content=\"Consejo Comarcal del Bierzo\" \/>\n<meta property=\"article:published_time\" content=\"2020-02-18T12:40:15+00:00\" \/>\n<meta property=\"article:modified_time\" content=\"2020-02-18T12:46:59+00:00\" \/>\n<meta property=\"og:image\" content=\"https:\/\/ccbierzo.com\/wp-content\/uploads\/2020\/02\/poda1.jpg\" \/>\n\t<meta property=\"og:image:width\" content=\"1200\" \/>\n\t<meta property=\"og:image:height\" content=\"800\" \/>\n\t<meta property=\"og:image:type\" content=\"image\/jpeg\" \/>\n<meta name=\"author\" content=\"Marta Vidal\" \/>\n<meta name=\"twitter:card\" content=\"summary_large_image\" \/>\n<meta name=\"twitter:label1\" content=\"Escrito por\" \/>\n\t<meta name=\"twitter:data1\" content=\"Marta Vidal\" \/>\n\t<meta name=\"twitter:label2\" content=\"Tempo de lectura\" \/>\n\t<meta name=\"twitter:data2\" content=\"1 minuto\" \/>\n<script type=\"application\/ld+json\" class=\"yoast-schema-graph\">{\"@context\":\"https:\\\/\\\/schema.org\",\"@graph\":[{\"@type\":\"Article\",\"@id\":\"https:\\\/\\\/ccbierzo.com\\\/poda-de-invierno\\\/#article\",\"isPartOf\":{\"@id\":\"https:\\\/\\\/ccbierzo.com\\\/poda-de-invierno\\\/\"},\"author\":{\"name\":\"Marta Vidal\",\"@id\":\"https:\\\/\\\/ccbierzo.com\\\/gl\\\/#\\\/schema\\\/person\\\/4e9a8395b397b1d4b8695a5274072278\"},\"headline\":\"Poda de invierno\",\"datePublished\":\"2020-02-18T12:40:15+00:00\",\"dateModified\":\"2020-02-18T12:46:59+00:00\",\"mainEntityOfPage\":{\"@id\":\"https:\\\/\\\/ccbierzo.com\\\/poda-de-invierno\\\/\"},\"wordCount\":133,\"image\":{\"@id\":\"https:\\\/\\\/ccbierzo.com\\\/poda-de-invierno\\\/#primaryimage\"},\"thumbnailUrl\":\"https:\\\/\\\/ccbierzo.com\\\/wp-content\\\/uploads\\\/2020\\\/02\\\/poda1.jpg\",\"keywords\":[\"Banco de Tierras\"],\"articleSection\":[\"Banco de Tierras\",\"Formaci\u00f3n\"],\"inLanguage\":\"gl-ES\"},{\"@type\":\"WebPage\",\"@id\":\"https:\\\/\\\/ccbierzo.com\\\/poda-de-invierno\\\/\",\"url\":\"https:\\\/\\\/ccbierzo.com\\\/poda-de-invierno\\\/\",\"name\":\"Taller de poda de vi\u00f1edo - Consejo Comarcal del Bierzo\",\"isPartOf\":{\"@id\":\"https:\\\/\\\/ccbierzo.com\\\/gl\\\/#website\"},\"primaryImageOfPage\":{\"@id\":\"https:\\\/\\\/ccbierzo.com\\\/poda-de-invierno\\\/#primaryimage\"},\"image\":{\"@id\":\"https:\\\/\\\/ccbierzo.com\\\/poda-de-invierno\\\/#primaryimage\"},\"thumbnailUrl\":\"https:\\\/\\\/ccbierzo.com\\\/wp-content\\\/uploads\\\/2020\\\/02\\\/poda1.jpg\",\"datePublished\":\"2020-02-18T12:40:15+00:00\",\"dateModified\":\"2020-02-18T12:46:59+00:00\",\"author\":{\"@id\":\"https:\\\/\\\/ccbierzo.com\\\/gl\\\/#\\\/schema\\\/person\\\/4e9a8395b397b1d4b8695a5274072278\"},\"description\":\"El Banco de Tierras imparte un taller gratuito de poda de vides. Una de las actividades consiste en la recuperaci\u00f3n de un vi\u00f1edo para producci\u00f3n.\",\"breadcrumb\":{\"@id\":\"https:\\\/\\\/ccbierzo.com\\\/poda-de-invierno\\\/#breadcrumb\"},\"inLanguage\":\"gl-ES\",\"potentialAction\":[{\"@type\":\"ReadAction\",\"target\":[\"https:\\\/\\\/ccbierzo.com\\\/poda-de-invierno\\\/\"]}]},{\"@type\":\"ImageObject\",\"inLanguage\":\"gl-ES\",\"@id\":\"https:\\\/\\\/ccbierzo.com\\\/poda-de-invierno\\\/#primaryimage\",\"url\":\"https:\\\/\\\/ccbierzo.com\\\/wp-content\\\/uploads\\\/2020\\\/02\\\/poda1.jpg\",\"contentUrl\":\"https:\\\/\\\/ccbierzo.com\\\/wp-content\\\/uploads\\\/2020\\\/02\\\/poda1.jpg\",\"width\":1200,\"height\":800,\"caption\":\"Taller poda de invierno\"},{\"@type\":\"BreadcrumbList\",\"@id\":\"https:\\\/\\\/ccbierzo.com\\\/poda-de-invierno\\\/#breadcrumb\",\"itemListElement\":[{\"@type\":\"ListItem\",\"position\":1,\"name\":\"Portada\",\"item\":\"https:\\\/\\\/ccbierzo.com\\\/gl\\\/\"},{\"@type\":\"ListItem\",\"position\":2,\"name\":\"Poda de invierno\"}]},{\"@type\":\"WebSite\",\"@id\":\"https:\\\/\\\/ccbierzo.com\\\/gl\\\/#website\",\"url\":\"https:\\\/\\\/ccbierzo.com\\\/gl\\\/\",\"name\":\"Consejo Comarcal del Bierzo\",\"description\":\"P\u00e1gina Oficial del Consejo Comarcal del Bierzo\",\"potentialAction\":[{\"@type\":\"SearchAction\",\"target\":{\"@type\":\"EntryPoint\",\"urlTemplate\":\"https:\\\/\\\/ccbierzo.com\\\/gl\\\/?s={search_term_string}\"},\"query-input\":{\"@type\":\"PropertyValueSpecification\",\"valueRequired\":true,\"valueName\":\"search_term_string\"}}],\"inLanguage\":\"gl-ES\"},{\"@type\":\"Person\",\"@id\":\"https:\\\/\\\/ccbierzo.com\\\/gl\\\/#\\\/schema\\\/person\\\/4e9a8395b397b1d4b8695a5274072278\",\"name\":\"Marta Vidal\"}]}<\/script>\n<!-- \/ Yoast SEO plugin. -->","yoast_head_json":{"title":"Taller de poda de vi\u00f1edo - Consejo Comarcal del Bierzo","description":"El Banco de Tierras imparte un taller gratuito de poda de vides. Una de las actividades consiste en la recuperaci\u00f3n de un vi\u00f1edo para producci\u00f3n.","robots":{"index":"index","follow":"follow","max-snippet":"max-snippet:-1","max-image-preview":"max-image-preview:large","max-video-preview":"max-video-preview:-1"},"canonical":"https:\/\/ccbierzo.com\/poda-de-invierno\/","og_locale":"gl_ES","og_type":"article","og_title":"Taller de poda de vi\u00f1edos - Consejo Comarcal del Bierzo","og_description":"El Banco de Tierras imparte un taller gratuito de poda de vides. Una de las actividades consiste en la recuperaci\u00f3n de un vi\u00f1edo para producci\u00f3n.","og_url":"https:\/\/ccbierzo.com\/poda-de-invierno\/","og_site_name":"Consejo Comarcal del Bierzo","article_published_time":"2020-02-18T12:40:15+00:00","article_modified_time":"2020-02-18T12:46:59+00:00","og_image":[{"width":1200,"height":800,"url":"https:\/\/ccbierzo.com\/wp-content\/uploads\/2020\/02\/poda1.jpg","type":"image\/jpeg"}],"author":"Marta Vidal","twitter_card":"summary_large_image","twitter_misc":{"Escrito por":"Marta Vidal","Tempo de lectura":"1 minuto"},"schema":{"@context":"https:\/\/schema.org","@graph":[{"@type":"Article","@id":"https:\/\/ccbierzo.com\/poda-de-invierno\/#article","isPartOf":{"@id":"https:\/\/ccbierzo.com\/poda-de-invierno\/"},"author":{"name":"Marta Vidal","@id":"https:\/\/ccbierzo.com\/gl\/#\/schema\/person\/4e9a8395b397b1d4b8695a5274072278"},"headline":"Poda de invierno","datePublished":"2020-02-18T12:40:15+00:00","dateModified":"2020-02-18T12:46:59+00:00","mainEntityOfPage":{"@id":"https:\/\/ccbierzo.com\/poda-de-invierno\/"},"wordCount":133,"image":{"@id":"https:\/\/ccbierzo.com\/poda-de-invierno\/#primaryimage"},"thumbnailUrl":"https:\/\/ccbierzo.com\/wp-content\/uploads\/2020\/02\/poda1.jpg","keywords":["Banco de Tierras"],"articleSection":["Banco de Tierras","Formaci\u00f3n"],"inLanguage":"gl-ES"},{"@type":"WebPage","@id":"https:\/\/ccbierzo.com\/poda-de-invierno\/","url":"https:\/\/ccbierzo.com\/poda-de-invierno\/","name":"Taller de poda de vi\u00f1edo - Consejo Comarcal del Bierzo","isPartOf":{"@id":"https:\/\/ccbierzo.com\/gl\/#website"},"primaryImageOfPage":{"@id":"https:\/\/ccbierzo.com\/poda-de-invierno\/#primaryimage"},"image":{"@id":"https:\/\/ccbierzo.com\/poda-de-invierno\/#primaryimage"},"thumbnailUrl":"https:\/\/ccbierzo.com\/wp-content\/uploads\/2020\/02\/poda1.jpg","datePublished":"2020-02-18T12:40:15+00:00","dateModified":"2020-02-18T12:46:59+00:00","author":{"@id":"https:\/\/ccbierzo.com\/gl\/#\/schema\/person\/4e9a8395b397b1d4b8695a5274072278"},"description":"El Banco de Tierras imparte un taller gratuito de poda de vides. Una de las actividades consiste en la recuperaci\u00f3n de un vi\u00f1edo para producci\u00f3n.","breadcrumb":{"@id":"https:\/\/ccbierzo.com\/poda-de-invierno\/#breadcrumb"},"inLanguage":"gl-ES","potentialAction":[{"@type":"ReadAction","target":["https:\/\/ccbierzo.com\/poda-de-invierno\/"]}]},{"@type":"ImageObject","inLanguage":"gl-ES","@id":"https:\/\/ccbierzo.com\/poda-de-invierno\/#primaryimage","url":"https:\/\/ccbierzo.com\/wp-content\/uploads\/2020\/02\/poda1.jpg","contentUrl":"https:\/\/ccbierzo.com\/wp-content\/uploads\/2020\/02\/poda1.jpg","width":1200,"height":800,"caption":"Taller poda de invierno"},{"@type":"BreadcrumbList","@id":"https:\/\/ccbierzo.com\/poda-de-invierno\/#breadcrumb","itemListElement":[{"@type":"ListItem","position":1,"name":"Portada","item":"https:\/\/ccbierzo.com\/gl\/"},{"@type":"ListItem","position":2,"name":"Poda de invierno"}]},{"@type":"WebSite","@id":"https:\/\/ccbierzo.com\/gl\/#website","url":"https:\/\/ccbierzo.com\/gl\/","name":"Consejo Comarcal del Bierzo","description":"P\u00e1gina Oficial del Consejo Comarcal del Bierzo","potentialAction":[{"@type":"SearchAction","target":{"@type":"EntryPoint","urlTemplate":"https:\/\/ccbierzo.com\/gl\/?s={search_term_string}"},"query-input":{"@type":"PropertyValueSpecification","valueRequired":true,"valueName":"search_term_string"}}],"inLanguage":"gl-ES"},{"@type":"Person","@id":"https:\/\/ccbierzo.com\/gl\/#\/schema\/person\/4e9a8395b397b1d4b8695a5274072278","name":"Marta Vidal"}]}},"_links":{"self":[{"href":"https:\/\/ccbierzo.com\/gl\/wp-json\/wp\/v2\/posts\/127778","targetHints":{"allow":["GET"]}}],"collection":[{"href":"https:\/\/ccbierzo.com\/gl\/wp-json\/wp\/v2\/posts"}],"about":[{"href":"https:\/\/ccbierzo.com\/gl\/wp-json\/wp\/v2\/types\/post"}],"author":[{"embeddable":true,"href":"https:\/\/ccbierzo.com\/gl\/wp-json\/wp\/v2\/users\/3"}],"replies":[{"embeddable":true,"href":"https:\/\/ccbierzo.com\/gl\/wp-json\/wp\/v2\/comments?post=127778"}],"version-history":[{"count":0,"href":"https:\/\/ccbierzo.com\/gl\/wp-json\/wp\/v2\/posts\/127778\/revisions"}],"wp:featuredmedia":[{"embeddable":true,"href":"https:\/\/ccbierzo.com\/gl\/wp-json\/wp\/v2\/media\/127779"}],"wp:attachment":[{"href":"https:\/\/ccbierzo.com\/gl\/wp-json\/wp\/v2\/media?parent=127778"}],"wp:term":[{"taxonomy":"category","embeddable":true,"href":"https:\/\/ccbierzo.com\/gl\/wp-json\/wp\/v2\/categories?post=127778"},{"taxonomy":"post_tag","embeddable":true,"href":"https:\/\/ccbierzo.com\/gl\/wp-json\/wp\/v2\/tags?post=127778"}],"curies":[{"name":"wp","href":"https:\/\/api.w.org\/{rel}","templated":true}]}}