{"id":127646,"date":"2020-01-29T09:43:40","date_gmt":"2020-01-29T08:43:40","guid":{"rendered":"https:\/\/ccbierzo.com\/?p=127646"},"modified":"2020-01-29T10:08:26","modified_gmt":"2020-01-29T09:08:26","slug":"plan-de-igualdad","status":"publish","type":"post","link":"https:\/\/ccbierzo.com\/gl\/plan-de-igualdad\/","title":{"rendered":"Plan de Igualdad"},"content":{"rendered":"<p>El Consejo Comarcal aprobar\u00e1 el cuarto Plan de Igualdad y contra las Violencias Machistas. Fue el anuncio que realiz\u00f3 este martes el presidente en el acto de inauguraci\u00f3n de la Jornada &#8216;Violencia de G\u00e9nero y Pacto de Estado&#8217;, organizada en Ponferrada por la Subdelegaci\u00f3n del Gobierno en Le\u00f3n. Gerardo \u00c1lvarez Courel adelant\u00f3 que uno de las actuaci\u00f3nes ser\u00eda la creaci\u00f3n de un Observatorio de Violencia de G\u00e9nero, para el que pidi\u00f3 el apoyo de otras administraciones. &#8220;Por desgracia, el Consejo Comarcal es un administraci\u00f3n con recursos limitados, por ello aprovecho este momento para pedir el apoyo institucional&#8221;, a\u00f1adi\u00f3.<\/p>\n<div id=\"attachment_127652\" style=\"width: 1034px\" class=\"wp-caption aligncenter\"><img loading=\"lazy\" decoding=\"async\" aria-describedby=\"caption-attachment-127652\" class=\"size-large wp-image-127652\" src=\"https:\/\/ccbierzo.com\/wp-content\/uploads\/2020\/01\/jornadas-violencia-2-1024x672.jpg\" alt=\"P\u00fablico asistente a la jornada\" width=\"1024\" height=\"672\" srcset=\"https:\/\/ccbierzo.com\/wp-content\/uploads\/2020\/01\/jornadas-violencia-2-980x643.jpg 980w, https:\/\/ccbierzo.com\/wp-content\/uploads\/2020\/01\/jornadas-violencia-2-480x315.jpg 480w\" sizes=\"(min-width: 0px) and (max-width: 480px) 480px, (min-width: 481px) and (max-width: 980px) 980px, (min-width: 981px) 1024px, 100vw\" \/><p id=\"caption-attachment-127652\" class=\"wp-caption-text\">La jornada se celebr\u00f3 en el Castillo de los Templarios de Ponferrada.<\/p><\/div>\n<p>La jornada reuni\u00f3 en el Castillo de los Templarios al alcalde de Ponferrada, Olegario Ram\u00f3n; el subdelegado de Gobierno, Faustino S\u00e1nchez; la delegada del Gobierno para la Violencia de G\u00e9nero, Rebeca Palomo, y la delegada del Gobierno en Castilla y Le\u00f3n, Mercedes Mart\u00edn. Todas las autoridades presentes iniciaron sus intervenciones con un recuerdo a las siete v\u00edctimas mortales de 2020, la \u00faltima asesinada este martes presuntamente por su pareja en Sant Joan Desp\u00ed.<\/p>\n<div id=\"attachment_127654\" style=\"width: 955px\" class=\"wp-caption aligncenter\"><img loading=\"lazy\" decoding=\"async\" aria-describedby=\"caption-attachment-127654\" class=\"size-full wp-image-127654\" src=\"https:\/\/ccbierzo.com\/wp-content\/uploads\/2020\/01\/delegada-gobierno-castilla-leon.jpg\" alt=\"Delegada del Gobierno en Castilla y Le\u00f3n, Mercedes Mart\u00edn.\" width=\"945\" height=\"620\" srcset=\"https:\/\/ccbierzo.com\/wp-content\/uploads\/2020\/01\/delegada-gobierno-castilla-leon.jpg 945w, https:\/\/ccbierzo.com\/wp-content\/uploads\/2020\/01\/delegada-gobierno-castilla-leon-480x315.jpg 480w\" sizes=\"(min-width: 0px) and (max-width: 480px) 480px, (min-width: 481px) 945px, 100vw\" \/><p id=\"caption-attachment-127654\" class=\"wp-caption-text\">Delegada del Gobierno en Castilla y Le\u00f3n, Mercedes Mart\u00edn.<\/p><\/div>\n","protected":false},"excerpt":{"rendered":"<p>El presidente interviene en la inauguraci\u00f3n de la Jornada &#8216;Violencia de G\u00e9nero y Pacto de Estado&#8217; y anuncia que la instituci\u00f3n elabora el IV Plan Comarcal de Igualdad y contra las Violencias Machistas.<\/p>\n","protected":false},"author":3,"featured_media":127647,"comment_status":"closed","ping_status":"open","sticky":false,"template":"","format":"standard","meta":{"_et_pb_use_builder":"","_et_pb_old_content":"","_et_gb_content_width":"","footnotes":""},"categories":[362],"tags":[417],"class_list":["post-127646","post","type-post","status-publish","format-standard","has-post-thumbnail","hentry","category-igualdad","tag-iv-plan-de-igualdad"],"yoast_head":"<!-- This site is optimized with the Yoast SEO plugin v27.3 - https:\/\/yoast.com\/product\/yoast-seo-wordpress\/ -->\n<title>Plan Comarcal de Igualdad - Consejo Comarcal del Bierzo<\/title>\n<meta name=\"description\" content=\"El presidente comarcal participa en la Jornada &#039;Violencia de G\u00e9nero y Pacto de Estado&#039; y anuncia que la instituci\u00f3n elabora el IV Plan Comarcal de Igualdad.\" \/>\n<meta name=\"robots\" content=\"index, follow, max-snippet:-1, max-image-preview:large, max-video-preview:-1\" \/>\n<link rel=\"canonical\" href=\"https:\/\/ccbierzo.com\/gl\/plan-de-igualdad\/\" \/>\n<meta property=\"og:locale\" content=\"gl_ES\" \/>\n<meta property=\"og:type\" content=\"article\" \/>\n<meta property=\"og:title\" content=\"Plan Comarcal de Igualdad - Consejo Comarcal del Bierzo\" \/>\n<meta property=\"og:description\" content=\"El presidente comarcal participa en la Jornada &#039;Violencia de G\u00e9nero y Pacto de Estado&#039; y anuncia que la instituci\u00f3n elabora el IV Plan Comarcal de Igualdad.\" \/>\n<meta property=\"og:url\" content=\"https:\/\/ccbierzo.com\/gl\/plan-de-igualdad\/\" \/>\n<meta property=\"og:site_name\" content=\"Consejo Comarcal del Bierzo\" \/>\n<meta property=\"article:published_time\" content=\"2020-01-29T08:43:40+00:00\" \/>\n<meta property=\"article:modified_time\" content=\"2020-01-29T09:08:26+00:00\" \/>\n<meta property=\"og:image\" content=\"https:\/\/ccbierzo.com\/wp-content\/uploads\/2020\/01\/jornadas-violencia-1.jpg\" \/>\n\t<meta property=\"og:image:width\" content=\"1500\" \/>\n\t<meta property=\"og:image:height\" content=\"1000\" \/>\n\t<meta property=\"og:image:type\" content=\"image\/jpeg\" \/>\n<meta name=\"author\" content=\"Marta Vidal\" \/>\n<meta name=\"twitter:card\" content=\"summary_large_image\" \/>\n<meta name=\"twitter:label1\" content=\"Escrito por\" \/>\n\t<meta name=\"twitter:data1\" content=\"Marta Vidal\" \/>\n\t<meta name=\"twitter:label2\" content=\"Tempo de lectura\" \/>\n\t<meta name=\"twitter:data2\" content=\"1 minuto\" \/>\n<script type=\"application\/ld+json\" class=\"yoast-schema-graph\">{\"@context\":\"https:\\\/\\\/schema.org\",\"@graph\":[{\"@type\":\"Article\",\"@id\":\"https:\\\/\\\/ccbierzo.com\\\/gl\\\/plan-de-igualdad\\\/#article\",\"isPartOf\":{\"@id\":\"https:\\\/\\\/ccbierzo.com\\\/gl\\\/plan-de-igualdad\\\/\"},\"author\":{\"name\":\"Marta Vidal\",\"@id\":\"https:\\\/\\\/ccbierzo.com\\\/gl\\\/#\\\/schema\\\/person\\\/4e9a8395b397b1d4b8695a5274072278\"},\"headline\":\"Plan de Igualdad\",\"datePublished\":\"2020-01-29T08:43:40+00:00\",\"dateModified\":\"2020-01-29T09:08:26+00:00\",\"mainEntityOfPage\":{\"@id\":\"https:\\\/\\\/ccbierzo.com\\\/gl\\\/plan-de-igualdad\\\/\"},\"wordCount\":226,\"image\":{\"@id\":\"https:\\\/\\\/ccbierzo.com\\\/gl\\\/plan-de-igualdad\\\/#primaryimage\"},\"thumbnailUrl\":\"https:\\\/\\\/ccbierzo.com\\\/wp-content\\\/uploads\\\/2020\\\/01\\\/jornadas-violencia-1.jpg\",\"keywords\":[\"IV Plan de Igualdad\"],\"articleSection\":[\"Igualdad\"],\"inLanguage\":\"gl-ES\"},{\"@type\":\"WebPage\",\"@id\":\"https:\\\/\\\/ccbierzo.com\\\/gl\\\/plan-de-igualdad\\\/\",\"url\":\"https:\\\/\\\/ccbierzo.com\\\/gl\\\/plan-de-igualdad\\\/\",\"name\":\"Plan Comarcal de Igualdad - Consejo Comarcal del Bierzo\",\"isPartOf\":{\"@id\":\"https:\\\/\\\/ccbierzo.com\\\/gl\\\/#website\"},\"primaryImageOfPage\":{\"@id\":\"https:\\\/\\\/ccbierzo.com\\\/gl\\\/plan-de-igualdad\\\/#primaryimage\"},\"image\":{\"@id\":\"https:\\\/\\\/ccbierzo.com\\\/gl\\\/plan-de-igualdad\\\/#primaryimage\"},\"thumbnailUrl\":\"https:\\\/\\\/ccbierzo.com\\\/wp-content\\\/uploads\\\/2020\\\/01\\\/jornadas-violencia-1.jpg\",\"datePublished\":\"2020-01-29T08:43:40+00:00\",\"dateModified\":\"2020-01-29T09:08:26+00:00\",\"author\":{\"@id\":\"https:\\\/\\\/ccbierzo.com\\\/gl\\\/#\\\/schema\\\/person\\\/4e9a8395b397b1d4b8695a5274072278\"},\"description\":\"El presidente comarcal participa en la Jornada 'Violencia de G\u00e9nero y Pacto de Estado' y anuncia que la instituci\u00f3n elabora el IV Plan Comarcal de Igualdad.\",\"breadcrumb\":{\"@id\":\"https:\\\/\\\/ccbierzo.com\\\/gl\\\/plan-de-igualdad\\\/#breadcrumb\"},\"inLanguage\":\"gl-ES\",\"potentialAction\":[{\"@type\":\"ReadAction\",\"target\":[\"https:\\\/\\\/ccbierzo.com\\\/gl\\\/plan-de-igualdad\\\/\"]}]},{\"@type\":\"ImageObject\",\"inLanguage\":\"gl-ES\",\"@id\":\"https:\\\/\\\/ccbierzo.com\\\/gl\\\/plan-de-igualdad\\\/#primaryimage\",\"url\":\"https:\\\/\\\/ccbierzo.com\\\/wp-content\\\/uploads\\\/2020\\\/01\\\/jornadas-violencia-1.jpg\",\"contentUrl\":\"https:\\\/\\\/ccbierzo.com\\\/wp-content\\\/uploads\\\/2020\\\/01\\\/jornadas-violencia-1.jpg\",\"width\":1500,\"height\":1000,\"caption\":\"Jornada Violencia de G\u00e9nero y Pacto de Estado\"},{\"@type\":\"BreadcrumbList\",\"@id\":\"https:\\\/\\\/ccbierzo.com\\\/gl\\\/plan-de-igualdad\\\/#breadcrumb\",\"itemListElement\":[{\"@type\":\"ListItem\",\"position\":1,\"name\":\"Portada\",\"item\":\"https:\\\/\\\/ccbierzo.com\\\/gl\\\/\"},{\"@type\":\"ListItem\",\"position\":2,\"name\":\"Plan de Igualdad\"}]},{\"@type\":\"WebSite\",\"@id\":\"https:\\\/\\\/ccbierzo.com\\\/gl\\\/#website\",\"url\":\"https:\\\/\\\/ccbierzo.com\\\/gl\\\/\",\"name\":\"Consejo Comarcal del Bierzo\",\"description\":\"P\u00e1gina Oficial del Consejo Comarcal del Bierzo\",\"potentialAction\":[{\"@type\":\"SearchAction\",\"target\":{\"@type\":\"EntryPoint\",\"urlTemplate\":\"https:\\\/\\\/ccbierzo.com\\\/gl\\\/?s={search_term_string}\"},\"query-input\":{\"@type\":\"PropertyValueSpecification\",\"valueRequired\":true,\"valueName\":\"search_term_string\"}}],\"inLanguage\":\"gl-ES\"},{\"@type\":\"Person\",\"@id\":\"https:\\\/\\\/ccbierzo.com\\\/gl\\\/#\\\/schema\\\/person\\\/4e9a8395b397b1d4b8695a5274072278\",\"name\":\"Marta Vidal\"}]}<\/script>\n<!-- \/ Yoast SEO plugin. -->","yoast_head_json":{"title":"Plan Comarcal de Igualdad - Consejo Comarcal del Bierzo","description":"El presidente comarcal participa en la Jornada 'Violencia de G\u00e9nero y Pacto de Estado' y anuncia que la instituci\u00f3n elabora el IV Plan Comarcal de Igualdad.","robots":{"index":"index","follow":"follow","max-snippet":"max-snippet:-1","max-image-preview":"max-image-preview:large","max-video-preview":"max-video-preview:-1"},"canonical":"https:\/\/ccbierzo.com\/gl\/plan-de-igualdad\/","og_locale":"gl_ES","og_type":"article","og_title":"Plan Comarcal de Igualdad - Consejo Comarcal del Bierzo","og_description":"El presidente comarcal participa en la Jornada 'Violencia de G\u00e9nero y Pacto de Estado' y anuncia que la instituci\u00f3n elabora el IV Plan Comarcal de Igualdad.","og_url":"https:\/\/ccbierzo.com\/gl\/plan-de-igualdad\/","og_site_name":"Consejo Comarcal del Bierzo","article_published_time":"2020-01-29T08:43:40+00:00","article_modified_time":"2020-01-29T09:08:26+00:00","og_image":[{"width":1500,"height":1000,"url":"https:\/\/ccbierzo.com\/wp-content\/uploads\/2020\/01\/jornadas-violencia-1.jpg","type":"image\/jpeg"}],"author":"Marta Vidal","twitter_card":"summary_large_image","twitter_misc":{"Escrito por":"Marta Vidal","Tempo de lectura":"1 minuto"},"schema":{"@context":"https:\/\/schema.org","@graph":[{"@type":"Article","@id":"https:\/\/ccbierzo.com\/gl\/plan-de-igualdad\/#article","isPartOf":{"@id":"https:\/\/ccbierzo.com\/gl\/plan-de-igualdad\/"},"author":{"name":"Marta Vidal","@id":"https:\/\/ccbierzo.com\/gl\/#\/schema\/person\/4e9a8395b397b1d4b8695a5274072278"},"headline":"Plan de Igualdad","datePublished":"2020-01-29T08:43:40+00:00","dateModified":"2020-01-29T09:08:26+00:00","mainEntityOfPage":{"@id":"https:\/\/ccbierzo.com\/gl\/plan-de-igualdad\/"},"wordCount":226,"image":{"@id":"https:\/\/ccbierzo.com\/gl\/plan-de-igualdad\/#primaryimage"},"thumbnailUrl":"https:\/\/ccbierzo.com\/wp-content\/uploads\/2020\/01\/jornadas-violencia-1.jpg","keywords":["IV Plan de Igualdad"],"articleSection":["Igualdad"],"inLanguage":"gl-ES"},{"@type":"WebPage","@id":"https:\/\/ccbierzo.com\/gl\/plan-de-igualdad\/","url":"https:\/\/ccbierzo.com\/gl\/plan-de-igualdad\/","name":"Plan Comarcal de Igualdad - Consejo Comarcal del Bierzo","isPartOf":{"@id":"https:\/\/ccbierzo.com\/gl\/#website"},"primaryImageOfPage":{"@id":"https:\/\/ccbierzo.com\/gl\/plan-de-igualdad\/#primaryimage"},"image":{"@id":"https:\/\/ccbierzo.com\/gl\/plan-de-igualdad\/#primaryimage"},"thumbnailUrl":"https:\/\/ccbierzo.com\/wp-content\/uploads\/2020\/01\/jornadas-violencia-1.jpg","datePublished":"2020-01-29T08:43:40+00:00","dateModified":"2020-01-29T09:08:26+00:00","author":{"@id":"https:\/\/ccbierzo.com\/gl\/#\/schema\/person\/4e9a8395b397b1d4b8695a5274072278"},"description":"El presidente comarcal participa en la Jornada 'Violencia de G\u00e9nero y Pacto de Estado' y anuncia que la instituci\u00f3n elabora el IV Plan Comarcal de Igualdad.","breadcrumb":{"@id":"https:\/\/ccbierzo.com\/gl\/plan-de-igualdad\/#breadcrumb"},"inLanguage":"gl-ES","potentialAction":[{"@type":"ReadAction","target":["https:\/\/ccbierzo.com\/gl\/plan-de-igualdad\/"]}]},{"@type":"ImageObject","inLanguage":"gl-ES","@id":"https:\/\/ccbierzo.com\/gl\/plan-de-igualdad\/#primaryimage","url":"https:\/\/ccbierzo.com\/wp-content\/uploads\/2020\/01\/jornadas-violencia-1.jpg","contentUrl":"https:\/\/ccbierzo.com\/wp-content\/uploads\/2020\/01\/jornadas-violencia-1.jpg","width":1500,"height":1000,"caption":"Jornada Violencia de G\u00e9nero y Pacto de Estado"},{"@type":"BreadcrumbList","@id":"https:\/\/ccbierzo.com\/gl\/plan-de-igualdad\/#breadcrumb","itemListElement":[{"@type":"ListItem","position":1,"name":"Portada","item":"https:\/\/ccbierzo.com\/gl\/"},{"@type":"ListItem","position":2,"name":"Plan de Igualdad"}]},{"@type":"WebSite","@id":"https:\/\/ccbierzo.com\/gl\/#website","url":"https:\/\/ccbierzo.com\/gl\/","name":"Consejo Comarcal del Bierzo","description":"P\u00e1gina Oficial del Consejo Comarcal del Bierzo","potentialAction":[{"@type":"SearchAction","target":{"@type":"EntryPoint","urlTemplate":"https:\/\/ccbierzo.com\/gl\/?s={search_term_string}"},"query-input":{"@type":"PropertyValueSpecification","valueRequired":true,"valueName":"search_term_string"}}],"inLanguage":"gl-ES"},{"@type":"Person","@id":"https:\/\/ccbierzo.com\/gl\/#\/schema\/person\/4e9a8395b397b1d4b8695a5274072278","name":"Marta Vidal"}]}},"_links":{"self":[{"href":"https:\/\/ccbierzo.com\/gl\/wp-json\/wp\/v2\/posts\/127646","targetHints":{"allow":["GET"]}}],"collection":[{"href":"https:\/\/ccbierzo.com\/gl\/wp-json\/wp\/v2\/posts"}],"about":[{"href":"https:\/\/ccbierzo.com\/gl\/wp-json\/wp\/v2\/types\/post"}],"author":[{"embeddable":true,"href":"https:\/\/ccbierzo.com\/gl\/wp-json\/wp\/v2\/users\/3"}],"replies":[{"embeddable":true,"href":"https:\/\/ccbierzo.com\/gl\/wp-json\/wp\/v2\/comments?post=127646"}],"version-history":[{"count":0,"href":"https:\/\/ccbierzo.com\/gl\/wp-json\/wp\/v2\/posts\/127646\/revisions"}],"wp:featuredmedia":[{"embeddable":true,"href":"https:\/\/ccbierzo.com\/gl\/wp-json\/wp\/v2\/media\/127647"}],"wp:attachment":[{"href":"https:\/\/ccbierzo.com\/gl\/wp-json\/wp\/v2\/media?parent=127646"}],"wp:term":[{"taxonomy":"category","embeddable":true,"href":"https:\/\/ccbierzo.com\/gl\/wp-json\/wp\/v2\/categories?post=127646"},{"taxonomy":"post_tag","embeddable":true,"href":"https:\/\/ccbierzo.com\/gl\/wp-json\/wp\/v2\/tags?post=127646"}],"curies":[{"name":"wp","href":"https:\/\/api.w.org\/{rel}","templated":true}]}}