{"id":127588,"date":"2020-01-17T14:04:47","date_gmt":"2020-01-17T13:04:47","guid":{"rendered":"https:\/\/ccbierzo.com\/?p=127588"},"modified":"2020-01-17T14:06:39","modified_gmt":"2020-01-17T13:06:39","slug":"competencias-digitales","status":"publish","type":"post","link":"https:\/\/ccbierzo.com\/gl\/competencias-digitales\/","title":{"rendered":"Formaci\u00f3n"},"content":{"rendered":"<p>La actividad se desarrolla los d\u00edas 22 y 23 de enero y est\u00e1 dirigida a emprendedoras con el objetivo de potenciar sus ideas y los negocios ya activos que est\u00e1n generando valor y econom\u00eda local para impulsarlos a nivel global. Los contenidos se centran principalmente en la transformaci\u00f3n digital y en los nuevos modelos de empresa que genera el auge del marketing digital.<\/p>\n<p>El taller se impartir\u00e1 en el aula ubicada en el n\u00famero 6 del Pasaje Federico Fern\u00e1ndez Lua\u00f1a, en Ponferrada, en horario de 10:30 a 13:30. La inscripci\u00f3n est\u00e1 abierta hasta el 21 de enero en la sede del Consejo Comarcal o llamando a los tel\u00e9fonos 987 42 35 51 \u00f3 987 42 35 52. Tambi\u00e9n es posible presenta la solicitud en la web <a href=\"http:\/\/(https:\/\/www.tusitio.org\/formacion\/ver\/cd49c402-5342-4330-bac1-cc273453b970)\">Tusitio.org<\/a><\/p>\n<p>El \u00e1rea de Formaci\u00f3n, Empleo e Igualdad de Oportunidades organiza est\u00e1 actividad gracias a \u2018Extraordinarias\u2019, un programa conjunto de la <em>Fundaci\u00f3n Cibervoluntarios<\/em> y <em>Zona from Facebook<\/em> dirigido a mujeres emprendedoras con conocimientos b\u00e1sicos en el uso de redes sociales e internet.<\/p>\n<p><img loading=\"lazy\" decoding=\"async\" class=\"aligncenter size-large wp-image-127589\" src=\"https:\/\/ccbierzo.com\/wp-content\/uploads\/2020\/01\/cartel-724x1024.png\" alt=\"Taller de competencias digitales para emprendedoras\" width=\"724\" height=\"1024\" \/><\/p>\n","protected":false},"excerpt":{"rendered":"<p>La actividad se desarrolla los d\u00edas 22 y 23 de enero y est\u00e1 dirigida a emprendedoras con el objetivo de potenciar sus ideas y los negocios ya activos.<\/p>\n","protected":false},"author":3,"featured_media":126736,"comment_status":"closed","ping_status":"open","sticky":false,"template":"","format":"standard","meta":{"_et_pb_use_builder":"","_et_pb_old_content":"","_et_gb_content_width":"","footnotes":""},"categories":[75,362],"tags":[70,415],"class_list":["post-127588","post","type-post","status-publish","format-standard","has-post-thumbnail","hentry","category-formacion","category-igualdad","tag-formacion","tag-igualdad"],"yoast_head":"<!-- This site is optimized with the Yoast SEO plugin v27.3 - https:\/\/yoast.com\/product\/yoast-seo-wordpress\/ -->\n<title>Taller de Competencias Digitales - Consejo Comarcal del Bierzo<\/title>\n<meta name=\"description\" content=\"La actividad se desarrolla los d\u00edas 22 y 23 de enero y est\u00e1 dirigida a emprendedoras con el objetivo de potenciar sus ideas y los negocios ya activos.\" \/>\n<meta name=\"robots\" content=\"index, follow, max-snippet:-1, max-image-preview:large, max-video-preview:-1\" \/>\n<link rel=\"canonical\" href=\"https:\/\/ccbierzo.com\/competencias-digitales\/\" \/>\n<meta property=\"og:locale\" content=\"gl_ES\" \/>\n<meta property=\"og:type\" content=\"article\" \/>\n<meta property=\"og:title\" content=\"Taller de Competencias Digitales - Consejo Comarcal del Bierzo\" \/>\n<meta property=\"og:description\" content=\"La actividad se desarrolla los d\u00edas 22 y 23 de enero y est\u00e1 dirigida a emprendedoras con el objetivo de potenciar sus ideas y los negocios ya activos.\" \/>\n<meta property=\"og:url\" content=\"https:\/\/ccbierzo.com\/competencias-digitales\/\" \/>\n<meta property=\"og:site_name\" content=\"Consejo Comarcal del Bierzo\" \/>\n<meta property=\"article:published_time\" content=\"2020-01-17T13:04:47+00:00\" \/>\n<meta property=\"article:modified_time\" content=\"2020-01-17T13:06:39+00:00\" \/>\n<meta property=\"og:image\" content=\"https:\/\/ccbierzo.com\/wp-content\/uploads\/2019\/09\/extraordinarias-2.jpg\" \/>\n\t<meta property=\"og:image:width\" content=\"1500\" \/>\n\t<meta property=\"og:image:height\" content=\"1000\" \/>\n\t<meta property=\"og:image:type\" content=\"image\/jpeg\" \/>\n<meta name=\"author\" content=\"Marta Vidal\" \/>\n<meta name=\"twitter:card\" content=\"summary_large_image\" \/>\n<meta name=\"twitter:label1\" content=\"Escrito por\" \/>\n\t<meta name=\"twitter:data1\" content=\"Marta Vidal\" \/>\n\t<meta name=\"twitter:label2\" content=\"Tempo de lectura\" \/>\n\t<meta name=\"twitter:data2\" content=\"1 minuto\" \/>\n<script type=\"application\/ld+json\" class=\"yoast-schema-graph\">{\"@context\":\"https:\\\/\\\/schema.org\",\"@graph\":[{\"@type\":\"Article\",\"@id\":\"https:\\\/\\\/ccbierzo.com\\\/competencias-digitales\\\/#article\",\"isPartOf\":{\"@id\":\"https:\\\/\\\/ccbierzo.com\\\/competencias-digitales\\\/\"},\"author\":{\"name\":\"Marta Vidal\",\"@id\":\"https:\\\/\\\/ccbierzo.com\\\/gl\\\/#\\\/schema\\\/person\\\/4e9a8395b397b1d4b8695a5274072278\"},\"headline\":\"Formaci\u00f3n\",\"datePublished\":\"2020-01-17T13:04:47+00:00\",\"dateModified\":\"2020-01-17T13:06:39+00:00\",\"mainEntityOfPage\":{\"@id\":\"https:\\\/\\\/ccbierzo.com\\\/competencias-digitales\\\/\"},\"wordCount\":169,\"image\":{\"@id\":\"https:\\\/\\\/ccbierzo.com\\\/competencias-digitales\\\/#primaryimage\"},\"thumbnailUrl\":\"https:\\\/\\\/ccbierzo.com\\\/wp-content\\\/uploads\\\/2019\\\/09\\\/extraordinarias-2.jpg\",\"keywords\":[\"Formaci\u00f3n\",\"Igualdad\"],\"articleSection\":[\"Formaci\u00f3n\",\"Igualdad\"],\"inLanguage\":\"gl-ES\"},{\"@type\":\"WebPage\",\"@id\":\"https:\\\/\\\/ccbierzo.com\\\/competencias-digitales\\\/\",\"url\":\"https:\\\/\\\/ccbierzo.com\\\/competencias-digitales\\\/\",\"name\":\"Taller de Competencias Digitales - Consejo Comarcal del Bierzo\",\"isPartOf\":{\"@id\":\"https:\\\/\\\/ccbierzo.com\\\/gl\\\/#website\"},\"primaryImageOfPage\":{\"@id\":\"https:\\\/\\\/ccbierzo.com\\\/competencias-digitales\\\/#primaryimage\"},\"image\":{\"@id\":\"https:\\\/\\\/ccbierzo.com\\\/competencias-digitales\\\/#primaryimage\"},\"thumbnailUrl\":\"https:\\\/\\\/ccbierzo.com\\\/wp-content\\\/uploads\\\/2019\\\/09\\\/extraordinarias-2.jpg\",\"datePublished\":\"2020-01-17T13:04:47+00:00\",\"dateModified\":\"2020-01-17T13:06:39+00:00\",\"author\":{\"@id\":\"https:\\\/\\\/ccbierzo.com\\\/gl\\\/#\\\/schema\\\/person\\\/4e9a8395b397b1d4b8695a5274072278\"},\"description\":\"La actividad se desarrolla los d\u00edas 22 y 23 de enero y est\u00e1 dirigida a emprendedoras con el objetivo de potenciar sus ideas y los negocios ya activos.\",\"breadcrumb\":{\"@id\":\"https:\\\/\\\/ccbierzo.com\\\/competencias-digitales\\\/#breadcrumb\"},\"inLanguage\":\"gl-ES\",\"potentialAction\":[{\"@type\":\"ReadAction\",\"target\":[\"https:\\\/\\\/ccbierzo.com\\\/competencias-digitales\\\/\"]}]},{\"@type\":\"ImageObject\",\"inLanguage\":\"gl-ES\",\"@id\":\"https:\\\/\\\/ccbierzo.com\\\/competencias-digitales\\\/#primaryimage\",\"url\":\"https:\\\/\\\/ccbierzo.com\\\/wp-content\\\/uploads\\\/2019\\\/09\\\/extraordinarias-2.jpg\",\"contentUrl\":\"https:\\\/\\\/ccbierzo.com\\\/wp-content\\\/uploads\\\/2019\\\/09\\\/extraordinarias-2.jpg\",\"width\":1500,\"height\":1000},{\"@type\":\"BreadcrumbList\",\"@id\":\"https:\\\/\\\/ccbierzo.com\\\/competencias-digitales\\\/#breadcrumb\",\"itemListElement\":[{\"@type\":\"ListItem\",\"position\":1,\"name\":\"Portada\",\"item\":\"https:\\\/\\\/ccbierzo.com\\\/gl\\\/\"},{\"@type\":\"ListItem\",\"position\":2,\"name\":\"Formaci\u00f3n\"}]},{\"@type\":\"WebSite\",\"@id\":\"https:\\\/\\\/ccbierzo.com\\\/gl\\\/#website\",\"url\":\"https:\\\/\\\/ccbierzo.com\\\/gl\\\/\",\"name\":\"Consejo Comarcal del Bierzo\",\"description\":\"P\u00e1gina Oficial del Consejo Comarcal del Bierzo\",\"potentialAction\":[{\"@type\":\"SearchAction\",\"target\":{\"@type\":\"EntryPoint\",\"urlTemplate\":\"https:\\\/\\\/ccbierzo.com\\\/gl\\\/?s={search_term_string}\"},\"query-input\":{\"@type\":\"PropertyValueSpecification\",\"valueRequired\":true,\"valueName\":\"search_term_string\"}}],\"inLanguage\":\"gl-ES\"},{\"@type\":\"Person\",\"@id\":\"https:\\\/\\\/ccbierzo.com\\\/gl\\\/#\\\/schema\\\/person\\\/4e9a8395b397b1d4b8695a5274072278\",\"name\":\"Marta Vidal\"}]}<\/script>\n<!-- \/ Yoast SEO plugin. -->","yoast_head_json":{"title":"Taller de Competencias Digitales - Consejo Comarcal del Bierzo","description":"La actividad se desarrolla los d\u00edas 22 y 23 de enero y est\u00e1 dirigida a emprendedoras con el objetivo de potenciar sus ideas y los negocios ya activos.","robots":{"index":"index","follow":"follow","max-snippet":"max-snippet:-1","max-image-preview":"max-image-preview:large","max-video-preview":"max-video-preview:-1"},"canonical":"https:\/\/ccbierzo.com\/competencias-digitales\/","og_locale":"gl_ES","og_type":"article","og_title":"Taller de Competencias Digitales - Consejo Comarcal del Bierzo","og_description":"La actividad se desarrolla los d\u00edas 22 y 23 de enero y est\u00e1 dirigida a emprendedoras con el objetivo de potenciar sus ideas y los negocios ya activos.","og_url":"https:\/\/ccbierzo.com\/competencias-digitales\/","og_site_name":"Consejo Comarcal del Bierzo","article_published_time":"2020-01-17T13:04:47+00:00","article_modified_time":"2020-01-17T13:06:39+00:00","og_image":[{"width":1500,"height":1000,"url":"https:\/\/ccbierzo.com\/wp-content\/uploads\/2019\/09\/extraordinarias-2.jpg","type":"image\/jpeg"}],"author":"Marta Vidal","twitter_card":"summary_large_image","twitter_misc":{"Escrito por":"Marta Vidal","Tempo de lectura":"1 minuto"},"schema":{"@context":"https:\/\/schema.org","@graph":[{"@type":"Article","@id":"https:\/\/ccbierzo.com\/competencias-digitales\/#article","isPartOf":{"@id":"https:\/\/ccbierzo.com\/competencias-digitales\/"},"author":{"name":"Marta Vidal","@id":"https:\/\/ccbierzo.com\/gl\/#\/schema\/person\/4e9a8395b397b1d4b8695a5274072278"},"headline":"Formaci\u00f3n","datePublished":"2020-01-17T13:04:47+00:00","dateModified":"2020-01-17T13:06:39+00:00","mainEntityOfPage":{"@id":"https:\/\/ccbierzo.com\/competencias-digitales\/"},"wordCount":169,"image":{"@id":"https:\/\/ccbierzo.com\/competencias-digitales\/#primaryimage"},"thumbnailUrl":"https:\/\/ccbierzo.com\/wp-content\/uploads\/2019\/09\/extraordinarias-2.jpg","keywords":["Formaci\u00f3n","Igualdad"],"articleSection":["Formaci\u00f3n","Igualdad"],"inLanguage":"gl-ES"},{"@type":"WebPage","@id":"https:\/\/ccbierzo.com\/competencias-digitales\/","url":"https:\/\/ccbierzo.com\/competencias-digitales\/","name":"Taller de Competencias Digitales - Consejo Comarcal del Bierzo","isPartOf":{"@id":"https:\/\/ccbierzo.com\/gl\/#website"},"primaryImageOfPage":{"@id":"https:\/\/ccbierzo.com\/competencias-digitales\/#primaryimage"},"image":{"@id":"https:\/\/ccbierzo.com\/competencias-digitales\/#primaryimage"},"thumbnailUrl":"https:\/\/ccbierzo.com\/wp-content\/uploads\/2019\/09\/extraordinarias-2.jpg","datePublished":"2020-01-17T13:04:47+00:00","dateModified":"2020-01-17T13:06:39+00:00","author":{"@id":"https:\/\/ccbierzo.com\/gl\/#\/schema\/person\/4e9a8395b397b1d4b8695a5274072278"},"description":"La actividad se desarrolla los d\u00edas 22 y 23 de enero y est\u00e1 dirigida a emprendedoras con el objetivo de potenciar sus ideas y los negocios ya activos.","breadcrumb":{"@id":"https:\/\/ccbierzo.com\/competencias-digitales\/#breadcrumb"},"inLanguage":"gl-ES","potentialAction":[{"@type":"ReadAction","target":["https:\/\/ccbierzo.com\/competencias-digitales\/"]}]},{"@type":"ImageObject","inLanguage":"gl-ES","@id":"https:\/\/ccbierzo.com\/competencias-digitales\/#primaryimage","url":"https:\/\/ccbierzo.com\/wp-content\/uploads\/2019\/09\/extraordinarias-2.jpg","contentUrl":"https:\/\/ccbierzo.com\/wp-content\/uploads\/2019\/09\/extraordinarias-2.jpg","width":1500,"height":1000},{"@type":"BreadcrumbList","@id":"https:\/\/ccbierzo.com\/competencias-digitales\/#breadcrumb","itemListElement":[{"@type":"ListItem","position":1,"name":"Portada","item":"https:\/\/ccbierzo.com\/gl\/"},{"@type":"ListItem","position":2,"name":"Formaci\u00f3n"}]},{"@type":"WebSite","@id":"https:\/\/ccbierzo.com\/gl\/#website","url":"https:\/\/ccbierzo.com\/gl\/","name":"Consejo Comarcal del Bierzo","description":"P\u00e1gina Oficial del Consejo Comarcal del Bierzo","potentialAction":[{"@type":"SearchAction","target":{"@type":"EntryPoint","urlTemplate":"https:\/\/ccbierzo.com\/gl\/?s={search_term_string}"},"query-input":{"@type":"PropertyValueSpecification","valueRequired":true,"valueName":"search_term_string"}}],"inLanguage":"gl-ES"},{"@type":"Person","@id":"https:\/\/ccbierzo.com\/gl\/#\/schema\/person\/4e9a8395b397b1d4b8695a5274072278","name":"Marta Vidal"}]}},"_links":{"self":[{"href":"https:\/\/ccbierzo.com\/gl\/wp-json\/wp\/v2\/posts\/127588","targetHints":{"allow":["GET"]}}],"collection":[{"href":"https:\/\/ccbierzo.com\/gl\/wp-json\/wp\/v2\/posts"}],"about":[{"href":"https:\/\/ccbierzo.com\/gl\/wp-json\/wp\/v2\/types\/post"}],"author":[{"embeddable":true,"href":"https:\/\/ccbierzo.com\/gl\/wp-json\/wp\/v2\/users\/3"}],"replies":[{"embeddable":true,"href":"https:\/\/ccbierzo.com\/gl\/wp-json\/wp\/v2\/comments?post=127588"}],"version-history":[{"count":0,"href":"https:\/\/ccbierzo.com\/gl\/wp-json\/wp\/v2\/posts\/127588\/revisions"}],"wp:featuredmedia":[{"embeddable":true,"href":"https:\/\/ccbierzo.com\/gl\/wp-json\/wp\/v2\/media\/126736"}],"wp:attachment":[{"href":"https:\/\/ccbierzo.com\/gl\/wp-json\/wp\/v2\/media?parent=127588"}],"wp:term":[{"taxonomy":"category","embeddable":true,"href":"https:\/\/ccbierzo.com\/gl\/wp-json\/wp\/v2\/categories?post=127588"},{"taxonomy":"post_tag","embeddable":true,"href":"https:\/\/ccbierzo.com\/gl\/wp-json\/wp\/v2\/tags?post=127588"}],"curies":[{"name":"wp","href":"https:\/\/api.w.org\/{rel}","templated":true}]}}