{"id":127514,"date":"2019-12-19T13:49:45","date_gmt":"2019-12-19T12:49:45","guid":{"rendered":"https:\/\/ccbierzo.com\/?p=127514"},"modified":"2019-12-19T14:36:25","modified_gmt":"2019-12-19T13:36:25","slug":"campana-vinedo-2","status":"publish","type":"post","link":"https:\/\/ccbierzo.com\/gl\/campana-vinedo-2\/","title":{"rendered":"Campa\u00f1a Vi\u00f1edo"},"content":{"rendered":"<p><strong>El Consejo Comarcal, a trav\u00e9s del Banco de Tierras, y la Denominaci\u00f3n de Origen Bierzo inician una nueva campa\u00f1a para la captaci\u00f3n de vi\u00f1edos. Se trata de la cuarta edici\u00f3n de una iniciativa que ya ha recuperado 165 hect\u00e1reas en El Bierzo.<\/strong><\/p>\n<p>La novedad de este a\u00f1o es la implicaci\u00f3n de la Junta de Castilla y Le\u00f3n para impulsar la actualizaci\u00f3n del registro vit\u00edcola de la comarca. El presidente del Consejo Comarcal, Gerardo \u00c1lvarez Courel, explic\u00f3 que el acuerdo se alcanz\u00f3 este mi\u00e9rcoles en una reuni\u00f3n celebrada en Le\u00f3n. &#8220;Somos conscientes de que hay errores en el mismo respecto a variedades, vi\u00f1as productivas, titularidades, etc. Estas imprecisiones dificultan no solo nuestro trabajo y el de nuestros usuarios sino tambi\u00e9n tener un conocimiento de la realidad de nuestra comarca&#8221;, dijo. La presidenta del Consejo Regulador de la D.O. Bierzo, Misericoria Bello, coincidi\u00f3 en calificar el acuerdo como una excelente noticia para el sector en El Bierzo.<\/p>\n<p><img loading=\"lazy\" decoding=\"async\" class=\"wp-image-127515 size-medium alignleft\" src=\"https:\/\/ccbierzo.com\/wp-content\/uploads\/2019\/12\/presentacion-campana-vinedo-300x200.jpg\" alt=\"Presentaci\u00f3n Campa\u00f1a Vi\u00f1edo\" width=\"300\" height=\"200\" \/>Las anteriores campa\u00f1as de recuperaci\u00f3n de vi\u00f1edos abandonados consiguieron recuperar 165 hect\u00e1reas, que suponen el 44% de las fincas cedidas por el Banco de Tierras. La cuarta edici\u00f3n de esta iniciativa finalizar\u00e1 en marzo y, para alcanzar los objetivos, se acompa\u00f1ar\u00e1 la campa\u00f1a de concienciaci\u00f3n en los medios de comunicaci\u00f3n con jornadas t\u00e9cnicas, charlas y cursos de formaci\u00f3n.<\/p>\n<p>Las jugadoras del equipo de baloncesto Embutidos Pajariel son las protagonistas de la campa\u00f1a.<\/p>\n<p><iframe loading=\"lazy\" title=\"Campa\u00f1a para la recuperaci\u00f3n del vi\u00f1edo\" width=\"1080\" height=\"608\" src=\"https:\/\/www.youtube.com\/embed\/st0Mu4s9fHk?feature=oembed\" frameborder=\"0\" allow=\"accelerometer; autoplay; encrypted-media; gyroscope; picture-in-picture\" allowfullscreen><\/iframe><\/p>\n","protected":false},"excerpt":{"rendered":"<p>El Consejo Comarcal, a trav\u00e9s del Banco de Tierras, y la Denominaci\u00f3n de Origen Bierzo inician una nueva campa\u00f1a para la captaci\u00f3n de vi\u00f1edos. Se trata de la cuarta edici\u00f3n de una iniciativa que ya ha recuperado 165 hect\u00e1reas en El Bierzo.<\/p>\n","protected":false},"author":3,"featured_media":127532,"comment_status":"closed","ping_status":"open","sticky":false,"template":"","format":"standard","meta":{"_et_pb_use_builder":"","_et_pb_old_content":"","_et_gb_content_width":"","footnotes":""},"categories":[396],"tags":[62],"class_list":["post-127514","post","type-post","status-publish","format-standard","has-post-thumbnail","hentry","category-banco-de-tierras","tag-banco-de-tierras-de-el-bierzo"],"yoast_head":"<!-- This site is optimized with the Yoast SEO plugin v27.3 - https:\/\/yoast.com\/product\/yoast-seo-wordpress\/ -->\n<title>Campa\u00f1a Vi\u00f1edo - Consejo Comarcal del Bierzo<\/title>\n<meta name=\"robots\" content=\"index, follow, max-snippet:-1, max-image-preview:large, max-video-preview:-1\" \/>\n<link rel=\"canonical\" href=\"https:\/\/ccbierzo.com\/gl\/campana-vinedo-2\/\" \/>\n<meta property=\"og:locale\" content=\"gl_ES\" \/>\n<meta property=\"og:type\" content=\"article\" \/>\n<meta property=\"og:title\" content=\"Campa\u00f1a Vi\u00f1edo - Consejo Comarcal del Bierzo\" \/>\n<meta property=\"og:description\" content=\"El Consejo Comarcal, a trav\u00e9s del Banco de Tierras, y la Denominaci\u00f3n de Origen Bierzo inician una nueva campa\u00f1a para la captaci\u00f3n de vi\u00f1edos. Se trata de la cuarta edici\u00f3n de una iniciativa que ya ha recuperado 165 hect\u00e1reas en El Bierzo.\" \/>\n<meta property=\"og:url\" content=\"https:\/\/ccbierzo.com\/gl\/campana-vinedo-2\/\" \/>\n<meta property=\"og:site_name\" content=\"Consejo Comarcal del Bierzo\" \/>\n<meta property=\"article:published_time\" content=\"2019-12-19T12:49:45+00:00\" \/>\n<meta property=\"article:modified_time\" content=\"2019-12-19T13:36:25+00:00\" \/>\n<meta property=\"og:image\" content=\"https:\/\/ccbierzo.com\/wp-content\/uploads\/2019\/12\/Banner-2.jpg\" \/>\n\t<meta property=\"og:image:width\" content=\"692\" \/>\n\t<meta property=\"og:image:height\" content=\"461\" \/>\n\t<meta property=\"og:image:type\" content=\"image\/jpeg\" \/>\n<meta name=\"author\" content=\"Marta Vidal\" \/>\n<meta name=\"twitter:card\" content=\"summary_large_image\" \/>\n<meta name=\"twitter:label1\" content=\"Escrito por\" \/>\n\t<meta name=\"twitter:data1\" content=\"Marta Vidal\" \/>\n\t<meta name=\"twitter:label2\" content=\"Tempo de lectura\" \/>\n\t<meta name=\"twitter:data2\" content=\"1 minuto\" \/>\n<script type=\"application\/ld+json\" class=\"yoast-schema-graph\">{\"@context\":\"https:\\\/\\\/schema.org\",\"@graph\":[{\"@type\":\"Article\",\"@id\":\"https:\\\/\\\/ccbierzo.com\\\/gl\\\/campana-vinedo-2\\\/#article\",\"isPartOf\":{\"@id\":\"https:\\\/\\\/ccbierzo.com\\\/gl\\\/campana-vinedo-2\\\/\"},\"author\":{\"name\":\"Marta Vidal\",\"@id\":\"https:\\\/\\\/ccbierzo.com\\\/gl\\\/#\\\/schema\\\/person\\\/4e9a8395b397b1d4b8695a5274072278\"},\"headline\":\"Campa\u00f1a Vi\u00f1edo\",\"datePublished\":\"2019-12-19T12:49:45+00:00\",\"dateModified\":\"2019-12-19T13:36:25+00:00\",\"mainEntityOfPage\":{\"@id\":\"https:\\\/\\\/ccbierzo.com\\\/gl\\\/campana-vinedo-2\\\/\"},\"wordCount\":267,\"image\":{\"@id\":\"https:\\\/\\\/ccbierzo.com\\\/gl\\\/campana-vinedo-2\\\/#primaryimage\"},\"thumbnailUrl\":\"https:\\\/\\\/ccbierzo.com\\\/wp-content\\\/uploads\\\/2019\\\/12\\\/Banner-2.jpg\",\"keywords\":[\"Banco de Tierras de El Bierzo\"],\"articleSection\":[\"Banco de Tierras\"],\"inLanguage\":\"gl-ES\"},{\"@type\":\"WebPage\",\"@id\":\"https:\\\/\\\/ccbierzo.com\\\/gl\\\/campana-vinedo-2\\\/\",\"url\":\"https:\\\/\\\/ccbierzo.com\\\/gl\\\/campana-vinedo-2\\\/\",\"name\":\"Campa\u00f1a Vi\u00f1edo - Consejo Comarcal del Bierzo\",\"isPartOf\":{\"@id\":\"https:\\\/\\\/ccbierzo.com\\\/gl\\\/#website\"},\"primaryImageOfPage\":{\"@id\":\"https:\\\/\\\/ccbierzo.com\\\/gl\\\/campana-vinedo-2\\\/#primaryimage\"},\"image\":{\"@id\":\"https:\\\/\\\/ccbierzo.com\\\/gl\\\/campana-vinedo-2\\\/#primaryimage\"},\"thumbnailUrl\":\"https:\\\/\\\/ccbierzo.com\\\/wp-content\\\/uploads\\\/2019\\\/12\\\/Banner-2.jpg\",\"datePublished\":\"2019-12-19T12:49:45+00:00\",\"dateModified\":\"2019-12-19T13:36:25+00:00\",\"author\":{\"@id\":\"https:\\\/\\\/ccbierzo.com\\\/gl\\\/#\\\/schema\\\/person\\\/4e9a8395b397b1d4b8695a5274072278\"},\"breadcrumb\":{\"@id\":\"https:\\\/\\\/ccbierzo.com\\\/gl\\\/campana-vinedo-2\\\/#breadcrumb\"},\"inLanguage\":\"gl-ES\",\"potentialAction\":[{\"@type\":\"ReadAction\",\"target\":[\"https:\\\/\\\/ccbierzo.com\\\/gl\\\/campana-vinedo-2\\\/\"]}]},{\"@type\":\"ImageObject\",\"inLanguage\":\"gl-ES\",\"@id\":\"https:\\\/\\\/ccbierzo.com\\\/gl\\\/campana-vinedo-2\\\/#primaryimage\",\"url\":\"https:\\\/\\\/ccbierzo.com\\\/wp-content\\\/uploads\\\/2019\\\/12\\\/Banner-2.jpg\",\"contentUrl\":\"https:\\\/\\\/ccbierzo.com\\\/wp-content\\\/uploads\\\/2019\\\/12\\\/Banner-2.jpg\",\"width\":692,\"height\":461,\"caption\":\"Campa\u00f1a Captaci\u00f3n Vi\u00f1edos 2019\"},{\"@type\":\"BreadcrumbList\",\"@id\":\"https:\\\/\\\/ccbierzo.com\\\/gl\\\/campana-vinedo-2\\\/#breadcrumb\",\"itemListElement\":[{\"@type\":\"ListItem\",\"position\":1,\"name\":\"Portada\",\"item\":\"https:\\\/\\\/ccbierzo.com\\\/gl\\\/\"},{\"@type\":\"ListItem\",\"position\":2,\"name\":\"Campa\u00f1a Vi\u00f1edo\"}]},{\"@type\":\"WebSite\",\"@id\":\"https:\\\/\\\/ccbierzo.com\\\/gl\\\/#website\",\"url\":\"https:\\\/\\\/ccbierzo.com\\\/gl\\\/\",\"name\":\"Consejo Comarcal del Bierzo\",\"description\":\"P\u00e1gina Oficial del Consejo Comarcal del Bierzo\",\"potentialAction\":[{\"@type\":\"SearchAction\",\"target\":{\"@type\":\"EntryPoint\",\"urlTemplate\":\"https:\\\/\\\/ccbierzo.com\\\/gl\\\/?s={search_term_string}\"},\"query-input\":{\"@type\":\"PropertyValueSpecification\",\"valueRequired\":true,\"valueName\":\"search_term_string\"}}],\"inLanguage\":\"gl-ES\"},{\"@type\":\"Person\",\"@id\":\"https:\\\/\\\/ccbierzo.com\\\/gl\\\/#\\\/schema\\\/person\\\/4e9a8395b397b1d4b8695a5274072278\",\"name\":\"Marta Vidal\"}]}<\/script>\n<!-- \/ Yoast SEO plugin. -->","yoast_head_json":{"title":"Campa\u00f1a Vi\u00f1edo - Consejo Comarcal del Bierzo","robots":{"index":"index","follow":"follow","max-snippet":"max-snippet:-1","max-image-preview":"max-image-preview:large","max-video-preview":"max-video-preview:-1"},"canonical":"https:\/\/ccbierzo.com\/gl\/campana-vinedo-2\/","og_locale":"gl_ES","og_type":"article","og_title":"Campa\u00f1a Vi\u00f1edo - Consejo Comarcal del Bierzo","og_description":"El Consejo Comarcal, a trav\u00e9s del Banco de Tierras, y la Denominaci\u00f3n de Origen Bierzo inician una nueva campa\u00f1a para la captaci\u00f3n de vi\u00f1edos. Se trata de la cuarta edici\u00f3n de una iniciativa que ya ha recuperado 165 hect\u00e1reas en El Bierzo.","og_url":"https:\/\/ccbierzo.com\/gl\/campana-vinedo-2\/","og_site_name":"Consejo Comarcal del Bierzo","article_published_time":"2019-12-19T12:49:45+00:00","article_modified_time":"2019-12-19T13:36:25+00:00","og_image":[{"width":692,"height":461,"url":"https:\/\/ccbierzo.com\/wp-content\/uploads\/2019\/12\/Banner-2.jpg","type":"image\/jpeg"}],"author":"Marta Vidal","twitter_card":"summary_large_image","twitter_misc":{"Escrito por":"Marta Vidal","Tempo de lectura":"1 minuto"},"schema":{"@context":"https:\/\/schema.org","@graph":[{"@type":"Article","@id":"https:\/\/ccbierzo.com\/gl\/campana-vinedo-2\/#article","isPartOf":{"@id":"https:\/\/ccbierzo.com\/gl\/campana-vinedo-2\/"},"author":{"name":"Marta Vidal","@id":"https:\/\/ccbierzo.com\/gl\/#\/schema\/person\/4e9a8395b397b1d4b8695a5274072278"},"headline":"Campa\u00f1a Vi\u00f1edo","datePublished":"2019-12-19T12:49:45+00:00","dateModified":"2019-12-19T13:36:25+00:00","mainEntityOfPage":{"@id":"https:\/\/ccbierzo.com\/gl\/campana-vinedo-2\/"},"wordCount":267,"image":{"@id":"https:\/\/ccbierzo.com\/gl\/campana-vinedo-2\/#primaryimage"},"thumbnailUrl":"https:\/\/ccbierzo.com\/wp-content\/uploads\/2019\/12\/Banner-2.jpg","keywords":["Banco de Tierras de El Bierzo"],"articleSection":["Banco de Tierras"],"inLanguage":"gl-ES"},{"@type":"WebPage","@id":"https:\/\/ccbierzo.com\/gl\/campana-vinedo-2\/","url":"https:\/\/ccbierzo.com\/gl\/campana-vinedo-2\/","name":"Campa\u00f1a Vi\u00f1edo - Consejo Comarcal del Bierzo","isPartOf":{"@id":"https:\/\/ccbierzo.com\/gl\/#website"},"primaryImageOfPage":{"@id":"https:\/\/ccbierzo.com\/gl\/campana-vinedo-2\/#primaryimage"},"image":{"@id":"https:\/\/ccbierzo.com\/gl\/campana-vinedo-2\/#primaryimage"},"thumbnailUrl":"https:\/\/ccbierzo.com\/wp-content\/uploads\/2019\/12\/Banner-2.jpg","datePublished":"2019-12-19T12:49:45+00:00","dateModified":"2019-12-19T13:36:25+00:00","author":{"@id":"https:\/\/ccbierzo.com\/gl\/#\/schema\/person\/4e9a8395b397b1d4b8695a5274072278"},"breadcrumb":{"@id":"https:\/\/ccbierzo.com\/gl\/campana-vinedo-2\/#breadcrumb"},"inLanguage":"gl-ES","potentialAction":[{"@type":"ReadAction","target":["https:\/\/ccbierzo.com\/gl\/campana-vinedo-2\/"]}]},{"@type":"ImageObject","inLanguage":"gl-ES","@id":"https:\/\/ccbierzo.com\/gl\/campana-vinedo-2\/#primaryimage","url":"https:\/\/ccbierzo.com\/wp-content\/uploads\/2019\/12\/Banner-2.jpg","contentUrl":"https:\/\/ccbierzo.com\/wp-content\/uploads\/2019\/12\/Banner-2.jpg","width":692,"height":461,"caption":"Campa\u00f1a Captaci\u00f3n Vi\u00f1edos 2019"},{"@type":"BreadcrumbList","@id":"https:\/\/ccbierzo.com\/gl\/campana-vinedo-2\/#breadcrumb","itemListElement":[{"@type":"ListItem","position":1,"name":"Portada","item":"https:\/\/ccbierzo.com\/gl\/"},{"@type":"ListItem","position":2,"name":"Campa\u00f1a Vi\u00f1edo"}]},{"@type":"WebSite","@id":"https:\/\/ccbierzo.com\/gl\/#website","url":"https:\/\/ccbierzo.com\/gl\/","name":"Consejo Comarcal del Bierzo","description":"P\u00e1gina Oficial del Consejo Comarcal del Bierzo","potentialAction":[{"@type":"SearchAction","target":{"@type":"EntryPoint","urlTemplate":"https:\/\/ccbierzo.com\/gl\/?s={search_term_string}"},"query-input":{"@type":"PropertyValueSpecification","valueRequired":true,"valueName":"search_term_string"}}],"inLanguage":"gl-ES"},{"@type":"Person","@id":"https:\/\/ccbierzo.com\/gl\/#\/schema\/person\/4e9a8395b397b1d4b8695a5274072278","name":"Marta Vidal"}]}},"_links":{"self":[{"href":"https:\/\/ccbierzo.com\/gl\/wp-json\/wp\/v2\/posts\/127514","targetHints":{"allow":["GET"]}}],"collection":[{"href":"https:\/\/ccbierzo.com\/gl\/wp-json\/wp\/v2\/posts"}],"about":[{"href":"https:\/\/ccbierzo.com\/gl\/wp-json\/wp\/v2\/types\/post"}],"author":[{"embeddable":true,"href":"https:\/\/ccbierzo.com\/gl\/wp-json\/wp\/v2\/users\/3"}],"replies":[{"embeddable":true,"href":"https:\/\/ccbierzo.com\/gl\/wp-json\/wp\/v2\/comments?post=127514"}],"version-history":[{"count":0,"href":"https:\/\/ccbierzo.com\/gl\/wp-json\/wp\/v2\/posts\/127514\/revisions"}],"wp:featuredmedia":[{"embeddable":true,"href":"https:\/\/ccbierzo.com\/gl\/wp-json\/wp\/v2\/media\/127532"}],"wp:attachment":[{"href":"https:\/\/ccbierzo.com\/gl\/wp-json\/wp\/v2\/media?parent=127514"}],"wp:term":[{"taxonomy":"category","embeddable":true,"href":"https:\/\/ccbierzo.com\/gl\/wp-json\/wp\/v2\/categories?post=127514"},{"taxonomy":"post_tag","embeddable":true,"href":"https:\/\/ccbierzo.com\/gl\/wp-json\/wp\/v2\/tags?post=127514"}],"curies":[{"name":"wp","href":"https:\/\/api.w.org\/{rel}","templated":true}]}}