{"id":127196,"date":"2019-11-11T13:31:08","date_gmt":"2019-11-11T12:31:08","guid":{"rendered":"https:\/\/ccbierzo.com\/?p=127196"},"modified":"2019-11-11T13:32:11","modified_gmt":"2019-11-11T12:32:11","slug":"degustacion-de-jornadas","status":"publish","type":"post","link":"https:\/\/ccbierzo.com\/gl\/degustacion-de-jornadas\/","title":{"rendered":"Degustaci\u00f3n popular"},"content":{"rendered":"<p><strong>La Plaza del Ayuntamiento de Ponferrada acoge el jueves, 14 de noviembre, la primera degustaci\u00f3n popular con cocina en directo de las Jornadas Gastron\u00f3micas. Este lunes se present\u00f3 el evento en el Consejo Comarcal.<\/strong><\/p>\n<p>Cuatro restaurantes sacar\u00e1n sus Jornadas Gastron\u00f3micas a la calle y ofrecer\u00e1n una degustaci\u00f3n de algunos de sus platos el pr\u00f3ximo jueves, a partir de las 19:00 horas, en la plaza del Ayuntamiento. En esta ocasi\u00f3n, tal y como explic\u00f3 el presidente del Consejo Comarcal, los restaurantes participantes son De Floriana Eventos, Finca Vivaldi, Casa del Botillo y Restaurante Parrillada Ca\u00f1as, &#8220;aunque esperamos que la iniciativa sea un \u00e9xito, tenga continuidad y otros a\u00f1os puedan sumarse m\u00e1s establecimientos&#8221;, a\u00f1adi\u00f3 Gerardo \u00c1lvarez Courel.<\/p>\n<p>La consejera comarcal de Turismo, Alicia Garc\u00eda, asegur\u00f3 de que se trata de &#8220;una primera toma de contacto&#8221; para comprobar si la iniciativa funciona y poderla llevar a otras ciudades como Le\u00f3n o El Barco de Valdeorras en pr\u00f3ximas ediciones. Tanto el presidente como la consejera agradecieron a los sellos de calidad la colaboraci\u00f3n en este evento.<\/p>\n<p>El aforo se limita a 200 personas y el precio del ticket para la degustaci\u00f3n de los platos es de 5\u20ac. Se podr\u00e1n adquirir en el momento o con anterioridad en los siguientes establecimientos: La Destiler\u00eda, Bot\u00e1nico, Hotel Aroi, Ikevana, La Bodeguilla y La Estrella de Ra.<\/p>\n<p><img loading=\"lazy\" decoding=\"async\" class=\"aligncenter size-large wp-image-127197\" src=\"https:\/\/ccbierzo.com\/wp-content\/uploads\/2019\/11\/carteles-consejo-jornadas-maridaje-728x1024.jpg\" alt=\"Cartel degustaciones, maridajes y showcooking\" width=\"728\" height=\"1024\" \/><\/p>\n","protected":false},"excerpt":{"rendered":"<p>La Plaza del Ayuntamiento de Ponferrada acoge el jueves, 14 de noviembre, la primera degustaci\u00f3n popular con cocina en directo de las Jornadas Gastron\u00f3micas. Este lunes se present\u00f3 el evento en el Consejo Comarcal. Cuatro restaurantes sacar\u00e1n sus Jornadas Gastron\u00f3micas a la calle y ofrecer\u00e1n una degustaci\u00f3n de algunos de sus platos el pr\u00f3ximo jueves, [&hellip;]<\/p>\n","protected":false},"author":3,"featured_media":127199,"comment_status":"closed","ping_status":"open","sticky":false,"template":"","format":"standard","meta":{"_et_pb_use_builder":"","_et_pb_old_content":"","_et_gb_content_width":"","footnotes":""},"categories":[25],"tags":[177],"class_list":["post-127196","post","type-post","status-publish","format-standard","has-post-thumbnail","hentry","category-turismo","tag-jornadas-gastronomicas-de-el-bierzo"],"yoast_head":"<!-- This site is optimized with the Yoast SEO plugin v27.3 - https:\/\/yoast.com\/product\/yoast-seo-wordpress\/ -->\n<title>Degustaci\u00f3n popular - Consejo Comarcal del Bierzo<\/title>\n<meta name=\"robots\" content=\"index, follow, max-snippet:-1, max-image-preview:large, max-video-preview:-1\" \/>\n<link rel=\"canonical\" href=\"https:\/\/ccbierzo.com\/degustacion-de-jornadas\/\" \/>\n<meta property=\"og:locale\" content=\"gl_ES\" \/>\n<meta property=\"og:type\" content=\"article\" \/>\n<meta property=\"og:title\" content=\"Degustaci\u00f3n popular - Consejo Comarcal del Bierzo\" \/>\n<meta property=\"og:description\" content=\"La Plaza del Ayuntamiento de Ponferrada acoge el jueves, 14 de noviembre, la primera degustaci\u00f3n popular con cocina en directo de las Jornadas Gastron\u00f3micas. Este lunes se present\u00f3 el evento en el Consejo Comarcal. Cuatro restaurantes sacar\u00e1n sus Jornadas Gastron\u00f3micas a la calle y ofrecer\u00e1n una degustaci\u00f3n de algunos de sus platos el pr\u00f3ximo jueves, [&hellip;]\" \/>\n<meta property=\"og:url\" content=\"https:\/\/ccbierzo.com\/degustacion-de-jornadas\/\" \/>\n<meta property=\"og:site_name\" content=\"Consejo Comarcal del Bierzo\" \/>\n<meta property=\"article:published_time\" content=\"2019-11-11T12:31:08+00:00\" \/>\n<meta property=\"article:modified_time\" content=\"2019-11-11T12:32:11+00:00\" \/>\n<meta property=\"og:image\" content=\"https:\/\/ccbierzo.com\/wp-content\/uploads\/2019\/11\/presentacion4.jpeg\" \/>\n\t<meta property=\"og:image:width\" content=\"1024\" \/>\n\t<meta property=\"og:image:height\" content=\"684\" \/>\n\t<meta property=\"og:image:type\" content=\"image\/jpeg\" \/>\n<meta name=\"author\" content=\"Marta Vidal\" \/>\n<meta name=\"twitter:card\" content=\"summary_large_image\" \/>\n<meta name=\"twitter:label1\" content=\"Escrito por\" \/>\n\t<meta name=\"twitter:data1\" content=\"Marta Vidal\" \/>\n\t<meta name=\"twitter:label2\" content=\"Tempo de lectura\" \/>\n\t<meta name=\"twitter:data2\" content=\"1 minuto\" \/>\n<script type=\"application\/ld+json\" class=\"yoast-schema-graph\">{\"@context\":\"https:\\\/\\\/schema.org\",\"@graph\":[{\"@type\":\"Article\",\"@id\":\"https:\\\/\\\/ccbierzo.com\\\/degustacion-de-jornadas\\\/#article\",\"isPartOf\":{\"@id\":\"https:\\\/\\\/ccbierzo.com\\\/degustacion-de-jornadas\\\/\"},\"author\":{\"name\":\"Marta Vidal\",\"@id\":\"https:\\\/\\\/ccbierzo.com\\\/gl\\\/#\\\/schema\\\/person\\\/4e9a8395b397b1d4b8695a5274072278\"},\"headline\":\"Degustaci\u00f3n popular\",\"datePublished\":\"2019-11-11T12:31:08+00:00\",\"dateModified\":\"2019-11-11T12:32:11+00:00\",\"mainEntityOfPage\":{\"@id\":\"https:\\\/\\\/ccbierzo.com\\\/degustacion-de-jornadas\\\/\"},\"wordCount\":238,\"image\":{\"@id\":\"https:\\\/\\\/ccbierzo.com\\\/degustacion-de-jornadas\\\/#primaryimage\"},\"thumbnailUrl\":\"https:\\\/\\\/ccbierzo.com\\\/wp-content\\\/uploads\\\/2019\\\/11\\\/presentacion4.jpeg\",\"keywords\":[\"Jornadas Gastron\u00f3micas de El Bierzo\"],\"articleSection\":[\"Turismo\"],\"inLanguage\":\"gl-ES\"},{\"@type\":\"WebPage\",\"@id\":\"https:\\\/\\\/ccbierzo.com\\\/degustacion-de-jornadas\\\/\",\"url\":\"https:\\\/\\\/ccbierzo.com\\\/degustacion-de-jornadas\\\/\",\"name\":\"Degustaci\u00f3n popular - Consejo Comarcal del Bierzo\",\"isPartOf\":{\"@id\":\"https:\\\/\\\/ccbierzo.com\\\/gl\\\/#website\"},\"primaryImageOfPage\":{\"@id\":\"https:\\\/\\\/ccbierzo.com\\\/degustacion-de-jornadas\\\/#primaryimage\"},\"image\":{\"@id\":\"https:\\\/\\\/ccbierzo.com\\\/degustacion-de-jornadas\\\/#primaryimage\"},\"thumbnailUrl\":\"https:\\\/\\\/ccbierzo.com\\\/wp-content\\\/uploads\\\/2019\\\/11\\\/presentacion4.jpeg\",\"datePublished\":\"2019-11-11T12:31:08+00:00\",\"dateModified\":\"2019-11-11T12:32:11+00:00\",\"author\":{\"@id\":\"https:\\\/\\\/ccbierzo.com\\\/gl\\\/#\\\/schema\\\/person\\\/4e9a8395b397b1d4b8695a5274072278\"},\"breadcrumb\":{\"@id\":\"https:\\\/\\\/ccbierzo.com\\\/degustacion-de-jornadas\\\/#breadcrumb\"},\"inLanguage\":\"gl-ES\",\"potentialAction\":[{\"@type\":\"ReadAction\",\"target\":[\"https:\\\/\\\/ccbierzo.com\\\/degustacion-de-jornadas\\\/\"]}]},{\"@type\":\"ImageObject\",\"inLanguage\":\"gl-ES\",\"@id\":\"https:\\\/\\\/ccbierzo.com\\\/degustacion-de-jornadas\\\/#primaryimage\",\"url\":\"https:\\\/\\\/ccbierzo.com\\\/wp-content\\\/uploads\\\/2019\\\/11\\\/presentacion4.jpeg\",\"contentUrl\":\"https:\\\/\\\/ccbierzo.com\\\/wp-content\\\/uploads\\\/2019\\\/11\\\/presentacion4.jpeg\",\"width\":1024,\"height\":684,\"caption\":\"Presentaci\u00f3n degustacion Jornadas\"},{\"@type\":\"BreadcrumbList\",\"@id\":\"https:\\\/\\\/ccbierzo.com\\\/degustacion-de-jornadas\\\/#breadcrumb\",\"itemListElement\":[{\"@type\":\"ListItem\",\"position\":1,\"name\":\"Portada\",\"item\":\"https:\\\/\\\/ccbierzo.com\\\/gl\\\/\"},{\"@type\":\"ListItem\",\"position\":2,\"name\":\"Degustaci\u00f3n popular\"}]},{\"@type\":\"WebSite\",\"@id\":\"https:\\\/\\\/ccbierzo.com\\\/gl\\\/#website\",\"url\":\"https:\\\/\\\/ccbierzo.com\\\/gl\\\/\",\"name\":\"Consejo Comarcal del Bierzo\",\"description\":\"P\u00e1gina Oficial del Consejo Comarcal del Bierzo\",\"potentialAction\":[{\"@type\":\"SearchAction\",\"target\":{\"@type\":\"EntryPoint\",\"urlTemplate\":\"https:\\\/\\\/ccbierzo.com\\\/gl\\\/?s={search_term_string}\"},\"query-input\":{\"@type\":\"PropertyValueSpecification\",\"valueRequired\":true,\"valueName\":\"search_term_string\"}}],\"inLanguage\":\"gl-ES\"},{\"@type\":\"Person\",\"@id\":\"https:\\\/\\\/ccbierzo.com\\\/gl\\\/#\\\/schema\\\/person\\\/4e9a8395b397b1d4b8695a5274072278\",\"name\":\"Marta Vidal\"}]}<\/script>\n<!-- \/ Yoast SEO plugin. -->","yoast_head_json":{"title":"Degustaci\u00f3n popular - Consejo Comarcal del Bierzo","robots":{"index":"index","follow":"follow","max-snippet":"max-snippet:-1","max-image-preview":"max-image-preview:large","max-video-preview":"max-video-preview:-1"},"canonical":"https:\/\/ccbierzo.com\/degustacion-de-jornadas\/","og_locale":"gl_ES","og_type":"article","og_title":"Degustaci\u00f3n popular - Consejo Comarcal del Bierzo","og_description":"La Plaza del Ayuntamiento de Ponferrada acoge el jueves, 14 de noviembre, la primera degustaci\u00f3n popular con cocina en directo de las Jornadas Gastron\u00f3micas. Este lunes se present\u00f3 el evento en el Consejo Comarcal. Cuatro restaurantes sacar\u00e1n sus Jornadas Gastron\u00f3micas a la calle y ofrecer\u00e1n una degustaci\u00f3n de algunos de sus platos el pr\u00f3ximo jueves, [&hellip;]","og_url":"https:\/\/ccbierzo.com\/degustacion-de-jornadas\/","og_site_name":"Consejo Comarcal del Bierzo","article_published_time":"2019-11-11T12:31:08+00:00","article_modified_time":"2019-11-11T12:32:11+00:00","og_image":[{"width":1024,"height":684,"url":"https:\/\/ccbierzo.com\/wp-content\/uploads\/2019\/11\/presentacion4.jpeg","type":"image\/jpeg"}],"author":"Marta Vidal","twitter_card":"summary_large_image","twitter_misc":{"Escrito por":"Marta Vidal","Tempo de lectura":"1 minuto"},"schema":{"@context":"https:\/\/schema.org","@graph":[{"@type":"Article","@id":"https:\/\/ccbierzo.com\/degustacion-de-jornadas\/#article","isPartOf":{"@id":"https:\/\/ccbierzo.com\/degustacion-de-jornadas\/"},"author":{"name":"Marta Vidal","@id":"https:\/\/ccbierzo.com\/gl\/#\/schema\/person\/4e9a8395b397b1d4b8695a5274072278"},"headline":"Degustaci\u00f3n popular","datePublished":"2019-11-11T12:31:08+00:00","dateModified":"2019-11-11T12:32:11+00:00","mainEntityOfPage":{"@id":"https:\/\/ccbierzo.com\/degustacion-de-jornadas\/"},"wordCount":238,"image":{"@id":"https:\/\/ccbierzo.com\/degustacion-de-jornadas\/#primaryimage"},"thumbnailUrl":"https:\/\/ccbierzo.com\/wp-content\/uploads\/2019\/11\/presentacion4.jpeg","keywords":["Jornadas Gastron\u00f3micas de El Bierzo"],"articleSection":["Turismo"],"inLanguage":"gl-ES"},{"@type":"WebPage","@id":"https:\/\/ccbierzo.com\/degustacion-de-jornadas\/","url":"https:\/\/ccbierzo.com\/degustacion-de-jornadas\/","name":"Degustaci\u00f3n popular - Consejo Comarcal del Bierzo","isPartOf":{"@id":"https:\/\/ccbierzo.com\/gl\/#website"},"primaryImageOfPage":{"@id":"https:\/\/ccbierzo.com\/degustacion-de-jornadas\/#primaryimage"},"image":{"@id":"https:\/\/ccbierzo.com\/degustacion-de-jornadas\/#primaryimage"},"thumbnailUrl":"https:\/\/ccbierzo.com\/wp-content\/uploads\/2019\/11\/presentacion4.jpeg","datePublished":"2019-11-11T12:31:08+00:00","dateModified":"2019-11-11T12:32:11+00:00","author":{"@id":"https:\/\/ccbierzo.com\/gl\/#\/schema\/person\/4e9a8395b397b1d4b8695a5274072278"},"breadcrumb":{"@id":"https:\/\/ccbierzo.com\/degustacion-de-jornadas\/#breadcrumb"},"inLanguage":"gl-ES","potentialAction":[{"@type":"ReadAction","target":["https:\/\/ccbierzo.com\/degustacion-de-jornadas\/"]}]},{"@type":"ImageObject","inLanguage":"gl-ES","@id":"https:\/\/ccbierzo.com\/degustacion-de-jornadas\/#primaryimage","url":"https:\/\/ccbierzo.com\/wp-content\/uploads\/2019\/11\/presentacion4.jpeg","contentUrl":"https:\/\/ccbierzo.com\/wp-content\/uploads\/2019\/11\/presentacion4.jpeg","width":1024,"height":684,"caption":"Presentaci\u00f3n degustacion Jornadas"},{"@type":"BreadcrumbList","@id":"https:\/\/ccbierzo.com\/degustacion-de-jornadas\/#breadcrumb","itemListElement":[{"@type":"ListItem","position":1,"name":"Portada","item":"https:\/\/ccbierzo.com\/gl\/"},{"@type":"ListItem","position":2,"name":"Degustaci\u00f3n popular"}]},{"@type":"WebSite","@id":"https:\/\/ccbierzo.com\/gl\/#website","url":"https:\/\/ccbierzo.com\/gl\/","name":"Consejo Comarcal del Bierzo","description":"P\u00e1gina Oficial del Consejo Comarcal del Bierzo","potentialAction":[{"@type":"SearchAction","target":{"@type":"EntryPoint","urlTemplate":"https:\/\/ccbierzo.com\/gl\/?s={search_term_string}"},"query-input":{"@type":"PropertyValueSpecification","valueRequired":true,"valueName":"search_term_string"}}],"inLanguage":"gl-ES"},{"@type":"Person","@id":"https:\/\/ccbierzo.com\/gl\/#\/schema\/person\/4e9a8395b397b1d4b8695a5274072278","name":"Marta Vidal"}]}},"_links":{"self":[{"href":"https:\/\/ccbierzo.com\/gl\/wp-json\/wp\/v2\/posts\/127196","targetHints":{"allow":["GET"]}}],"collection":[{"href":"https:\/\/ccbierzo.com\/gl\/wp-json\/wp\/v2\/posts"}],"about":[{"href":"https:\/\/ccbierzo.com\/gl\/wp-json\/wp\/v2\/types\/post"}],"author":[{"embeddable":true,"href":"https:\/\/ccbierzo.com\/gl\/wp-json\/wp\/v2\/users\/3"}],"replies":[{"embeddable":true,"href":"https:\/\/ccbierzo.com\/gl\/wp-json\/wp\/v2\/comments?post=127196"}],"version-history":[{"count":0,"href":"https:\/\/ccbierzo.com\/gl\/wp-json\/wp\/v2\/posts\/127196\/revisions"}],"wp:featuredmedia":[{"embeddable":true,"href":"https:\/\/ccbierzo.com\/gl\/wp-json\/wp\/v2\/media\/127199"}],"wp:attachment":[{"href":"https:\/\/ccbierzo.com\/gl\/wp-json\/wp\/v2\/media?parent=127196"}],"wp:term":[{"taxonomy":"category","embeddable":true,"href":"https:\/\/ccbierzo.com\/gl\/wp-json\/wp\/v2\/categories?post=127196"},{"taxonomy":"post_tag","embeddable":true,"href":"https:\/\/ccbierzo.com\/gl\/wp-json\/wp\/v2\/tags?post=127196"}],"curies":[{"name":"wp","href":"https:\/\/api.w.org\/{rel}","templated":true}]}}